{"id":151131,"date":"2025-12-07T06:05:00","date_gmt":"2025-12-07T09:05:00","guid":{"rendered":"https:\/\/www.correiobraziliense.com.br\/cbradar\/?p=151131"},"modified":"2025-12-06T16:07:39","modified_gmt":"2025-12-06T19:07:39","slug":"voce-reconhece-quando-seu-bebe-esta-satisfeito-apos-mamar","status":"publish","type":"post","link":"https:\/\/www.correiobraziliense.com.br\/cbradar\/voce-reconhece-quando-seu-bebe-esta-satisfeito-apos-mamar\/","title":{"rendered":"Voc\u00ea reconhece quando seu beb\u00ea est\u00e1 satisfeito ap\u00f3s mamar?"},"content":{"rendered":"\n<p>Reconhecer os sinais de <strong>Fome do Beb\u00ea <\/strong>\u00e9 essencial para atender \u00e0s necessidades dele com mais tranquilidade e evitar que chegue ao choro intenso por falta de alimento. Antes de chorar, o beb\u00ea costuma demonstrar fome por meio de sinais mais sutis.<\/p>\n\n\n\n<p>Entre os principais sinais de fome est\u00e3o:<\/p>\n\n\n\n<ul class=\"wp-block-list\">\n<li><strong>Movimentos de suc\u00e7\u00e3o:<\/strong>\u00a0o beb\u00ea faz biquinhos ou movimentos de sugar com os l\u00e1bios, mesmo sem nada na boca.<\/li>\n\n\n\n<li><strong>Levar as m\u00e3os \u00e0 boca:<\/strong>\u00a0o beb\u00ea chupa os punhos, dedos ou tenta levar qualquer objeto \u00e0 boca.<\/li>\n\n\n\n<li><strong>Agita\u00e7\u00e3o e inquieta\u00e7\u00e3o:<\/strong>\u00a0mexe a cabe\u00e7a de um lado para o outro, como se procurasse o peito, e pode se mostrar mais irritado.<\/li>\n\n\n\n<li><strong>Reflexo de busca:<\/strong>\u00a0ao encostar levemente na bochecha ou pr\u00f3ximo \u00e0 boca, o beb\u00ea vira a cabe\u00e7a na dire\u00e7\u00e3o do toque, abrindo a boca.<\/li>\n\n\n\n<li><strong>Choro:<\/strong>\u00a0geralmente \u00e9 um sinal tardio de fome. Quando o beb\u00ea chega ao choro forte, pode ficar mais dif\u00edcil iniciar a amamenta\u00e7\u00e3o.<\/li>\n<\/ul>\n\n\n\n<p>Observar esses sinais precocemente ajuda a oferecer o peito antes que o beb\u00ea fique muito nervoso, tornando a mamada mais calma e eficaz.<\/p>\n\n\n\n<h2 class=\"wp-block-heading\">Quais s\u00e3o as melhores posi\u00e7\u00f5es para Amamentar?<\/h2>\n\n\n\n<p>N\u00e3o existe uma \u00fanica posi\u00e7\u00e3o correta para Amamentar: a melhor \u00e9 aquela em que m\u00e3e e beb\u00ea ficam confort\u00e1veis e o beb\u00ea consegue abocanhar bem o peito. Ainda assim, algumas posi\u00e7\u00f5es s\u00e3o mais comuns e podem ajudar no in\u00edcio.<\/p>\n\n\n\n<ul class=\"wp-block-list\">\n<li><strong>Posi\u00e7\u00e3o tradicional (sentada):<\/strong>A m\u00e3e fica sentada, com a coluna apoiada e os p\u00e9s firmes no ch\u00e3o. O beb\u00ea \u00e9 colocado de lado, de frente para o peito, com a barriguinha encostada na barriga da m\u00e3e. A cabe\u00e7a do beb\u00ea fica apoiada no antebra\u00e7o da m\u00e3e, alinhada com o tronco, sem ficar virada ou torta.<\/li>\n\n\n\n<li><strong>Posi\u00e7\u00e3o de \u201cbola de futebol\u201d ou \u201ccavalinho de lado\u201d:<\/strong>O beb\u00ea fica debaixo do bra\u00e7o da m\u00e3e, com o corpo voltado para tr\u00e1s, como se estivesse segurando uma bola de futebol. Essa posi\u00e7\u00e3o \u00e9 \u00fatil para m\u00e3es que fizeram ces\u00e1rea, t\u00eam seios grandes ou beb\u00eas pequenos\/prematuros.<\/li>\n\n\n\n<li><strong>Deitada de lado:<\/strong>A m\u00e3e e o beb\u00ea ficam deitados de lado, barriga com barriga. Essa posi\u00e7\u00e3o \u00e9 confort\u00e1vel para as mamadas noturnas ou para m\u00e3es que est\u00e3o se recuperando de parto, pois exige menos esfor\u00e7o f\u00edsico.<\/li>\n\n\n\n<li><strong>Posi\u00e7\u00e3o \u201cbiol\u00f3gica\u201d ou semi-reclinada:<\/strong>A m\u00e3e se recosta em uma posi\u00e7\u00e3o semi-deitada e o beb\u00ea \u00e9 colocado sobre o peito, de bru\u00e7os, aproveitando o contato pele a pele. Essa postura favorece o encaixe natural do beb\u00ea e pode ser bastante confort\u00e1vel.<\/li>\n<\/ul>\n\n\n\n<p>Independentemente da posi\u00e7\u00e3o escolhida, \u00e9 importante que o beb\u00ea esteja bem pr\u00f3ximo ao corpo da m\u00e3e, com a boca alinhada ao mamilo, evitando que ele precise esticar o pesco\u00e7o ou virar a cabe\u00e7a.<\/p>\n\n\n<div class=\"wp-block-image\">\n<figure class=\"aligncenter size-large\"><img decoding=\"async\" width=\"1024\" height=\"576\" src=\"https:\/\/www.correiobraziliense.com.br\/cbradar\/wp-content\/uploads\/2025\/12\/Amamentar_1765048532739-1024x576.jpg\" alt=\"\" class=\"wp-image-151146\" srcset=\"https:\/\/www.correiobraziliense.com.br\/cbradar\/wp-content\/uploads\/2025\/12\/Amamentar_1765048532739-1024x576.jpg 1024w, https:\/\/www.correiobraziliense.com.br\/cbradar\/wp-content\/uploads\/2025\/12\/Amamentar_1765048532739-300x169.jpg 300w, https:\/\/www.correiobraziliense.com.br\/cbradar\/wp-content\/uploads\/2025\/12\/Amamentar_1765048532739-768x432.jpg 768w, https:\/\/www.correiobraziliense.com.br\/cbradar\/wp-content\/uploads\/2025\/12\/Amamentar_1765048532739-750x422.jpg 750w, https:\/\/www.correiobraziliense.com.br\/cbradar\/wp-content\/uploads\/2025\/12\/Amamentar_1765048532739-1140x641.jpg 1140w, https:\/\/www.correiobraziliense.com.br\/cbradar\/wp-content\/uploads\/2025\/12\/Amamentar_1765048532739.jpg 1280w\" sizes=\"(max-width: 1024px) 100vw, 1024px\" \/><figcaption class=\"wp-element-caption\">Amamentar &#8211; Cr\u00e9ditos: depositphotos.com \/ IgorVetushko<\/figcaption><\/figure><\/div>\n\n\n<h2 class=\"wp-block-heading\">Como garantir que o beb\u00ea est\u00e1 se alimentando corretamente?<\/h2>\n\n\n\n<p>Para saber se o beb\u00ea est\u00e1 realmente mamando bem, \u00e9 importante observar n\u00e3o apenas o tempo de mamada, mas a pega, o ritmo de suc\u00e7\u00e3o e alguns sinais durante e ap\u00f3s a amamenta\u00e7\u00e3o.<\/p>\n\n\n\n<p>Alguns pontos importantes s\u00e3o:<\/p>\n\n\n\n<ul class=\"wp-block-list\">\n<li><strong>Pega correta:<\/strong>\u00a0o beb\u00ea abocanha n\u00e3o apenas o mamilo, mas boa parte da ar\u00e9ola. Os l\u00e1bios ficam virados para fora, como um \u201cpeixinho\u201d, e o queixo toca o seio.<\/li>\n\n\n\n<li><strong>Suc\u00e7\u00f5es ritmadas:<\/strong>\u00a0ap\u00f3s alguns movimentos r\u00e1pidos no in\u00edcio, o beb\u00ea passa a sugar em ritmo mais lento e forte, com pausas curtas, indicando que est\u00e1 engolindo o leite.<\/li>\n\n\n\n<li><strong>Aus\u00eancia de dor intensa:<\/strong>\u00a0a m\u00e3e pode sentir um leve desconforto no come\u00e7o das mamadas, mas n\u00e3o deve sentir dor forte nem queimar durante toda a mamada. Dor persistente \u00e9 sinal de pega inadequada.<\/li>\n\n\n\n<li><strong>Sons de degluti\u00e7\u00e3o:<\/strong>\u00a0\u00e9 poss\u00edvel ouvir o beb\u00ea engolindo o leite, principalmente depois que a descida do leite se estabelece.<\/li>\n\n\n\n<li><strong>Produ\u00e7\u00e3o de fraldas:<\/strong>\u00a0ap\u00f3s os primeiros dias, o beb\u00ea que mama bem faz xixi v\u00e1rias vezes ao dia e evacua com regularidade, o que mostra uma boa ingest\u00e3o de leite.<\/li>\n\n\n\n<li><strong>Ganhos de peso:<\/strong>\u00a0o acompanhamento com o pediatra \u00e9 essencial para verificar o ganho de peso e o crescimento do beb\u00ea, confirmando se a amamenta\u00e7\u00e3o est\u00e1 adequada.<\/li>\n<\/ul>\n\n\n\n<p>Caso haja d\u00favidas sobre a efici\u00eancia da mamada, desconforto frequente ou sinais de que o beb\u00ea n\u00e3o est\u00e1 satisfeito, \u00e9 importante buscar orienta\u00e7\u00e3o profissional, como de um pediatra ou consultor em amamenta\u00e7\u00e3o.<\/p>\n\n\n\n<h2 class=\"wp-block-heading\">Como verificar se o beb\u00ea est\u00e1 satisfeito?<\/h2>\n\n\n\n<p>Depois de mamar, o beb\u00ea costuma demonstrar sinais de saciedade e conforto. Observar esses sinais ajuda a m\u00e3e a se sentir mais segura em rela\u00e7\u00e3o \u00e0 quantidade de leite ingerida.<\/p>\n\n\n\n<p>Os principais sinais de que o beb\u00ea est\u00e1 satisfeito incluem:<\/p>\n\n\n\n<ul class=\"wp-block-list\">\n<li><strong>Relaxamento do corpo:<\/strong>\u00a0o beb\u00ea fica mais tranquilo, com m\u00e3os e bra\u00e7os relaxados, podendo at\u00e9 soltar o seio espontaneamente.<\/li>\n\n\n\n<li><strong>Express\u00e3o serena:<\/strong>\u00a0o rosto fica calmo, \u00e0s vezes com um leve soninho, e o choro cessa.<\/li>\n\n\n\n<li><strong>Diminui\u00e7\u00e3o da suc\u00e7\u00e3o:<\/strong>\u00a0o ritmo de suc\u00e7\u00e3o vai ficando mais lento at\u00e9 o beb\u00ea parar ou largar o peito por conta pr\u00f3pria.<\/li>\n\n\n\n<li><strong>Sono ap\u00f3s a mamada:<\/strong>\u00a0muitos beb\u00eas dormem logo depois de se alimentarem bem, principalmente nos primeiros meses.<\/li>\n\n\n\n<li><strong>Intervalo entre as mamadas:<\/strong>\u00a0ap\u00f3s uma mamada eficaz, o beb\u00ea costuma ficar um per\u00edodo razo\u00e1vel sem demonstrar novos sinais de fome, variando de acordo com a idade e a rotina.<\/li>\n<\/ul>\n\n\n\n<p>Cada beb\u00ea tem seu pr\u00f3prio ritmo, e \u00e9 normal que o tempo de mamada e o intervalo entre elas variem. O importante \u00e9 observar o conjunto de sinais ao longo dos dias, e n\u00e3o apenas uma mamada isolada.<\/p>\n\n\n\n<h2 class=\"wp-block-heading\">Quais cuidados s\u00e3o necess\u00e1rios durante a Amamenta\u00e7\u00e3o?<\/h2>\n\n\n\n<p>Alguns cuidados simples tornam a amamenta\u00e7\u00e3o mais confort\u00e1vel para a m\u00e3e e mais segura para o beb\u00ea, al\u00e9m de contribu\u00edrem para manter a produ\u00e7\u00e3o de leite e evitar problemas como fissuras e ingurgitamento mam\u00e1rio.<\/p>\n\n\n\n<p>Entre os cuidados <a href=\"https:\/\/www.correiobraziliense.com.br\/cbradar\/o-maior-vilao-do-natal-para-alergicos-pode-estar-na-sua-sala\/\" target=\"_blank\" rel=\"noreferrer noopener\">recomendados <\/a>est\u00e3o:<\/p>\n\n\n\n<ul class=\"wp-block-list\">\n<li><strong>Higiene adequada:<\/strong>\u00a0n\u00e3o \u00e9 necess\u00e1rio lavar os seios a cada mamada; um banho di\u00e1rio j\u00e1 \u00e9 suficiente. Evite o uso de sabonetes fortes ou \u00e1lcool na ar\u00e9ola, pois podem ressecar a pele.<\/li>\n\n\n\n<li><strong>Conforto da m\u00e3e:<\/strong>\u00a0escolha um local tranquilo, sempre que poss\u00edvel, sente-se ou deite-se de forma confort\u00e1vel, com apoio para as costas e bra\u00e7os. A amamenta\u00e7\u00e3o deve ser um momento de calma para ambos.<\/li>\n\n\n\n<li><strong>Cuidados com a pega:<\/strong>\u00a0garantir a pega correta \u00e9 o principal cuidado para prevenir fissuras, dor e m\u00e1 suc\u00e7\u00e3o. Se houver desconforto intenso, vale retirar o beb\u00ea do peito suavemente, introduzindo o dedo m\u00ednimo no canto da boca para quebrar o v\u00e1cuo, e reposicion\u00e1-lo.<\/li>\n\n\n\n<li><strong>Evitar bicos artificiais no in\u00edcio:<\/strong>\u00a0o uso precoce de mamadeiras e chupetas pode confundir o padr\u00e3o de suc\u00e7\u00e3o e prejudicar o estabelecimento da amamenta\u00e7\u00e3o em alguns casos. \u00c9 importante conversar com o pediatra sobre o uso desses itens.<\/li>\n\n\n\n<li><strong>Cuidados com as mamas:<\/strong>\u00a0em caso de mamas muito cheias e doloridas, ordenhar um pouco manualmente ou com bomba pode aliviar o desconforto e facilitar a pega do beb\u00ea.<\/li>\n\n\n\n<li><strong>Alimenta\u00e7\u00e3o e hidrata\u00e7\u00e3o da m\u00e3e:<\/strong>\u00a0manter uma dieta equilibrada e beber \u00e1gua ao longo do dia contribui para o bem-estar da m\u00e3e e para a produ\u00e7\u00e3o de leite.<\/li>\n\n\n\n<li><strong>Aten\u00e7\u00e3o a sinais de alerta:<\/strong>\u00a0dor forte e persistente, febre, vermelhid\u00e3o intensa na mama ou fissuras que n\u00e3o cicatrizam merecem avalia\u00e7\u00e3o profissional, pois podem indicar mastite ou outros problemas.<\/li>\n<\/ul>\n\n\n\n<p>A amamenta\u00e7\u00e3o \u00e9 um processo de aprendizado tanto para a m\u00e3e quanto para o beb\u00ea. Com informa\u00e7\u00e3o, apoio e acompanhamento adequado, \u00e9 poss\u00edvel tornar essa fase mais tranquila, fortalecendo o v\u00ednculo e garantindo uma nutri\u00e7\u00e3o adequada para o beb\u00ea.<\/p>\n\n\n<a href=\"https:\/\/www.instagram.com\/dra.annaluisabf\/\" target=\"_blank\" rel=\"noopener\" style=\"text-decoration: none; color: inherit;\">\n    <span style=\"display: inline-block; border: 1px solid #ccc; border-radius: 10px; padding: 15px; max-width: 550px; font-family: sans-serif; box-shadow: 0 2px 5px rgba(0,0,0,0.1); width: 100%;\">\n\n      <!-- T\u00edtulo -->\n      <span style=\"display: block; margin: 0 0 15px 0; font-weight: bold; color: #2c3e50; text-align: center;\">\n        Entre em contato:\n      <\/span>\n\n      <!-- Linha do perfil -->\n      <span style=\"display: flex; align-items: center; gap: 15px;\">\n        <img decoding=\"async\"\n          src=\"https:\/\/www.correiobraziliense.com.br\/cbradar\/wp-content\/uploads\/2025\/08\/dra_anna_luisa.jpeg\"\n          alt=\"Foto da Dra. Anna Lu\u00edsa\"\n          style=\"border-radius: 50%; width: 80px; height: 80px; object-fit: cover;\"\n        \/>\n        <span style=\"display: flex; flex-direction: column;\">\n          <span style=\"font-size: 18px; font-weight: 700; color: #2c3e50;\">Dra. Anna Lu\u00edsa Barbosa Fernandes<\/span>\n          <span style=\"color: #555;\">CRM-GO 33.271<\/span>\n        <\/span>\n      <\/span>\n\n      <!-- Redes -->\n      <span style=\"display: flex; align-items: center; gap: 10px; margin-top: 12px;\">\n        <img decoding=\"async\" src=\"https:\/\/cdn-icons-png.flaticon.com\/24\/1384\/1384063.png\" alt=\"Instagram\" width=\"24\" height=\"24\" \/>\n        <span style=\"text-decoration: underline; color: #2c3e50;\">@dra.annaluisabf<\/span>\n      <\/span>\n\n    <\/span>\n  <\/a>","protected":false},"excerpt":{"rendered":"<p>Reconhecer os sinais de Fome do Beb\u00ea \u00e9 essencial para atender \u00e0s necessidades dele com mais tranquilidade e evitar que chegue ao choro intenso por falta de alimento. Antes de chorar, o beb\u00ea costuma demonstrar fome por meio de sinais mais sutis. Entre os principais sinais de fome est\u00e3o: Observar esses sinais precocemente ajuda a [&hellip;]<\/p>\n","protected":false},"author":14,"featured_media":151136,"comment_status":"open","ping_status":"open","sticky":false,"template":"","format":"standard","meta":{"_yoast_wpseo_focuskw":"Amamentar","_yoast_wpseo_title":"","_yoast_wpseo_metadesc":"Amamenta\u00e7\u00e3o exige observa\u00e7\u00e3o e cuidado. Descubra como reconhecer sinais de fome, saciedade e garantir que o beb\u00ea est\u00e1 bem alimentado e seguro.","jnews-multi-image_gallery":[],"jnews_single_post":{"format":"standard"},"jnews_primary_category":[],"jnews_social_meta":[],"jnews_override_counter":[],"footnotes":""},"categories":[4404],"tags":[281,120,1318],"class_list":["post-151131","post","type-post","status-publish","format-standard","has-post-thumbnail","hentry","category-saude","tag-alimentacao","tag-bem-estar","tag-saude-2"],"yoast_head":"<!-- This site is optimized with the Yoast SEO plugin v24.6 - https:\/\/yoast.com\/wordpress\/plugins\/seo\/ -->\n<title>Voc\u00ea reconhece quando seu beb\u00ea est\u00e1 satisfeito ap\u00f3s mamar? - Correio Braziliense - Radar<\/title>\n<meta name=\"description\" content=\"Amamenta\u00e7\u00e3o exige observa\u00e7\u00e3o e cuidado. Descubra como reconhecer sinais de fome, saciedade e garantir que o beb\u00ea est\u00e1 bem alimentado e seguro.\" \/>\n<meta name=\"robots\" content=\"index, follow, max-snippet:-1, max-image-preview:large, max-video-preview:-1\" \/>\n<link rel=\"canonical\" href=\"https:\/\/www.correiobraziliense.com.br\/cbradar\/voce-reconhece-quando-seu-bebe-esta-satisfeito-apos-mamar\/\" \/>\n<meta property=\"og:locale\" content=\"pt_BR\" \/>\n<meta property=\"og:type\" content=\"article\" \/>\n<meta property=\"og:title\" content=\"Voc\u00ea reconhece quando seu beb\u00ea est\u00e1 satisfeito ap\u00f3s mamar? - Correio Braziliense - Radar\" \/>\n<meta property=\"og:description\" content=\"Amamenta\u00e7\u00e3o exige observa\u00e7\u00e3o e cuidado. Descubra como reconhecer sinais de fome, saciedade e garantir que o beb\u00ea est\u00e1 bem alimentado e seguro.\" \/>\n<meta property=\"og:url\" content=\"https:\/\/www.correiobraziliense.com.br\/cbradar\/voce-reconhece-quando-seu-bebe-esta-satisfeito-apos-mamar\/\" \/>\n<meta property=\"og:site_name\" content=\"Correio Braziliense - Radar\" \/>\n<meta property=\"article:published_time\" content=\"2025-12-07T09:05:00+00:00\" \/>\n<meta property=\"og:image\" content=\"https:\/\/www.correiobraziliense.com.br\/cbradar\/wp-content\/uploads\/2025\/12\/Amamentar_1765046089070.jpg\" \/>\n\t<meta property=\"og:image:width\" content=\"1280\" \/>\n\t<meta property=\"og:image:height\" content=\"720\" \/>\n\t<meta property=\"og:image:type\" content=\"image\/jpeg\" \/>\n<meta name=\"author\" content=\"guilherme_saude\" \/>\n<meta name=\"twitter:card\" content=\"summary_large_image\" \/>\n<meta name=\"twitter:label1\" content=\"Escrito por\" \/>\n\t<meta name=\"twitter:data1\" content=\"guilherme_saude\" \/>\n\t<meta name=\"twitter:label2\" content=\"Est. tempo de leitura\" \/>\n\t<meta name=\"twitter:data2\" content=\"8 minutos\" \/>\n<!-- \/ Yoast SEO plugin. -->","yoast_head_json":{"title":"Voc\u00ea reconhece quando seu beb\u00ea est\u00e1 satisfeito ap\u00f3s mamar? - Correio Braziliense - Radar","description":"Amamenta\u00e7\u00e3o exige observa\u00e7\u00e3o e cuidado. Descubra como reconhecer sinais de fome, saciedade e garantir que o beb\u00ea est\u00e1 bem alimentado e seguro.","robots":{"index":"index","follow":"follow","max-snippet":"max-snippet:-1","max-image-preview":"max-image-preview:large","max-video-preview":"max-video-preview:-1"},"canonical":"https:\/\/www.correiobraziliense.com.br\/cbradar\/voce-reconhece-quando-seu-bebe-esta-satisfeito-apos-mamar\/","og_locale":"pt_BR","og_type":"article","og_title":"Voc\u00ea reconhece quando seu beb\u00ea est\u00e1 satisfeito ap\u00f3s mamar? - Correio Braziliense - Radar","og_description":"Amamenta\u00e7\u00e3o exige observa\u00e7\u00e3o e cuidado. Descubra como reconhecer sinais de fome, saciedade e garantir que o beb\u00ea est\u00e1 bem alimentado e seguro.","og_url":"https:\/\/www.correiobraziliense.com.br\/cbradar\/voce-reconhece-quando-seu-bebe-esta-satisfeito-apos-mamar\/","og_site_name":"Correio Braziliense - Radar","article_published_time":"2025-12-07T09:05:00+00:00","og_image":[{"width":1280,"height":720,"url":"https:\/\/www.correiobraziliense.com.br\/cbradar\/wp-content\/uploads\/2025\/12\/Amamentar_1765046089070.jpg","type":"image\/jpeg"}],"author":"guilherme_saude","twitter_card":"summary_large_image","twitter_misc":{"Escrito por":"guilherme_saude","Est. tempo de leitura":"8 minutos"},"schema":{"@context":"https:\/\/schema.org","@graph":[{"@type":"WebPage","@id":"https:\/\/www.correiobraziliense.com.br\/cbradar\/voce-reconhece-quando-seu-bebe-esta-satisfeito-apos-mamar\/","url":"https:\/\/www.correiobraziliense.com.br\/cbradar\/voce-reconhece-quando-seu-bebe-esta-satisfeito-apos-mamar\/","name":"Voc\u00ea reconhece quando seu beb\u00ea est\u00e1 satisfeito ap\u00f3s mamar? - Correio Braziliense - Radar","isPartOf":{"@id":"https:\/\/www.correiobraziliense.com.br\/cbradar\/#website"},"primaryImageOfPage":{"@id":"https:\/\/www.correiobraziliense.com.br\/cbradar\/voce-reconhece-quando-seu-bebe-esta-satisfeito-apos-mamar\/#primaryimage"},"image":{"@id":"https:\/\/www.correiobraziliense.com.br\/cbradar\/voce-reconhece-quando-seu-bebe-esta-satisfeito-apos-mamar\/#primaryimage"},"thumbnailUrl":"https:\/\/www.correiobraziliense.com.br\/cbradar\/wp-content\/uploads\/2025\/12\/Amamentar_1765046089070.jpg","datePublished":"2025-12-07T09:05:00+00:00","author":{"@id":"https:\/\/www.correiobraziliense.com.br\/cbradar\/#\/schema\/person\/5aa4bf3c8fa699c267933611de12978b"},"description":"Amamenta\u00e7\u00e3o exige observa\u00e7\u00e3o e cuidado. Descubra como reconhecer sinais de fome, saciedade e garantir que o beb\u00ea est\u00e1 bem alimentado e seguro.","breadcrumb":{"@id":"https:\/\/www.correiobraziliense.com.br\/cbradar\/voce-reconhece-quando-seu-bebe-esta-satisfeito-apos-mamar\/#breadcrumb"},"inLanguage":"pt-BR","potentialAction":[{"@type":"ReadAction","target":["https:\/\/www.correiobraziliense.com.br\/cbradar\/voce-reconhece-quando-seu-bebe-esta-satisfeito-apos-mamar\/"]}]},{"@type":"ImageObject","inLanguage":"pt-BR","@id":"https:\/\/www.correiobraziliense.com.br\/cbradar\/voce-reconhece-quando-seu-bebe-esta-satisfeito-apos-mamar\/#primaryimage","url":"https:\/\/www.correiobraziliense.com.br\/cbradar\/wp-content\/uploads\/2025\/12\/Amamentar_1765046089070.jpg","contentUrl":"https:\/\/www.correiobraziliense.com.br\/cbradar\/wp-content\/uploads\/2025\/12\/Amamentar_1765046089070.jpg","width":1280,"height":720,"caption":"Amamentar - Cr\u00e9ditos: depositphotos.com \/ IgorVetushko"},{"@type":"BreadcrumbList","@id":"https:\/\/www.correiobraziliense.com.br\/cbradar\/voce-reconhece-quando-seu-bebe-esta-satisfeito-apos-mamar\/#breadcrumb","itemListElement":[{"@type":"ListItem","position":1,"name":"In\u00edcio","item":"https:\/\/www.correiobraziliense.com.br\/cbradar\/"},{"@type":"ListItem","position":2,"name":"Voc\u00ea reconhece quando seu beb\u00ea est\u00e1 satisfeito ap\u00f3s mamar?"}]},{"@type":"WebSite","@id":"https:\/\/www.correiobraziliense.com.br\/cbradar\/#website","url":"https:\/\/www.correiobraziliense.com.br\/cbradar\/","name":"Correio Braziliense - Radar","description":"Acompanhe as \u00faltimas not\u00edcias e fique bem informado sobre tudo o que acontece no Brasil e no mundo.","potentialAction":[{"@type":"SearchAction","target":{"@type":"EntryPoint","urlTemplate":"https:\/\/www.correiobraziliense.com.br\/cbradar\/?s={search_term_string}"},"query-input":{"@type":"PropertyValueSpecification","valueRequired":true,"valueName":"search_term_string"}}],"inLanguage":"pt-BR"},{"@type":"Person","@id":"https:\/\/www.correiobraziliense.com.br\/cbradar\/#\/schema\/person\/5aa4bf3c8fa699c267933611de12978b","name":"guilherme_saude","image":{"@type":"ImageObject","inLanguage":"pt-BR","@id":"https:\/\/www.correiobraziliense.com.br\/cbradar\/#\/schema\/person\/image\/","url":"https:\/\/secure.gravatar.com\/avatar\/df9adfb835d344bc0af109d41756253f?s=96&d=mm&r=g","contentUrl":"https:\/\/secure.gravatar.com\/avatar\/df9adfb835d344bc0af109d41756253f?s=96&d=mm&r=g","caption":"guilherme_saude"},"url":"https:\/\/www.correiobraziliense.com.br\/cbradar\/author\/guilherme_saude\/"}]}},"_links":{"self":[{"href":"https:\/\/www.correiobraziliense.com.br\/cbradar\/wp-json\/wp\/v2\/posts\/151131","targetHints":{"allow":["GET"]}}],"collection":[{"href":"https:\/\/www.correiobraziliense.com.br\/cbradar\/wp-json\/wp\/v2\/posts"}],"about":[{"href":"https:\/\/www.correiobraziliense.com.br\/cbradar\/wp-json\/wp\/v2\/types\/post"}],"author":[{"embeddable":true,"href":"https:\/\/www.correiobraziliense.com.br\/cbradar\/wp-json\/wp\/v2\/users\/14"}],"replies":[{"embeddable":true,"href":"https:\/\/www.correiobraziliense.com.br\/cbradar\/wp-json\/wp\/v2\/comments?post=151131"}],"version-history":[{"count":1,"href":"https:\/\/www.correiobraziliense.com.br\/cbradar\/wp-json\/wp\/v2\/posts\/151131\/revisions"}],"predecessor-version":[{"id":151148,"href":"https:\/\/www.correiobraziliense.com.br\/cbradar\/wp-json\/wp\/v2\/posts\/151131\/revisions\/151148"}],"wp:featuredmedia":[{"embeddable":true,"href":"https:\/\/www.correiobraziliense.com.br\/cbradar\/wp-json\/wp\/v2\/media\/151136"}],"wp:attachment":[{"href":"https:\/\/www.correiobraziliense.com.br\/cbradar\/wp-json\/wp\/v2\/media?parent=151131"}],"wp:term":[{"taxonomy":"category","embeddable":true,"href":"https:\/\/www.correiobraziliense.com.br\/cbradar\/wp-json\/wp\/v2\/categories?post=151131"},{"taxonomy":"post_tag","embeddable":true,"href":"https:\/\/www.correiobraziliense.com.br\/cbradar\/wp-json\/wp\/v2\/tags?post=151131"}],"curies":[{"name":"wp","href":"https:\/\/api.w.org\/{rel}","templated":true}]}}