{"id":15114,"date":"2025-03-24T19:23:00","date_gmt":"2025-03-24T22:23:00","guid":{"rendered":"https:\/\/www.correiobraziliense.com.br\/cbradar\/?p=15114"},"modified":"2025-03-22T16:43:43","modified_gmt":"2025-03-22T19:43:43","slug":"quanto-tempo-leva-para-criar-habitos-saudaveis","status":"publish","type":"post","link":"https:\/\/www.correiobraziliense.com.br\/cbradar\/quanto-tempo-leva-para-criar-habitos-saudaveis\/","title":{"rendered":"Quanto tempo leva para criar h\u00e1bitos saud\u00e1veis?"},"content":{"rendered":"\n<p>Adotar h\u00e1bitos saud\u00e1veis \u00e9 um objetivo comum para muitos, mas transform\u00e1-los em parte permanente da rotina pode ser desafiador. A cren\u00e7a popular de que s\u00e3o necess\u00e1rios apenas 21 dias para formar um novo h\u00e1bito tem sido questionada por estudos recentes. Pesquisas indicam que o processo pode levar bem mais tempo, variando de dois meses a at\u00e9 um ano, dependendo do h\u00e1bito e da pessoa.<\/p>\n\n\n\n<p>Um estudo realizado na Universidade do Sul da Austr\u00e1lia analisou dados de mais de 2.600 participantes para determinar o tempo m\u00e9dio necess\u00e1rio para a forma\u00e7\u00e3o de h\u00e1bitos saud\u00e1veis. Os resultados mostraram que, embora os h\u00e1bitos possam come\u00e7ar a se formar em cerca de dois meses, a consolida\u00e7\u00e3o completa na rotina di\u00e1ria pode variar significativamente entre os indiv\u00edduos.<\/p>\n\n\n\n<h2 class=\"wp-block-heading\"><strong>Por que \u00e9 t\u00e3o dif\u00edcil mudar h\u00e1bitos?<\/strong><\/h2>\n\n\n\n<p>O c\u00e9rebro humano tende a buscar conforto em rotinas estabelecidas, o que pode tornar a ado\u00e7\u00e3o de novos h\u00e1bitos um processo desafiador. O h\u00e1bito \u00e9 algo que se realiza automaticamente, sem necessidade de reflex\u00e3o consciente. No entanto, criar um novo h\u00e1bito requer aten\u00e7\u00e3o e repeti\u00e7\u00e3o constantes, o que pode ser desgastante se n\u00e3o houver gratifica\u00e7\u00e3o imediata.<\/p>\n\n\n\n<p>Segundo especialistas, o c\u00e9rebro humano prefere a estabilidade e v\u00ea mudan\u00e7as como potenciais amea\u00e7as, mesmo quando s\u00e3o ben\u00e9ficas. Isso explica por que muitos encontram dificuldades em adotar novos comportamentos, mesmo quando t\u00eam consci\u00eancia de seus benef\u00edcios.<\/p>\n\n\n\n<figure class=\"wp-block-image size-large\"><img decoding=\"async\" width=\"1024\" height=\"576\" src=\"https:\/\/www.correiobraziliense.com.br\/cbradar\/wp-content\/uploads\/2025\/03\/exercicio-fisico_1742670845238-1024x576.jpg\" alt=\"Quanto tempo leva para criar h\u00e1bitos saud\u00e1veis?\" class=\"wp-image-15117\" srcset=\"https:\/\/www.correiobraziliense.com.br\/cbradar\/wp-content\/uploads\/2025\/03\/exercicio-fisico_1742670845238-1024x576.jpg 1024w, https:\/\/www.correiobraziliense.com.br\/cbradar\/wp-content\/uploads\/2025\/03\/exercicio-fisico_1742670845238-300x169.jpg 300w, https:\/\/www.correiobraziliense.com.br\/cbradar\/wp-content\/uploads\/2025\/03\/exercicio-fisico_1742670845238-768x432.jpg 768w, https:\/\/www.correiobraziliense.com.br\/cbradar\/wp-content\/uploads\/2025\/03\/exercicio-fisico_1742670845238-750x422.jpg 750w, https:\/\/www.correiobraziliense.com.br\/cbradar\/wp-content\/uploads\/2025\/03\/exercicio-fisico_1742670845238-1140x641.jpg 1140w, https:\/\/www.correiobraziliense.com.br\/cbradar\/wp-content\/uploads\/2025\/03\/exercicio-fisico_1742670845238.jpg 1280w\" sizes=\"(max-width: 1024px) 100vw, 1024px\" \/><figcaption class=\"wp-element-caption\">exerc\u00edcio f\u00edsico. Cr\u00e9ditos: depositphotos.com \/ AllaSerebrina<\/figcaption><\/figure>\n\n\n\n<h2 class=\"wp-block-heading\"><strong>Como os micro-h\u00e1bitos podem ajudar na forma\u00e7\u00e3o de novos h\u00e1bitos?<\/strong><\/h2>\n\n\n\n<p>Uma t\u00e9cnica eficaz para a forma\u00e7\u00e3o de novos h\u00e1bitos \u00e9 a ado\u00e7\u00e3o de micro-h\u00e1bitos. Essa abordagem envolve a incorpora\u00e7\u00e3o de pequenas a\u00e7\u00f5es na rotina di\u00e1ria, que servem como \u00e2ncoras para h\u00e1bitos maiores. Por exemplo, algu\u00e9m que deseja frequentar a academia pode come\u00e7ar levando a roupa de gin\u00e1stica no carro, facilitando a ida direta ap\u00f3s o trabalho.<\/p>\n\n\n\n<p>O conceito de micro-h\u00e1bitos foi popularizado pelo pesquisador B. J. Fogg, que demonstrou que pequenas a\u00e7\u00f5es, como passar fio dental em um \u00fanico dente, podem eventualmente se transformar em h\u00e1bitos autom\u00e1ticos. A simplicidade dessas tarefas reduz a resist\u00eancia e facilita a execu\u00e7\u00e3o.<\/p>\n\n\n\n<h2 class=\"wp-block-heading\"><strong>Como lidar com reca\u00eddas na forma\u00e7\u00e3o de h\u00e1bitos?<\/strong><\/h2>\n\n\n\n<p>Reca\u00eddas s\u00e3o comuns no processo de forma\u00e7\u00e3o de novos h\u00e1bitos, e \u00e9 importante abord\u00e1-las com uma mentalidade positiva. A press\u00e3o por resultados r\u00e1pidos pode levar \u00e0 frustra\u00e7\u00e3o e ao abandono dos objetivos. Portanto, \u00e9 crucial ter clareza sobre o motivo da mudan\u00e7a e criar estrat\u00e9gias realistas para superar os desafios.<\/p>\n\n\n\n<p>Celebrar pequenas conquistas e contar com apoio social s\u00e3o estrat\u00e9gias eficazes para manter a motiva\u00e7\u00e3o. Ter algu\u00e9m que acompanhe a jornada e ofere\u00e7a incentivo pode ser fundamental para superar obst\u00e1culos e transformar novos h\u00e1bitos em parte integrante da vida di\u00e1ria.<\/p>\n\n\n\n<h2 class=\"wp-block-heading\"><strong>Qual \u00e9 o papel das emo\u00e7\u00f5es na forma\u00e7\u00e3o de h\u00e1bitos?<\/strong><\/h2>\n\n\n\n<p>As emo\u00e7\u00f5es desempenham um papel crucial na forma\u00e7\u00e3o de h\u00e1bitos. Celebrar cada pequena conquista ajuda a criar associa\u00e7\u00f5es positivas com o novo comportamento, facilitando sua incorpora\u00e7\u00e3o na rotina. A valoriza\u00e7\u00e3o de cada passo, por menor que seja, contribui para a constru\u00e7\u00e3o de um caminho s\u00f3lido rumo ao objetivo final.<\/p>\n\n\n\n<p>Al\u00e9m disso, o apoio social pode fornecer a motiva\u00e7\u00e3o necess\u00e1ria para continuar, mesmo diante de falhas. Com o tempo, esses h\u00e1bitos podem se tornar parte integrante da vida di\u00e1ria, trazendo benef\u00edcios significativos para a sa\u00fade f\u00edsica e emocional.<\/p>\n","protected":false},"excerpt":{"rendered":"<p>Entenda o desafio de adotar h\u00e1bitos saud\u00e1veis e como t\u00e9cnicas simples podem ajudar nesse processo. <\/p>\n","protected":false},"author":3,"featured_media":15115,"comment_status":"open","ping_status":"open","sticky":false,"template":"","format":"standard","meta":{"_yoast_wpseo_focuskw":"h\u00e1bitos saud\u00e1veis","_yoast_wpseo_title":"%%title%%","_yoast_wpseo_metadesc":"Entenda o desafio de adotar h\u00e1bitos saud\u00e1veis e como t\u00e9cnicas simples podem ajudar nesse processo.","jnews-multi-image_gallery":[],"jnews_single_post":{"format":"standard"},"jnews_primary_category":[],"jnews_social_meta":[],"jnews_override_counter":[],"footnotes":""},"categories":[119],"tags":[2297,1997],"class_list":["post-15114","post","type-post","status-publish","format-standard","has-post-thumbnail","hentry","category-bem-estar","tag-exercicios-fisico","tag-habitos-saudaveis"],"yoast_head":"<!-- This site is optimized with the Yoast SEO plugin v24.6 - https:\/\/yoast.com\/wordpress\/plugins\/seo\/ -->\n<title>Quanto tempo leva para criar h\u00e1bitos saud\u00e1veis?<\/title>\n<meta name=\"description\" content=\"Entenda o desafio de adotar h\u00e1bitos saud\u00e1veis e como t\u00e9cnicas simples podem ajudar nesse processo.\" \/>\n<meta name=\"robots\" content=\"index, follow, max-snippet:-1, max-image-preview:large, max-video-preview:-1\" \/>\n<link rel=\"canonical\" href=\"https:\/\/www.correiobraziliense.com.br\/cbradar\/quanto-tempo-leva-para-criar-habitos-saudaveis\/\" \/>\n<meta property=\"og:locale\" content=\"pt_BR\" \/>\n<meta property=\"og:type\" content=\"article\" \/>\n<meta property=\"og:title\" content=\"Quanto tempo leva para criar h\u00e1bitos saud\u00e1veis?\" \/>\n<meta property=\"og:description\" content=\"Entenda o desafio de adotar h\u00e1bitos saud\u00e1veis e como t\u00e9cnicas simples podem ajudar nesse processo.\" \/>\n<meta property=\"og:url\" content=\"https:\/\/www.correiobraziliense.com.br\/cbradar\/quanto-tempo-leva-para-criar-habitos-saudaveis\/\" \/>\n<meta property=\"og:site_name\" content=\"Correio Braziliense - Radar\" \/>\n<meta property=\"article:published_time\" content=\"2025-03-24T22:23:00+00:00\" \/>\n<meta property=\"og:image\" content=\"https:\/\/www.correiobraziliense.com.br\/cbradar\/wp-content\/uploads\/2025\/03\/exercicio-fisico_1742670813380.jpg\" \/>\n\t<meta property=\"og:image:width\" content=\"1280\" \/>\n\t<meta property=\"og:image:height\" content=\"720\" \/>\n\t<meta property=\"og:image:type\" content=\"image\/jpeg\" \/>\n<meta name=\"author\" content=\"Larissa Carvalho\" \/>\n<meta name=\"twitter:card\" content=\"summary_large_image\" \/>\n<meta name=\"twitter:label1\" content=\"Escrito por\" \/>\n\t<meta name=\"twitter:data1\" content=\"Larissa Carvalho\" \/>\n\t<meta name=\"twitter:label2\" content=\"Est. tempo de leitura\" \/>\n\t<meta name=\"twitter:data2\" content=\"4 minutos\" \/>\n<!-- \/ Yoast SEO plugin. -->","yoast_head_json":{"title":"Quanto tempo leva para criar h\u00e1bitos saud\u00e1veis?","description":"Entenda o desafio de adotar h\u00e1bitos saud\u00e1veis e como t\u00e9cnicas simples podem ajudar nesse processo.","robots":{"index":"index","follow":"follow","max-snippet":"max-snippet:-1","max-image-preview":"max-image-preview:large","max-video-preview":"max-video-preview:-1"},"canonical":"https:\/\/www.correiobraziliense.com.br\/cbradar\/quanto-tempo-leva-para-criar-habitos-saudaveis\/","og_locale":"pt_BR","og_type":"article","og_title":"Quanto tempo leva para criar h\u00e1bitos saud\u00e1veis?","og_description":"Entenda o desafio de adotar h\u00e1bitos saud\u00e1veis e como t\u00e9cnicas simples podem ajudar nesse processo.","og_url":"https:\/\/www.correiobraziliense.com.br\/cbradar\/quanto-tempo-leva-para-criar-habitos-saudaveis\/","og_site_name":"Correio Braziliense - Radar","article_published_time":"2025-03-24T22:23:00+00:00","og_image":[{"width":1280,"height":720,"url":"https:\/\/www.correiobraziliense.com.br\/cbradar\/wp-content\/uploads\/2025\/03\/exercicio-fisico_1742670813380.jpg","type":"image\/jpeg"}],"author":"Larissa Carvalho","twitter_card":"summary_large_image","twitter_misc":{"Escrito por":"Larissa Carvalho","Est. tempo de leitura":"4 minutos"},"schema":{"@context":"https:\/\/schema.org","@graph":[{"@type":"WebPage","@id":"https:\/\/www.correiobraziliense.com.br\/cbradar\/quanto-tempo-leva-para-criar-habitos-saudaveis\/","url":"https:\/\/www.correiobraziliense.com.br\/cbradar\/quanto-tempo-leva-para-criar-habitos-saudaveis\/","name":"Quanto tempo leva para criar h\u00e1bitos saud\u00e1veis?","isPartOf":{"@id":"https:\/\/www.correiobraziliense.com.br\/cbradar\/#website"},"primaryImageOfPage":{"@id":"https:\/\/www.correiobraziliense.com.br\/cbradar\/quanto-tempo-leva-para-criar-habitos-saudaveis\/#primaryimage"},"image":{"@id":"https:\/\/www.correiobraziliense.com.br\/cbradar\/quanto-tempo-leva-para-criar-habitos-saudaveis\/#primaryimage"},"thumbnailUrl":"https:\/\/www.correiobraziliense.com.br\/cbradar\/wp-content\/uploads\/2025\/03\/exercicio-fisico_1742670813380.jpg","datePublished":"2025-03-24T22:23:00+00:00","author":{"@id":"https:\/\/www.correiobraziliense.com.br\/cbradar\/#\/schema\/person\/58422787644df994b53a19d3e56c1513"},"description":"Entenda o desafio de adotar h\u00e1bitos saud\u00e1veis e como t\u00e9cnicas simples podem ajudar nesse processo.","breadcrumb":{"@id":"https:\/\/www.correiobraziliense.com.br\/cbradar\/quanto-tempo-leva-para-criar-habitos-saudaveis\/#breadcrumb"},"inLanguage":"pt-BR","potentialAction":[{"@type":"ReadAction","target":["https:\/\/www.correiobraziliense.com.br\/cbradar\/quanto-tempo-leva-para-criar-habitos-saudaveis\/"]}]},{"@type":"ImageObject","inLanguage":"pt-BR","@id":"https:\/\/www.correiobraziliense.com.br\/cbradar\/quanto-tempo-leva-para-criar-habitos-saudaveis\/#primaryimage","url":"https:\/\/www.correiobraziliense.com.br\/cbradar\/wp-content\/uploads\/2025\/03\/exercicio-fisico_1742670813380.jpg","contentUrl":"https:\/\/www.correiobraziliense.com.br\/cbradar\/wp-content\/uploads\/2025\/03\/exercicio-fisico_1742670813380.jpg","width":1280,"height":720,"caption":"exerc\u00edcio f\u00edsico. Cr\u00e9ditos: depositphotos.com \/ ArturVerkhovetskiy"},{"@type":"BreadcrumbList","@id":"https:\/\/www.correiobraziliense.com.br\/cbradar\/quanto-tempo-leva-para-criar-habitos-saudaveis\/#breadcrumb","itemListElement":[{"@type":"ListItem","position":1,"name":"In\u00edcio","item":"https:\/\/www.correiobraziliense.com.br\/cbradar\/"},{"@type":"ListItem","position":2,"name":"Quanto tempo leva para criar h\u00e1bitos saud\u00e1veis?"}]},{"@type":"WebSite","@id":"https:\/\/www.correiobraziliense.com.br\/cbradar\/#website","url":"https:\/\/www.correiobraziliense.com.br\/cbradar\/","name":"Correio Braziliense - Radar","description":"Acompanhe as \u00faltimas not\u00edcias e fique bem informado sobre tudo o que acontece no Brasil e no mundo.","potentialAction":[{"@type":"SearchAction","target":{"@type":"EntryPoint","urlTemplate":"https:\/\/www.correiobraziliense.com.br\/cbradar\/?s={search_term_string}"},"query-input":{"@type":"PropertyValueSpecification","valueRequired":true,"valueName":"search_term_string"}}],"inLanguage":"pt-BR"},{"@type":"Person","@id":"https:\/\/www.correiobraziliense.com.br\/cbradar\/#\/schema\/person\/58422787644df994b53a19d3e56c1513","name":"Larissa Carvalho","image":{"@type":"ImageObject","inLanguage":"pt-BR","@id":"https:\/\/www.correiobraziliense.com.br\/cbradar\/#\/schema\/person\/image\/","url":"https:\/\/secure.gravatar.com\/avatar\/fe4f91a0de32b52a838d0d612abdc1aa?s=96&d=mm&r=g","contentUrl":"https:\/\/secure.gravatar.com\/avatar\/fe4f91a0de32b52a838d0d612abdc1aa?s=96&d=mm&r=g","caption":"Larissa Carvalho"},"url":"https:\/\/www.correiobraziliense.com.br\/cbradar\/author\/larissamyth\/"}]}},"_links":{"self":[{"href":"https:\/\/www.correiobraziliense.com.br\/cbradar\/wp-json\/wp\/v2\/posts\/15114","targetHints":{"allow":["GET"]}}],"collection":[{"href":"https:\/\/www.correiobraziliense.com.br\/cbradar\/wp-json\/wp\/v2\/posts"}],"about":[{"href":"https:\/\/www.correiobraziliense.com.br\/cbradar\/wp-json\/wp\/v2\/types\/post"}],"author":[{"embeddable":true,"href":"https:\/\/www.correiobraziliense.com.br\/cbradar\/wp-json\/wp\/v2\/users\/3"}],"replies":[{"embeddable":true,"href":"https:\/\/www.correiobraziliense.com.br\/cbradar\/wp-json\/wp\/v2\/comments?post=15114"}],"version-history":[{"count":1,"href":"https:\/\/www.correiobraziliense.com.br\/cbradar\/wp-json\/wp\/v2\/posts\/15114\/revisions"}],"predecessor-version":[{"id":15118,"href":"https:\/\/www.correiobraziliense.com.br\/cbradar\/wp-json\/wp\/v2\/posts\/15114\/revisions\/15118"}],"wp:featuredmedia":[{"embeddable":true,"href":"https:\/\/www.correiobraziliense.com.br\/cbradar\/wp-json\/wp\/v2\/media\/15115"}],"wp:attachment":[{"href":"https:\/\/www.correiobraziliense.com.br\/cbradar\/wp-json\/wp\/v2\/media?parent=15114"}],"wp:term":[{"taxonomy":"category","embeddable":true,"href":"https:\/\/www.correiobraziliense.com.br\/cbradar\/wp-json\/wp\/v2\/categories?post=15114"},{"taxonomy":"post_tag","embeddable":true,"href":"https:\/\/www.correiobraziliense.com.br\/cbradar\/wp-json\/wp\/v2\/tags?post=15114"}],"curies":[{"name":"wp","href":"https:\/\/api.w.org\/{rel}","templated":true}]}}