{"id":151150,"date":"2025-12-07T07:45:00","date_gmt":"2025-12-07T10:45:00","guid":{"rendered":"https:\/\/www.correiobraziliense.com.br\/cbradar\/?p=151150"},"modified":"2025-12-06T16:12:09","modified_gmt":"2025-12-06T19:12:09","slug":"essa-substancia-silenciosa-acelera-a-queda-de-cabelo-nos-homens","status":"publish","type":"post","link":"https:\/\/www.correiobraziliense.com.br\/cbradar\/essa-substancia-silenciosa-acelera-a-queda-de-cabelo-nos-homens\/","title":{"rendered":"Essa subst\u00e2ncia silenciosa acelera a queda de cabelo nos homens"},"content":{"rendered":"\n<p>A <strong>Queda de Cabelo<\/strong>, tecnicamente conhecida como alopecia, \u00e9 uma condi\u00e7\u00e3o que muitos enfrentam ao longo da vida, afetando tanto homens quanto mulheres. Entre os homens, especificamente, a alopecia androgen\u00e9tica \u2014 a calv\u00edcie de padr\u00e3o masculino \u2014 \u00e9 notoriamente mais comum e pode come\u00e7ar a se manifestar logo na adolesc\u00eancia ou in\u00edcio da idade adulta. Esta condi\u00e7\u00e3o resulta principalmente da intera\u00e7\u00e3o entre horm\u00f4nios e predisposi\u00e7\u00e3o gen\u00e9tica.<\/p>\n\n\n\n<p>O processo geralmente come\u00e7a com a redu\u00e7\u00e3o dos fios no topo da cabe\u00e7a, enquanto aquelas nas laterais e na nuca continuam crescendo normalmente. Isso ocorre porque essas \u00e1reas s\u00e3o menos suscet\u00edveis \u00e0 a\u00e7\u00e3o da dihidrotestosterona (DHT), uma subproduto da testosterona. Homens possuem n\u00edveis mais altos dessa subst\u00e2ncia, que enfraquece os fol\u00edculos capilares no topo, levando ao afinamento progressivo dos fios e, eventualmente, \u00e0 queda.<\/p>\n\n\n\n<h2 class=\"wp-block-heading\">Como a gen\u00e9tica influencia a calv\u00edcie?<\/h2>\n\n\n\n<p>A gen\u00e9tica desempenha um papel crucial na evolu\u00e7\u00e3o da calv\u00edcie masculina. Indiv\u00edduos com hist\u00f3rico de calv\u00edcie na fam\u00edlia, especialmente entre parentes de primeiro grau, est\u00e3o mais predispostos a desenvolver o mesmo padr\u00e3o de perda de cabelo. Isso ocorre porque a heran\u00e7a gen\u00e9tica define a sensibilidade dos fol\u00edculos \u00e0 DHT. Algumas pessoas podem come\u00e7ar a perceber o afinamento dos fios ainda na juventude, enquanto outras mant\u00eam o cabelo denso por toda a vida.<\/p>\n\n\n\n<h2 class=\"wp-block-heading\">Qual a diferen\u00e7a entre a Queda de Cabelo em homens e mulheres?<\/h2>\n\n\n<div class=\"wp-block-image\">\n<figure class=\"aligncenter size-large\"><img decoding=\"async\" width=\"1024\" height=\"576\" src=\"https:\/\/www.correiobraziliense.com.br\/cbradar\/wp-content\/uploads\/2025\/08\/alopecia-areata_1755792884071-1024x576.jpg\" alt=\"\" class=\"wp-image-90445\" srcset=\"https:\/\/www.correiobraziliense.com.br\/cbradar\/wp-content\/uploads\/2025\/08\/alopecia-areata_1755792884071-1024x576.jpg 1024w, https:\/\/www.correiobraziliense.com.br\/cbradar\/wp-content\/uploads\/2025\/08\/alopecia-areata_1755792884071-300x169.jpg 300w, https:\/\/www.correiobraziliense.com.br\/cbradar\/wp-content\/uploads\/2025\/08\/alopecia-areata_1755792884071-768x432.jpg 768w, https:\/\/www.correiobraziliense.com.br\/cbradar\/wp-content\/uploads\/2025\/08\/alopecia-areata_1755792884071-750x422.jpg 750w, https:\/\/www.correiobraziliense.com.br\/cbradar\/wp-content\/uploads\/2025\/08\/alopecia-areata_1755792884071-1140x641.jpg 1140w, https:\/\/www.correiobraziliense.com.br\/cbradar\/wp-content\/uploads\/2025\/08\/alopecia-areata_1755792884071.jpg 1280w\" sizes=\"(max-width: 1024px) 100vw, 1024px\" \/><figcaption class=\"wp-element-caption\">alopecia areata &#8211; Cr\u00e9ditos: depositphotos.com \/ nadin1601877@gmail.com<\/figcaption><\/figure><\/div>\n\n\n<p>Embora ambos os sexos possam sofrer com a perda de cabelo, a maneira como essa condi\u00e7\u00e3o se manifesta pode diferir consideravelmente. Nos homens, a calv\u00edcie se apresenta de forma mais localizada, geralmente no topo e na frente da cabe\u00e7a. J\u00e1 nas mulheres, a queda tende a ser difusa, tornando a perda menos evidente. Os fios tornam-se progressivamente mais finos e fr\u00e1geis, mas raramente deixam \u00e1reas completamente calvas. Isso significa que, embora a densidade diminua, a cobertura do couro cabeludo \u00e9 geralmente preservada.<\/p>\n\n\n\n<h2 class=\"wp-block-heading\">Quais s\u00e3o os tratamentos dispon\u00edveis para a alopecia androgen\u00e9tica?<\/h2>\n\n\n\n<p>Atualmente, existem v\u00e1rias op\u00e7\u00f5es de tratamento dispon\u00edveis para amenizar a calv\u00edcie. A identifica\u00e7\u00e3o precoce do problema \u00e9 crucial, pois tratamentos iniciados rapidamente t\u00eam maior potencial de preserva\u00e7\u00e3o dos fios e estabiliza\u00e7\u00e3o da queda. Alternativas incluem medicamentos t\u00f3picos, procedimentos cl\u00ednicos e at\u00e9 transplantes capilares. Medicamentos como o minoxidil e a finasterida t\u00eam efic\u00e1cia comprovada, enquanto procedimentos como a terapia a laser e o transplante de cabelo podem ser adequados para casos espec\u00edficos.<\/p>\n\n\n\n<ul class=\"wp-block-list\">\n<li><strong>Minoxidil:<\/strong>\u00a0Um tratamento t\u00f3pico que ajuda a estimular o crescimento do cabelo.<\/li>\n\n\n\n<li><strong>Finasterida:<\/strong>\u00a0Um medicamento oral que reduz a DHT nos homens.<\/li>\n\n\n\n<li><strong>Terapia com laser:<\/strong>\u00a0Tratamento que utiliza luz para fortalecer os fol\u00edculos capilares.<\/li>\n\n\n\n<li><strong>Transplante capilar:<\/strong>\u00a0Procedimento cir\u00fargico para reposicionar fol\u00edculos capilares <a href=\"https:\/\/www.correiobraziliense.com.br\/cbradar\/o-maior-vilao-do-natal-para-alergicos-pode-estar-na-sua-sala\/\" target=\"_blank\" rel=\"noreferrer noopener\">saud\u00e1veis <\/a>em \u00e1reas calvas.<\/li>\n<\/ul>\n\n\n\n<p>A busca pela manuten\u00e7\u00e3o ou recupera\u00e7\u00e3o dos fios deve ser feita com acompanhamento m\u00e9dico especializado para garantir que o tratamento selecionado seja realmente eficaz e seguro. Com os avan\u00e7os da medicina e a variedade de abordagens dispon\u00edveis, h\u00e1 uma maior esperan\u00e7a para aqueles que buscam enfrentar a calv\u00edcie de forma proativa.<\/p>\n\n\n<a href=\"https:\/\/www.instagram.com\/dra.annaluisabf\/\" target=\"_blank\" rel=\"noopener\" style=\"text-decoration: none; color: inherit;\">\n    <span style=\"display: inline-block; border: 1px solid #ccc; border-radius: 10px; padding: 15px; max-width: 550px; font-family: sans-serif; box-shadow: 0 2px 5px rgba(0,0,0,0.1); width: 100%;\">\n\n      <!-- T\u00edtulo -->\n      <span style=\"display: block; margin: 0 0 15px 0; font-weight: bold; color: #2c3e50; text-align: center;\">\n        Entre em contato:\n      <\/span>\n\n      <!-- Linha do perfil -->\n      <span style=\"display: flex; align-items: center; gap: 15px;\">\n        <img decoding=\"async\"\n          src=\"https:\/\/www.correiobraziliense.com.br\/cbradar\/wp-content\/uploads\/2025\/08\/dra_anna_luisa.jpeg\"\n          alt=\"Foto da Dra. Anna Lu\u00edsa\"\n          style=\"border-radius: 50%; width: 80px; height: 80px; object-fit: cover;\"\n        \/>\n        <span style=\"display: flex; flex-direction: column;\">\n          <span style=\"font-size: 18px; font-weight: 700; color: #2c3e50;\">Dra. Anna Lu\u00edsa Barbosa Fernandes<\/span>\n          <span style=\"color: #555;\">CRM-GO 33.271<\/span>\n        <\/span>\n      <\/span>\n\n      <!-- Redes -->\n      <span style=\"display: flex; align-items: center; gap: 10px; margin-top: 12px;\">\n        <img decoding=\"async\" src=\"https:\/\/cdn-icons-png.flaticon.com\/24\/1384\/1384063.png\" alt=\"Instagram\" width=\"24\" height=\"24\" \/>\n        <span style=\"text-decoration: underline; color: #2c3e50;\">@dra.annaluisabf<\/span>\n      <\/span>\n\n    <\/span>\n  <\/a>","protected":false},"excerpt":{"rendered":"<p>A Queda de Cabelo, tecnicamente conhecida como alopecia, \u00e9 uma condi\u00e7\u00e3o que muitos enfrentam ao longo da vida, afetando tanto homens quanto mulheres. Entre os homens, especificamente, a alopecia androgen\u00e9tica \u2014 a calv\u00edcie de padr\u00e3o masculino \u2014 \u00e9 notoriamente mais comum e pode come\u00e7ar a se manifestar logo na adolesc\u00eancia ou in\u00edcio da idade adulta. [&hellip;]<\/p>\n","protected":false},"author":14,"featured_media":40480,"comment_status":"open","ping_status":"open","sticky":false,"template":"","format":"standard","meta":{"_yoast_wpseo_focuskw":"Queda de Cabelo","_yoast_wpseo_title":"","_yoast_wpseo_metadesc":"Queda de cabelo em homens pode ser gen\u00e9tica e hormonal. Veja os sinais, tratamentos dispon\u00edveis e como agir cedo faz toda a diferen\u00e7a contra a calv\u00edcie.","jnews-multi-image_gallery":[],"jnews_single_post":{"format":"standard"},"jnews_primary_category":[],"jnews_social_meta":[],"jnews_override_counter":[],"footnotes":""},"categories":[4404],"tags":[281,120,1318],"class_list":["post-151150","post","type-post","status-publish","format-standard","has-post-thumbnail","hentry","category-saude","tag-alimentacao","tag-bem-estar","tag-saude-2"],"yoast_head":"<!-- This site is optimized with the Yoast SEO plugin v24.6 - https:\/\/yoast.com\/wordpress\/plugins\/seo\/ -->\n<title>Essa subst\u00e2ncia silenciosa acelera a queda de cabelo nos homens - Correio Braziliense - Radar<\/title>\n<meta name=\"description\" content=\"Queda de cabelo em homens pode ser gen\u00e9tica e hormonal. Veja os sinais, tratamentos dispon\u00edveis e como agir cedo faz toda a diferen\u00e7a contra a calv\u00edcie.\" \/>\n<meta name=\"robots\" content=\"index, follow, max-snippet:-1, max-image-preview:large, max-video-preview:-1\" \/>\n<link rel=\"canonical\" href=\"https:\/\/www.correiobraziliense.com.br\/cbradar\/essa-substancia-silenciosa-acelera-a-queda-de-cabelo-nos-homens\/\" \/>\n<meta property=\"og:locale\" content=\"pt_BR\" \/>\n<meta property=\"og:type\" content=\"article\" \/>\n<meta property=\"og:title\" content=\"Essa subst\u00e2ncia silenciosa acelera a queda de cabelo nos homens - Correio Braziliense - Radar\" \/>\n<meta property=\"og:description\" content=\"Queda de cabelo em homens pode ser gen\u00e9tica e hormonal. Veja os sinais, tratamentos dispon\u00edveis e como agir cedo faz toda a diferen\u00e7a contra a calv\u00edcie.\" \/>\n<meta property=\"og:url\" content=\"https:\/\/www.correiobraziliense.com.br\/cbradar\/essa-substancia-silenciosa-acelera-a-queda-de-cabelo-nos-homens\/\" \/>\n<meta property=\"og:site_name\" content=\"Correio Braziliense - Radar\" \/>\n<meta property=\"article:published_time\" content=\"2025-12-07T10:45:00+00:00\" \/>\n<meta property=\"og:image\" content=\"https:\/\/www.correiobraziliense.com.br\/cbradar\/wp-content\/uploads\/2025\/05\/queda-de-cabelo_1747838684881.jpg\" \/>\n\t<meta property=\"og:image:width\" content=\"1280\" \/>\n\t<meta property=\"og:image:height\" content=\"720\" \/>\n\t<meta property=\"og:image:type\" content=\"image\/jpeg\" \/>\n<meta name=\"author\" content=\"guilherme_saude\" \/>\n<meta name=\"twitter:card\" content=\"summary_large_image\" \/>\n<meta name=\"twitter:label1\" content=\"Escrito por\" \/>\n\t<meta name=\"twitter:data1\" content=\"guilherme_saude\" \/>\n\t<meta name=\"twitter:label2\" content=\"Est. tempo de leitura\" \/>\n\t<meta name=\"twitter:data2\" content=\"4 minutos\" \/>\n<!-- \/ Yoast SEO plugin. -->","yoast_head_json":{"title":"Essa subst\u00e2ncia silenciosa acelera a queda de cabelo nos homens - Correio Braziliense - Radar","description":"Queda de cabelo em homens pode ser gen\u00e9tica e hormonal. Veja os sinais, tratamentos dispon\u00edveis e como agir cedo faz toda a diferen\u00e7a contra a calv\u00edcie.","robots":{"index":"index","follow":"follow","max-snippet":"max-snippet:-1","max-image-preview":"max-image-preview:large","max-video-preview":"max-video-preview:-1"},"canonical":"https:\/\/www.correiobraziliense.com.br\/cbradar\/essa-substancia-silenciosa-acelera-a-queda-de-cabelo-nos-homens\/","og_locale":"pt_BR","og_type":"article","og_title":"Essa subst\u00e2ncia silenciosa acelera a queda de cabelo nos homens - Correio Braziliense - Radar","og_description":"Queda de cabelo em homens pode ser gen\u00e9tica e hormonal. Veja os sinais, tratamentos dispon\u00edveis e como agir cedo faz toda a diferen\u00e7a contra a calv\u00edcie.","og_url":"https:\/\/www.correiobraziliense.com.br\/cbradar\/essa-substancia-silenciosa-acelera-a-queda-de-cabelo-nos-homens\/","og_site_name":"Correio Braziliense - Radar","article_published_time":"2025-12-07T10:45:00+00:00","og_image":[{"width":1280,"height":720,"url":"https:\/\/www.correiobraziliense.com.br\/cbradar\/wp-content\/uploads\/2025\/05\/queda-de-cabelo_1747838684881.jpg","type":"image\/jpeg"}],"author":"guilherme_saude","twitter_card":"summary_large_image","twitter_misc":{"Escrito por":"guilherme_saude","Est. tempo de leitura":"4 minutos"},"schema":{"@context":"https:\/\/schema.org","@graph":[{"@type":"WebPage","@id":"https:\/\/www.correiobraziliense.com.br\/cbradar\/essa-substancia-silenciosa-acelera-a-queda-de-cabelo-nos-homens\/","url":"https:\/\/www.correiobraziliense.com.br\/cbradar\/essa-substancia-silenciosa-acelera-a-queda-de-cabelo-nos-homens\/","name":"Essa subst\u00e2ncia silenciosa acelera a queda de cabelo nos homens - Correio Braziliense - Radar","isPartOf":{"@id":"https:\/\/www.correiobraziliense.com.br\/cbradar\/#website"},"primaryImageOfPage":{"@id":"https:\/\/www.correiobraziliense.com.br\/cbradar\/essa-substancia-silenciosa-acelera-a-queda-de-cabelo-nos-homens\/#primaryimage"},"image":{"@id":"https:\/\/www.correiobraziliense.com.br\/cbradar\/essa-substancia-silenciosa-acelera-a-queda-de-cabelo-nos-homens\/#primaryimage"},"thumbnailUrl":"https:\/\/www.correiobraziliense.com.br\/cbradar\/wp-content\/uploads\/2025\/05\/queda-de-cabelo_1747838684881.jpg","datePublished":"2025-12-07T10:45:00+00:00","author":{"@id":"https:\/\/www.correiobraziliense.com.br\/cbradar\/#\/schema\/person\/5aa4bf3c8fa699c267933611de12978b"},"description":"Queda de cabelo em homens pode ser gen\u00e9tica e hormonal. Veja os sinais, tratamentos dispon\u00edveis e como agir cedo faz toda a diferen\u00e7a contra a calv\u00edcie.","breadcrumb":{"@id":"https:\/\/www.correiobraziliense.com.br\/cbradar\/essa-substancia-silenciosa-acelera-a-queda-de-cabelo-nos-homens\/#breadcrumb"},"inLanguage":"pt-BR","potentialAction":[{"@type":"ReadAction","target":["https:\/\/www.correiobraziliense.com.br\/cbradar\/essa-substancia-silenciosa-acelera-a-queda-de-cabelo-nos-homens\/"]}]},{"@type":"ImageObject","inLanguage":"pt-BR","@id":"https:\/\/www.correiobraziliense.com.br\/cbradar\/essa-substancia-silenciosa-acelera-a-queda-de-cabelo-nos-homens\/#primaryimage","url":"https:\/\/www.correiobraziliense.com.br\/cbradar\/wp-content\/uploads\/2025\/05\/queda-de-cabelo_1747838684881.jpg","contentUrl":"https:\/\/www.correiobraziliense.com.br\/cbradar\/wp-content\/uploads\/2025\/05\/queda-de-cabelo_1747838684881.jpg","width":1280,"height":720,"caption":"Cabelo - Cr\u00e9ditos: depositphotos.com \/ VitalikRadko"},{"@type":"BreadcrumbList","@id":"https:\/\/www.correiobraziliense.com.br\/cbradar\/essa-substancia-silenciosa-acelera-a-queda-de-cabelo-nos-homens\/#breadcrumb","itemListElement":[{"@type":"ListItem","position":1,"name":"In\u00edcio","item":"https:\/\/www.correiobraziliense.com.br\/cbradar\/"},{"@type":"ListItem","position":2,"name":"Essa subst\u00e2ncia silenciosa acelera a queda de cabelo nos homens"}]},{"@type":"WebSite","@id":"https:\/\/www.correiobraziliense.com.br\/cbradar\/#website","url":"https:\/\/www.correiobraziliense.com.br\/cbradar\/","name":"Correio Braziliense - Radar","description":"Acompanhe as \u00faltimas not\u00edcias e fique bem informado sobre tudo o que acontece no Brasil e no mundo.","potentialAction":[{"@type":"SearchAction","target":{"@type":"EntryPoint","urlTemplate":"https:\/\/www.correiobraziliense.com.br\/cbradar\/?s={search_term_string}"},"query-input":{"@type":"PropertyValueSpecification","valueRequired":true,"valueName":"search_term_string"}}],"inLanguage":"pt-BR"},{"@type":"Person","@id":"https:\/\/www.correiobraziliense.com.br\/cbradar\/#\/schema\/person\/5aa4bf3c8fa699c267933611de12978b","name":"guilherme_saude","image":{"@type":"ImageObject","inLanguage":"pt-BR","@id":"https:\/\/www.correiobraziliense.com.br\/cbradar\/#\/schema\/person\/image\/","url":"https:\/\/secure.gravatar.com\/avatar\/df9adfb835d344bc0af109d41756253f?s=96&d=mm&r=g","contentUrl":"https:\/\/secure.gravatar.com\/avatar\/df9adfb835d344bc0af109d41756253f?s=96&d=mm&r=g","caption":"guilherme_saude"},"url":"https:\/\/www.correiobraziliense.com.br\/cbradar\/author\/guilherme_saude\/"}]}},"_links":{"self":[{"href":"https:\/\/www.correiobraziliense.com.br\/cbradar\/wp-json\/wp\/v2\/posts\/151150","targetHints":{"allow":["GET"]}}],"collection":[{"href":"https:\/\/www.correiobraziliense.com.br\/cbradar\/wp-json\/wp\/v2\/posts"}],"about":[{"href":"https:\/\/www.correiobraziliense.com.br\/cbradar\/wp-json\/wp\/v2\/types\/post"}],"author":[{"embeddable":true,"href":"https:\/\/www.correiobraziliense.com.br\/cbradar\/wp-json\/wp\/v2\/users\/14"}],"replies":[{"embeddable":true,"href":"https:\/\/www.correiobraziliense.com.br\/cbradar\/wp-json\/wp\/v2\/comments?post=151150"}],"version-history":[{"count":1,"href":"https:\/\/www.correiobraziliense.com.br\/cbradar\/wp-json\/wp\/v2\/posts\/151150\/revisions"}],"predecessor-version":[{"id":151151,"href":"https:\/\/www.correiobraziliense.com.br\/cbradar\/wp-json\/wp\/v2\/posts\/151150\/revisions\/151151"}],"wp:featuredmedia":[{"embeddable":true,"href":"https:\/\/www.correiobraziliense.com.br\/cbradar\/wp-json\/wp\/v2\/media\/40480"}],"wp:attachment":[{"href":"https:\/\/www.correiobraziliense.com.br\/cbradar\/wp-json\/wp\/v2\/media?parent=151150"}],"wp:term":[{"taxonomy":"category","embeddable":true,"href":"https:\/\/www.correiobraziliense.com.br\/cbradar\/wp-json\/wp\/v2\/categories?post=151150"},{"taxonomy":"post_tag","embeddable":true,"href":"https:\/\/www.correiobraziliense.com.br\/cbradar\/wp-json\/wp\/v2\/tags?post=151150"}],"curies":[{"name":"wp","href":"https:\/\/api.w.org\/{rel}","templated":true}]}}