{"id":151158,"date":"2025-12-07T15:15:00","date_gmt":"2025-12-07T18:15:00","guid":{"rendered":"https:\/\/www.correiobraziliense.com.br\/cbradar\/?p=151158"},"modified":"2025-12-06T16:35:11","modified_gmt":"2025-12-06T19:35:11","slug":"o-idioma-que-carrega-herancas-escondidas-aprenda-de-onde-vem-o-portugues-brasileiro","status":"publish","type":"post","link":"https:\/\/www.correiobraziliense.com.br\/cbradar\/o-idioma-que-carrega-herancas-escondidas-aprenda-de-onde-vem-o-portugues-brasileiro\/","title":{"rendered":"O idioma que carrega heran\u00e7as escondidas, aprenda de onde vem o Portugu\u00eas brasileiro"},"content":{"rendered":"\n<p>A l\u00edngua portuguesa falada no Brasil tem uma hist\u00f3ria longa e complexa. Embora tenha origem em Portugal, ela se formou a partir do encontro de diferentes povos, culturas e idiomas ao longo de mais de cinco s\u00e9culos. Em 2025, estudiosos destacam que o portugu\u00eas brasileiro \u00e9 resultado direto da mistura entre heran\u00e7as europeias, ind\u00edgenas, africanas e, mais tarde, imigrantes de v\u00e1rios pa\u00edses.<\/p>\n\n\n\n<h2 class=\"wp-block-heading\">Qual a origem europeia do portugu\u00eas falado no Brasil?<\/h2>\n\n\n\n<p>A base da nossa l\u00edngua veio de Portugal. O portugu\u00eas europeu, por sua vez, nasceu do latim trazido pelos romanos \u00e0 Pen\u00ednsula Ib\u00e9rica h\u00e1 cerca de dois mil anos. Com influ\u00eancias de povos como visigodos e \u00e1rabes, o idioma evoluiu at\u00e9 se tornar o portugu\u00eas que os colonizadores trouxeram ao Brasil a partir de 1500.<\/p>\n\n\n\n<p>Nos primeiros s\u00e9culos da coloniza\u00e7\u00e3o, esse portugu\u00eas convivia com dezenas de l\u00ednguas ind\u00edgenas, criando uma comunica\u00e7\u00e3o h\u00edbrida que moldou a forma como o portugu\u00eas seria falado no territ\u00f3rio brasileiro.<\/p>\n\n\n<div class=\"wp-block-image\">\n<figure class=\"aligncenter size-large\"><img decoding=\"async\" width=\"1024\" height=\"576\" src=\"https:\/\/www.correiobraziliense.com.br\/cbradar\/wp-content\/uploads\/2025\/12\/people-talking_1764975496110-1024x576.jpg\" alt=\"O idioma que carrega heran\u00e7as escondidas, aprenda de onde vem o Portugu\u00eas brasileiro\" class=\"wp-image-150733\" srcset=\"https:\/\/www.correiobraziliense.com.br\/cbradar\/wp-content\/uploads\/2025\/12\/people-talking_1764975496110-1024x576.jpg 1024w, https:\/\/www.correiobraziliense.com.br\/cbradar\/wp-content\/uploads\/2025\/12\/people-talking_1764975496110-300x169.jpg 300w, https:\/\/www.correiobraziliense.com.br\/cbradar\/wp-content\/uploads\/2025\/12\/people-talking_1764975496110-768x432.jpg 768w, https:\/\/www.correiobraziliense.com.br\/cbradar\/wp-content\/uploads\/2025\/12\/people-talking_1764975496110-750x422.jpg 750w, https:\/\/www.correiobraziliense.com.br\/cbradar\/wp-content\/uploads\/2025\/12\/people-talking_1764975496110-1140x641.jpg 1140w, https:\/\/www.correiobraziliense.com.br\/cbradar\/wp-content\/uploads\/2025\/12\/people-talking_1764975496110.jpg 1280w\" sizes=\"(max-width: 1024px) 100vw, 1024px\" \/><figcaption class=\"wp-element-caption\">o portugu\u00eas brasileiro \u00e9 resultado direto da mistura entre heran\u00e7as europeias, ind\u00edgenas, africanas e, mais tarde, imigrantes de v\u00e1rios pa\u00edses &#8211; Cr\u00e9ditos: depositphotos.com \/ VitalikRadko<\/figcaption><\/figure><\/div>\n\n\n<h2 class=\"wp-block-heading\">Qual a influ\u00eancia ind\u00edgena no portugu\u00eas brasileiro?<\/h2>\n\n\n\n<p>Os povos ind\u00edgenas que habitavam o Brasil antes da chegada dos europeus tinham dezenas de l\u00ednguas diferentes. Muitas delas influenciaram a constru\u00e7\u00e3o do portugu\u00eas brasileiro, especialmente por meio da chamada l\u00edngua geral, baseada no tupi antigo, amplamente falada nos s\u00e9culos XVI e XVII.<\/p>\n\n\n\n<p>Dessa heran\u00e7a ind\u00edgena vieram palavras que usamos at\u00e9 hoje, como \u201cpipoca\u201d, \u201cabacaxi\u201d, \u201ccaju\u201d, \u201ccapivara\u201d, \u201ctatu\u201d e \u201cmandioca\u201d. Al\u00e9m do vocabul\u00e1rio, estruturas de pron\u00fancia e ritmo de fala tamb\u00e9m sofreram influ\u00eancia desse contato.<\/p>\n\n\n\n<p>A influ\u00eancia dos povos origin\u00e1rios \u00e9 ineg\u00e1vel no desenvolvimento da l\u00edngua, abaixo, curiosidades por <strong>omundoeahistoria <\/strong>no TikTok:<\/p>\n\n\n\n<figure class=\"wp-block-embed is-type-video is-provider-tiktok wp-block-embed-tiktok\"><div class=\"wp-block-embed__wrapper\">\n<blockquote class=\"tiktok-embed\" cite=\"https:\/\/www.tiktok.com\/@omundoeahistoria\/video\/7252848180277136646\" data-video-id=\"7252848180277136646\" data-embed-from=\"oembed\" style=\"max-width:605px; min-width:325px;\"> <section> <a target=\"_blank\" title=\"@omundoeahistoria\" href=\"https:\/\/www.tiktok.com\/@omundoeahistoria?refer=embed\">@omundoeahistoria<\/a> <p>Cultura ind\u00edgena \ud83d\ude0d\ud83d\ude0d <a title=\"indigena\" target=\"_blank\" href=\"https:\/\/www.tiktok.com\/tag\/indigena?refer=embed\">#indigena<\/a> <a title=\"brasil\ud83c\udde7\ud83c\uddf7\" target=\"_blank\" href=\"https:\/\/www.tiktok.com\/tag\/brasil%F0%9F%87%A7%F0%9F%87%B7?refer=embed\">#brasil\ud83c\udde7\ud83c\uddf7<\/a> <a title=\"cultura\" target=\"_blank\" href=\"https:\/\/www.tiktok.com\/tag\/cultura?refer=embed\">#cultura<\/a> <a title=\"fyp\" target=\"_blank\" href=\"https:\/\/www.tiktok.com\/tag\/fyp?refer=embed\">#fyp<\/a> <a title=\"foryou\" target=\"_blank\" href=\"https:\/\/www.tiktok.com\/tag\/foryou?refer=embed\">#foryou<\/a> <\/p> <a target=\"_blank\" title=\"\u266c vlog, chill out, calm daily life(1370843) - SUNNY HOOD STUDIO\" href=\"https:\/\/www.tiktok.com\/music\/vlog-chill-out-calm-daily-life-1370843-7179679214566639618?refer=embed\">\u266c vlog, chill out, calm daily life(1370843) &#8211; SUNNY HOOD STUDIO<\/a> <\/section> <\/blockquote> <script async src=\"https:\/\/www.tiktok.com\/embed.js\"><\/script>\n<\/div><\/figure>\n\n\n\n<h2 class=\"wp-block-heading\">Qual a contribui\u00e7\u00e3o africana na forma\u00e7\u00e3o da l\u00edngua?<\/h2>\n\n\n\n<p>A partir do s\u00e9culo XVI, milh\u00f5es de pessoas escravizadas vindas da \u00c1frica foram for\u00e7adas ao Brasil. <a href=\"https:\/\/www.correiobraziliense.com.br\/cbradar\/o-nome-usado-com-maria-mais-registrado-em-cartorios-no-brasil-e-revelado-e-impressiona-a-todos\/\" target=\"_blank\" rel=\"noreferrer noopener\">Com elas, vieram tradi\u00e7\u00f5es<\/a>, culturas e l\u00ednguas que tamb\u00e9m deixaram marcas profundas no portugu\u00eas brasileiro.<\/p>\n\n\n\n<p>Palavras como \u201cmoleque\u201d, \u201cfub\u00e1\u201d, \u201cquiabo\u201d, \u201ccafun\u00e9\u201d, \u201cmacumba\u201d e \u201cdengo\u201d t\u00eam origem africana. Al\u00e9m do vocabul\u00e1rio, caracter\u00edsticas de entona\u00e7\u00e3o e musicalidade presentes no portugu\u00eas falado em <a href=\"https:\/\/www.gov.br\/cultura\/pt-br\" target=\"_blank\" rel=\"noreferrer noopener\">v\u00e1rias regi\u00f5es do pa\u00eds tamb\u00e9m refletem essa influ\u00eancia<\/a>.<\/p>\n\n\n<div class=\"wp-block-image\">\n<figure class=\"aligncenter size-large\"><img decoding=\"async\" width=\"1024\" height=\"576\" src=\"https:\/\/www.correiobraziliense.com.br\/cbradar\/wp-content\/uploads\/2025\/12\/kids-studying_1765044224255-1024x576.jpg\" alt=\"O idioma que carrega heran\u00e7as escondidas, aprenda de onde vem o Portugu\u00eas brasileiro\" class=\"wp-image-151125\" srcset=\"https:\/\/www.correiobraziliense.com.br\/cbradar\/wp-content\/uploads\/2025\/12\/kids-studying_1765044224255-1024x576.jpg 1024w, https:\/\/www.correiobraziliense.com.br\/cbradar\/wp-content\/uploads\/2025\/12\/kids-studying_1765044224255-300x169.jpg 300w, https:\/\/www.correiobraziliense.com.br\/cbradar\/wp-content\/uploads\/2025\/12\/kids-studying_1765044224255-768x432.jpg 768w, https:\/\/www.correiobraziliense.com.br\/cbradar\/wp-content\/uploads\/2025\/12\/kids-studying_1765044224255-750x422.jpg 750w, https:\/\/www.correiobraziliense.com.br\/cbradar\/wp-content\/uploads\/2025\/12\/kids-studying_1765044224255-1140x641.jpg 1140w, https:\/\/www.correiobraziliense.com.br\/cbradar\/wp-content\/uploads\/2025\/12\/kids-studying_1765044224255.jpg 1280w\" sizes=\"(max-width: 1024px) 100vw, 1024px\" \/><figcaption class=\"wp-element-caption\">Em 2025, linguistas consideram os dois como variedades distintas de um mesmo idioma, cada uma com seu vocabul\u00e1rio, pron\u00fancia e constru\u00e7\u00f5es pr\u00f3prias &#8211; Cr\u00e9ditos: depositphotos.com \/ ArturVerkhovetskiy<\/figcaption><\/figure><\/div>\n\n\n<h2 class=\"wp-block-heading\">Imigra\u00e7\u00e3o e diferen\u00e7as regionais moldaram o portugu\u00eas atual?<\/h2>\n\n\n\n<p>A partir do s\u00e9culo XIX, fluxos de imigrantes, especialmente italianos, alem\u00e3es, espanh\u00f3is, japoneses e \u00e1rabes, tamb\u00e9m influenciaram a l\u00edngua em diferentes regi\u00f5es. Em cidades do Sul, palavras e sotaques trazidos da Alemanha e da It\u00e1lia deixaram marcas percept\u00edveis at\u00e9 hoje.<\/p>\n\n\n\n<p>Esse conjunto de influ\u00eancias fez com que o portugu\u00eas brasileiro se distanciasse gradualmente do portugu\u00eas europeu. Em 2025, linguistas consideram os dois como variedades distintas de um mesmo idioma, cada uma com seu vocabul\u00e1rio, pron\u00fancia e constru\u00e7\u00f5es pr\u00f3prias.<\/p>\n","protected":false},"excerpt":{"rendered":"<p>A l\u00edngua portuguesa falada no Brasil tem uma hist\u00f3ria longa e complexa. Embora tenha origem em Portugal, ela se formou a partir do encontro de diferentes povos, culturas e idiomas ao longo de mais de cinco s\u00e9culos. Em 2025, estudiosos destacam que o portugu\u00eas brasileiro \u00e9 resultado direto da mistura entre heran\u00e7as europeias, ind\u00edgenas, africanas [&hellip;]<\/p>\n","protected":false},"author":18,"featured_media":151169,"comment_status":"open","ping_status":"open","sticky":false,"template":"","format":"standard","meta":{"_yoast_wpseo_focuskw":"de onde vem o Portugu\u00eas brasileiro","_yoast_wpseo_title":"","_yoast_wpseo_metadesc":"Muito al\u00e9m de Portugal, a origem do nosso portugu\u00eas envolve hist\u00f3rias ind\u00edgenas, africanas e imigrantes Veja como isso molda nossa fala.","jnews-multi-image_gallery":[],"jnews_single_post":{"format":"standard"},"jnews_primary_category":[],"jnews_social_meta":[],"jnews_override_counter":[],"footnotes":""},"categories":[112],"post_tag":[792,12389,10902,4243],"class_list":["post-151158","post","type-post","status-publish","format-standard","has-post-thumbnail","hentry","category-curiosidades","tag-cultura","tag-formacao","tag-lingua-portuguesa","tag-origem"],"yoast_head":"<!-- This site is optimized with the Yoast SEO plugin v24.6 - https:\/\/yoast.com\/wordpress\/plugins\/seo\/ -->\n<title>O idioma que carrega heran\u00e7as escondidas, aprenda de onde vem o Portugu\u00eas brasileiro - Correio Braziliense - Radar<\/title>\n<meta name=\"description\" content=\"Muito al\u00e9m de Portugal, a origem do nosso portugu\u00eas envolve hist\u00f3rias ind\u00edgenas, africanas e imigrantes Veja como isso molda nossa fala.\" \/>\n<meta name=\"robots\" content=\"index, follow, max-snippet:-1, max-image-preview:large, max-video-preview:-1\" \/>\n<link rel=\"canonical\" href=\"https:\/\/www.correiobraziliense.com.br\/cbradar\/o-idioma-que-carrega-herancas-escondidas-aprenda-de-onde-vem-o-portugues-brasileiro\/\" \/>\n<meta property=\"og:locale\" content=\"pt_BR\" \/>\n<meta property=\"og:type\" content=\"article\" \/>\n<meta property=\"og:title\" content=\"O idioma que carrega heran\u00e7as escondidas, aprenda de onde vem o Portugu\u00eas brasileiro - Correio Braziliense - Radar\" \/>\n<meta property=\"og:description\" content=\"Muito al\u00e9m de Portugal, a origem do nosso portugu\u00eas envolve hist\u00f3rias ind\u00edgenas, africanas e imigrantes Veja como isso molda nossa fala.\" \/>\n<meta property=\"og:url\" content=\"https:\/\/www.correiobraziliense.com.br\/cbradar\/o-idioma-que-carrega-herancas-escondidas-aprenda-de-onde-vem-o-portugues-brasileiro\/\" \/>\n<meta property=\"og:site_name\" content=\"Correio Braziliense - Radar\" \/>\n<meta property=\"article:published_time\" content=\"2025-12-07T18:15:00+00:00\" \/>\n<meta property=\"og:image\" content=\"https:\/\/www.correiobraziliense.com.br\/cbradar\/wp-content\/uploads\/2025\/12\/dicionario_1765048921143.jpg\" \/>\n\t<meta property=\"og:image:width\" content=\"1280\" \/>\n\t<meta property=\"og:image:height\" content=\"720\" \/>\n\t<meta property=\"og:image:type\" content=\"image\/jpeg\" \/>\n<meta name=\"author\" content=\"Maria Eduarda Pacheco\" \/>\n<meta name=\"twitter:card\" content=\"summary_large_image\" \/>\n<meta name=\"twitter:label1\" content=\"Escrito por\" \/>\n\t<meta name=\"twitter:data1\" content=\"Maria Eduarda Pacheco\" \/>\n\t<meta name=\"twitter:label2\" content=\"Est. tempo de leitura\" \/>\n\t<meta name=\"twitter:data2\" content=\"4 minutos\" \/>\n<!-- \/ Yoast SEO plugin. -->","yoast_head_json":{"title":"O idioma que carrega heran\u00e7as escondidas, aprenda de onde vem o Portugu\u00eas brasileiro - Correio Braziliense - Radar","description":"Muito al\u00e9m de Portugal, a origem do nosso portugu\u00eas envolve hist\u00f3rias ind\u00edgenas, africanas e imigrantes Veja como isso molda nossa fala.","robots":{"index":"index","follow":"follow","max-snippet":"max-snippet:-1","max-image-preview":"max-image-preview:large","max-video-preview":"max-video-preview:-1"},"canonical":"https:\/\/www.correiobraziliense.com.br\/cbradar\/o-idioma-que-carrega-herancas-escondidas-aprenda-de-onde-vem-o-portugues-brasileiro\/","og_locale":"pt_BR","og_type":"article","og_title":"O idioma que carrega heran\u00e7as escondidas, aprenda de onde vem o Portugu\u00eas brasileiro - Correio Braziliense - Radar","og_description":"Muito al\u00e9m de Portugal, a origem do nosso portugu\u00eas envolve hist\u00f3rias ind\u00edgenas, africanas e imigrantes Veja como isso molda nossa fala.","og_url":"https:\/\/www.correiobraziliense.com.br\/cbradar\/o-idioma-que-carrega-herancas-escondidas-aprenda-de-onde-vem-o-portugues-brasileiro\/","og_site_name":"Correio Braziliense - Radar","article_published_time":"2025-12-07T18:15:00+00:00","og_image":[{"width":1280,"height":720,"url":"https:\/\/www.correiobraziliense.com.br\/cbradar\/wp-content\/uploads\/2025\/12\/dicionario_1765048921143.jpg","type":"image\/jpeg"}],"author":"Maria Eduarda Pacheco","twitter_card":"summary_large_image","twitter_misc":{"Escrito por":"Maria Eduarda Pacheco","Est. tempo de leitura":"4 minutos"},"schema":{"@context":"https:\/\/schema.org","@graph":[{"@type":"WebPage","@id":"https:\/\/www.correiobraziliense.com.br\/cbradar\/o-idioma-que-carrega-herancas-escondidas-aprenda-de-onde-vem-o-portugues-brasileiro\/","url":"https:\/\/www.correiobraziliense.com.br\/cbradar\/o-idioma-que-carrega-herancas-escondidas-aprenda-de-onde-vem-o-portugues-brasileiro\/","name":"O idioma que carrega heran\u00e7as escondidas, aprenda de onde vem o Portugu\u00eas brasileiro - Correio Braziliense - Radar","isPartOf":{"@id":"https:\/\/www.correiobraziliense.com.br\/cbradar\/#website"},"primaryImageOfPage":{"@id":"https:\/\/www.correiobraziliense.com.br\/cbradar\/o-idioma-que-carrega-herancas-escondidas-aprenda-de-onde-vem-o-portugues-brasileiro\/#primaryimage"},"image":{"@id":"https:\/\/www.correiobraziliense.com.br\/cbradar\/o-idioma-que-carrega-herancas-escondidas-aprenda-de-onde-vem-o-portugues-brasileiro\/#primaryimage"},"thumbnailUrl":"https:\/\/www.correiobraziliense.com.br\/cbradar\/wp-content\/uploads\/2025\/12\/dicionario_1765048921143.jpg","datePublished":"2025-12-07T18:15:00+00:00","author":{"@id":"https:\/\/www.correiobraziliense.com.br\/cbradar\/#\/schema\/person\/6fdd694c4c0d658f15df15f390ddf066"},"description":"Muito al\u00e9m de Portugal, a origem do nosso portugu\u00eas envolve hist\u00f3rias ind\u00edgenas, africanas e imigrantes Veja como isso molda nossa fala.","breadcrumb":{"@id":"https:\/\/www.correiobraziliense.com.br\/cbradar\/o-idioma-que-carrega-herancas-escondidas-aprenda-de-onde-vem-o-portugues-brasileiro\/#breadcrumb"},"inLanguage":"pt-BR","potentialAction":[{"@type":"ReadAction","target":["https:\/\/www.correiobraziliense.com.br\/cbradar\/o-idioma-que-carrega-herancas-escondidas-aprenda-de-onde-vem-o-portugues-brasileiro\/"]}]},{"@type":"ImageObject","inLanguage":"pt-BR","@id":"https:\/\/www.correiobraziliense.com.br\/cbradar\/o-idioma-que-carrega-herancas-escondidas-aprenda-de-onde-vem-o-portugues-brasileiro\/#primaryimage","url":"https:\/\/www.correiobraziliense.com.br\/cbradar\/wp-content\/uploads\/2025\/12\/dicionario_1765048921143.jpg","contentUrl":"https:\/\/www.correiobraziliense.com.br\/cbradar\/wp-content\/uploads\/2025\/12\/dicionario_1765048921143.jpg","width":1280,"height":720,"caption":"Isso pode significar valorizar conversas, administrar melhor o tempo, n\u00e3o adiar projetos importantes e viver com mais presen\u00e7a - Cr\u00e9ditos: depositphotos.com \/ Fotokresba"},{"@type":"BreadcrumbList","@id":"https:\/\/www.correiobraziliense.com.br\/cbradar\/o-idioma-que-carrega-herancas-escondidas-aprenda-de-onde-vem-o-portugues-brasileiro\/#breadcrumb","itemListElement":[{"@type":"ListItem","position":1,"name":"In\u00edcio","item":"https:\/\/www.correiobraziliense.com.br\/cbradar\/"},{"@type":"ListItem","position":2,"name":"O idioma que carrega heran\u00e7as escondidas, aprenda de onde vem o Portugu\u00eas brasileiro"}]},{"@type":"WebSite","@id":"https:\/\/www.correiobraziliense.com.br\/cbradar\/#website","url":"https:\/\/www.correiobraziliense.com.br\/cbradar\/","name":"Correio Braziliense - Radar","description":"Acompanhe as \u00faltimas not\u00edcias e fique bem informado sobre tudo o que acontece no Brasil e no mundo.","potentialAction":[{"@type":"SearchAction","target":{"@type":"EntryPoint","urlTemplate":"https:\/\/www.correiobraziliense.com.br\/cbradar\/?s={search_term_string}"},"query-input":{"@type":"PropertyValueSpecification","valueRequired":true,"valueName":"search_term_string"}}],"inLanguage":"pt-BR"},{"@type":"Person","@id":"https:\/\/www.correiobraziliense.com.br\/cbradar\/#\/schema\/person\/6fdd694c4c0d658f15df15f390ddf066","name":"Maria Eduarda Pacheco","image":{"@type":"ImageObject","inLanguage":"pt-BR","@id":"https:\/\/www.correiobraziliense.com.br\/cbradar\/#\/schema\/person\/image\/","url":"https:\/\/secure.gravatar.com\/avatar\/f72a487b26fdeec08ba4868875ea328e?s=96&d=mm&r=g","contentUrl":"https:\/\/secure.gravatar.com\/avatar\/f72a487b26fdeec08ba4868875ea328e?s=96&d=mm&r=g","caption":"Maria Eduarda Pacheco"},"sameAs":["https:\/\/www.correiobraziliense.com.br\/cbradar\/"],"url":"https:\/\/www.correiobraziliense.com.br\/cbradar\/author\/maria-eduarda\/"}]}},"_links":{"self":[{"href":"https:\/\/www.correiobraziliense.com.br\/cbradar\/wp-json\/wp\/v2\/posts\/151158","targetHints":{"allow":["GET"]}}],"collection":[{"href":"https:\/\/www.correiobraziliense.com.br\/cbradar\/wp-json\/wp\/v2\/posts"}],"about":[{"href":"https:\/\/www.correiobraziliense.com.br\/cbradar\/wp-json\/wp\/v2\/types\/post"}],"author":[{"embeddable":true,"href":"https:\/\/www.correiobraziliense.com.br\/cbradar\/wp-json\/wp\/v2\/users\/18"}],"replies":[{"embeddable":true,"href":"https:\/\/www.correiobraziliense.com.br\/cbradar\/wp-json\/wp\/v2\/comments?post=151158"}],"version-history":[{"count":1,"href":"https:\/\/www.correiobraziliense.com.br\/cbradar\/wp-json\/wp\/v2\/posts\/151158\/revisions"}],"predecessor-version":[{"id":151184,"href":"https:\/\/www.correiobraziliense.com.br\/cbradar\/wp-json\/wp\/v2\/posts\/151158\/revisions\/151184"}],"wp:featuredmedia":[{"embeddable":true,"href":"https:\/\/www.correiobraziliense.com.br\/cbradar\/wp-json\/wp\/v2\/media\/151169"}],"wp:attachment":[{"href":"https:\/\/www.correiobraziliense.com.br\/cbradar\/wp-json\/wp\/v2\/media?parent=151158"}],"wp:term":[{"taxonomy":"category","embeddable":true,"href":"https:\/\/www.correiobraziliense.com.br\/cbradar\/wp-json\/wp\/v2\/categories?post=151158"},{"taxonomy":"post_tag","embeddable":true,"href":"https:\/\/www.correiobraziliense.com.br\/cbradar\/wp-json\/wp\/v2\/post_tag?post=151158"}],"curies":[{"name":"wp","href":"https:\/\/api.w.org\/{rel}","templated":true}]}}