{"id":151168,"date":"2025-12-07T13:15:00","date_gmt":"2025-12-07T16:15:00","guid":{"rendered":"https:\/\/www.correiobraziliense.com.br\/cbradar\/?p=151168"},"modified":"2025-12-06T16:23:37","modified_gmt":"2025-12-06T19:23:37","slug":"dor-ao-tomar-gelado-pode-ser-sensibilidade-dentaria","status":"publish","type":"post","link":"https:\/\/www.correiobraziliense.com.br\/cbradar\/dor-ao-tomar-gelado-pode-ser-sensibilidade-dentaria\/","title":{"rendered":"Dor ao tomar gelado? Pode ser sensibilidade dent\u00e1ria"},"content":{"rendered":"\n<p>O aumento no consumo de alimentos e bebidas geladas durante o ver\u00e3o \u00e9 um h\u00e1bito comum, mas que pode desencadear desconfortos em indiv\u00edduos predispostos \u00e0 <strong>Sensibilidade Dent\u00e1ria<\/strong>. Este problema ocorre quando a dentina, camada interna do dente, fica exposta devido ao desgaste do esmalte, retra\u00e7\u00e3o gengival ou outros fatores, fazendo com que a ingest\u00e3o de subst\u00e2ncias frias, \u00e1cidas ou doces gere dor moment\u00e2nea.<\/p>\n\n\n\n<p>Segundo especialistas, essa condi\u00e7\u00e3o n\u00e3o indica necessariamente um dano irrevers\u00edvel, mas deve ser vista como um alerta importante para a sa\u00fade bucal. H\u00e1bitos inadequados, como a ingest\u00e3o excessiva de alimentos \u00e1cidos ou doces pegajosos, podem agravar o problema ao aumentar o desgaste da superf\u00edcie dental. Al\u00e9m disso, escovar os dentes logo ap\u00f3s consumir esses alimentos pode intensificar a sensibilidade.<\/p>\n\n\n\n<h2 class=\"wp-block-heading\">Como minimizar a Sensibilidade Dent\u00e1ria?<\/h2>\n\n\n\n<p>Para aqueles que enfrentam esse tipo de dor com frequ\u00eancia, existem produtos no mercado especializados no tratamento de dentes sens\u00edveis. Cremes dentais com agentes dessensibilizantes e enxaguantes bucais espec\u00edficos podem ajudar a aliviar os sintomas. Todavia, \u00e9 crucial consultar um dentista antes de iniciar qualquer tratamento, assegurando-se de que a abordagem correta \u00e9 adotada.<\/p>\n\n\n<div class=\"wp-block-image\">\n<figure class=\"aligncenter size-large\"><img decoding=\"async\" width=\"1024\" height=\"576\" src=\"https:\/\/www.correiobraziliense.com.br\/cbradar\/wp-content\/uploads\/2025\/05\/dor-de-dente_1748541640237-1024x576.jpg\" alt=\"\" class=\"wp-image-44845\" srcset=\"https:\/\/www.correiobraziliense.com.br\/cbradar\/wp-content\/uploads\/2025\/05\/dor-de-dente_1748541640237-1024x576.jpg 1024w, https:\/\/www.correiobraziliense.com.br\/cbradar\/wp-content\/uploads\/2025\/05\/dor-de-dente_1748541640237-300x169.jpg 300w, https:\/\/www.correiobraziliense.com.br\/cbradar\/wp-content\/uploads\/2025\/05\/dor-de-dente_1748541640237-768x432.jpg 768w, https:\/\/www.correiobraziliense.com.br\/cbradar\/wp-content\/uploads\/2025\/05\/dor-de-dente_1748541640237-750x422.jpg 750w, https:\/\/www.correiobraziliense.com.br\/cbradar\/wp-content\/uploads\/2025\/05\/dor-de-dente_1748541640237-1140x641.jpg 1140w, https:\/\/www.correiobraziliense.com.br\/cbradar\/wp-content\/uploads\/2025\/05\/dor-de-dente_1748541640237.jpg 1280w\" sizes=\"(max-width: 1024px) 100vw, 1024px\" \/><figcaption class=\"wp-element-caption\">Dor de Dente &#8211; Cr\u00e9ditos: depositphotos.com \/ Milkos<\/figcaption><\/figure><\/div>\n\n\n<p>Al\u00e9m disso, medidas simples podem ser implementadas para reduzir o desconforto di\u00e1rio. O uso de escovas de dentes com cerdas macias, pastas de dentes \u00e0 base de fl\u00faor e evitar produtos de higiene oral muito abrasivos s\u00e3o estrat\u00e9gias eficazes. Enxaguar a boca com \u00e1gua ap\u00f3s consumir alimentos \u00e1cidos tamb\u00e9m \u00e9 uma pr\u00e1tica recomendada para minimizar a exposi\u00e7\u00e3o do esmalte aos danos.<\/p>\n\n\n\n<h2 class=\"wp-block-heading\">Visitas regulares ao dentista s\u00e3o essenciais?<\/h2>\n\n\n\n<p>A realiza\u00e7\u00e3o de exames peri\u00f3dicos com um profissional \u00e9 fundamental para detectar problemas que podem agravar a sensibilidade, como c\u00e1ries, retra\u00e7\u00e3o gengival ou trincas no esmalte. Manter essa rotina preventiva proporciona a possibilidade de desfrutar dos prazeres do ver\u00e3o, como sorvetes e bebidas geladas, sem enfrentar dores recorrentes.<\/p>\n\n\n\n<p>Portanto, ao identificar a causa da sensibilidade e adotar h\u00e1bitos de higiene bucal corretos, \u00e9 poss\u00edvel controlar eficazmente o problema. Isso permite aproveitar plenamente as del\u00edcias da esta\u00e7\u00e3o mais quente do ano, sem comprometer a <a href=\"https:\/\/www.correiobraziliense.com.br\/cbradar\/o-maior-vilao-do-natal-para-alergicos-pode-estar-na-sua-sala\/\" target=\"_blank\" rel=\"noreferrer noopener\">sa\u00fade <\/a>dos dentes ou causar desconfortos desnecess\u00e1rios.<\/p>\n\n\n<a href=\"https:\/\/www.instagram.com\/dra.annaluisabf\/\" target=\"_blank\" rel=\"noopener\" style=\"text-decoration: none; color: inherit;\">\n    <span style=\"display: inline-block; border: 1px solid #ccc; border-radius: 10px; padding: 15px; max-width: 550px; font-family: sans-serif; box-shadow: 0 2px 5px rgba(0,0,0,0.1); width: 100%;\">\n\n      <!-- T\u00edtulo -->\n      <span style=\"display: block; margin: 0 0 15px 0; font-weight: bold; color: #2c3e50; text-align: center;\">\n        Entre em contato:\n      <\/span>\n\n      <!-- Linha do perfil -->\n      <span style=\"display: flex; align-items: center; gap: 15px;\">\n        <img decoding=\"async\"\n          src=\"https:\/\/www.correiobraziliense.com.br\/cbradar\/wp-content\/uploads\/2025\/08\/dra_anna_luisa.jpeg\"\n          alt=\"Foto da Dra. Anna Lu\u00edsa\"\n          style=\"border-radius: 50%; width: 80px; height: 80px; object-fit: cover;\"\n        \/>\n        <span style=\"display: flex; flex-direction: column;\">\n          <span style=\"font-size: 18px; font-weight: 700; color: #2c3e50;\">Dra. Anna Lu\u00edsa Barbosa Fernandes<\/span>\n          <span style=\"color: #555;\">CRM-GO 33.271<\/span>\n        <\/span>\n      <\/span>\n\n      <!-- Redes -->\n      <span style=\"display: flex; align-items: center; gap: 10px; margin-top: 12px;\">\n        <img decoding=\"async\" src=\"https:\/\/cdn-icons-png.flaticon.com\/24\/1384\/1384063.png\" alt=\"Instagram\" width=\"24\" height=\"24\" \/>\n        <span style=\"text-decoration: underline; color: #2c3e50;\">@dra.annaluisabf<\/span>\n      <\/span>\n\n    <\/span>\n  <\/a>\n\n\n<p><\/p>\n","protected":false},"excerpt":{"rendered":"<p>O aumento no consumo de alimentos e bebidas geladas durante o ver\u00e3o \u00e9 um h\u00e1bito comum, mas que pode desencadear desconfortos em indiv\u00edduos predispostos \u00e0 Sensibilidade Dent\u00e1ria. Este problema ocorre quando a dentina, camada interna do dente, fica exposta devido ao desgaste do esmalte, retra\u00e7\u00e3o gengival ou outros fatores, fazendo com que a ingest\u00e3o de [&hellip;]<\/p>\n","protected":false},"author":14,"featured_media":97053,"comment_status":"open","ping_status":"open","sticky":false,"template":"","format":"standard","meta":{"_yoast_wpseo_focuskw":"Sensibilidade Dent\u00e1ria","_yoast_wpseo_title":"","_yoast_wpseo_metadesc":"Sofre com dor nos dentes ao consumir bebidas frias? Veja como prevenir a sensibilidade dent\u00e1ria e curtir o ver\u00e3o sem desconfortos.","jnews-multi-image_gallery":[],"jnews_single_post":{"format":"standard"},"jnews_primary_category":[],"jnews_social_meta":[],"jnews_override_counter":[],"footnotes":""},"categories":[4404],"post_tag":[281,120,1318],"class_list":["post-151168","post","type-post","status-publish","format-standard","has-post-thumbnail","hentry","category-saude","tag-alimentacao","tag-bem-estar","tag-saude-2"],"yoast_head":"<!-- This site is optimized with the Yoast SEO plugin v24.6 - https:\/\/yoast.com\/wordpress\/plugins\/seo\/ -->\n<title>Dor ao tomar gelado? Pode ser sensibilidade dent\u00e1ria - Correio Braziliense - Radar<\/title>\n<meta name=\"description\" content=\"Sofre com dor nos dentes ao consumir bebidas frias? Veja como prevenir a sensibilidade dent\u00e1ria e curtir o ver\u00e3o sem desconfortos.\" \/>\n<meta name=\"robots\" content=\"index, follow, max-snippet:-1, max-image-preview:large, max-video-preview:-1\" \/>\n<link rel=\"canonical\" href=\"https:\/\/www.correiobraziliense.com.br\/cbradar\/dor-ao-tomar-gelado-pode-ser-sensibilidade-dentaria\/\" \/>\n<meta property=\"og:locale\" content=\"pt_BR\" \/>\n<meta property=\"og:type\" content=\"article\" \/>\n<meta property=\"og:title\" content=\"Dor ao tomar gelado? Pode ser sensibilidade dent\u00e1ria - Correio Braziliense - Radar\" \/>\n<meta property=\"og:description\" content=\"Sofre com dor nos dentes ao consumir bebidas frias? Veja como prevenir a sensibilidade dent\u00e1ria e curtir o ver\u00e3o sem desconfortos.\" \/>\n<meta property=\"og:url\" content=\"https:\/\/www.correiobraziliense.com.br\/cbradar\/dor-ao-tomar-gelado-pode-ser-sensibilidade-dentaria\/\" \/>\n<meta property=\"og:site_name\" content=\"Correio Braziliense - Radar\" \/>\n<meta property=\"article:published_time\" content=\"2025-12-07T16:15:00+00:00\" \/>\n<meta property=\"og:image\" content=\"https:\/\/www.correiobraziliense.com.br\/cbradar\/wp-content\/uploads\/2025\/09\/sensibilidade-nos-dentes_1756759047888.jpg\" \/>\n\t<meta property=\"og:image:width\" content=\"1279\" \/>\n\t<meta property=\"og:image:height\" content=\"720\" \/>\n\t<meta property=\"og:image:type\" content=\"image\/jpeg\" \/>\n<meta name=\"author\" content=\"guilherme_saude\" \/>\n<meta name=\"twitter:card\" content=\"summary_large_image\" \/>\n<meta name=\"twitter:label1\" content=\"Escrito por\" \/>\n\t<meta name=\"twitter:data1\" content=\"guilherme_saude\" \/>\n\t<meta name=\"twitter:label2\" content=\"Est. tempo de leitura\" \/>\n\t<meta name=\"twitter:data2\" content=\"3 minutos\" \/>\n<!-- \/ Yoast SEO plugin. -->","yoast_head_json":{"title":"Dor ao tomar gelado? Pode ser sensibilidade dent\u00e1ria - Correio Braziliense - Radar","description":"Sofre com dor nos dentes ao consumir bebidas frias? Veja como prevenir a sensibilidade dent\u00e1ria e curtir o ver\u00e3o sem desconfortos.","robots":{"index":"index","follow":"follow","max-snippet":"max-snippet:-1","max-image-preview":"max-image-preview:large","max-video-preview":"max-video-preview:-1"},"canonical":"https:\/\/www.correiobraziliense.com.br\/cbradar\/dor-ao-tomar-gelado-pode-ser-sensibilidade-dentaria\/","og_locale":"pt_BR","og_type":"article","og_title":"Dor ao tomar gelado? Pode ser sensibilidade dent\u00e1ria - Correio Braziliense - Radar","og_description":"Sofre com dor nos dentes ao consumir bebidas frias? Veja como prevenir a sensibilidade dent\u00e1ria e curtir o ver\u00e3o sem desconfortos.","og_url":"https:\/\/www.correiobraziliense.com.br\/cbradar\/dor-ao-tomar-gelado-pode-ser-sensibilidade-dentaria\/","og_site_name":"Correio Braziliense - Radar","article_published_time":"2025-12-07T16:15:00+00:00","og_image":[{"width":1279,"height":720,"url":"https:\/\/www.correiobraziliense.com.br\/cbradar\/wp-content\/uploads\/2025\/09\/sensibilidade-nos-dentes_1756759047888.jpg","type":"image\/jpeg"}],"author":"guilherme_saude","twitter_card":"summary_large_image","twitter_misc":{"Escrito por":"guilherme_saude","Est. tempo de leitura":"3 minutos"},"schema":{"@context":"https:\/\/schema.org","@graph":[{"@type":"WebPage","@id":"https:\/\/www.correiobraziliense.com.br\/cbradar\/dor-ao-tomar-gelado-pode-ser-sensibilidade-dentaria\/","url":"https:\/\/www.correiobraziliense.com.br\/cbradar\/dor-ao-tomar-gelado-pode-ser-sensibilidade-dentaria\/","name":"Dor ao tomar gelado? Pode ser sensibilidade dent\u00e1ria - Correio Braziliense - Radar","isPartOf":{"@id":"https:\/\/www.correiobraziliense.com.br\/cbradar\/#website"},"primaryImageOfPage":{"@id":"https:\/\/www.correiobraziliense.com.br\/cbradar\/dor-ao-tomar-gelado-pode-ser-sensibilidade-dentaria\/#primaryimage"},"image":{"@id":"https:\/\/www.correiobraziliense.com.br\/cbradar\/dor-ao-tomar-gelado-pode-ser-sensibilidade-dentaria\/#primaryimage"},"thumbnailUrl":"https:\/\/www.correiobraziliense.com.br\/cbradar\/wp-content\/uploads\/2025\/09\/sensibilidade-nos-dentes_1756759047888.jpg","datePublished":"2025-12-07T16:15:00+00:00","author":{"@id":"https:\/\/www.correiobraziliense.com.br\/cbradar\/#\/schema\/person\/5aa4bf3c8fa699c267933611de12978b"},"description":"Sofre com dor nos dentes ao consumir bebidas frias? Veja como prevenir a sensibilidade dent\u00e1ria e curtir o ver\u00e3o sem desconfortos.","breadcrumb":{"@id":"https:\/\/www.correiobraziliense.com.br\/cbradar\/dor-ao-tomar-gelado-pode-ser-sensibilidade-dentaria\/#breadcrumb"},"inLanguage":"pt-BR","potentialAction":[{"@type":"ReadAction","target":["https:\/\/www.correiobraziliense.com.br\/cbradar\/dor-ao-tomar-gelado-pode-ser-sensibilidade-dentaria\/"]}]},{"@type":"ImageObject","inLanguage":"pt-BR","@id":"https:\/\/www.correiobraziliense.com.br\/cbradar\/dor-ao-tomar-gelado-pode-ser-sensibilidade-dentaria\/#primaryimage","url":"https:\/\/www.correiobraziliense.com.br\/cbradar\/wp-content\/uploads\/2025\/09\/sensibilidade-nos-dentes_1756759047888.jpg","contentUrl":"https:\/\/www.correiobraziliense.com.br\/cbradar\/wp-content\/uploads\/2025\/09\/sensibilidade-nos-dentes_1756759047888.jpg","width":1279,"height":720,"caption":"Hipersensibilidade Dent\u00e1ria - Cr\u00e9ditos: depositphotos.com \/ shisuka"},{"@type":"BreadcrumbList","@id":"https:\/\/www.correiobraziliense.com.br\/cbradar\/dor-ao-tomar-gelado-pode-ser-sensibilidade-dentaria\/#breadcrumb","itemListElement":[{"@type":"ListItem","position":1,"name":"In\u00edcio","item":"https:\/\/www.correiobraziliense.com.br\/cbradar\/"},{"@type":"ListItem","position":2,"name":"Dor ao tomar gelado? Pode ser sensibilidade dent\u00e1ria"}]},{"@type":"WebSite","@id":"https:\/\/www.correiobraziliense.com.br\/cbradar\/#website","url":"https:\/\/www.correiobraziliense.com.br\/cbradar\/","name":"Correio Braziliense - Radar","description":"Acompanhe as \u00faltimas not\u00edcias e fique bem informado sobre tudo o que acontece no Brasil e no mundo.","potentialAction":[{"@type":"SearchAction","target":{"@type":"EntryPoint","urlTemplate":"https:\/\/www.correiobraziliense.com.br\/cbradar\/?s={search_term_string}"},"query-input":{"@type":"PropertyValueSpecification","valueRequired":true,"valueName":"search_term_string"}}],"inLanguage":"pt-BR"},{"@type":"Person","@id":"https:\/\/www.correiobraziliense.com.br\/cbradar\/#\/schema\/person\/5aa4bf3c8fa699c267933611de12978b","name":"guilherme_saude","image":{"@type":"ImageObject","inLanguage":"pt-BR","@id":"https:\/\/www.correiobraziliense.com.br\/cbradar\/#\/schema\/person\/image\/","url":"https:\/\/secure.gravatar.com\/avatar\/df9adfb835d344bc0af109d41756253f?s=96&d=mm&r=g","contentUrl":"https:\/\/secure.gravatar.com\/avatar\/df9adfb835d344bc0af109d41756253f?s=96&d=mm&r=g","caption":"guilherme_saude"},"url":"https:\/\/www.correiobraziliense.com.br\/cbradar\/author\/guilherme_saude\/"}]}},"_links":{"self":[{"href":"https:\/\/www.correiobraziliense.com.br\/cbradar\/wp-json\/wp\/v2\/posts\/151168","targetHints":{"allow":["GET"]}}],"collection":[{"href":"https:\/\/www.correiobraziliense.com.br\/cbradar\/wp-json\/wp\/v2\/posts"}],"about":[{"href":"https:\/\/www.correiobraziliense.com.br\/cbradar\/wp-json\/wp\/v2\/types\/post"}],"author":[{"embeddable":true,"href":"https:\/\/www.correiobraziliense.com.br\/cbradar\/wp-json\/wp\/v2\/users\/14"}],"replies":[{"embeddable":true,"href":"https:\/\/www.correiobraziliense.com.br\/cbradar\/wp-json\/wp\/v2\/comments?post=151168"}],"version-history":[{"count":1,"href":"https:\/\/www.correiobraziliense.com.br\/cbradar\/wp-json\/wp\/v2\/posts\/151168\/revisions"}],"predecessor-version":[{"id":151171,"href":"https:\/\/www.correiobraziliense.com.br\/cbradar\/wp-json\/wp\/v2\/posts\/151168\/revisions\/151171"}],"wp:featuredmedia":[{"embeddable":true,"href":"https:\/\/www.correiobraziliense.com.br\/cbradar\/wp-json\/wp\/v2\/media\/97053"}],"wp:attachment":[{"href":"https:\/\/www.correiobraziliense.com.br\/cbradar\/wp-json\/wp\/v2\/media?parent=151168"}],"wp:term":[{"taxonomy":"category","embeddable":true,"href":"https:\/\/www.correiobraziliense.com.br\/cbradar\/wp-json\/wp\/v2\/categories?post=151168"},{"taxonomy":"post_tag","embeddable":true,"href":"https:\/\/www.correiobraziliense.com.br\/cbradar\/wp-json\/wp\/v2\/post_tag?post=151168"}],"curies":[{"name":"wp","href":"https:\/\/api.w.org\/{rel}","templated":true}]}}