{"id":151197,"date":"2025-12-07T20:25:00","date_gmt":"2025-12-07T23:25:00","guid":{"rendered":"https:\/\/www.correiobraziliense.com.br\/cbradar\/?p=151197"},"modified":"2025-12-06T16:47:42","modified_gmt":"2025-12-06T19:47:42","slug":"detox-do-figado-funciona-a-verdade-que-ninguem-conta","status":"publish","type":"post","link":"https:\/\/www.correiobraziliense.com.br\/cbradar\/detox-do-figado-funciona-a-verdade-que-ninguem-conta\/","title":{"rendered":"Detox do f\u00edgado funciona? A verdade que ningu\u00e9m conta"},"content":{"rendered":"\n<p>A <strong>Sa\u00fade do F\u00edgado<\/strong> \u00e9 uma preocupa\u00e7\u00e3o crescente em meio a estilos de vida que podem prejudicar o organismo, especialmente quando o consumo de \u00e1lcool \u00e9 excessivo. Embora muitos busquem sucos, ch\u00e1s e dietas espec\u00edficas na tentativa de realizar um &#8220;detox&#8221; do f\u00edgado, a efetividade dessas pr\u00e1ticas carece de comprova\u00e7\u00e3o cient\u00edfica. Na realidade, o f\u00edgado tem mecanismos pr\u00f3prios para realizar processos de detoxifica\u00e7\u00e3o de forma natural.<\/p>\n\n\n\n<p>A pr\u00e1tica de consumir produtos com promessas de &#8220;limpeza&#8221; hep\u00e1tica pode, em alguns casos, causar mais malef\u00edcios do que benef\u00edcios. O uso incorreto ou prolongado pode resultar em efeitos indesejados, sobrecarregando o \u00f3rg\u00e3o que se deseja proteger. Dados do Centro de Informa\u00e7\u00f5es Sobre Sa\u00fade e \u00c1lcool (CISA) revelam preocupa\u00e7\u00f5es maiores: no Brasil, o abuso de \u00e1lcool resulta em uma morte a cada quatro horas para pessoas com mais de 55 anos, indicando um risco s\u00e9rio \u00e0 sa\u00fade p\u00fablica.<\/p>\n\n\n\n<h2 class=\"wp-block-heading\">Por que o consumo de \u00e1lcool \u00e9 t\u00e3o prejudicial ao f\u00edgado?<\/h2>\n\n\n\n<p>O f\u00edgado \u00e9 o \u00f3rg\u00e3o respons\u00e1vel pela metaboliza\u00e7\u00e3o do \u00e1lcool, convertendo-o em subst\u00e2ncias que o corpo pode eliminar. No entanto, quando consumido em excesso, o \u00e1lcool pode causar danos celulares e promover inflama\u00e7\u00e3o. Com o tempo, isso pode levar ao desenvolvimento de doen\u00e7as como hepatite alco\u00f3lica, cirrose e at\u00e9 c\u00e2ncer hep\u00e1tico. As consequ\u00eancias n\u00e3o param por a\u00ed, pois o \u00e1lcool tamb\u00e9m pode afetar a sa\u00fade mental e o sistema cardiovascular.<\/p>\n\n\n<div class=\"wp-block-image\">\n<figure class=\"aligncenter size-large\"><img decoding=\"async\" width=\"1024\" height=\"576\" src=\"https:\/\/www.correiobraziliense.com.br\/cbradar\/wp-content\/uploads\/2025\/08\/transplante-de-figado_1754678024787-1024x576.jpg\" alt=\"\" class=\"wp-image-83079\" srcset=\"https:\/\/www.correiobraziliense.com.br\/cbradar\/wp-content\/uploads\/2025\/08\/transplante-de-figado_1754678024787-1024x576.jpg 1024w, https:\/\/www.correiobraziliense.com.br\/cbradar\/wp-content\/uploads\/2025\/08\/transplante-de-figado_1754678024787-300x169.jpg 300w, https:\/\/www.correiobraziliense.com.br\/cbradar\/wp-content\/uploads\/2025\/08\/transplante-de-figado_1754678024787-768x432.jpg 768w, https:\/\/www.correiobraziliense.com.br\/cbradar\/wp-content\/uploads\/2025\/08\/transplante-de-figado_1754678024787-750x422.jpg 750w, https:\/\/www.correiobraziliense.com.br\/cbradar\/wp-content\/uploads\/2025\/08\/transplante-de-figado_1754678024787-1140x641.jpg 1140w, https:\/\/www.correiobraziliense.com.br\/cbradar\/wp-content\/uploads\/2025\/08\/transplante-de-figado_1754678024787.jpg 1280w\" sizes=\"(max-width: 1024px) 100vw, 1024px\" \/><figcaption class=\"wp-element-caption\">F\u00edgado &#8211; Cr\u00e9ditos: depositphotos.com \/ Shidlovski<\/figcaption><\/figure><\/div>\n\n\n<p>Muitas enfermidades relacionadas ao f\u00edgado desenvolvem-se sem sintomas iniciais claros, tornando vital a preven\u00e7\u00e3o e a vigil\u00e2ncia m\u00e9dica regular. Ao inv\u00e9s de recorrer a m\u00e9todos n\u00e3o comprovados de &#8220;detox&#8221;, focar na manuten\u00e7\u00e3o de h\u00e1bitos saud\u00e1veis pode fazer uma diferen\u00e7a significativa.<\/p>\n\n\n\n<h2 class=\"wp-block-heading\">Como cuidar naturalmente do f\u00edgado?<\/h2>\n\n\n\n<p>Manter o f\u00edgado saud\u00e1vel n\u00e3o requer f\u00f3rmulas m\u00e1gicas, mas sim um compromisso com escolhas saud\u00e1veis no dia a dia. Alimentar-se de maneira balanceada, privilegiando frutas, legumes e verduras, \u00e9 um passo importante. Al\u00e9m disso, manter-se hidratado, praticar exerc\u00edcios f\u00edsicos regularmente e, principalmente, limitar o consumo de \u00e1lcool s\u00e3o a\u00e7\u00f5es fundamentais.<\/p>\n\n\n\n<p>Al\u00e9m disso, evitar o uso desnecess\u00e1rio de medicamentos e outras subst\u00e2ncias potencialmente t\u00f3xicas pode ajudar a prevenir sobrecargas no f\u00edgado. Realizar exames m\u00e9dicos peri\u00f3dicos ajuda a monitorar a <a href=\"https:\/\/www.correiobraziliense.com.br\/cbradar\/o-maior-vilao-do-natal-para-alergicos-pode-estar-na-sua-sala\/\" target=\"_blank\" rel=\"noreferrer noopener\">sa\u00fade <\/a>hep\u00e1tica e a identificar quaisquer problemas em est\u00e1gios iniciais, permitindo tratamentos mais eficazes.<\/p>\n\n\n\n<h2 class=\"wp-block-heading\">Quais sinais indicam problemas no f\u00edgado?<\/h2>\n\n\n\n<p>Embora muitos problemas hep\u00e1ticos possam ser silenciosos, \u00e9 crucial estar atento a sintomas como fadiga constante, altera\u00e7\u00f5es na cor da urina e das fezes, e dores abdominais, especialmente no lado direito. Amarelamento dos olhos e pele (icter\u00edcia) s\u00e3o sinais de alerta que requerem aten\u00e7\u00e3o m\u00e9dica imediata.<\/p>\n\n\n\n<p>Buscar o diagn\u00f3stico e tratamento m\u00e9dico \u00e9 sempre a melhor solu\u00e7\u00e3o frente a problemas de sa\u00fade. Confiar em tratamentos caseiros sem base cient\u00edfica comprovada pode agravar a situa\u00e7\u00e3o. O cuidado com o f\u00edgado \u00e9 um investimento em sa\u00fade e bem-estar a longo prazo, refletindo na qualidade de vida como um todo.<\/p>\n\n\n<a href=\"https:\/\/www.instagram.com\/dra.annaluisabf\/\" target=\"_blank\" rel=\"noopener\" style=\"text-decoration: none; color: inherit;\">\n    <span style=\"display: inline-block; border: 1px solid #ccc; border-radius: 10px; padding: 15px; max-width: 550px; font-family: sans-serif; box-shadow: 0 2px 5px rgba(0,0,0,0.1); width: 100%;\">\n\n      <!-- T\u00edtulo -->\n      <span style=\"display: block; margin: 0 0 15px 0; font-weight: bold; color: #2c3e50; text-align: center;\">\n        Entre em contato:\n      <\/span>\n\n      <!-- Linha do perfil -->\n      <span style=\"display: flex; align-items: center; gap: 15px;\">\n        <img decoding=\"async\"\n          src=\"https:\/\/www.correiobraziliense.com.br\/cbradar\/wp-content\/uploads\/2025\/08\/dra_anna_luisa.jpeg\"\n          alt=\"Foto da Dra. Anna Lu\u00edsa\"\n          style=\"border-radius: 50%; width: 80px; height: 80px; object-fit: cover;\"\n        \/>\n        <span style=\"display: flex; flex-direction: column;\">\n          <span style=\"font-size: 18px; font-weight: 700; color: #2c3e50;\">Dra. Anna Lu\u00edsa Barbosa Fernandes<\/span>\n          <span style=\"color: #555;\">CRM-GO 33.271<\/span>\n        <\/span>\n      <\/span>\n\n      <!-- Redes -->\n      <span style=\"display: flex; align-items: center; gap: 10px; margin-top: 12px;\">\n        <img decoding=\"async\" src=\"https:\/\/cdn-icons-png.flaticon.com\/24\/1384\/1384063.png\" alt=\"Instagram\" width=\"24\" height=\"24\" \/>\n        <span style=\"text-decoration: underline; color: #2c3e50;\">@dra.annaluisabf<\/span>\n      <\/span>\n\n    <\/span>\n  <\/a>","protected":false},"excerpt":{"rendered":"<p>A Sa\u00fade do F\u00edgado \u00e9 uma preocupa\u00e7\u00e3o crescente em meio a estilos de vida que podem prejudicar o organismo, especialmente quando o consumo de \u00e1lcool \u00e9 excessivo. Embora muitos busquem sucos, ch\u00e1s e dietas espec\u00edficas na tentativa de realizar um &#8220;detox&#8221; do f\u00edgado, a efetividade dessas pr\u00e1ticas carece de comprova\u00e7\u00e3o cient\u00edfica. Na realidade, o f\u00edgado [&hellip;]<\/p>\n","protected":false},"author":14,"featured_media":151198,"comment_status":"open","ping_status":"open","sticky":false,"template":"","format":"standard","meta":{"_yoast_wpseo_focuskw":"Sa\u00fade do F\u00edgado","_yoast_wpseo_title":"","_yoast_wpseo_metadesc":"\u00c1lcool em excesso pode destruir seu f\u00edgado silenciosamente. Aprenda os sinais, riscos e o que fazer para proteger sua sa\u00fade hep\u00e1tica.","jnews-multi-image_gallery":[],"jnews_single_post":{"format":"standard"},"jnews_primary_category":[],"jnews_social_meta":[],"jnews_override_counter":[],"footnotes":""},"categories":[4404],"tags":[120,4167,1318],"class_list":["post-151197","post","type-post","status-publish","format-standard","has-post-thumbnail","hentry","category-saude","tag-bem-estar","tag-figado","tag-saude-2"],"yoast_head":"<!-- This site is optimized with the Yoast SEO plugin v24.6 - https:\/\/yoast.com\/wordpress\/plugins\/seo\/ -->\n<title>Detox do f\u00edgado funciona? A verdade que ningu\u00e9m conta - Correio Braziliense - Radar<\/title>\n<meta name=\"description\" content=\"\u00c1lcool em excesso pode destruir seu f\u00edgado silenciosamente. Aprenda os sinais, riscos e o que fazer para proteger sua sa\u00fade hep\u00e1tica.\" \/>\n<meta name=\"robots\" content=\"index, follow, max-snippet:-1, max-image-preview:large, max-video-preview:-1\" \/>\n<link rel=\"canonical\" href=\"https:\/\/www.correiobraziliense.com.br\/cbradar\/detox-do-figado-funciona-a-verdade-que-ninguem-conta\/\" \/>\n<meta property=\"og:locale\" content=\"pt_BR\" \/>\n<meta property=\"og:type\" content=\"article\" \/>\n<meta property=\"og:title\" content=\"Detox do f\u00edgado funciona? A verdade que ningu\u00e9m conta - Correio Braziliense - Radar\" \/>\n<meta property=\"og:description\" content=\"\u00c1lcool em excesso pode destruir seu f\u00edgado silenciosamente. Aprenda os sinais, riscos e o que fazer para proteger sua sa\u00fade hep\u00e1tica.\" \/>\n<meta property=\"og:url\" content=\"https:\/\/www.correiobraziliense.com.br\/cbradar\/detox-do-figado-funciona-a-verdade-que-ninguem-conta\/\" \/>\n<meta property=\"og:site_name\" content=\"Correio Braziliense - Radar\" \/>\n<meta property=\"article:published_time\" content=\"2025-12-07T23:25:00+00:00\" \/>\n<meta property=\"og:image\" content=\"https:\/\/www.correiobraziliense.com.br\/cbradar\/wp-content\/uploads\/2025\/12\/Saude-do-Figado_1765050793273.jpg\" \/>\n\t<meta property=\"og:image:width\" content=\"1280\" \/>\n\t<meta property=\"og:image:height\" content=\"720\" \/>\n\t<meta property=\"og:image:type\" content=\"image\/jpeg\" \/>\n<meta name=\"author\" content=\"guilherme_saude\" \/>\n<meta name=\"twitter:card\" content=\"summary_large_image\" \/>\n<meta name=\"twitter:label1\" content=\"Escrito por\" \/>\n\t<meta name=\"twitter:data1\" content=\"guilherme_saude\" \/>\n\t<meta name=\"twitter:label2\" content=\"Est. tempo de leitura\" \/>\n\t<meta name=\"twitter:data2\" content=\"4 minutos\" \/>\n<!-- \/ Yoast SEO plugin. -->","yoast_head_json":{"title":"Detox do f\u00edgado funciona? A verdade que ningu\u00e9m conta - Correio Braziliense - Radar","description":"\u00c1lcool em excesso pode destruir seu f\u00edgado silenciosamente. Aprenda os sinais, riscos e o que fazer para proteger sua sa\u00fade hep\u00e1tica.","robots":{"index":"index","follow":"follow","max-snippet":"max-snippet:-1","max-image-preview":"max-image-preview:large","max-video-preview":"max-video-preview:-1"},"canonical":"https:\/\/www.correiobraziliense.com.br\/cbradar\/detox-do-figado-funciona-a-verdade-que-ninguem-conta\/","og_locale":"pt_BR","og_type":"article","og_title":"Detox do f\u00edgado funciona? A verdade que ningu\u00e9m conta - Correio Braziliense - Radar","og_description":"\u00c1lcool em excesso pode destruir seu f\u00edgado silenciosamente. Aprenda os sinais, riscos e o que fazer para proteger sua sa\u00fade hep\u00e1tica.","og_url":"https:\/\/www.correiobraziliense.com.br\/cbradar\/detox-do-figado-funciona-a-verdade-que-ninguem-conta\/","og_site_name":"Correio Braziliense - Radar","article_published_time":"2025-12-07T23:25:00+00:00","og_image":[{"width":1280,"height":720,"url":"https:\/\/www.correiobraziliense.com.br\/cbradar\/wp-content\/uploads\/2025\/12\/Saude-do-Figado_1765050793273.jpg","type":"image\/jpeg"}],"author":"guilherme_saude","twitter_card":"summary_large_image","twitter_misc":{"Escrito por":"guilherme_saude","Est. tempo de leitura":"4 minutos"},"schema":{"@context":"https:\/\/schema.org","@graph":[{"@type":"WebPage","@id":"https:\/\/www.correiobraziliense.com.br\/cbradar\/detox-do-figado-funciona-a-verdade-que-ninguem-conta\/","url":"https:\/\/www.correiobraziliense.com.br\/cbradar\/detox-do-figado-funciona-a-verdade-que-ninguem-conta\/","name":"Detox do f\u00edgado funciona? A verdade que ningu\u00e9m conta - Correio Braziliense - Radar","isPartOf":{"@id":"https:\/\/www.correiobraziliense.com.br\/cbradar\/#website"},"primaryImageOfPage":{"@id":"https:\/\/www.correiobraziliense.com.br\/cbradar\/detox-do-figado-funciona-a-verdade-que-ninguem-conta\/#primaryimage"},"image":{"@id":"https:\/\/www.correiobraziliense.com.br\/cbradar\/detox-do-figado-funciona-a-verdade-que-ninguem-conta\/#primaryimage"},"thumbnailUrl":"https:\/\/www.correiobraziliense.com.br\/cbradar\/wp-content\/uploads\/2025\/12\/Saude-do-Figado_1765050793273.jpg","datePublished":"2025-12-07T23:25:00+00:00","author":{"@id":"https:\/\/www.correiobraziliense.com.br\/cbradar\/#\/schema\/person\/5aa4bf3c8fa699c267933611de12978b"},"description":"\u00c1lcool em excesso pode destruir seu f\u00edgado silenciosamente. Aprenda os sinais, riscos e o que fazer para proteger sua sa\u00fade hep\u00e1tica.","breadcrumb":{"@id":"https:\/\/www.correiobraziliense.com.br\/cbradar\/detox-do-figado-funciona-a-verdade-que-ninguem-conta\/#breadcrumb"},"inLanguage":"pt-BR","potentialAction":[{"@type":"ReadAction","target":["https:\/\/www.correiobraziliense.com.br\/cbradar\/detox-do-figado-funciona-a-verdade-que-ninguem-conta\/"]}]},{"@type":"ImageObject","inLanguage":"pt-BR","@id":"https:\/\/www.correiobraziliense.com.br\/cbradar\/detox-do-figado-funciona-a-verdade-que-ninguem-conta\/#primaryimage","url":"https:\/\/www.correiobraziliense.com.br\/cbradar\/wp-content\/uploads\/2025\/12\/Saude-do-Figado_1765050793273.jpg","contentUrl":"https:\/\/www.correiobraziliense.com.br\/cbradar\/wp-content\/uploads\/2025\/12\/Saude-do-Figado_1765050793273.jpg","width":1280,"height":720,"caption":"Sa\u00fade do F\u00edgado - Cr\u00e9ditos: depositphotos.com \/ Tharakorn"},{"@type":"BreadcrumbList","@id":"https:\/\/www.correiobraziliense.com.br\/cbradar\/detox-do-figado-funciona-a-verdade-que-ninguem-conta\/#breadcrumb","itemListElement":[{"@type":"ListItem","position":1,"name":"In\u00edcio","item":"https:\/\/www.correiobraziliense.com.br\/cbradar\/"},{"@type":"ListItem","position":2,"name":"Detox do f\u00edgado funciona? A verdade que ningu\u00e9m conta"}]},{"@type":"WebSite","@id":"https:\/\/www.correiobraziliense.com.br\/cbradar\/#website","url":"https:\/\/www.correiobraziliense.com.br\/cbradar\/","name":"Correio Braziliense - Radar","description":"Acompanhe as \u00faltimas not\u00edcias e fique bem informado sobre tudo o que acontece no Brasil e no mundo.","potentialAction":[{"@type":"SearchAction","target":{"@type":"EntryPoint","urlTemplate":"https:\/\/www.correiobraziliense.com.br\/cbradar\/?s={search_term_string}"},"query-input":{"@type":"PropertyValueSpecification","valueRequired":true,"valueName":"search_term_string"}}],"inLanguage":"pt-BR"},{"@type":"Person","@id":"https:\/\/www.correiobraziliense.com.br\/cbradar\/#\/schema\/person\/5aa4bf3c8fa699c267933611de12978b","name":"guilherme_saude","image":{"@type":"ImageObject","inLanguage":"pt-BR","@id":"https:\/\/www.correiobraziliense.com.br\/cbradar\/#\/schema\/person\/image\/","url":"https:\/\/secure.gravatar.com\/avatar\/df9adfb835d344bc0af109d41756253f?s=96&d=mm&r=g","contentUrl":"https:\/\/secure.gravatar.com\/avatar\/df9adfb835d344bc0af109d41756253f?s=96&d=mm&r=g","caption":"guilherme_saude"},"url":"https:\/\/www.correiobraziliense.com.br\/cbradar\/author\/guilherme_saude\/"}]}},"_links":{"self":[{"href":"https:\/\/www.correiobraziliense.com.br\/cbradar\/wp-json\/wp\/v2\/posts\/151197","targetHints":{"allow":["GET"]}}],"collection":[{"href":"https:\/\/www.correiobraziliense.com.br\/cbradar\/wp-json\/wp\/v2\/posts"}],"about":[{"href":"https:\/\/www.correiobraziliense.com.br\/cbradar\/wp-json\/wp\/v2\/types\/post"}],"author":[{"embeddable":true,"href":"https:\/\/www.correiobraziliense.com.br\/cbradar\/wp-json\/wp\/v2\/users\/14"}],"replies":[{"embeddable":true,"href":"https:\/\/www.correiobraziliense.com.br\/cbradar\/wp-json\/wp\/v2\/comments?post=151197"}],"version-history":[{"count":1,"href":"https:\/\/www.correiobraziliense.com.br\/cbradar\/wp-json\/wp\/v2\/posts\/151197\/revisions"}],"predecessor-version":[{"id":151199,"href":"https:\/\/www.correiobraziliense.com.br\/cbradar\/wp-json\/wp\/v2\/posts\/151197\/revisions\/151199"}],"wp:featuredmedia":[{"embeddable":true,"href":"https:\/\/www.correiobraziliense.com.br\/cbradar\/wp-json\/wp\/v2\/media\/151198"}],"wp:attachment":[{"href":"https:\/\/www.correiobraziliense.com.br\/cbradar\/wp-json\/wp\/v2\/media?parent=151197"}],"wp:term":[{"taxonomy":"category","embeddable":true,"href":"https:\/\/www.correiobraziliense.com.br\/cbradar\/wp-json\/wp\/v2\/categories?post=151197"},{"taxonomy":"post_tag","embeddable":true,"href":"https:\/\/www.correiobraziliense.com.br\/cbradar\/wp-json\/wp\/v2\/tags?post=151197"}],"curies":[{"name":"wp","href":"https:\/\/api.w.org\/{rel}","templated":true}]}}