{"id":15124,"date":"2025-03-24T20:23:00","date_gmt":"2025-03-24T23:23:00","guid":{"rendered":"https:\/\/www.correiobraziliense.com.br\/cbradar\/?p=15124"},"modified":"2025-03-22T16:42:58","modified_gmt":"2025-03-22T19:42:58","slug":"esses-sao-os-beneficios-do-consumo-de-fibras-para-a-saude-intestinal","status":"publish","type":"post","link":"https:\/\/www.correiobraziliense.com.br\/cbradar\/esses-sao-os-beneficios-do-consumo-de-fibras-para-a-saude-intestinal\/","title":{"rendered":"Esses s\u00e3o os benef\u00edcios do consumo de fibras para a sa\u00fade intestinal"},"content":{"rendered":"\n<p>Em um cen\u00e1rio onde a busca por uma alimenta\u00e7\u00e3o saud\u00e1vel \u00e9 cada vez mais comum, a inclus\u00e3o de fibras na dieta ganha destaque. As fibras s\u00e3o nutrientes essenciais que desempenham um papel crucial na manuten\u00e7\u00e3o da sa\u00fade intestinal e na preven\u00e7\u00e3o de diversas doen\u00e7as. Estudos recentes, como o publicado na revista\u00a0<em><strong>Nature Microbiology<\/strong><\/em>, destacam a import\u00e2ncia das fibras na promo\u00e7\u00e3o de um ecossistema intestinal equilibrado, reduzindo o risco de infec\u00e7\u00f5es.<\/p>\n\n\n\n<p>Pesquisadores de universidades renomadas utilizaram tecnologias avan\u00e7adas para analisar o microbioma de milhares de pessoas ao redor do mundo. Os resultados refor\u00e7am que uma dieta rica em fibras pode prevenir a disbiose, um desequil\u00edbrio na popula\u00e7\u00e3o de micro-organismos intestinais, que favorece o crescimento de bact\u00e9rias patog\u00eanicas.<\/p>\n\n\n\n<h2 class=\"wp-block-heading\"><strong>Como as fibras protegem o intestino?<\/strong><\/h2>\n\n\n\n<p>O estudo identificou 135 esp\u00e9cies de micro-organismos intestinais que ajudam a proteger contra infec\u00e7\u00f5es. Entre eles, as bact\u00e9rias do g\u00eanero&nbsp;<em>Faecalibacterium<\/em>&nbsp;se destacam por produzir \u00e1cidos graxos de cadeia curta ao decompor fibras alimentares. Esses compostos s\u00e3o essenciais para a sa\u00fade do c\u00f3lon, fortalecendo a barreira intestinal e regulando o sistema imunol\u00f3gico.<\/p>\n\n\n\n<p>Al\u00e9m disso, a presen\u00e7a adequada de micro-organismos ben\u00e9ficos ajuda a manter a permeabilidade intestinal, impedindo que agentes nocivos entrem na circula\u00e7\u00e3o sangu\u00ednea e causem inflama\u00e7\u00f5es. A falta dessas bact\u00e9rias protetoras pode levar a um aumento na permeabilidade intestinal, facilitando infec\u00e7\u00f5es.<\/p>\n\n\n\n<figure class=\"wp-block-image size-large\"><img decoding=\"async\" width=\"1024\" height=\"576\" src=\"https:\/\/www.correiobraziliense.com.br\/cbradar\/wp-content\/uploads\/2025\/03\/fibras_1742671150744-1024x576.jpg\" alt=\"Esses s\u00e3o os benef\u00edcios do consumo de fibras para a sa\u00fade intestinal\" class=\"wp-image-15126\" srcset=\"https:\/\/www.correiobraziliense.com.br\/cbradar\/wp-content\/uploads\/2025\/03\/fibras_1742671150744-1024x576.jpg 1024w, https:\/\/www.correiobraziliense.com.br\/cbradar\/wp-content\/uploads\/2025\/03\/fibras_1742671150744-300x169.jpg 300w, https:\/\/www.correiobraziliense.com.br\/cbradar\/wp-content\/uploads\/2025\/03\/fibras_1742671150744-768x432.jpg 768w, https:\/\/www.correiobraziliense.com.br\/cbradar\/wp-content\/uploads\/2025\/03\/fibras_1742671150744-750x422.jpg 750w, https:\/\/www.correiobraziliense.com.br\/cbradar\/wp-content\/uploads\/2025\/03\/fibras_1742671150744-1140x641.jpg 1140w, https:\/\/www.correiobraziliense.com.br\/cbradar\/wp-content\/uploads\/2025\/03\/fibras_1742671150744.jpg 1280w\" sizes=\"(max-width: 1024px) 100vw, 1024px\" \/><figcaption class=\"wp-element-caption\">fibras. Cr\u00e9ditos: depositphotos.com \/ robynmac<\/figcaption><\/figure>\n\n\n\n<h2 class=\"wp-block-heading\"><strong>Quais s\u00e3o os benef\u00edcios cardiovasculares das fibras?<\/strong><\/h2>\n\n\n\n<p>Al\u00e9m de protegerem o intestino, as fibras t\u00eam sido associadas a benef\u00edcios cardiovasculares significativos. Uma revis\u00e3o de estudos publicada no peri\u00f3dico&nbsp;<em>Nutrients<\/em>&nbsp;revelou que o consumo di\u00e1rio de fibras pode reduzir o risco de doen\u00e7as cardiovasculares em at\u00e9 7% para cada 10 gramas adicionais ingeridas.<\/p>\n\n\n\n<p>As fibras sol\u00faveis, em particular, desempenham um papel importante nesse processo. Elas se dissolvem em \u00e1gua e formam um gel no intestino, retardando a digest\u00e3o e aumentando a saciedade. Esse gel tamb\u00e9m se liga aos \u00e1cidos biliares, promovendo a elimina\u00e7\u00e3o de colesterol e contribuindo para a sa\u00fade do cora\u00e7\u00e3o.<\/p>\n\n\n\n<h2 class=\"wp-block-heading\"><strong>Como as fibras ajudam na constipa\u00e7\u00e3o?<\/strong><\/h2>\n\n\n\n<p>As fibras insol\u00faveis s\u00e3o fundamentais no combate \u00e0 constipa\u00e7\u00e3o, um problema comum, especialmente entre as mulheres. Elas aumentam o volume das fezes e aceleram o tr\u00e2nsito intestinal, estimulando os movimentos do intestino. No entanto, \u00e9 essencial manter uma boa hidrata\u00e7\u00e3o para evitar que as fezes se tornem endurecidas.<\/p>\n\n\n\n<p>Para garantir uma ingest\u00e3o adequada de fibras, \u00e9 recomendado incluir uma variedade de alimentos ricos em fibras sol\u00faveis e insol\u00faveis na dieta di\u00e1ria. Frutas, hortali\u00e7as, gr\u00e3os integrais, feij\u00f5es, sementes e castanhas s\u00e3o excelentes fontes desses nutrientes.<\/p>\n\n\n\n<h2 class=\"wp-block-heading\"><strong>Onde encontrar fibras sol\u00faveis e insol\u00faveis?<\/strong><\/h2>\n\n\n\n<p>As fibras sol\u00faveis, como pectinas e betaglucanas, s\u00e3o encontradas em cereais como aveia e cevada, leguminosas como feij\u00f5es e lentilhas, e frutas como ma\u00e7\u00e3s e bananas. J\u00e1 as fibras insol\u00faveis, como lignina e celulose, est\u00e3o presentes em cereais integrais, leguminosas, e hortali\u00e7as como couve e espinafre.<\/p>\n\n\n\n<p>Para maximizar os benef\u00edcios das fibras, \u00e9 aconselh\u00e1vel consumir frutas e legumes com casca e talos, sempre que poss\u00edvel. Essa pr\u00e1tica ajuda a garantir uma ingest\u00e3o equilibrada de ambos os tipos de fibras, promovendo uma sa\u00fade intestinal e geral robusta.<\/p>\n","protected":false},"excerpt":{"rendered":"<p>Descubra por que as fibras s\u00e3o essenciais para uma alimenta\u00e7\u00e3o saud\u00e1vel e sua importante rela\u00e7\u00e3o com a sa\u00fade intestinal.<\/p>\n","protected":false},"author":3,"featured_media":15125,"comment_status":"open","ping_status":"open","sticky":false,"template":"","format":"standard","meta":{"_yoast_wpseo_focuskw":"fibras","_yoast_wpseo_title":"%%title%%","_yoast_wpseo_metadesc":"Descubra por que as fibras s\u00e3o essenciais para uma alimenta\u00e7\u00e3o saud\u00e1vel e sua importante rela\u00e7\u00e3o com a sa\u00fade intestinal.","jnews-multi-image_gallery":[],"jnews_single_post":{"format":"standard"},"jnews_primary_category":[],"jnews_social_meta":[],"jnews_override_counter":[],"footnotes":""},"categories":[119],"tags":[281,2295],"class_list":["post-15124","post","type-post","status-publish","format-standard","has-post-thumbnail","hentry","category-bem-estar","tag-alimentacao","tag-fibras"],"yoast_head":"<!-- This site is optimized with the Yoast SEO plugin v24.6 - https:\/\/yoast.com\/wordpress\/plugins\/seo\/ -->\n<title>Esses s\u00e3o os benef\u00edcios do consumo de fibras para a sa\u00fade intestinal<\/title>\n<meta name=\"description\" content=\"Descubra por que as fibras s\u00e3o essenciais para uma alimenta\u00e7\u00e3o saud\u00e1vel e sua importante rela\u00e7\u00e3o com a sa\u00fade intestinal.\" \/>\n<meta name=\"robots\" content=\"index, follow, max-snippet:-1, max-image-preview:large, max-video-preview:-1\" \/>\n<link rel=\"canonical\" href=\"https:\/\/www.correiobraziliense.com.br\/cbradar\/esses-sao-os-beneficios-do-consumo-de-fibras-para-a-saude-intestinal\/\" \/>\n<meta property=\"og:locale\" content=\"pt_BR\" \/>\n<meta property=\"og:type\" content=\"article\" \/>\n<meta property=\"og:title\" content=\"Esses s\u00e3o os benef\u00edcios do consumo de fibras para a sa\u00fade intestinal\" \/>\n<meta property=\"og:description\" content=\"Descubra por que as fibras s\u00e3o essenciais para uma alimenta\u00e7\u00e3o saud\u00e1vel e sua importante rela\u00e7\u00e3o com a sa\u00fade intestinal.\" \/>\n<meta property=\"og:url\" content=\"https:\/\/www.correiobraziliense.com.br\/cbradar\/esses-sao-os-beneficios-do-consumo-de-fibras-para-a-saude-intestinal\/\" \/>\n<meta property=\"og:site_name\" content=\"Correio Braziliense - Radar\" \/>\n<meta property=\"article:published_time\" content=\"2025-03-24T23:23:00+00:00\" \/>\n<meta property=\"og:image\" content=\"https:\/\/www.correiobraziliense.com.br\/cbradar\/wp-content\/uploads\/2025\/03\/fibras_1742671124555.jpg\" \/>\n\t<meta property=\"og:image:width\" content=\"1280\" \/>\n\t<meta property=\"og:image:height\" content=\"720\" \/>\n\t<meta property=\"og:image:type\" content=\"image\/jpeg\" \/>\n<meta name=\"author\" content=\"Larissa Carvalho\" \/>\n<meta name=\"twitter:card\" content=\"summary_large_image\" \/>\n<meta name=\"twitter:label1\" content=\"Escrito por\" \/>\n\t<meta name=\"twitter:data1\" content=\"Larissa Carvalho\" \/>\n\t<meta name=\"twitter:label2\" content=\"Est. tempo de leitura\" \/>\n\t<meta name=\"twitter:data2\" content=\"4 minutos\" \/>\n<!-- \/ Yoast SEO plugin. -->","yoast_head_json":{"title":"Esses s\u00e3o os benef\u00edcios do consumo de fibras para a sa\u00fade intestinal","description":"Descubra por que as fibras s\u00e3o essenciais para uma alimenta\u00e7\u00e3o saud\u00e1vel e sua importante rela\u00e7\u00e3o com a sa\u00fade intestinal.","robots":{"index":"index","follow":"follow","max-snippet":"max-snippet:-1","max-image-preview":"max-image-preview:large","max-video-preview":"max-video-preview:-1"},"canonical":"https:\/\/www.correiobraziliense.com.br\/cbradar\/esses-sao-os-beneficios-do-consumo-de-fibras-para-a-saude-intestinal\/","og_locale":"pt_BR","og_type":"article","og_title":"Esses s\u00e3o os benef\u00edcios do consumo de fibras para a sa\u00fade intestinal","og_description":"Descubra por que as fibras s\u00e3o essenciais para uma alimenta\u00e7\u00e3o saud\u00e1vel e sua importante rela\u00e7\u00e3o com a sa\u00fade intestinal.","og_url":"https:\/\/www.correiobraziliense.com.br\/cbradar\/esses-sao-os-beneficios-do-consumo-de-fibras-para-a-saude-intestinal\/","og_site_name":"Correio Braziliense - Radar","article_published_time":"2025-03-24T23:23:00+00:00","og_image":[{"width":1280,"height":720,"url":"https:\/\/www.correiobraziliense.com.br\/cbradar\/wp-content\/uploads\/2025\/03\/fibras_1742671124555.jpg","type":"image\/jpeg"}],"author":"Larissa Carvalho","twitter_card":"summary_large_image","twitter_misc":{"Escrito por":"Larissa Carvalho","Est. tempo de leitura":"4 minutos"},"schema":{"@context":"https:\/\/schema.org","@graph":[{"@type":"WebPage","@id":"https:\/\/www.correiobraziliense.com.br\/cbradar\/esses-sao-os-beneficios-do-consumo-de-fibras-para-a-saude-intestinal\/","url":"https:\/\/www.correiobraziliense.com.br\/cbradar\/esses-sao-os-beneficios-do-consumo-de-fibras-para-a-saude-intestinal\/","name":"Esses s\u00e3o os benef\u00edcios do consumo de fibras para a sa\u00fade intestinal","isPartOf":{"@id":"https:\/\/www.correiobraziliense.com.br\/cbradar\/#website"},"primaryImageOfPage":{"@id":"https:\/\/www.correiobraziliense.com.br\/cbradar\/esses-sao-os-beneficios-do-consumo-de-fibras-para-a-saude-intestinal\/#primaryimage"},"image":{"@id":"https:\/\/www.correiobraziliense.com.br\/cbradar\/esses-sao-os-beneficios-do-consumo-de-fibras-para-a-saude-intestinal\/#primaryimage"},"thumbnailUrl":"https:\/\/www.correiobraziliense.com.br\/cbradar\/wp-content\/uploads\/2025\/03\/fibras_1742671124555.jpg","datePublished":"2025-03-24T23:23:00+00:00","author":{"@id":"https:\/\/www.correiobraziliense.com.br\/cbradar\/#\/schema\/person\/58422787644df994b53a19d3e56c1513"},"description":"Descubra por que as fibras s\u00e3o essenciais para uma alimenta\u00e7\u00e3o saud\u00e1vel e sua importante rela\u00e7\u00e3o com a sa\u00fade intestinal.","breadcrumb":{"@id":"https:\/\/www.correiobraziliense.com.br\/cbradar\/esses-sao-os-beneficios-do-consumo-de-fibras-para-a-saude-intestinal\/#breadcrumb"},"inLanguage":"pt-BR","potentialAction":[{"@type":"ReadAction","target":["https:\/\/www.correiobraziliense.com.br\/cbradar\/esses-sao-os-beneficios-do-consumo-de-fibras-para-a-saude-intestinal\/"]}]},{"@type":"ImageObject","inLanguage":"pt-BR","@id":"https:\/\/www.correiobraziliense.com.br\/cbradar\/esses-sao-os-beneficios-do-consumo-de-fibras-para-a-saude-intestinal\/#primaryimage","url":"https:\/\/www.correiobraziliense.com.br\/cbradar\/wp-content\/uploads\/2025\/03\/fibras_1742671124555.jpg","contentUrl":"https:\/\/www.correiobraziliense.com.br\/cbradar\/wp-content\/uploads\/2025\/03\/fibras_1742671124555.jpg","width":1280,"height":720,"caption":"fibras. Cr\u00e9ditos: depositphotos.com \/ marrakeshh"},{"@type":"BreadcrumbList","@id":"https:\/\/www.correiobraziliense.com.br\/cbradar\/esses-sao-os-beneficios-do-consumo-de-fibras-para-a-saude-intestinal\/#breadcrumb","itemListElement":[{"@type":"ListItem","position":1,"name":"In\u00edcio","item":"https:\/\/www.correiobraziliense.com.br\/cbradar\/"},{"@type":"ListItem","position":2,"name":"Esses s\u00e3o os benef\u00edcios do consumo de fibras para a sa\u00fade intestinal"}]},{"@type":"WebSite","@id":"https:\/\/www.correiobraziliense.com.br\/cbradar\/#website","url":"https:\/\/www.correiobraziliense.com.br\/cbradar\/","name":"Correio Braziliense - Radar","description":"Acompanhe as \u00faltimas not\u00edcias e fique bem informado sobre tudo o que acontece no Brasil e no mundo.","potentialAction":[{"@type":"SearchAction","target":{"@type":"EntryPoint","urlTemplate":"https:\/\/www.correiobraziliense.com.br\/cbradar\/?s={search_term_string}"},"query-input":{"@type":"PropertyValueSpecification","valueRequired":true,"valueName":"search_term_string"}}],"inLanguage":"pt-BR"},{"@type":"Person","@id":"https:\/\/www.correiobraziliense.com.br\/cbradar\/#\/schema\/person\/58422787644df994b53a19d3e56c1513","name":"Larissa Carvalho","image":{"@type":"ImageObject","inLanguage":"pt-BR","@id":"https:\/\/www.correiobraziliense.com.br\/cbradar\/#\/schema\/person\/image\/","url":"https:\/\/secure.gravatar.com\/avatar\/fe4f91a0de32b52a838d0d612abdc1aa?s=96&d=mm&r=g","contentUrl":"https:\/\/secure.gravatar.com\/avatar\/fe4f91a0de32b52a838d0d612abdc1aa?s=96&d=mm&r=g","caption":"Larissa Carvalho"},"url":"https:\/\/www.correiobraziliense.com.br\/cbradar\/author\/larissamyth\/"}]}},"_links":{"self":[{"href":"https:\/\/www.correiobraziliense.com.br\/cbradar\/wp-json\/wp\/v2\/posts\/15124","targetHints":{"allow":["GET"]}}],"collection":[{"href":"https:\/\/www.correiobraziliense.com.br\/cbradar\/wp-json\/wp\/v2\/posts"}],"about":[{"href":"https:\/\/www.correiobraziliense.com.br\/cbradar\/wp-json\/wp\/v2\/types\/post"}],"author":[{"embeddable":true,"href":"https:\/\/www.correiobraziliense.com.br\/cbradar\/wp-json\/wp\/v2\/users\/3"}],"replies":[{"embeddable":true,"href":"https:\/\/www.correiobraziliense.com.br\/cbradar\/wp-json\/wp\/v2\/comments?post=15124"}],"version-history":[{"count":1,"href":"https:\/\/www.correiobraziliense.com.br\/cbradar\/wp-json\/wp\/v2\/posts\/15124\/revisions"}],"predecessor-version":[{"id":15127,"href":"https:\/\/www.correiobraziliense.com.br\/cbradar\/wp-json\/wp\/v2\/posts\/15124\/revisions\/15127"}],"wp:featuredmedia":[{"embeddable":true,"href":"https:\/\/www.correiobraziliense.com.br\/cbradar\/wp-json\/wp\/v2\/media\/15125"}],"wp:attachment":[{"href":"https:\/\/www.correiobraziliense.com.br\/cbradar\/wp-json\/wp\/v2\/media?parent=15124"}],"wp:term":[{"taxonomy":"category","embeddable":true,"href":"https:\/\/www.correiobraziliense.com.br\/cbradar\/wp-json\/wp\/v2\/categories?post=15124"},{"taxonomy":"post_tag","embeddable":true,"href":"https:\/\/www.correiobraziliense.com.br\/cbradar\/wp-json\/wp\/v2\/tags?post=15124"}],"curies":[{"name":"wp","href":"https:\/\/api.w.org\/{rel}","templated":true}]}}