{"id":151267,"date":"2025-12-07T20:05:00","date_gmt":"2025-12-07T23:05:00","guid":{"rendered":"https:\/\/www.correiobraziliense.com.br\/cbradar\/?p=151267"},"modified":"2025-12-06T17:57:29","modified_gmt":"2025-12-06T20:57:29","slug":"os-3-ensinamentos-de-nietzsche-sobre-ser-crianca-que-fazem-sentido-hoje","status":"publish","type":"post","link":"https:\/\/www.correiobraziliense.com.br\/cbradar\/os-3-ensinamentos-de-nietzsche-sobre-ser-crianca-que-fazem-sentido-hoje\/","title":{"rendered":"Os 3 ensinamentos de Nietzsche sobre ser crian\u00e7a que fazem sentido hoje"},"content":{"rendered":"\n<p>O fil\u00f3sofo alem\u00e3o <strong>Friedrich Nietzsche<\/strong> voltou ao centro dos debates sobre bem-estar e sa\u00fade emocional em 2025 gra\u00e7as a uma de suas ideias mais simb\u00f3licas: a import\u00e2ncia de recuperar qualidades presentes na inf\u00e2ncia para enfrentar a vida adulta com mais for\u00e7a e liberdade. O tema ressurgiu ap\u00f3s novas an\u00e1lises destacarem como o pensamento nietzschiano dialoga com desafios contempor\u00e2neos, como estresse, press\u00e3o por produtividade e esgotamento mental.<\/p>\n\n\n\n<h2 class=\"wp-block-heading\">O que significa \u201cvoltar a ser crian\u00e7a\u201d no pensamento de Nietzsche?<\/h2>\n\n\n\n<p>Nietzsche dizia que o ser humano passa por tr\u00eas transforma\u00e7\u00f5es simb\u00f3licas: o camelo, o le\u00e3o e a crian\u00e7a. A crian\u00e7a representa o est\u00e1gio mais elevado, marcado por espontaneidade, criatividade e capacidade de dizer \u201csim\u201d \u00e0 vida. Ela \u00e9 o s\u00edmbolo da renova\u00e7\u00e3o e da liberdade interior.<\/p>\n\n\n\n<p>Para o fil\u00f3sofo, ser como uma crian\u00e7a n\u00e3o significa agir com imaturidade, mas recuperar o olhar curioso e criativo que permite reinventar a pr\u00f3pria exist\u00eancia. \u00c9 a fase em que nasce o esp\u00edrito capaz de criar novos caminhos, sem medo do julgamento externo.<\/p>\n\n\n<div class=\"wp-block-image\">\n<figure class=\"aligncenter size-large is-resized\"><img decoding=\"async\" width=\"1024\" height=\"576\" src=\"https:\/\/www.correiobraziliense.com.br\/cbradar\/wp-content\/uploads\/2025\/12\/kids_1765054350112-1024x576.jpg\" alt=\"Os 3 ensinamentos de Nietzsche sobre ser crian\u00e7a que fazem sentido hoje\" class=\"wp-image-151271\" style=\"width:1170px;height:auto\" srcset=\"https:\/\/www.correiobraziliense.com.br\/cbradar\/wp-content\/uploads\/2025\/12\/kids_1765054350112-1024x576.jpg 1024w, https:\/\/www.correiobraziliense.com.br\/cbradar\/wp-content\/uploads\/2025\/12\/kids_1765054350112-300x169.jpg 300w, https:\/\/www.correiobraziliense.com.br\/cbradar\/wp-content\/uploads\/2025\/12\/kids_1765054350112-768x432.jpg 768w, https:\/\/www.correiobraziliense.com.br\/cbradar\/wp-content\/uploads\/2025\/12\/kids_1765054350112-750x422.jpg 750w, https:\/\/www.correiobraziliense.com.br\/cbradar\/wp-content\/uploads\/2025\/12\/kids_1765054350112-1140x641.jpg 1140w, https:\/\/www.correiobraziliense.com.br\/cbradar\/wp-content\/uploads\/2025\/12\/kids_1765054350112.jpg 1280w\" sizes=\"(max-width: 1024px) 100vw, 1024px\" \/><figcaption class=\"wp-element-caption\">A crian\u00e7a representa o est\u00e1gio mais elevado, marcado por espontaneidade, criatividade e capacidade de dizer \u201csim\u201d \u00e0 vida &#8211; Cr\u00e9ditos: depositphotos.com \/ Ischukigor<\/figcaption><\/figure><\/div>\n\n\n<h2 class=\"wp-block-heading\">Por que essa ideia ganhou relev\u00e2ncia em 2025?<\/h2>\n\n\n\n<p>O aumento da carga mental, a hiperconex\u00e3o digital e a press\u00e3o por produtividade fizeram com que mais pessoas buscassem filosofias que ofere\u00e7am novos modos de lidar com a vida moderna. Nesse contexto, estudiosos voltaram a citar Nietzsche como refer\u00eancia para repensar equil\u00edbrio emocional.<\/p>\n\n\n\n<p>A met\u00e1fora da crian\u00e7a se tornou especialmente atual porque incentiva leveza, autenticidade e desconstru\u00e7\u00e3o de padr\u00f5es r\u00edgidos, qualidades valorizadas em um momento em que muitas pessoas lidam com ansiedade e esgotamento.<\/p>\n\n\n\n<p>Sua filosofia \u00e9 conhecida por muitos, mas quem foi o fil\u00f3sofo? <strong>Filosofiaterrena <\/strong>fala sobre no TikTok:<\/p>\n\n\n\n<figure class=\"wp-block-embed is-type-video is-provider-tiktok wp-block-embed-tiktok\"><div class=\"wp-block-embed__wrapper\">\n<blockquote class=\"tiktok-embed\" cite=\"https:\/\/www.tiktok.com\/@filosofiaterrena\/video\/7281735292602551558\" data-video-id=\"7281735292602551558\" data-embed-from=\"oembed\" style=\"max-width:605px; min-width:325px;\"> <section> <a target=\"_blank\" title=\"@filosofiaterrena\" href=\"https:\/\/www.tiktok.com\/@filosofiaterrena?refer=embed\">@filosofiaterrena<\/a> <p>filosofiaterrena\ud83e\udeb6 Nietzsche em um minuto. <a title=\"filosofia\" target=\"_blank\" href=\"https:\/\/www.tiktok.com\/tag\/filosofia?refer=embed\">#filosofia<\/a> <a title=\"filosofiadevida\" target=\"_blank\" href=\"https:\/\/www.tiktok.com\/tag\/filosofiadevida?refer=embed\">#filosofiadevida<\/a> <a title=\"filosofiaperdida\" target=\"_blank\" href=\"https:\/\/www.tiktok.com\/tag\/filosofiaperdida?refer=embed\">#filosofiaperdida<\/a> <a title=\"filosofo\" target=\"_blank\" href=\"https:\/\/www.tiktok.com\/tag\/filosofo?refer=embed\">#filosofo<\/a> <a title=\"filosofos\" target=\"_blank\" href=\"https:\/\/www.tiktok.com\/tag\/filosofos?refer=embed\">#filosofos<\/a> <a title=\"conhecimento\" target=\"_blank\" href=\"https:\/\/www.tiktok.com\/tag\/conhecimento?refer=embed\">#conhecimento<\/a> <a title=\"reflexao\" target=\"_blank\" href=\"https:\/\/www.tiktok.com\/tag\/reflexao?refer=embed\">#reflexao<\/a> <a title=\"reflexaododia\" target=\"_blank\" href=\"https:\/\/www.tiktok.com\/tag\/reflexaododia?refer=embed\">#reflexaododia<\/a> <a title=\"historia\" target=\"_blank\" href=\"https:\/\/www.tiktok.com\/tag\/historia?refer=embed\">#historia<\/a> <a title=\"nietszche\" target=\"_blank\" href=\"https:\/\/www.tiktok.com\/tag\/nietszche?refer=embed\">#nietszche<\/a> <a title=\"nietszchefriedrich\" target=\"_blank\" href=\"https:\/\/www.tiktok.com\/tag\/nietszchefriedrich?refer=embed\">#nietszchefriedrich<\/a> <a title=\"saber\" target=\"_blank\" href=\"https:\/\/www.tiktok.com\/tag\/saber?refer=embed\">#saber<\/a> <a title=\"biografia\" target=\"_blank\" href=\"https:\/\/www.tiktok.com\/tag\/biografia?refer=embed\">#biografia<\/a> <a title=\"curiosidades\" target=\"_blank\" href=\"https:\/\/www.tiktok.com\/tag\/curiosidades?refer=embed\">#curiosidades<\/a> <a title=\"curiosidadesentiktok\" target=\"_blank\" href=\"https:\/\/www.tiktok.com\/tag\/curiosidadesentiktok?refer=embed\">#curiosidadesentiktok<\/a> <a title=\"cultura\" target=\"_blank\" href=\"https:\/\/www.tiktok.com\/tag\/cultura?refer=embed\">#cultura<\/a> <a title=\"literatura\" target=\"_blank\" href=\"https:\/\/www.tiktok.com\/tag\/literatura?refer=embed\">#literatura<\/a> <a title=\"sabedoria\" target=\"_blank\" href=\"https:\/\/www.tiktok.com\/tag\/sabedoria?refer=embed\">#sabedoria<\/a> <a title=\"filosofiaterrena\" target=\"_blank\" href=\"https:\/\/www.tiktok.com\/tag\/filosofiaterrena?refer=embed\">#filosofiaterrena<\/a> <a title=\"fy\" target=\"_blank\" href=\"https:\/\/www.tiktok.com\/tag\/fy?refer=embed\">#fy<\/a> <a title=\"fyp\" target=\"_blank\" href=\"https:\/\/www.tiktok.com\/tag\/fyp?refer=embed\">#fyp<\/a> <a title=\"paravoce\" target=\"_blank\" href=\"https:\/\/www.tiktok.com\/tag\/paravoce?refer=embed\">#paravoce<\/a> <a title=\"foryou\" target=\"_blank\" href=\"https:\/\/www.tiktok.com\/tag\/foryou?refer=embed\">#foryou<\/a>   <a title=\"capcut\" target=\"_blank\" href=\"https:\/\/www.tiktok.com\/tag\/capcut?refer=embed\">#CapCut<\/a> <\/p> <a target=\"_blank\" title=\"\u266c Reflex\u00e3o - AltairMakin\" href=\"https:\/\/www.tiktok.com\/music\/Reflex\u00e3o-7201294818960492546?refer=embed\">\u266c Reflex\u00e3o &#8211; AltairMakin<\/a> <\/section> <\/blockquote> <script async src=\"https:\/\/www.tiktok.com\/embed.js\"><\/script>\n<\/div><\/figure>\n\n\n\n<h2 class=\"wp-block-heading\">O que podemos aprender com essa met\u00e1fora hoje?<\/h2>\n\n\n\n<p>Em 2025, psic\u00f3logos que dialogam com a filosofia nietzschiana destacam que recuperar aspectos infantis, como imagina\u00e7\u00e3o e jogo, pode ajudar a reduzir a tens\u00e3o constante e a melhorar a sa\u00fade mental. A ideia \u00e9 abrir espa\u00e7o para o l\u00fadico, para o questionamento e para a cria\u00e7\u00e3o de novas possibilidades.<\/p>\n\n\n\n<p>Nietzsche via a crian\u00e7a como s\u00edmbolo de pot\u00eancia: ela n\u00e3o se prende a regras r\u00edgidas, mas experimenta, tenta e recome\u00e7a. Essa atitude pode ser aplicada em decis\u00f5es pessoais e profissionais, especialmente em per\u00edodos de mudan\u00e7a.<\/p>\n\n\n<div class=\"wp-block-image\">\n<figure class=\"aligncenter size-large\"><img decoding=\"async\" width=\"1024\" height=\"576\" src=\"https:\/\/www.correiobraziliense.com.br\/cbradar\/wp-content\/uploads\/2025\/12\/Nietzsche_1765054310427-1024x576.jpg\" alt=\"Os 3 ensinamentos de Nietzsche sobre ser crian\u00e7a que fazem sentido hoje\" class=\"wp-image-151270\" srcset=\"https:\/\/www.correiobraziliense.com.br\/cbradar\/wp-content\/uploads\/2025\/12\/Nietzsche_1765054310427-1024x576.jpg 1024w, https:\/\/www.correiobraziliense.com.br\/cbradar\/wp-content\/uploads\/2025\/12\/Nietzsche_1765054310427-300x169.jpg 300w, https:\/\/www.correiobraziliense.com.br\/cbradar\/wp-content\/uploads\/2025\/12\/Nietzsche_1765054310427-768x432.jpg 768w, https:\/\/www.correiobraziliense.com.br\/cbradar\/wp-content\/uploads\/2025\/12\/Nietzsche_1765054310427-750x422.jpg 750w, https:\/\/www.correiobraziliense.com.br\/cbradar\/wp-content\/uploads\/2025\/12\/Nietzsche_1765054310427-1140x641.jpg 1140w, https:\/\/www.correiobraziliense.com.br\/cbradar\/wp-content\/uploads\/2025\/12\/Nietzsche_1765054310427.jpg 1280w\" sizes=\"(max-width: 1024px) 100vw, 1024px\" \/><figcaption class=\"wp-element-caption\">Nesse contexto, estudiosos voltaram a citar Nietzsche como refer\u00eancia para repensar equil\u00edbrio emocional &#8211; Cr\u00e9ditos: depositphotos.com \/ Tarkus<\/figcaption><\/figure><\/div>\n\n\n<h2 class=\"wp-block-heading\">Como aplicar essa vis\u00e3o no cotidiano?<\/h2>\n\n\n\n<p>Atividades simples, como explorar hobbies, permitir-se errar, experimentar coisas novas ou adotar uma rotina menos mecanizada, podem aproximar o adulto do esp\u00edrito criador representado pela crian\u00e7a.<\/p>\n\n\n\n<p><a href=\"https:\/\/www.correiobraziliense.com.br\/cbradar\/o-proverbio-chines-mais-comentado-que-ensina-a-controlar-a-ira-e-encontrar-paz-mental\/\" target=\"_blank\" rel=\"noreferrer noopener\">Para especialistas<\/a>, essa filosofia segue atual porque ensina que fortalecer-se n\u00e3o \u00e9 apenas resistir, mas tamb\u00e9m reinventar-se. Recuperar a capacidade de brincar e de imaginar \u00e9, segundo Nietzsche, uma das formas mais profundas de liberdade.<\/p>\n","protected":false},"excerpt":{"rendered":"<p>O fil\u00f3sofo alem\u00e3o Friedrich Nietzsche voltou ao centro dos debates sobre bem-estar e sa\u00fade emocional em 2025 gra\u00e7as a uma de suas ideias mais simb\u00f3licas: a import\u00e2ncia de recuperar qualidades presentes na inf\u00e2ncia para enfrentar a vida adulta com mais for\u00e7a e liberdade. O tema ressurgiu ap\u00f3s novas an\u00e1lises destacarem como o pensamento nietzschiano dialoga [&hellip;]<\/p>\n","protected":false},"author":18,"featured_media":151269,"comment_status":"open","ping_status":"open","sticky":false,"template":"","format":"standard","meta":{"_yoast_wpseo_focuskw":"pensamentos de Nietzsche sobre ser crian\u00e7a","_yoast_wpseo_title":"","_yoast_wpseo_metadesc":"Em tempos de esgotamento e press\u00e3o, a ideia de \"voltar a ser crian\u00e7a\" segundo Nietzsche virou refer\u00eancia no cuidado com a mente Veja por qu\u00ea.","jnews-multi-image_gallery":[],"jnews_single_post":{"format":"standard"},"jnews_primary_category":[],"jnews_social_meta":[],"jnews_override_counter":[],"footnotes":""},"categories":[112],"post_tag":[12399,5078,12398,12397],"class_list":["post-151267","post","type-post","status-publish","format-standard","has-post-thumbnail","hentry","category-curiosidades","tag-ensinamentos","tag-filosofia","tag-metafora","tag-nietzsche"],"yoast_head":"<!-- This site is optimized with the Yoast SEO plugin v24.6 - https:\/\/yoast.com\/wordpress\/plugins\/seo\/ -->\n<title>Os 3 ensinamentos de Nietzsche sobre ser crian\u00e7a que fazem sentido hoje - Correio Braziliense - Radar<\/title>\n<meta name=\"description\" content=\"Em tempos de esgotamento e press\u00e3o, a ideia de &quot;voltar a ser crian\u00e7a&quot; segundo Nietzsche virou refer\u00eancia no cuidado com a mente Veja por qu\u00ea.\" \/>\n<meta name=\"robots\" content=\"index, follow, max-snippet:-1, max-image-preview:large, max-video-preview:-1\" \/>\n<link rel=\"canonical\" href=\"https:\/\/www.correiobraziliense.com.br\/cbradar\/os-3-ensinamentos-de-nietzsche-sobre-ser-crianca-que-fazem-sentido-hoje\/\" \/>\n<meta property=\"og:locale\" content=\"pt_BR\" \/>\n<meta property=\"og:type\" content=\"article\" \/>\n<meta property=\"og:title\" content=\"Os 3 ensinamentos de Nietzsche sobre ser crian\u00e7a que fazem sentido hoje - Correio Braziliense - Radar\" \/>\n<meta property=\"og:description\" content=\"Em tempos de esgotamento e press\u00e3o, a ideia de &quot;voltar a ser crian\u00e7a&quot; segundo Nietzsche virou refer\u00eancia no cuidado com a mente Veja por qu\u00ea.\" \/>\n<meta property=\"og:url\" content=\"https:\/\/www.correiobraziliense.com.br\/cbradar\/os-3-ensinamentos-de-nietzsche-sobre-ser-crianca-que-fazem-sentido-hoje\/\" \/>\n<meta property=\"og:site_name\" content=\"Correio Braziliense - Radar\" \/>\n<meta property=\"article:published_time\" content=\"2025-12-07T23:05:00+00:00\" \/>\n<meta property=\"og:image\" content=\"https:\/\/www.correiobraziliense.com.br\/cbradar\/wp-content\/uploads\/2025\/12\/Nietzsche_1765054298858.jpg\" \/>\n\t<meta property=\"og:image:width\" content=\"1280\" \/>\n\t<meta property=\"og:image:height\" content=\"720\" \/>\n\t<meta property=\"og:image:type\" content=\"image\/jpeg\" \/>\n<meta name=\"author\" content=\"Maria Eduarda Pacheco\" \/>\n<meta name=\"twitter:card\" content=\"summary_large_image\" \/>\n<meta name=\"twitter:label1\" content=\"Escrito por\" \/>\n\t<meta name=\"twitter:data1\" content=\"Maria Eduarda Pacheco\" \/>\n\t<meta name=\"twitter:label2\" content=\"Est. tempo de leitura\" \/>\n\t<meta name=\"twitter:data2\" content=\"4 minutos\" \/>\n<!-- \/ Yoast SEO plugin. -->","yoast_head_json":{"title":"Os 3 ensinamentos de Nietzsche sobre ser crian\u00e7a que fazem sentido hoje - Correio Braziliense - Radar","description":"Em tempos de esgotamento e press\u00e3o, a ideia de \"voltar a ser crian\u00e7a\" segundo Nietzsche virou refer\u00eancia no cuidado com a mente Veja por qu\u00ea.","robots":{"index":"index","follow":"follow","max-snippet":"max-snippet:-1","max-image-preview":"max-image-preview:large","max-video-preview":"max-video-preview:-1"},"canonical":"https:\/\/www.correiobraziliense.com.br\/cbradar\/os-3-ensinamentos-de-nietzsche-sobre-ser-crianca-que-fazem-sentido-hoje\/","og_locale":"pt_BR","og_type":"article","og_title":"Os 3 ensinamentos de Nietzsche sobre ser crian\u00e7a que fazem sentido hoje - Correio Braziliense - Radar","og_description":"Em tempos de esgotamento e press\u00e3o, a ideia de \"voltar a ser crian\u00e7a\" segundo Nietzsche virou refer\u00eancia no cuidado com a mente Veja por qu\u00ea.","og_url":"https:\/\/www.correiobraziliense.com.br\/cbradar\/os-3-ensinamentos-de-nietzsche-sobre-ser-crianca-que-fazem-sentido-hoje\/","og_site_name":"Correio Braziliense - Radar","article_published_time":"2025-12-07T23:05:00+00:00","og_image":[{"width":1280,"height":720,"url":"https:\/\/www.correiobraziliense.com.br\/cbradar\/wp-content\/uploads\/2025\/12\/Nietzsche_1765054298858.jpg","type":"image\/jpeg"}],"author":"Maria Eduarda Pacheco","twitter_card":"summary_large_image","twitter_misc":{"Escrito por":"Maria Eduarda Pacheco","Est. tempo de leitura":"4 minutos"},"schema":{"@context":"https:\/\/schema.org","@graph":[{"@type":"WebPage","@id":"https:\/\/www.correiobraziliense.com.br\/cbradar\/os-3-ensinamentos-de-nietzsche-sobre-ser-crianca-que-fazem-sentido-hoje\/","url":"https:\/\/www.correiobraziliense.com.br\/cbradar\/os-3-ensinamentos-de-nietzsche-sobre-ser-crianca-que-fazem-sentido-hoje\/","name":"Os 3 ensinamentos de Nietzsche sobre ser crian\u00e7a que fazem sentido hoje - Correio Braziliense - Radar","isPartOf":{"@id":"https:\/\/www.correiobraziliense.com.br\/cbradar\/#website"},"primaryImageOfPage":{"@id":"https:\/\/www.correiobraziliense.com.br\/cbradar\/os-3-ensinamentos-de-nietzsche-sobre-ser-crianca-que-fazem-sentido-hoje\/#primaryimage"},"image":{"@id":"https:\/\/www.correiobraziliense.com.br\/cbradar\/os-3-ensinamentos-de-nietzsche-sobre-ser-crianca-que-fazem-sentido-hoje\/#primaryimage"},"thumbnailUrl":"https:\/\/www.correiobraziliense.com.br\/cbradar\/wp-content\/uploads\/2025\/12\/Nietzsche_1765054298858.jpg","datePublished":"2025-12-07T23:05:00+00:00","author":{"@id":"https:\/\/www.correiobraziliense.com.br\/cbradar\/#\/schema\/person\/6fdd694c4c0d658f15df15f390ddf066"},"description":"Em tempos de esgotamento e press\u00e3o, a ideia de \"voltar a ser crian\u00e7a\" segundo Nietzsche virou refer\u00eancia no cuidado com a mente Veja por qu\u00ea.","breadcrumb":{"@id":"https:\/\/www.correiobraziliense.com.br\/cbradar\/os-3-ensinamentos-de-nietzsche-sobre-ser-crianca-que-fazem-sentido-hoje\/#breadcrumb"},"inLanguage":"pt-BR","potentialAction":[{"@type":"ReadAction","target":["https:\/\/www.correiobraziliense.com.br\/cbradar\/os-3-ensinamentos-de-nietzsche-sobre-ser-crianca-que-fazem-sentido-hoje\/"]}]},{"@type":"ImageObject","inLanguage":"pt-BR","@id":"https:\/\/www.correiobraziliense.com.br\/cbradar\/os-3-ensinamentos-de-nietzsche-sobre-ser-crianca-que-fazem-sentido-hoje\/#primaryimage","url":"https:\/\/www.correiobraziliense.com.br\/cbradar\/wp-content\/uploads\/2025\/12\/Nietzsche_1765054298858.jpg","contentUrl":"https:\/\/www.correiobraziliense.com.br\/cbradar\/wp-content\/uploads\/2025\/12\/Nietzsche_1765054298858.jpg","width":1280,"height":720,"caption":"O fil\u00f3sofo alem\u00e3o Friedrich Nietzsche voltou ao centro dos debates sobre bem-estar e sa\u00fade emocional em 2025 - Cr\u00e9ditos: depositphotos.com \/ pictrider"},{"@type":"BreadcrumbList","@id":"https:\/\/www.correiobraziliense.com.br\/cbradar\/os-3-ensinamentos-de-nietzsche-sobre-ser-crianca-que-fazem-sentido-hoje\/#breadcrumb","itemListElement":[{"@type":"ListItem","position":1,"name":"In\u00edcio","item":"https:\/\/www.correiobraziliense.com.br\/cbradar\/"},{"@type":"ListItem","position":2,"name":"Os 3 ensinamentos de Nietzsche sobre ser crian\u00e7a que fazem sentido hoje"}]},{"@type":"WebSite","@id":"https:\/\/www.correiobraziliense.com.br\/cbradar\/#website","url":"https:\/\/www.correiobraziliense.com.br\/cbradar\/","name":"Correio Braziliense - Radar","description":"Acompanhe as \u00faltimas not\u00edcias e fique bem informado sobre tudo o que acontece no Brasil e no mundo.","potentialAction":[{"@type":"SearchAction","target":{"@type":"EntryPoint","urlTemplate":"https:\/\/www.correiobraziliense.com.br\/cbradar\/?s={search_term_string}"},"query-input":{"@type":"PropertyValueSpecification","valueRequired":true,"valueName":"search_term_string"}}],"inLanguage":"pt-BR"},{"@type":"Person","@id":"https:\/\/www.correiobraziliense.com.br\/cbradar\/#\/schema\/person\/6fdd694c4c0d658f15df15f390ddf066","name":"Maria Eduarda Pacheco","image":{"@type":"ImageObject","inLanguage":"pt-BR","@id":"https:\/\/www.correiobraziliense.com.br\/cbradar\/#\/schema\/person\/image\/","url":"https:\/\/secure.gravatar.com\/avatar\/f72a487b26fdeec08ba4868875ea328e?s=96&d=mm&r=g","contentUrl":"https:\/\/secure.gravatar.com\/avatar\/f72a487b26fdeec08ba4868875ea328e?s=96&d=mm&r=g","caption":"Maria Eduarda Pacheco"},"sameAs":["https:\/\/www.correiobraziliense.com.br\/cbradar\/"],"url":"https:\/\/www.correiobraziliense.com.br\/cbradar\/author\/maria-eduarda\/"}]}},"_links":{"self":[{"href":"https:\/\/www.correiobraziliense.com.br\/cbradar\/wp-json\/wp\/v2\/posts\/151267","targetHints":{"allow":["GET"]}}],"collection":[{"href":"https:\/\/www.correiobraziliense.com.br\/cbradar\/wp-json\/wp\/v2\/posts"}],"about":[{"href":"https:\/\/www.correiobraziliense.com.br\/cbradar\/wp-json\/wp\/v2\/types\/post"}],"author":[{"embeddable":true,"href":"https:\/\/www.correiobraziliense.com.br\/cbradar\/wp-json\/wp\/v2\/users\/18"}],"replies":[{"embeddable":true,"href":"https:\/\/www.correiobraziliense.com.br\/cbradar\/wp-json\/wp\/v2\/comments?post=151267"}],"version-history":[{"count":1,"href":"https:\/\/www.correiobraziliense.com.br\/cbradar\/wp-json\/wp\/v2\/posts\/151267\/revisions"}],"predecessor-version":[{"id":151272,"href":"https:\/\/www.correiobraziliense.com.br\/cbradar\/wp-json\/wp\/v2\/posts\/151267\/revisions\/151272"}],"wp:featuredmedia":[{"embeddable":true,"href":"https:\/\/www.correiobraziliense.com.br\/cbradar\/wp-json\/wp\/v2\/media\/151269"}],"wp:attachment":[{"href":"https:\/\/www.correiobraziliense.com.br\/cbradar\/wp-json\/wp\/v2\/media?parent=151267"}],"wp:term":[{"taxonomy":"category","embeddable":true,"href":"https:\/\/www.correiobraziliense.com.br\/cbradar\/wp-json\/wp\/v2\/categories?post=151267"},{"taxonomy":"post_tag","embeddable":true,"href":"https:\/\/www.correiobraziliense.com.br\/cbradar\/wp-json\/wp\/v2\/post_tag?post=151267"}],"curies":[{"name":"wp","href":"https:\/\/api.w.org\/{rel}","templated":true}]}}