{"id":15128,"date":"2025-03-24T22:30:00","date_gmt":"2025-03-25T01:30:00","guid":{"rendered":"https:\/\/www.correiobraziliense.com.br\/cbradar\/?p=15128"},"modified":"2025-03-22T16:41:38","modified_gmt":"2025-03-22T19:41:38","slug":"redmi-pad-2-pode-ser-lancado-em-breve-veja-novidades","status":"publish","type":"post","link":"https:\/\/www.correiobraziliense.com.br\/cbradar\/redmi-pad-2-pode-ser-lancado-em-breve-veja-novidades\/","title":{"rendered":"Redmi Pad 2 pode ser lan\u00e7ado em breve, veja novidades"},"content":{"rendered":"\n<p>O mercado de tablets est\u00e1 prestes a receber uma nova adi\u00e7\u00e3o com o lan\u00e7amento iminente do\u00a0<strong>Redmi Pad 2<\/strong>. A fabricante chinesa <strong>Redmi<\/strong>, conhecida por seus dispositivos acess\u00edveis e de qualidade, prepara-se para introduzir a segunda gera\u00e7\u00e3o do seu popular tablet. Este movimento ocorre quase dois anos e meio ap\u00f3s a estreia do modelo original, que foi bem recebido por consumidores em busca de uma op\u00e7\u00e3o econ\u00f4mica.<\/p>\n\n\n\n<p>Recentemente, o Redmi Pad 2 foi identificado em registros de certifica\u00e7\u00e3o em duas importantes autoridades reguladoras: a TDRA dos Emirados \u00c1rabes e a IMDA de Singapura. Essas certifica\u00e7\u00f5es s\u00e3o indicativos fortes de que o lan\u00e7amento do dispositivo est\u00e1 pr\u00f3ximo, alimentando expectativas e especula\u00e7\u00f5es sobre suas especifica\u00e7\u00f5es e caracter\u00edsticas.<\/p>\n\n\n\n<h2 class=\"wp-block-heading\"><strong>Quais s\u00e3o as especifica\u00e7\u00f5es esperadas para o Redmi Pad 2?<\/strong><\/h2>\n\n\n\n<p>Embora detalhes oficiais ainda n\u00e3o tenham sido divulgados, espera-se que o&nbsp;<strong>Redmi Pad 2<\/strong>&nbsp;herde algumas das especifica\u00e7\u00f5es de seu antecessor. O modelo anterior apresentava uma tela IPS LCD de 10,61 polegadas com resolu\u00e7\u00e3o WXUGA e taxa de atualiza\u00e7\u00e3o de 90 Hz, al\u00e9m de um brilho m\u00e1ximo de 400 nits. A plataforma utilizada era a Helio G99 da MediaTek, com op\u00e7\u00f5es de at\u00e9 6 GB de RAM e 128 GB de armazenamento interno.<\/p>\n\n\n\n<p>Em termos de c\u00e2meras, o modelo original possu\u00eda sensores de 8 megapixels tanto na parte frontal quanto na traseira. A bateria era um dos pontos fortes, com capacidade de 8.000 mAh e suporte para carregamento r\u00e1pido de 18W. \u00c9 prov\u00e1vel que o novo modelo mantenha ou at\u00e9 mesmo melhore essas caracter\u00edsticas, visando atender \u00e0s demandas dos usu\u00e1rios por desempenho e autonomia.<\/p>\n\n\n\n<figure class=\"wp-block-image size-large\"><img decoding=\"async\" width=\"1024\" height=\"576\" src=\"https:\/\/www.correiobraziliense.com.br\/cbradar\/wp-content\/uploads\/2025\/03\/Redmi-Pad-2-2-1024x576.png\" alt=\"Redmi Pad 2 pode ser lan\u00e7ado em breve, veja novidades\" class=\"wp-image-15129\" srcset=\"https:\/\/www.correiobraziliense.com.br\/cbradar\/wp-content\/uploads\/2025\/03\/Redmi-Pad-2-2-1024x576.png 1024w, https:\/\/www.correiobraziliense.com.br\/cbradar\/wp-content\/uploads\/2025\/03\/Redmi-Pad-2-2-300x169.png 300w, https:\/\/www.correiobraziliense.com.br\/cbradar\/wp-content\/uploads\/2025\/03\/Redmi-Pad-2-2-768x432.png 768w, https:\/\/www.correiobraziliense.com.br\/cbradar\/wp-content\/uploads\/2025\/03\/Redmi-Pad-2-2-750x422.png 750w, https:\/\/www.correiobraziliense.com.br\/cbradar\/wp-content\/uploads\/2025\/03\/Redmi-Pad-2-2-1140x641.png 1140w, https:\/\/www.correiobraziliense.com.br\/cbradar\/wp-content\/uploads\/2025\/03\/Redmi-Pad-2-2.png 1280w\" sizes=\"(max-width: 1024px) 100vw, 1024px\" \/><figcaption class=\"wp-element-caption\">Redmi Pad 2. Fonte: divulga\u00e7\u00e3o \/ Redmi<\/figcaption><\/figure>\n\n\n\n<h2 class=\"wp-block-heading\"><strong>Quando o Redmi Pad 2 ser\u00e1 lan\u00e7ado?<\/strong><\/h2>\n\n\n\n<p>Os c\u00f3digos de certifica\u00e7\u00e3o encontrados sugerem que o lan\u00e7amento do&nbsp;<strong>Redmi Pad 2<\/strong>&nbsp;pode ocorrer em abril ou maio de 2025. Os n\u00fameros &#8220;2504&#8221; e &#8220;2505&#8221; nos c\u00f3digos s\u00e3o indicativos de uma poss\u00edvel janela de lan\u00e7amento. No entanto, essas datas ainda s\u00e3o especulativas e podem ser alteradas conforme novos detalhes surgem.<\/p>\n\n\n\n<p>Al\u00e9m disso, a presen\u00e7a de diferentes c\u00f3digos sugere a possibilidade de variantes distintas do dispositivo, incluindo uma vers\u00e3o apenas com conectividade Wi-Fi e outra potencialmente com suporte LTE. At\u00e9 o momento, a variante LTE n\u00e3o foi confirmada por outras certifica\u00e7\u00f5es, mas permanece como uma possibilidade interessante para consumidores que buscam maior flexibilidade de conex\u00e3o.<\/p>\n\n\n\n<h2 class=\"wp-block-heading\"><strong>Por que o Redmi Pad 2 \u00e9 importante para o mercado de tablets?<\/strong><\/h2>\n\n\n\n<p>O lan\u00e7amento do&nbsp;<strong>Redmi Pad 2<\/strong>&nbsp;\u00e9 significativo para o mercado de tablets, especialmente no segmento de dispositivos acess\u00edveis. A Redmi tem se destacado por oferecer produtos que combinam qualidade e pre\u00e7o competitivo, atraindo uma ampla gama de consumidores. Com a segunda gera\u00e7\u00e3o do Redmi Pad, a empresa tem a oportunidade de solidificar sua posi\u00e7\u00e3o e atender a um p\u00fablico que busca alternativas econ\u00f4micas sem comprometer o desempenho.<\/p>\n\n\n\n<p>Al\u00e9m disso, a chegada de novos modelos estimula a concorr\u00eancia e pode levar a inova\u00e7\u00f5es e melhorias em toda a ind\u00fastria. Os consumidores se beneficiam com mais op\u00e7\u00f5es e avan\u00e7os tecnol\u00f3gicos que podem ser incorporados em futuros lan\u00e7amentos.<\/p>\n\n\n\n<h2 class=\"wp-block-heading\"><strong>O que podemos esperar do futuro dos tablets Redmi?<\/strong><\/h2>\n\n\n\n<p>Com o lan\u00e7amento do&nbsp;<strong>Redmi Pad 2<\/strong>, a expectativa \u00e9 que a Redmi continue a expandir sua linha de tablets, introduzindo inova\u00e7\u00f5es e recursos que atendam \u00e0s necessidades dos usu\u00e1rios modernos. A empresa pode explorar novas tecnologias, como telas de maior resolu\u00e7\u00e3o, processadores mais potentes e recursos de conectividade aprimorados.<\/p>\n\n\n\n<p>O futuro dos tablets Redmi parece promissor, com potencial para continuar a oferecer produtos que combinam funcionalidade e acessibilidade. \u00c0 medida que a tecnologia avan\u00e7a, a empresa tem a oportunidade de redefinir o que os consumidores podem esperar de um tablet econ\u00f4mico, mantendo-se competitiva em um mercado em constante evolu\u00e7\u00e3o.<\/p>\n","protected":false},"excerpt":{"rendered":"<p>O aguardado lan\u00e7amento do Redmi Pad 2 est\u00e1 pr\u00f3ximo. Conhe\u00e7a as especifica\u00e7\u00f5es esperadas.<\/p>\n","protected":false},"author":3,"featured_media":15130,"comment_status":"open","ping_status":"open","sticky":false,"template":"","format":"standard","meta":{"_yoast_wpseo_focuskw":"Redmi Pad 2","_yoast_wpseo_title":"%%title%%","_yoast_wpseo_metadesc":"O aguardado lan\u00e7amento do Redmi Pad 2 est\u00e1 pr\u00f3ximo. Conhe\u00e7a as especifica\u00e7\u00f5es esperadas.","jnews-multi-image_gallery":[],"jnews_single_post":{"format":"standard"},"jnews_primary_category":[],"jnews_social_meta":[],"jnews_override_counter":[],"footnotes":""},"categories":[115],"tags":[365,2291],"class_list":["post-15128","post","type-post","status-publish","format-standard","has-post-thumbnail","hentry","category-tecnologia","tag-redmi","tag-redmi-pad"],"yoast_head":"<!-- This site is optimized with the Yoast SEO plugin v24.6 - https:\/\/yoast.com\/wordpress\/plugins\/seo\/ -->\n<title>Redmi Pad 2 pode ser lan\u00e7ado em breve, veja novidades<\/title>\n<meta name=\"description\" content=\"O aguardado lan\u00e7amento do Redmi Pad 2 est\u00e1 pr\u00f3ximo. Conhe\u00e7a as especifica\u00e7\u00f5es esperadas.\" \/>\n<meta name=\"robots\" content=\"index, follow, max-snippet:-1, max-image-preview:large, max-video-preview:-1\" \/>\n<link rel=\"canonical\" href=\"https:\/\/www.correiobraziliense.com.br\/cbradar\/redmi-pad-2-pode-ser-lancado-em-breve-veja-novidades\/\" \/>\n<meta property=\"og:locale\" content=\"pt_BR\" \/>\n<meta property=\"og:type\" content=\"article\" \/>\n<meta property=\"og:title\" content=\"Redmi Pad 2 pode ser lan\u00e7ado em breve, veja novidades\" \/>\n<meta property=\"og:description\" content=\"O aguardado lan\u00e7amento do Redmi Pad 2 est\u00e1 pr\u00f3ximo. Conhe\u00e7a as especifica\u00e7\u00f5es esperadas.\" \/>\n<meta property=\"og:url\" content=\"https:\/\/www.correiobraziliense.com.br\/cbradar\/redmi-pad-2-pode-ser-lancado-em-breve-veja-novidades\/\" \/>\n<meta property=\"og:site_name\" content=\"Correio Braziliense - Radar\" \/>\n<meta property=\"article:published_time\" content=\"2025-03-25T01:30:00+00:00\" \/>\n<meta property=\"og:image\" content=\"https:\/\/www.correiobraziliense.com.br\/cbradar\/wp-content\/uploads\/2025\/03\/Redmi-Pad-2.png\" \/>\n\t<meta property=\"og:image:width\" content=\"1280\" \/>\n\t<meta property=\"og:image:height\" content=\"720\" \/>\n\t<meta property=\"og:image:type\" content=\"image\/png\" \/>\n<meta name=\"author\" content=\"Larissa Carvalho\" \/>\n<meta name=\"twitter:card\" content=\"summary_large_image\" \/>\n<meta name=\"twitter:label1\" content=\"Escrito por\" \/>\n\t<meta name=\"twitter:data1\" content=\"Larissa Carvalho\" \/>\n\t<meta name=\"twitter:label2\" content=\"Est. tempo de leitura\" \/>\n\t<meta name=\"twitter:data2\" content=\"4 minutos\" \/>\n<!-- \/ Yoast SEO plugin. -->","yoast_head_json":{"title":"Redmi Pad 2 pode ser lan\u00e7ado em breve, veja novidades","description":"O aguardado lan\u00e7amento do Redmi Pad 2 est\u00e1 pr\u00f3ximo. Conhe\u00e7a as especifica\u00e7\u00f5es esperadas.","robots":{"index":"index","follow":"follow","max-snippet":"max-snippet:-1","max-image-preview":"max-image-preview:large","max-video-preview":"max-video-preview:-1"},"canonical":"https:\/\/www.correiobraziliense.com.br\/cbradar\/redmi-pad-2-pode-ser-lancado-em-breve-veja-novidades\/","og_locale":"pt_BR","og_type":"article","og_title":"Redmi Pad 2 pode ser lan\u00e7ado em breve, veja novidades","og_description":"O aguardado lan\u00e7amento do Redmi Pad 2 est\u00e1 pr\u00f3ximo. Conhe\u00e7a as especifica\u00e7\u00f5es esperadas.","og_url":"https:\/\/www.correiobraziliense.com.br\/cbradar\/redmi-pad-2-pode-ser-lancado-em-breve-veja-novidades\/","og_site_name":"Correio Braziliense - Radar","article_published_time":"2025-03-25T01:30:00+00:00","og_image":[{"width":1280,"height":720,"url":"https:\/\/www.correiobraziliense.com.br\/cbradar\/wp-content\/uploads\/2025\/03\/Redmi-Pad-2.png","type":"image\/png"}],"author":"Larissa Carvalho","twitter_card":"summary_large_image","twitter_misc":{"Escrito por":"Larissa Carvalho","Est. tempo de leitura":"4 minutos"},"schema":{"@context":"https:\/\/schema.org","@graph":[{"@type":"WebPage","@id":"https:\/\/www.correiobraziliense.com.br\/cbradar\/redmi-pad-2-pode-ser-lancado-em-breve-veja-novidades\/","url":"https:\/\/www.correiobraziliense.com.br\/cbradar\/redmi-pad-2-pode-ser-lancado-em-breve-veja-novidades\/","name":"Redmi Pad 2 pode ser lan\u00e7ado em breve, veja novidades","isPartOf":{"@id":"https:\/\/www.correiobraziliense.com.br\/cbradar\/#website"},"primaryImageOfPage":{"@id":"https:\/\/www.correiobraziliense.com.br\/cbradar\/redmi-pad-2-pode-ser-lancado-em-breve-veja-novidades\/#primaryimage"},"image":{"@id":"https:\/\/www.correiobraziliense.com.br\/cbradar\/redmi-pad-2-pode-ser-lancado-em-breve-veja-novidades\/#primaryimage"},"thumbnailUrl":"https:\/\/www.correiobraziliense.com.br\/cbradar\/wp-content\/uploads\/2025\/03\/Redmi-Pad-2.png","datePublished":"2025-03-25T01:30:00+00:00","author":{"@id":"https:\/\/www.correiobraziliense.com.br\/cbradar\/#\/schema\/person\/58422787644df994b53a19d3e56c1513"},"description":"O aguardado lan\u00e7amento do Redmi Pad 2 est\u00e1 pr\u00f3ximo. Conhe\u00e7a as especifica\u00e7\u00f5es esperadas.","breadcrumb":{"@id":"https:\/\/www.correiobraziliense.com.br\/cbradar\/redmi-pad-2-pode-ser-lancado-em-breve-veja-novidades\/#breadcrumb"},"inLanguage":"pt-BR","potentialAction":[{"@type":"ReadAction","target":["https:\/\/www.correiobraziliense.com.br\/cbradar\/redmi-pad-2-pode-ser-lancado-em-breve-veja-novidades\/"]}]},{"@type":"ImageObject","inLanguage":"pt-BR","@id":"https:\/\/www.correiobraziliense.com.br\/cbradar\/redmi-pad-2-pode-ser-lancado-em-breve-veja-novidades\/#primaryimage","url":"https:\/\/www.correiobraziliense.com.br\/cbradar\/wp-content\/uploads\/2025\/03\/Redmi-Pad-2.png","contentUrl":"https:\/\/www.correiobraziliense.com.br\/cbradar\/wp-content\/uploads\/2025\/03\/Redmi-Pad-2.png","width":1280,"height":720,"caption":"Redmi Pad 2. Fonte: divulga\u00e7\u00e3o \/ Redmi"},{"@type":"BreadcrumbList","@id":"https:\/\/www.correiobraziliense.com.br\/cbradar\/redmi-pad-2-pode-ser-lancado-em-breve-veja-novidades\/#breadcrumb","itemListElement":[{"@type":"ListItem","position":1,"name":"In\u00edcio","item":"https:\/\/www.correiobraziliense.com.br\/cbradar\/"},{"@type":"ListItem","position":2,"name":"Redmi Pad 2 pode ser lan\u00e7ado em breve, veja novidades"}]},{"@type":"WebSite","@id":"https:\/\/www.correiobraziliense.com.br\/cbradar\/#website","url":"https:\/\/www.correiobraziliense.com.br\/cbradar\/","name":"Correio Braziliense - Radar","description":"Acompanhe as \u00faltimas not\u00edcias e fique bem informado sobre tudo o que acontece no Brasil e no mundo.","potentialAction":[{"@type":"SearchAction","target":{"@type":"EntryPoint","urlTemplate":"https:\/\/www.correiobraziliense.com.br\/cbradar\/?s={search_term_string}"},"query-input":{"@type":"PropertyValueSpecification","valueRequired":true,"valueName":"search_term_string"}}],"inLanguage":"pt-BR"},{"@type":"Person","@id":"https:\/\/www.correiobraziliense.com.br\/cbradar\/#\/schema\/person\/58422787644df994b53a19d3e56c1513","name":"Larissa Carvalho","image":{"@type":"ImageObject","inLanguage":"pt-BR","@id":"https:\/\/www.correiobraziliense.com.br\/cbradar\/#\/schema\/person\/image\/","url":"https:\/\/secure.gravatar.com\/avatar\/fe4f91a0de32b52a838d0d612abdc1aa?s=96&d=mm&r=g","contentUrl":"https:\/\/secure.gravatar.com\/avatar\/fe4f91a0de32b52a838d0d612abdc1aa?s=96&d=mm&r=g","caption":"Larissa Carvalho"},"url":"https:\/\/www.correiobraziliense.com.br\/cbradar\/author\/larissamyth\/"}]}},"_links":{"self":[{"href":"https:\/\/www.correiobraziliense.com.br\/cbradar\/wp-json\/wp\/v2\/posts\/15128","targetHints":{"allow":["GET"]}}],"collection":[{"href":"https:\/\/www.correiobraziliense.com.br\/cbradar\/wp-json\/wp\/v2\/posts"}],"about":[{"href":"https:\/\/www.correiobraziliense.com.br\/cbradar\/wp-json\/wp\/v2\/types\/post"}],"author":[{"embeddable":true,"href":"https:\/\/www.correiobraziliense.com.br\/cbradar\/wp-json\/wp\/v2\/users\/3"}],"replies":[{"embeddable":true,"href":"https:\/\/www.correiobraziliense.com.br\/cbradar\/wp-json\/wp\/v2\/comments?post=15128"}],"version-history":[{"count":1,"href":"https:\/\/www.correiobraziliense.com.br\/cbradar\/wp-json\/wp\/v2\/posts\/15128\/revisions"}],"predecessor-version":[{"id":15131,"href":"https:\/\/www.correiobraziliense.com.br\/cbradar\/wp-json\/wp\/v2\/posts\/15128\/revisions\/15131"}],"wp:featuredmedia":[{"embeddable":true,"href":"https:\/\/www.correiobraziliense.com.br\/cbradar\/wp-json\/wp\/v2\/media\/15130"}],"wp:attachment":[{"href":"https:\/\/www.correiobraziliense.com.br\/cbradar\/wp-json\/wp\/v2\/media?parent=15128"}],"wp:term":[{"taxonomy":"category","embeddable":true,"href":"https:\/\/www.correiobraziliense.com.br\/cbradar\/wp-json\/wp\/v2\/categories?post=15128"},{"taxonomy":"post_tag","embeddable":true,"href":"https:\/\/www.correiobraziliense.com.br\/cbradar\/wp-json\/wp\/v2\/tags?post=15128"}],"curies":[{"name":"wp","href":"https:\/\/api.w.org\/{rel}","templated":true}]}}