{"id":15132,"date":"2025-03-24T21:23:00","date_gmt":"2025-03-25T00:23:00","guid":{"rendered":"https:\/\/www.correiobraziliense.com.br\/cbradar\/?p=15132"},"modified":"2025-03-22T16:42:24","modified_gmt":"2025-03-22T19:42:24","slug":"essa-e-a-quantidade-de-horas-que-um-adulto-precisa-dormir","status":"publish","type":"post","link":"https:\/\/www.correiobraziliense.com.br\/cbradar\/essa-e-a-quantidade-de-horas-que-um-adulto-precisa-dormir\/","title":{"rendered":"Essa \u00e9 a quantidade de horas que um adulto precisa dormir"},"content":{"rendered":"\n<p>Durante a Semana Mundial do Sono, especialistas destacaram a relev\u00e2ncia da higiene do sono para a sa\u00fade geral. O sono adequado \u00e9 essencial para o funcionamento do corpo e da mente, e sua priva\u00e7\u00e3o pode levar a uma s\u00e9rie de problemas de sa\u00fade. A quantidade ideal de sono pode variar entre indiv\u00edduos, mas \u00e9 geralmente aceito que adultos necessitam de pelo menos seis a sete horas de sono por noite.<\/p>\n\n\n\n<p>O sono insuficiente \u00e9 um problema crescente na sociedade moderna, exacerbado pelo uso excessivo de dispositivos eletr\u00f4nicos e pela exposi\u00e7\u00e3o \u00e0 luz artificial. Essa priva\u00e7\u00e3o de sono n\u00e3o s\u00f3 afeta o humor e a produtividade, mas tamb\u00e9m pode ter consequ\u00eancias mais graves para a sa\u00fade f\u00edsica e mental a longo prazo.<\/p>\n\n\n\n<h2 class=\"wp-block-heading\"><strong>Quais s\u00e3o os riscos da priva\u00e7\u00e3o de sono?<\/strong><\/h2>\n\n\n\n<p>A priva\u00e7\u00e3o cr\u00f4nica de sono pode ter impactos significativos na sa\u00fade. Estudos indicam que a falta de sono pode levar a problemas como obesidade, diabetes, doen\u00e7as cardiovasculares e at\u00e9 mesmo depress\u00e3o. Al\u00e9m disso, a priva\u00e7\u00e3o de sono afeta a capacidade cognitiva, diminuindo a concentra\u00e7\u00e3o e a mem\u00f3ria.<\/p>\n\n\n\n<p>Um padr\u00e3o comum observado \u00e9 o de &#8220;restri\u00e7\u00e3o e recupera\u00e7\u00e3o&#8221;, onde as pessoas dormem pouco durante a semana e tentam compensar nos fins de semana. No entanto, essa estrat\u00e9gia n\u00e3o \u00e9 eficaz, pois o sono perdido n\u00e3o pode ser completamente recuperado. Assim como a alimenta\u00e7\u00e3o, o sono deve ser regular e consistente para garantir seus benef\u00edcios.<\/p>\n\n\n\n<figure class=\"wp-block-image size-large\"><img decoding=\"async\" width=\"1024\" height=\"576\" src=\"https:\/\/www.correiobraziliense.com.br\/cbradar\/wp-content\/uploads\/2025\/03\/dormir_1742671855918-1024x576.jpg\" alt=\"Essa \u00e9 a quantidade de horas que um adulto precisa dormir\" class=\"wp-image-15134\" srcset=\"https:\/\/www.correiobraziliense.com.br\/cbradar\/wp-content\/uploads\/2025\/03\/dormir_1742671855918-1024x576.jpg 1024w, https:\/\/www.correiobraziliense.com.br\/cbradar\/wp-content\/uploads\/2025\/03\/dormir_1742671855918-300x169.jpg 300w, https:\/\/www.correiobraziliense.com.br\/cbradar\/wp-content\/uploads\/2025\/03\/dormir_1742671855918-768x432.jpg 768w, https:\/\/www.correiobraziliense.com.br\/cbradar\/wp-content\/uploads\/2025\/03\/dormir_1742671855918-750x422.jpg 750w, https:\/\/www.correiobraziliense.com.br\/cbradar\/wp-content\/uploads\/2025\/03\/dormir_1742671855918-1140x641.jpg 1140w, https:\/\/www.correiobraziliense.com.br\/cbradar\/wp-content\/uploads\/2025\/03\/dormir_1742671855918.jpg 1280w\" sizes=\"(max-width: 1024px) 100vw, 1024px\" \/><figcaption class=\"wp-element-caption\">dormir. Cr\u00e9ditos: depositphotos.com \/ AllaSerebrina<\/figcaption><\/figure>\n\n\n\n<h2 class=\"wp-block-heading\"><strong>Como melhorar a qualidade do sono?<\/strong><\/h2>\n\n\n\n<p>Para melhorar a qualidade do sono, \u00e9 importante adotar pr\u00e1ticas de higiene do sono. Isso inclui manter um hor\u00e1rio regular para dormir e acordar, mesmo nos fins de semana, e criar um ambiente prop\u00edcio ao sono, como um quarto escuro e silencioso. Evitar o uso de dispositivos eletr\u00f4nicos antes de dormir tamb\u00e9m \u00e9 crucial, pois a luz azul emitida por esses aparelhos pode interferir na produ\u00e7\u00e3o de melatonina, o horm\u00f4nio do sono.<\/p>\n\n\n\n<ul class=\"wp-block-list\">\n<li>Estabelecer uma rotina relaxante antes de dormir, como ler um livro ou tomar um banho quente.<\/li>\n\n\n\n<li>Evitar cafe\u00edna e refei\u00e7\u00f5es pesadas pr\u00f3ximas \u00e0 hora de dormir.<\/li>\n\n\n\n<li>Praticar exerc\u00edcios f\u00edsicos regularmente, mas n\u00e3o muito perto da hora de dormir.<\/li>\n<\/ul>\n\n\n\n<h2 class=\"wp-block-heading\"><strong>Como a idade afeta o sono?<\/strong><\/h2>\n\n\n\n<p>Com o avan\u00e7o da idade, a qualidade do sono pode diminuir, tornando ainda mais importante a ado\u00e7\u00e3o de h\u00e1bitos saud\u00e1veis de sono. Pessoas mais velhas podem ter dificuldade em adormecer ou permanecer dormindo, e a recupera\u00e7\u00e3o do sono perdido se torna mais dif\u00edcil. Portanto, \u00e9 crucial estabelecer uma rotina de sono desde cedo para minimizar os impactos negativos na sa\u00fade \u00e0 medida que se envelhece.<\/p>\n\n\n\n<p>Em suma, a higiene do sono \u00e9 uma parte fundamental da sa\u00fade e do bem-estar geral. Ao adotar pr\u00e1ticas saud\u00e1veis de sono, \u00e9 poss\u00edvel melhorar a qualidade de vida e prevenir uma s\u00e9rie de problemas de sa\u00fade associados \u00e0 priva\u00e7\u00e3o de sono.<\/p>\n","protected":false},"excerpt":{"rendered":"<p>Higiene do sono \u00e9 crucial para a sa\u00fade f\u00edsica e mental. Descubra os riscos da priva\u00e7\u00e3o de sono e dicas para melhorar sua qualidade.<\/p>\n","protected":false},"author":3,"featured_media":15133,"comment_status":"open","ping_status":"open","sticky":false,"template":"","format":"standard","meta":{"_yoast_wpseo_focuskw":"quantidade horas","_yoast_wpseo_title":"%%title%%","_yoast_wpseo_metadesc":"Higiene do sono \u00e9 crucial para a sa\u00fade f\u00edsica e mental. Descubra os riscos da priva\u00e7\u00e3o de sono e dicas para melhorar sua qualidade.","jnews-multi-image_gallery":[],"jnews_single_post":{"format":"standard"},"jnews_primary_category":[],"jnews_social_meta":[],"jnews_override_counter":[],"footnotes":""},"categories":[119],"tags":[2222,1313],"class_list":["post-15132","post","type-post","status-publish","format-standard","has-post-thumbnail","hentry","category-bem-estar","tag-qualidade-do-sono","tag-sono"],"yoast_head":"<!-- This site is optimized with the Yoast SEO plugin v24.6 - https:\/\/yoast.com\/wordpress\/plugins\/seo\/ -->\n<title>Essa \u00e9 a quantidade de horas que um adulto precisa dormir<\/title>\n<meta name=\"description\" content=\"Higiene do sono \u00e9 crucial para a sa\u00fade f\u00edsica e mental. Descubra os riscos da priva\u00e7\u00e3o de sono e dicas para melhorar sua qualidade.\" \/>\n<meta name=\"robots\" content=\"index, follow, max-snippet:-1, max-image-preview:large, max-video-preview:-1\" \/>\n<link rel=\"canonical\" href=\"https:\/\/www.correiobraziliense.com.br\/cbradar\/essa-e-a-quantidade-de-horas-que-um-adulto-precisa-dormir\/\" \/>\n<meta property=\"og:locale\" content=\"pt_BR\" \/>\n<meta property=\"og:type\" content=\"article\" \/>\n<meta property=\"og:title\" content=\"Essa \u00e9 a quantidade de horas que um adulto precisa dormir\" \/>\n<meta property=\"og:description\" content=\"Higiene do sono \u00e9 crucial para a sa\u00fade f\u00edsica e mental. Descubra os riscos da priva\u00e7\u00e3o de sono e dicas para melhorar sua qualidade.\" \/>\n<meta property=\"og:url\" content=\"https:\/\/www.correiobraziliense.com.br\/cbradar\/essa-e-a-quantidade-de-horas-que-um-adulto-precisa-dormir\/\" \/>\n<meta property=\"og:site_name\" content=\"Correio Braziliense - Radar\" \/>\n<meta property=\"article:published_time\" content=\"2025-03-25T00:23:00+00:00\" \/>\n<meta property=\"og:image\" content=\"https:\/\/www.correiobraziliense.com.br\/cbradar\/wp-content\/uploads\/2025\/03\/dormir_1742671823584.jpg\" \/>\n\t<meta property=\"og:image:width\" content=\"1279\" \/>\n\t<meta property=\"og:image:height\" content=\"720\" \/>\n\t<meta property=\"og:image:type\" content=\"image\/jpeg\" \/>\n<meta name=\"author\" content=\"Larissa Carvalho\" \/>\n<meta name=\"twitter:card\" content=\"summary_large_image\" \/>\n<meta name=\"twitter:label1\" content=\"Escrito por\" \/>\n\t<meta name=\"twitter:data1\" content=\"Larissa Carvalho\" \/>\n\t<meta name=\"twitter:label2\" content=\"Est. tempo de leitura\" \/>\n\t<meta name=\"twitter:data2\" content=\"3 minutos\" \/>\n<!-- \/ Yoast SEO plugin. -->","yoast_head_json":{"title":"Essa \u00e9 a quantidade de horas que um adulto precisa dormir","description":"Higiene do sono \u00e9 crucial para a sa\u00fade f\u00edsica e mental. Descubra os riscos da priva\u00e7\u00e3o de sono e dicas para melhorar sua qualidade.","robots":{"index":"index","follow":"follow","max-snippet":"max-snippet:-1","max-image-preview":"max-image-preview:large","max-video-preview":"max-video-preview:-1"},"canonical":"https:\/\/www.correiobraziliense.com.br\/cbradar\/essa-e-a-quantidade-de-horas-que-um-adulto-precisa-dormir\/","og_locale":"pt_BR","og_type":"article","og_title":"Essa \u00e9 a quantidade de horas que um adulto precisa dormir","og_description":"Higiene do sono \u00e9 crucial para a sa\u00fade f\u00edsica e mental. Descubra os riscos da priva\u00e7\u00e3o de sono e dicas para melhorar sua qualidade.","og_url":"https:\/\/www.correiobraziliense.com.br\/cbradar\/essa-e-a-quantidade-de-horas-que-um-adulto-precisa-dormir\/","og_site_name":"Correio Braziliense - Radar","article_published_time":"2025-03-25T00:23:00+00:00","og_image":[{"width":1279,"height":720,"url":"https:\/\/www.correiobraziliense.com.br\/cbradar\/wp-content\/uploads\/2025\/03\/dormir_1742671823584.jpg","type":"image\/jpeg"}],"author":"Larissa Carvalho","twitter_card":"summary_large_image","twitter_misc":{"Escrito por":"Larissa Carvalho","Est. tempo de leitura":"3 minutos"},"schema":{"@context":"https:\/\/schema.org","@graph":[{"@type":"WebPage","@id":"https:\/\/www.correiobraziliense.com.br\/cbradar\/essa-e-a-quantidade-de-horas-que-um-adulto-precisa-dormir\/","url":"https:\/\/www.correiobraziliense.com.br\/cbradar\/essa-e-a-quantidade-de-horas-que-um-adulto-precisa-dormir\/","name":"Essa \u00e9 a quantidade de horas que um adulto precisa dormir","isPartOf":{"@id":"https:\/\/www.correiobraziliense.com.br\/cbradar\/#website"},"primaryImageOfPage":{"@id":"https:\/\/www.correiobraziliense.com.br\/cbradar\/essa-e-a-quantidade-de-horas-que-um-adulto-precisa-dormir\/#primaryimage"},"image":{"@id":"https:\/\/www.correiobraziliense.com.br\/cbradar\/essa-e-a-quantidade-de-horas-que-um-adulto-precisa-dormir\/#primaryimage"},"thumbnailUrl":"https:\/\/www.correiobraziliense.com.br\/cbradar\/wp-content\/uploads\/2025\/03\/dormir_1742671823584.jpg","datePublished":"2025-03-25T00:23:00+00:00","author":{"@id":"https:\/\/www.correiobraziliense.com.br\/cbradar\/#\/schema\/person\/58422787644df994b53a19d3e56c1513"},"description":"Higiene do sono \u00e9 crucial para a sa\u00fade f\u00edsica e mental. Descubra os riscos da priva\u00e7\u00e3o de sono e dicas para melhorar sua qualidade.","breadcrumb":{"@id":"https:\/\/www.correiobraziliense.com.br\/cbradar\/essa-e-a-quantidade-de-horas-que-um-adulto-precisa-dormir\/#breadcrumb"},"inLanguage":"pt-BR","potentialAction":[{"@type":"ReadAction","target":["https:\/\/www.correiobraziliense.com.br\/cbradar\/essa-e-a-quantidade-de-horas-que-um-adulto-precisa-dormir\/"]}]},{"@type":"ImageObject","inLanguage":"pt-BR","@id":"https:\/\/www.correiobraziliense.com.br\/cbradar\/essa-e-a-quantidade-de-horas-que-um-adulto-precisa-dormir\/#primaryimage","url":"https:\/\/www.correiobraziliense.com.br\/cbradar\/wp-content\/uploads\/2025\/03\/dormir_1742671823584.jpg","contentUrl":"https:\/\/www.correiobraziliense.com.br\/cbradar\/wp-content\/uploads\/2025\/03\/dormir_1742671823584.jpg","width":1279,"height":720,"caption":"dormir. Cr\u00e9ditos: depositphotos.com \/ nnudoo"},{"@type":"BreadcrumbList","@id":"https:\/\/www.correiobraziliense.com.br\/cbradar\/essa-e-a-quantidade-de-horas-que-um-adulto-precisa-dormir\/#breadcrumb","itemListElement":[{"@type":"ListItem","position":1,"name":"In\u00edcio","item":"https:\/\/www.correiobraziliense.com.br\/cbradar\/"},{"@type":"ListItem","position":2,"name":"Essa \u00e9 a quantidade de horas que um adulto precisa dormir"}]},{"@type":"WebSite","@id":"https:\/\/www.correiobraziliense.com.br\/cbradar\/#website","url":"https:\/\/www.correiobraziliense.com.br\/cbradar\/","name":"Correio Braziliense - Radar","description":"Acompanhe as \u00faltimas not\u00edcias e fique bem informado sobre tudo o que acontece no Brasil e no mundo.","potentialAction":[{"@type":"SearchAction","target":{"@type":"EntryPoint","urlTemplate":"https:\/\/www.correiobraziliense.com.br\/cbradar\/?s={search_term_string}"},"query-input":{"@type":"PropertyValueSpecification","valueRequired":true,"valueName":"search_term_string"}}],"inLanguage":"pt-BR"},{"@type":"Person","@id":"https:\/\/www.correiobraziliense.com.br\/cbradar\/#\/schema\/person\/58422787644df994b53a19d3e56c1513","name":"Larissa Carvalho","image":{"@type":"ImageObject","inLanguage":"pt-BR","@id":"https:\/\/www.correiobraziliense.com.br\/cbradar\/#\/schema\/person\/image\/","url":"https:\/\/secure.gravatar.com\/avatar\/fe4f91a0de32b52a838d0d612abdc1aa?s=96&d=mm&r=g","contentUrl":"https:\/\/secure.gravatar.com\/avatar\/fe4f91a0de32b52a838d0d612abdc1aa?s=96&d=mm&r=g","caption":"Larissa Carvalho"},"url":"https:\/\/www.correiobraziliense.com.br\/cbradar\/author\/larissamyth\/"}]}},"_links":{"self":[{"href":"https:\/\/www.correiobraziliense.com.br\/cbradar\/wp-json\/wp\/v2\/posts\/15132","targetHints":{"allow":["GET"]}}],"collection":[{"href":"https:\/\/www.correiobraziliense.com.br\/cbradar\/wp-json\/wp\/v2\/posts"}],"about":[{"href":"https:\/\/www.correiobraziliense.com.br\/cbradar\/wp-json\/wp\/v2\/types\/post"}],"author":[{"embeddable":true,"href":"https:\/\/www.correiobraziliense.com.br\/cbradar\/wp-json\/wp\/v2\/users\/3"}],"replies":[{"embeddable":true,"href":"https:\/\/www.correiobraziliense.com.br\/cbradar\/wp-json\/wp\/v2\/comments?post=15132"}],"version-history":[{"count":1,"href":"https:\/\/www.correiobraziliense.com.br\/cbradar\/wp-json\/wp\/v2\/posts\/15132\/revisions"}],"predecessor-version":[{"id":15135,"href":"https:\/\/www.correiobraziliense.com.br\/cbradar\/wp-json\/wp\/v2\/posts\/15132\/revisions\/15135"}],"wp:featuredmedia":[{"embeddable":true,"href":"https:\/\/www.correiobraziliense.com.br\/cbradar\/wp-json\/wp\/v2\/media\/15133"}],"wp:attachment":[{"href":"https:\/\/www.correiobraziliense.com.br\/cbradar\/wp-json\/wp\/v2\/media?parent=15132"}],"wp:term":[{"taxonomy":"category","embeddable":true,"href":"https:\/\/www.correiobraziliense.com.br\/cbradar\/wp-json\/wp\/v2\/categories?post=15132"},{"taxonomy":"post_tag","embeddable":true,"href":"https:\/\/www.correiobraziliense.com.br\/cbradar\/wp-json\/wp\/v2\/tags?post=15132"}],"curies":[{"name":"wp","href":"https:\/\/api.w.org\/{rel}","templated":true}]}}