{"id":151340,"date":"2025-12-07T07:55:00","date_gmt":"2025-12-07T10:55:00","guid":{"rendered":"https:\/\/www.correiobraziliense.com.br\/cbradar\/?p=151340"},"modified":"2025-12-06T23:29:46","modified_gmt":"2025-12-07T02:29:46","slug":"essa-cidade-de-sao-paulo-se-destaca-para-quem-busca-vida-digna-tranquila-e-com-bem-estar","status":"publish","type":"post","link":"https:\/\/www.correiobraziliense.com.br\/cbradar\/essa-cidade-de-sao-paulo-se-destaca-para-quem-busca-vida-digna-tranquila-e-com-bem-estar\/","title":{"rendered":"Essa cidade de S\u00e3o Paulo se destaca para quem busca vida digna, tranquila e com bem-estar"},"content":{"rendered":"\n<p>Considerar <strong>morar em S\u00e3o Caetano do Sul<\/strong> \u00e9 optar por viver na cidade que ostenta, h\u00e1 d\u00e9cadas, o t\u00edtulo de melhor <strong>\u00cdndice de Desenvolvimento Humano (IDH)<\/strong> do <strong>Brasil<\/strong>. Localizada na regi\u00e3o do <strong>ABC Paulista<\/strong>, colada a <strong>S\u00e3o Paulo<\/strong>, a cidade oferece uma experi\u00eancia urbana rara: acesso total a servi\u00e7os de metr\u00f3pole com a organiza\u00e7\u00e3o, limpeza e seguran\u00e7a de um munic\u00edpio planejado e compacto.<\/p>\n\n\n\n<h2 class=\"wp-block-heading\">Por que a cidade \u00e9 refer\u00eancia nacional em bem-estar?<\/h2>\n\n\n\n<p>A excepcional <strong>qualidade de vida<\/strong> \u00e9 fruto de uma gest\u00e3o eficiente em um territ\u00f3rio pequeno de somente 15 km\u00b2, o que garante que nenhum morador esteja longe de hospitais, escolas ou parques. A cidade \u00e9 100% urbanizada e possui indicadores sociais compar\u00e1veis aos de pa\u00edses europeus, com taxas de analfabetismo quase nulas e uma longevidade populacional elevada.<\/p>\n\n\n\n<p>A <strong>seguran\u00e7a p\u00fablica<\/strong> \u00e9 outro pilar fundamental, monitorada pelo<strong> CGE (Centro de Gerenciamento de Emerg\u00eancias) <\/strong>que vigia as entradas e sa\u00eddas da cidade com c\u00e2meras de \u00faltima gera\u00e7\u00e3o. Isso cria uma &#8220;ilha&#8221; de tranquilidade dentro da Grande S\u00e3o Paulo, atraindo fam\u00edlias que desejam caminhar nas ruas e usufruir dos espa\u00e7os p\u00fablicos sem o medo constante da viol\u00eancia urbana.<\/p>\n\n\n<div class=\"wp-block-image\">\n<figure class=\"aligncenter size-large\"><img decoding=\"async\" width=\"1024\" height=\"576\" src=\"https:\/\/www.correiobraziliense.com.br\/cbradar\/wp-content\/uploads\/2025\/09\/Design-sem-nome-28-1024x576.png\" alt=\"Essa cidade de S\u00e3o Paulo se destaca para quem busca vida digna, tranquila e com bem-estar\" class=\"wp-image-106342\" srcset=\"https:\/\/www.correiobraziliense.com.br\/cbradar\/wp-content\/uploads\/2025\/09\/Design-sem-nome-28-1024x576.png 1024w, https:\/\/www.correiobraziliense.com.br\/cbradar\/wp-content\/uploads\/2025\/09\/Design-sem-nome-28-300x169.png 300w, https:\/\/www.correiobraziliense.com.br\/cbradar\/wp-content\/uploads\/2025\/09\/Design-sem-nome-28-768x432.png 768w, https:\/\/www.correiobraziliense.com.br\/cbradar\/wp-content\/uploads\/2025\/09\/Design-sem-nome-28-750x422.png 750w, https:\/\/www.correiobraziliense.com.br\/cbradar\/wp-content\/uploads\/2025\/09\/Design-sem-nome-28-1140x641.png 1140w, https:\/\/www.correiobraziliense.com.br\/cbradar\/wp-content\/uploads\/2025\/09\/Design-sem-nome-28.png 1280w\" sizes=\"(max-width: 1024px) 100vw, 1024px\" \/><figcaption class=\"wp-element-caption\">Rotina tranquila, ruas arborizadas e bem-estar fazem de S\u00e3o Caetano do Sul um modelo de cidade moderna. \/\/ Cr\u00e9ditos: YouTube @ACDrone<\/figcaption><\/figure><\/div>\n\n\n<h2 class=\"wp-block-heading\">Quais s\u00e3o os melhores bairros para morar?<\/h2>\n\n\n\n<p>A <strong>localiza\u00e7\u00e3o<\/strong> define o perfil do morador em S\u00e3o Caetano. O <strong>Bairro Cer\u00e2mica<\/strong> \u00e9 o mais moderno e valorizado, sede do <strong>ParkShopping S\u00e3o Caetano<\/strong> e de condom\u00ednios clubes luxuosos, ideal para executivos que buscam conveni\u00eancia e status. J\u00e1 o bairro <strong>Santa Paula<\/strong> oferece uma vida mais tradicional e &#8220;faz\u00edvel a p\u00e9&#8221;, com com\u00e9rcio de rua vibrante, padarias e pr\u00e9dios cl\u00e1ssicos.<\/p>\n\n\n\n<p>Para quem busca exclusividade, o <strong>Jardim S\u00e3o Caetano<\/strong> \u00e9 um reduto estritamente residencial de casas de alto padr\u00e3o e ruas arborizadas, conhecido pela tranquilidade absoluta. O bairro <strong>Barcelona<\/strong>, por sua vez, mistura tradi\u00e7\u00e3o oper\u00e1ria com novas empresas de tecnologia, atraindo um p\u00fablico jovem e din\u00e2mico pela proximidade com a esta\u00e7\u00e3o de trem e a universidade.<\/p>\n\n\n\n<p><strong>Procurando imagens em 8K de uma das cidades com o maior IDH do Brasil? <\/strong>O canal\u00a0<strong>Brasil Visto Por Drone<\/strong>, com mais de\u00a0<strong>6,5 mil visualiza\u00e7\u00f5es<\/strong>\u00a0neste conte\u00fado, oferece um voo panor\u00e2mico sobre S\u00e3o Caetano do Sul (SP), mostrando a densidade urbana, a organiza\u00e7\u00e3o e a qualidade de vida da metr\u00f3pole em imagens de alt\u00edssima resolu\u00e7\u00e3o:<\/p>\n\n\n\n<figure class=\"wp-block-embed is-type-video is-provider-youtube wp-block-embed-youtube wp-embed-aspect-16-9 wp-has-aspect-ratio\"><div class=\"wp-block-embed__wrapper\">\n<div class=\"jeg_video_container jeg_video_content\"><iframe loading=\"lazy\" title=\"S\u00c3O CAETANO DO SUL - SP - 8K\" width=\"500\" height=\"281\" src=\"https:\/\/www.youtube.com\/embed\/eGPlWN4L6DE?start=5&#038;feature=oembed\" frameborder=\"0\" allow=\"accelerometer; autoplay; clipboard-write; encrypted-media; gyroscope; picture-in-picture; web-share\" referrerpolicy=\"strict-origin-when-cross-origin\" allowfullscreen><\/iframe><\/div>\n<\/div><\/figure>\n\n\n\n<h2 class=\"wp-block-heading\">A sa\u00fade e a educa\u00e7\u00e3o realmente funcionam?<\/h2>\n\n\n\n<p>O sistema de <strong>educa\u00e7\u00e3o<\/strong> \u00e9 um modelo para o pa\u00eds, com escolas p\u00fablicas que oferecem ensino integral, tecnologia (laptops e tablets para alunos) e uniformes completos, competindo em qualidade com a rede privada. A cidade tamb\u00e9m abriga a <strong>USCS (Universidade Municipal de S\u00e3o Caetano do Sul)<\/strong>, fortalecendo o ambiente acad\u00eamico.<\/p>\n\n\n\n<p>Na <strong>sa\u00fade<\/strong>, o munic\u00edpio oferece uma rede de atendimento robusta, onde o tempo de espera \u00e9 significativamente menor do que a m\u00e9dia nacional. O programa &#8220;Sa\u00fade Perto de Voc\u00ea&#8221; garante que cada bairro tenha sua unidade b\u00e1sica bem equipada, al\u00e9m de contar com hospitais de refer\u00eancia que atendem a popula\u00e7\u00e3o com dignidade e efici\u00eancia.<\/p>\n\n\n<div class=\"wp-block-image\">\n<figure class=\"aligncenter size-large\"><img decoding=\"async\" width=\"1024\" height=\"576\" src=\"https:\/\/www.correiobraziliense.com.br\/cbradar\/wp-content\/uploads\/2025\/09\/Design-sem-nome-26-1024x576.png\" alt=\"Essa cidade de S\u00e3o Paulo se destaca para quem busca vida digna, tranquila e com bem-estar\" class=\"wp-image-106343\" srcset=\"https:\/\/www.correiobraziliense.com.br\/cbradar\/wp-content\/uploads\/2025\/09\/Design-sem-nome-26-1024x576.png 1024w, https:\/\/www.correiobraziliense.com.br\/cbradar\/wp-content\/uploads\/2025\/09\/Design-sem-nome-26-300x169.png 300w, https:\/\/www.correiobraziliense.com.br\/cbradar\/wp-content\/uploads\/2025\/09\/Design-sem-nome-26-768x432.png 768w, https:\/\/www.correiobraziliense.com.br\/cbradar\/wp-content\/uploads\/2025\/09\/Design-sem-nome-26-750x422.png 750w, https:\/\/www.correiobraziliense.com.br\/cbradar\/wp-content\/uploads\/2025\/09\/Design-sem-nome-26-1140x641.png 1140w, https:\/\/www.correiobraziliense.com.br\/cbradar\/wp-content\/uploads\/2025\/09\/Design-sem-nome-26.png 1280w\" sizes=\"(max-width: 1024px) 100vw, 1024px\" \/><figcaption class=\"wp-element-caption\">S\u00e3o Caetano do Sul lidera rankings nacionais de educa\u00e7\u00e3o, renda e qualidade de vida no pa\u00eds. \/\/ Cr\u00e9ditos: YouTube @ACDrone<\/figcaption><\/figure><\/div>\n\n\n<p><strong>Leia tamb\u00e9m: <a href=\"https:\/\/www.correiobraziliense.com.br\/cbradar\/a-hollywood-brasileira-esta-encantando-com-seu-turismo-cinematografico\/\" target=\"_blank\" rel=\"noreferrer noopener\">A Hollywood brasileira que est\u00e1 encantando com seu turismo cinematogr\u00e1fico.<\/a><\/strong><\/p>\n\n\n\n<h2 class=\"wp-block-heading\">O lazer vai al\u00e9m dos shoppings?<\/h2>\n\n\n\n<p>Embora o ParkShopping seja um centro de compras sofisticado, o <strong>lazer ao ar livre<\/strong> \u00e9 muito valorizado. O Espa\u00e7o Verde Chico Mendes \u00e9 o pulm\u00e3o da cidade, um parque com 140 mil m\u00b2 que recebe shows, eventos gastron\u00f4micos e fam\u00edlias nos fins de semana para pr\u00e1ticas esportivas.<\/p>\n\n\n\n<p>Veja a seguir os destaques que equilibram a rotina de trabalho e divers\u00e3o:<\/p>\n\n\n\n<ul class=\"wp-block-list\">\n<li><strong>Espa\u00e7o Verde Chico Mendes<\/strong>: O principal parque, com pistas de caminhada, lagos, quadras e palco para eventos culturais.<\/li>\n\n\n\n<li><strong>Rua Visconde de Inha\u00fama<\/strong>: Um shopping a c\u00e9u aberto no bairro Oswaldo Cruz, famoso pela variedade de lojas e servi\u00e7os.<\/li>\n\n\n\n<li><strong>ParkShopping S\u00e3o Caetano<\/strong>: Refer\u00eancia em compras de luxo, cinemas e restaurantes de alta gastronomia na regi\u00e3o do ABC.<\/li>\n\n\n\n<li><strong>Teatro Paulo Machado de Carvalho<\/strong>: Um dos palcos mais importantes da regi\u00e3o, com agenda constante de pe\u00e7as e shows musicais.<\/li>\n<\/ul>\n\n\n<div class=\"wp-block-image\">\n<figure class=\"aligncenter size-large\"><img decoding=\"async\" width=\"1024\" height=\"576\" src=\"https:\/\/www.correiobraziliense.com.br\/cbradar\/wp-content\/uploads\/2025\/06\/Edicoes-5-1-1024x576.png\" alt=\"Essa cidade de S\u00e3o Paulo se destaca para quem busca vida digna, tranquila e com bem-estar\" class=\"wp-image-51404\" srcset=\"https:\/\/www.correiobraziliense.com.br\/cbradar\/wp-content\/uploads\/2025\/06\/Edicoes-5-1-1024x576.png 1024w, https:\/\/www.correiobraziliense.com.br\/cbradar\/wp-content\/uploads\/2025\/06\/Edicoes-5-1-300x169.png 300w, https:\/\/www.correiobraziliense.com.br\/cbradar\/wp-content\/uploads\/2025\/06\/Edicoes-5-1-768x432.png 768w, https:\/\/www.correiobraziliense.com.br\/cbradar\/wp-content\/uploads\/2025\/06\/Edicoes-5-1-750x422.png 750w, https:\/\/www.correiobraziliense.com.br\/cbradar\/wp-content\/uploads\/2025\/06\/Edicoes-5-1-1140x641.png 1140w, https:\/\/www.correiobraziliense.com.br\/cbradar\/wp-content\/uploads\/2025\/06\/Edicoes-5-1.png 1280w\" sizes=\"(max-width: 1024px) 100vw, 1024px\" \/><figcaption class=\"wp-element-caption\">S\u00e3o Caetano do Sul, SP, destaca-se pelo alto IDH e excelente educa\u00e7\u00e3o p\u00fablica. \/ Reprodu\u00e7\u00e3o: Wikip\u00e9dia<\/figcaption><\/figure><\/div>\n\n\n<h2 class=\"wp-block-heading\">Melhor \u00e9poca para aproveitar a cidade?<\/h2>\n\n\n\n<p>O <strong>clima subtropical<\/strong> \u00e9 id\u00eantico ao da capital paulista, com a vantagem de ser uma cidade menos \u201cilha de calor\u201d devido \u00e0 arboriza\u00e7\u00e3o.<strong> <a href=\"https:\/\/www.climatempo.com.br\/previsao-do-tempo\/cidade\/548\/saocaetanodosul-sp\" target=\"_blank\" rel=\"noreferrer noopener\">Segundo o Climatempo<\/a><\/strong>, o ver\u00e3o \u00e9 quente e chuvoso, ideal para atividades indoor nos shoppings e clubes, enquanto o inverno seco e ameno convida a frequentar os festivais gastron\u00f4micos de rua e as famosas padarias da cidade.<\/p>\n\n\n\n<p>Confira abaixo o resumo das esta\u00e7\u00f5es e as atividades recomendadas para o cotidiano local:<\/p>\n\n\n\n<figure class=\"wp-block-table\"><table class=\"has-fixed-layout\"><thead><tr><th>Per\u00edodo (meses)<\/th><th>Temperatura m\u00e9dia<\/th><th>Clima<\/th><th>Atividades recomendadas<\/th><\/tr><\/thead><tbody><tr><td>Dezembro a Mar\u00e7o<\/td><td>28\u00b0C<\/td><td>Quente e chuvoso<\/td><td>Shoppings e clubes recreativos<\/td><\/tr><tr><td>Abril a Junho<\/td><td>22\u00b0C<\/td><td>Agrad\u00e1vel<\/td><td>Parque Chico Mendes e caminhadas<\/td><\/tr><tr><td>Julho a Agosto<\/td><td>16\u00b0C<\/td><td>Frio e seco<\/td><td>Gastronomia italiana e fondue<\/td><\/tr><tr><td>Setembro a Novembro<\/td><td>25\u00b0C<\/td><td>Ameno<\/td><td>Atividades esportivas e compras na Visconde<\/td><\/tr><\/tbody><\/table><\/figure>\n\n\n\n<h2 class=\"wp-block-heading\">S\u00e3o Caetano consolida-se como ilha de excel\u00eancia<\/h2>\n\n\n\n<p><strong>S\u00e3o Caetano consolida-se como uma verdadeira ilha de excel\u00eancia ao manter o melhor IDH do Brasil<\/strong>, resultado direto de uma popula\u00e7\u00e3o com alta escolaridade, longevidade e acesso a servi\u00e7os p\u00fablicos eficientes. A cidade preserva um padr\u00e3o de qualidade de vida dif\u00edcil de encontrar na regi\u00e3o metropolitana.<\/p>\n\n\n\n<p>A infraestrutura compacta facilita o dia a dia, permitindo acessar qualquer servi\u00e7o em poucos minutos, enquanto a sensa\u00e7\u00e3o de seguran\u00e7a monitorada garante liberdade para viver a cidade com tranquilidade. Esse conjunto de fatores refor\u00e7a S\u00e3o Caetano como um dos lugares mais completos e desejados para se morar no pa\u00eds.<\/p>\n","protected":false},"excerpt":{"rendered":"<p>Considerar morar em S\u00e3o Caetano do Sul \u00e9 optar por viver na cidade que ostenta, h\u00e1 d\u00e9cadas, o t\u00edtulo de melhor \u00cdndice de Desenvolvimento Humano (IDH) do Brasil. Localizada na regi\u00e3o do ABC Paulista, colada a S\u00e3o Paulo, a cidade oferece uma experi\u00eancia urbana rara: acesso total a servi\u00e7os de metr\u00f3pole com a organiza\u00e7\u00e3o, limpeza [&hellip;]<\/p>\n","protected":false},"author":8,"featured_media":106341,"comment_status":"open","ping_status":"open","sticky":false,"template":"","format":"standard","meta":{"_yoast_wpseo_focuskw":"cidade de s\u00e3o paulo","_yoast_wpseo_title":"","_yoast_wpseo_metadesc":"Uma cidade de S\u00e3o Paulo se destaca por oferecer vida digna, tranquila e cheia de bem-estar. Os motivos desse encanto chamam aten\u00e7\u00e3o.","jnews-multi-image_gallery":[],"jnews_single_post":{"format":"standard"},"jnews_primary_category":[],"jnews_social_meta":[],"jnews_override_counter":[],"footnotes":""},"categories":[108,111],"tags":[955,278],"class_list":["post-151340","post","type-post","status-publish","format-standard","has-post-thumbnail","hentry","category-cidades","category-turismo","tag-sao-caetano-do-sul","tag-sao-paulo"],"yoast_head":"<!-- This site is optimized with the Yoast SEO plugin v24.6 - https:\/\/yoast.com\/wordpress\/plugins\/seo\/ -->\n<title>Essa cidade de S\u00e3o Paulo se destaca para quem busca vida digna, tranquila e com bem-estar - Correio Braziliense - Radar<\/title>\n<meta name=\"description\" content=\"Uma cidade de S\u00e3o Paulo se destaca por oferecer vida digna, tranquila e cheia de bem-estar. Os motivos desse encanto chamam aten\u00e7\u00e3o.\" \/>\n<meta name=\"robots\" content=\"index, follow, max-snippet:-1, max-image-preview:large, max-video-preview:-1\" \/>\n<link rel=\"canonical\" href=\"https:\/\/www.correiobraziliense.com.br\/cbradar\/essa-cidade-de-sao-paulo-se-destaca-para-quem-busca-vida-digna-tranquila-e-com-bem-estar\/\" \/>\n<meta property=\"og:locale\" content=\"pt_BR\" \/>\n<meta property=\"og:type\" content=\"article\" \/>\n<meta property=\"og:title\" content=\"Essa cidade de S\u00e3o Paulo se destaca para quem busca vida digna, tranquila e com bem-estar - Correio Braziliense - Radar\" \/>\n<meta property=\"og:description\" content=\"Uma cidade de S\u00e3o Paulo se destaca por oferecer vida digna, tranquila e cheia de bem-estar. Os motivos desse encanto chamam aten\u00e7\u00e3o.\" \/>\n<meta property=\"og:url\" content=\"https:\/\/www.correiobraziliense.com.br\/cbradar\/essa-cidade-de-sao-paulo-se-destaca-para-quem-busca-vida-digna-tranquila-e-com-bem-estar\/\" \/>\n<meta property=\"og:site_name\" content=\"Correio Braziliense - Radar\" \/>\n<meta property=\"article:published_time\" content=\"2025-12-07T10:55:00+00:00\" \/>\n<meta property=\"og:image\" content=\"https:\/\/www.correiobraziliense.com.br\/cbradar\/wp-content\/uploads\/2025\/09\/Design-sem-nome-29.png\" \/>\n\t<meta property=\"og:image:width\" content=\"1280\" \/>\n\t<meta property=\"og:image:height\" content=\"720\" \/>\n\t<meta property=\"og:image:type\" content=\"image\/png\" \/>\n<meta name=\"author\" content=\"Maura Pereira\" \/>\n<meta name=\"twitter:card\" content=\"summary_large_image\" \/>\n<meta name=\"twitter:label1\" content=\"Escrito por\" \/>\n\t<meta name=\"twitter:data1\" content=\"Maura Pereira\" \/>\n\t<meta name=\"twitter:label2\" content=\"Est. tempo de leitura\" \/>\n\t<meta name=\"twitter:data2\" content=\"6 minutos\" \/>\n<!-- \/ Yoast SEO plugin. -->","yoast_head_json":{"title":"Essa cidade de S\u00e3o Paulo se destaca para quem busca vida digna, tranquila e com bem-estar - Correio Braziliense - Radar","description":"Uma cidade de S\u00e3o Paulo se destaca por oferecer vida digna, tranquila e cheia de bem-estar. Os motivos desse encanto chamam aten\u00e7\u00e3o.","robots":{"index":"index","follow":"follow","max-snippet":"max-snippet:-1","max-image-preview":"max-image-preview:large","max-video-preview":"max-video-preview:-1"},"canonical":"https:\/\/www.correiobraziliense.com.br\/cbradar\/essa-cidade-de-sao-paulo-se-destaca-para-quem-busca-vida-digna-tranquila-e-com-bem-estar\/","og_locale":"pt_BR","og_type":"article","og_title":"Essa cidade de S\u00e3o Paulo se destaca para quem busca vida digna, tranquila e com bem-estar - Correio Braziliense - Radar","og_description":"Uma cidade de S\u00e3o Paulo se destaca por oferecer vida digna, tranquila e cheia de bem-estar. Os motivos desse encanto chamam aten\u00e7\u00e3o.","og_url":"https:\/\/www.correiobraziliense.com.br\/cbradar\/essa-cidade-de-sao-paulo-se-destaca-para-quem-busca-vida-digna-tranquila-e-com-bem-estar\/","og_site_name":"Correio Braziliense - Radar","article_published_time":"2025-12-07T10:55:00+00:00","og_image":[{"width":1280,"height":720,"url":"https:\/\/www.correiobraziliense.com.br\/cbradar\/wp-content\/uploads\/2025\/09\/Design-sem-nome-29.png","type":"image\/png"}],"author":"Maura Pereira","twitter_card":"summary_large_image","twitter_misc":{"Escrito por":"Maura Pereira","Est. tempo de leitura":"6 minutos"},"schema":{"@context":"https:\/\/schema.org","@graph":[{"@type":"WebPage","@id":"https:\/\/www.correiobraziliense.com.br\/cbradar\/essa-cidade-de-sao-paulo-se-destaca-para-quem-busca-vida-digna-tranquila-e-com-bem-estar\/","url":"https:\/\/www.correiobraziliense.com.br\/cbradar\/essa-cidade-de-sao-paulo-se-destaca-para-quem-busca-vida-digna-tranquila-e-com-bem-estar\/","name":"Essa cidade de S\u00e3o Paulo se destaca para quem busca vida digna, tranquila e com bem-estar - Correio Braziliense - Radar","isPartOf":{"@id":"https:\/\/www.correiobraziliense.com.br\/cbradar\/#website"},"primaryImageOfPage":{"@id":"https:\/\/www.correiobraziliense.com.br\/cbradar\/essa-cidade-de-sao-paulo-se-destaca-para-quem-busca-vida-digna-tranquila-e-com-bem-estar\/#primaryimage"},"image":{"@id":"https:\/\/www.correiobraziliense.com.br\/cbradar\/essa-cidade-de-sao-paulo-se-destaca-para-quem-busca-vida-digna-tranquila-e-com-bem-estar\/#primaryimage"},"thumbnailUrl":"https:\/\/www.correiobraziliense.com.br\/cbradar\/wp-content\/uploads\/2025\/09\/Design-sem-nome-29.png","datePublished":"2025-12-07T10:55:00+00:00","author":{"@id":"https:\/\/www.correiobraziliense.com.br\/cbradar\/#\/schema\/person\/4053c651a9bfc785afc6f4cbc9032fd3"},"description":"Uma cidade de S\u00e3o Paulo se destaca por oferecer vida digna, tranquila e cheia de bem-estar. Os motivos desse encanto chamam aten\u00e7\u00e3o.","breadcrumb":{"@id":"https:\/\/www.correiobraziliense.com.br\/cbradar\/essa-cidade-de-sao-paulo-se-destaca-para-quem-busca-vida-digna-tranquila-e-com-bem-estar\/#breadcrumb"},"inLanguage":"pt-BR","potentialAction":[{"@type":"ReadAction","target":["https:\/\/www.correiobraziliense.com.br\/cbradar\/essa-cidade-de-sao-paulo-se-destaca-para-quem-busca-vida-digna-tranquila-e-com-bem-estar\/"]}]},{"@type":"ImageObject","inLanguage":"pt-BR","@id":"https:\/\/www.correiobraziliense.com.br\/cbradar\/essa-cidade-de-sao-paulo-se-destaca-para-quem-busca-vida-digna-tranquila-e-com-bem-estar\/#primaryimage","url":"https:\/\/www.correiobraziliense.com.br\/cbradar\/wp-content\/uploads\/2025\/09\/Design-sem-nome-29.png","contentUrl":"https:\/\/www.correiobraziliense.com.br\/cbradar\/wp-content\/uploads\/2025\/09\/Design-sem-nome-29.png","width":1280,"height":720,"caption":"S\u00e3o Caetano do Sul atrai fam\u00edlias e investidores com qualidade de vida, mobilidade e desenvolvimento sustent\u00e1vel. \/\/ Cr\u00e9ditos: YouTube @ACDrone"},{"@type":"BreadcrumbList","@id":"https:\/\/www.correiobraziliense.com.br\/cbradar\/essa-cidade-de-sao-paulo-se-destaca-para-quem-busca-vida-digna-tranquila-e-com-bem-estar\/#breadcrumb","itemListElement":[{"@type":"ListItem","position":1,"name":"In\u00edcio","item":"https:\/\/www.correiobraziliense.com.br\/cbradar\/"},{"@type":"ListItem","position":2,"name":"Essa cidade de S\u00e3o Paulo se destaca para quem busca vida digna, tranquila e com bem-estar"}]},{"@type":"WebSite","@id":"https:\/\/www.correiobraziliense.com.br\/cbradar\/#website","url":"https:\/\/www.correiobraziliense.com.br\/cbradar\/","name":"Correio Braziliense - Radar","description":"Acompanhe as \u00faltimas not\u00edcias e fique bem informado sobre tudo o que acontece no Brasil e no mundo.","potentialAction":[{"@type":"SearchAction","target":{"@type":"EntryPoint","urlTemplate":"https:\/\/www.correiobraziliense.com.br\/cbradar\/?s={search_term_string}"},"query-input":{"@type":"PropertyValueSpecification","valueRequired":true,"valueName":"search_term_string"}}],"inLanguage":"pt-BR"},{"@type":"Person","@id":"https:\/\/www.correiobraziliense.com.br\/cbradar\/#\/schema\/person\/4053c651a9bfc785afc6f4cbc9032fd3","name":"Maura Pereira","image":{"@type":"ImageObject","inLanguage":"pt-BR","@id":"https:\/\/www.correiobraziliense.com.br\/cbradar\/#\/schema\/person\/image\/","url":"https:\/\/secure.gravatar.com\/avatar\/3effd6bdadfa447f15089c7f7144eaa6?s=96&d=mm&r=g","contentUrl":"https:\/\/secure.gravatar.com\/avatar\/3effd6bdadfa447f15089c7f7144eaa6?s=96&d=mm&r=g","caption":"Maura Pereira"},"sameAs":["https:\/\/www.correiobraziliense.com.br\/"],"url":"https:\/\/www.correiobraziliense.com.br\/cbradar\/author\/mauramyth\/"}]}},"_links":{"self":[{"href":"https:\/\/www.correiobraziliense.com.br\/cbradar\/wp-json\/wp\/v2\/posts\/151340","targetHints":{"allow":["GET"]}}],"collection":[{"href":"https:\/\/www.correiobraziliense.com.br\/cbradar\/wp-json\/wp\/v2\/posts"}],"about":[{"href":"https:\/\/www.correiobraziliense.com.br\/cbradar\/wp-json\/wp\/v2\/types\/post"}],"author":[{"embeddable":true,"href":"https:\/\/www.correiobraziliense.com.br\/cbradar\/wp-json\/wp\/v2\/users\/8"}],"replies":[{"embeddable":true,"href":"https:\/\/www.correiobraziliense.com.br\/cbradar\/wp-json\/wp\/v2\/comments?post=151340"}],"version-history":[{"count":17,"href":"https:\/\/www.correiobraziliense.com.br\/cbradar\/wp-json\/wp\/v2\/posts\/151340\/revisions"}],"predecessor-version":[{"id":151436,"href":"https:\/\/www.correiobraziliense.com.br\/cbradar\/wp-json\/wp\/v2\/posts\/151340\/revisions\/151436"}],"wp:featuredmedia":[{"embeddable":true,"href":"https:\/\/www.correiobraziliense.com.br\/cbradar\/wp-json\/wp\/v2\/media\/106341"}],"wp:attachment":[{"href":"https:\/\/www.correiobraziliense.com.br\/cbradar\/wp-json\/wp\/v2\/media?parent=151340"}],"wp:term":[{"taxonomy":"category","embeddable":true,"href":"https:\/\/www.correiobraziliense.com.br\/cbradar\/wp-json\/wp\/v2\/categories?post=151340"},{"taxonomy":"post_tag","embeddable":true,"href":"https:\/\/www.correiobraziliense.com.br\/cbradar\/wp-json\/wp\/v2\/tags?post=151340"}],"curies":[{"name":"wp","href":"https:\/\/api.w.org\/{rel}","templated":true}]}}