{"id":151341,"date":"2025-12-07T19:15:00","date_gmt":"2025-12-07T22:15:00","guid":{"rendered":"https:\/\/www.correiobraziliense.com.br\/cbradar\/?p=151341"},"modified":"2025-12-07T00:54:24","modified_gmt":"2025-12-07T03:54:24","slug":"o-paraiso-escondido-no-brasil-que-esta-surpreendendo-viajantes-com-sua-beleza-de-outro-mundo","status":"publish","type":"post","link":"https:\/\/www.correiobraziliense.com.br\/cbradar\/o-paraiso-escondido-no-brasil-que-esta-surpreendendo-viajantes-com-sua-beleza-de-outro-mundo\/","title":{"rendered":"O para\u00edso escondido no Brasil que est\u00e1 surpreendendo viajantes com sua beleza de outro mundo"},"content":{"rendered":"\n<p>Planejar o <strong>turismo na Chapada Diamantina<\/strong> \u00e9 preparar-se para explorar um dos cen\u00e1rios geol\u00f3gicos mais impressionantes do <strong>Brasil<\/strong>, onde serras grandiosas, cavernas profundas e cachoeiras monumentais dominam a paisagem. Localizada no centro do estado da <strong>Bahia<\/strong>, esse \u00e9 um para\u00edso escondido que oferece uma experi\u00eancia imersiva que combina a rusticidade das antigas vilas de garimpeiros com a exuber\u00e2ncia de uma natureza preservada, atraindo desde amantes de trekking radical at\u00e9 fam\u00edlias em busca de banhos refrescantes em \u00e1guas cristalinas.<\/p>\n\n\n\n<h2 class=\"wp-block-heading\">Por que a Chapada Diamantina \u00e9 um destino tur\u00edstico \u00fanico?<\/h2>\n\n\n\n<p>A imensid\u00e3o do <strong>Parque Nacional<\/strong> impressiona pela diversidade de ecossistemas, que variam da caatinga ao cerrado de altitude. O destino \u00e9 um para\u00edso para o ecoturismo, oferecendo atra\u00e7\u00f5es ic\u00f4nicas como o <strong>Morro do Pai In\u00e1cio<\/strong>, de onde se tem a vista panor\u00e2mica mais famosa da regi\u00e3o, especialmente ao p\u00f4r do sol, revelando a vastid\u00e3o dos morros testemunhos que contam a hist\u00f3ria geol\u00f3gica do planeta.<\/p>\n\n\n\n<p>Al\u00e9m das trilhas, a <strong>riqueza h\u00eddrica<\/strong> \u00e9 o grande diferencial, com rios de \u00e1guas avermelhadas (devido \u00e0 mat\u00e9ria org\u00e2nica) e po\u00e7os subterr\u00e2neos de um azul quase irreal. A infraestrutura tur\u00edstica, concentrada em cidades-base charmosas como <strong>Len\u00e7\u00f3is<\/strong>, Mucug\u00ea e Vale do Cap\u00e3o, permite que o visitante desfrute de dias intensos de aventura com noites confort\u00e1veis, repletas de cultura e boa gastronomia.<\/p>\n\n\n<div class=\"wp-block-image\">\n<figure class=\"aligncenter size-large\"><img decoding=\"async\" width=\"1024\" height=\"576\" src=\"https:\/\/www.correiobraziliense.com.br\/cbradar\/wp-content\/uploads\/2025\/05\/Edicoes-85-1024x576.png\" alt=\"O para\u00edso escondido no Brasil que est\u00e1 surpreendendo viajantes com sua beleza de outro mundo\" class=\"wp-image-33198\" srcset=\"https:\/\/www.correiobraziliense.com.br\/cbradar\/wp-content\/uploads\/2025\/05\/Edicoes-85-1024x576.png 1024w, https:\/\/www.correiobraziliense.com.br\/cbradar\/wp-content\/uploads\/2025\/05\/Edicoes-85-300x169.png 300w, https:\/\/www.correiobraziliense.com.br\/cbradar\/wp-content\/uploads\/2025\/05\/Edicoes-85-768x432.png 768w, https:\/\/www.correiobraziliense.com.br\/cbradar\/wp-content\/uploads\/2025\/05\/Edicoes-85-750x422.png 750w, https:\/\/www.correiobraziliense.com.br\/cbradar\/wp-content\/uploads\/2025\/05\/Edicoes-85-1140x641.png 1140w, https:\/\/www.correiobraziliense.com.br\/cbradar\/wp-content\/uploads\/2025\/05\/Edicoes-85.png 1280w\" sizes=\"(max-width: 1024px) 100vw, 1024px\" \/><figcaption class=\"wp-element-caption\">Chapada Diamantina mant\u00e9m-se como destino de ecoturismo popular, atraindo turistas do Brasil e do mundo. \/\/  Reprodu\u00e7\u00e3o: Wikip\u00e9dia<\/figcaption><\/figure><\/div>\n\n\n<h2 class=\"wp-block-heading\">Quais s\u00e3o as atra\u00e7\u00f5es imperd\u00edveis na terra dos diamantes?<\/h2>\n\n\n\n<p>As <strong>op\u00e7\u00f5es de lazer<\/strong> s\u00e3o vastas e espalhadas por diferentes munic\u00edpios, exigindo um roteiro bem planejado, preferencialmente com carro ou guia. \u00c9 essencial intercalar dias de caminhadas longas com banhos relaxantes em grutas e po\u00e7os de flutua\u00e7\u00e3o para aproveitar o melhor que a regi\u00e3o tem a oferecer.<\/p>\n\n\n\n<p>Veja a seguir os pontos tur\u00edsticos que definem a experi\u00eancia na Chapada:<\/p>\n\n\n\n<ul class=\"wp-block-list\">\n<li><strong>Cachoeira da Fuma\u00e7a<\/strong>: Uma das maiores quedas d&#8217;\u00e1gua do pa\u00eds, onde a \u00e1gua se dispersa pelo vento antes de tocar o solo, acess\u00edvel por uma trilha cl\u00e1ssica no Vale do Cap\u00e3o.<\/li>\n\n\n\n<li><strong>Po\u00e7o Azul e Po\u00e7o Encantado<\/strong>: Cavernas inundadas com \u00e1guas de transpar\u00eancia absoluta, onde raios solares criam um espet\u00e1culo visual de azul intenso em \u00e9pocas espec\u00edficas.<\/li>\n\n\n\n<li><strong>Cachoeira do Burac\u00e3o<\/strong>: Impressiona pelo c\u00e2nion sinuoso que leva a uma queda d&#8217;\u00e1gua majestosa, onde \u00e9 poss\u00edvel nadar at\u00e9 a base sentindo a for\u00e7a da natureza.<\/li>\n\n\n\n<li><strong>Pratinha<\/strong>: Um complexo de lazer com \u00e1guas cristalinas ideais para flutua\u00e7\u00e3o e tirolesa, perfeito para relaxar ap\u00f3s dias de trilha.<\/li>\n<\/ul>\n\n\n\n<p><strong>Procurando um dos roteiros mais incr\u00edveis do mundo, com uma imers\u00e3o de 20 dias na natureza? <\/strong>O canal <strong>Rol\u00ea Fam\u00edlia<\/strong>, com mais de <strong>2,6 milh\u00f5es de visualiza\u00e7\u00f5es<\/strong> neste conte\u00fado, apresenta um document\u00e1rio \u00e9pico sobre a<strong> Chapada Diamantina (BA)<\/strong>, mostrando as atra\u00e7\u00f5es mais famosas (Morro do Pai In\u00e1cio, Cachoeira da Fuma\u00e7a), trilhas avan\u00e7adas (Pico do Barbado e Vale do Pati) e locais hist\u00f3ricos e culturais (Igatu, Len\u00e7\u00f3is e as cavernas):<\/p>\n\n\n\n<figure class=\"wp-block-embed is-type-video is-provider-youtube wp-block-embed-youtube wp-embed-aspect-16-9 wp-has-aspect-ratio\"><div class=\"wp-block-embed__wrapper\">\n<div class=\"jeg_video_container jeg_video_content\"><iframe loading=\"lazy\" title=\"Por que a CHAPADA DIAMANTINA \u00e9 um dos lugares mais incr\u00edveis do mundo? | Document\u00e1rio\" width=\"500\" height=\"281\" src=\"https:\/\/www.youtube.com\/embed\/EllDGtU33rw?start=4494&#038;feature=oembed\" frameborder=\"0\" allow=\"accelerometer; autoplay; clipboard-write; encrypted-media; gyroscope; picture-in-picture; web-share\" referrerpolicy=\"strict-origin-when-cross-origin\" allowfullscreen><\/iframe><\/div>\n<\/div><\/figure>\n\n\n\n<h2 class=\"wp-block-heading\">A gastronomia local vai al\u00e9m do god\u00f3 de banana?<\/h2>\n\n\n\n<p>A culin\u00e1ria da <strong>Chapada Diamantina<\/strong> \u00e9 uma heran\u00e7a saborosa do per\u00edodo do garimpo, misturando ingredientes do sert\u00e3o com a criatividade local. O prato mais emblem\u00e1tico \u00e9 o <strong>god\u00f3 de banana<\/strong>, um ensopado de banana-da-terra verde com carne de sol, que sustenta e aquece. Outra iguaria curiosa \u00e9 o <strong>pastel de palmito de jaca<\/strong>, muito comum no Vale do Cap\u00e3o, que utiliza a jaca verde para criar um recheio que lembra o palmito tradicional.<\/p>\n\n\n\n<p>Para acompanhar, a regi\u00e3o produz caf\u00e9s de altitude premiados mundialmente e cacha\u00e7as artesanais de alta qualidade. O &#8220;cortado de palma&#8221; (cacto refogado) e a farofa de garimpeiro tamb\u00e9m s\u00e3o presen\u00e7as constantes nas mesas, oferecendo uma experi\u00eancia gastron\u00f4mica r\u00fastica e aut\u00eantica que conecta o visitante \u00e0 hist\u00f3ria de sobreviv\u00eancia e abund\u00e2ncia do local.<\/p>\n\n\n\n<p><strong>Leia tamb\u00e9m: <a href=\"https:\/\/www.correiobraziliense.com.br\/cbradar\/a-hollywood-brasileira-esta-encantando-com-seu-turismo-cinematografico\/\" target=\"_blank\" rel=\"noreferrer noopener\">A Hollywood brasileira que est\u00e1 encantando com seu turismo cinematogr\u00e1fico.<\/a><\/strong><\/p>\n\n\n<div class=\"wp-block-image\">\n<figure class=\"aligncenter size-large\"><img decoding=\"async\" width=\"1024\" height=\"576\" src=\"https:\/\/www.correiobraziliense.com.br\/cbradar\/wp-content\/uploads\/2025\/02\/Chapada-Diamantina_1739513927780-1024x576.jpg\" alt=\"O para\u00edso escondido no Brasil que est\u00e1 surpreendendo viajantes com sua beleza de outro mundo\" class=\"wp-image-2645\" srcset=\"https:\/\/www.correiobraziliense.com.br\/cbradar\/wp-content\/uploads\/2025\/02\/Chapada-Diamantina_1739513927780-1024x576.jpg 1024w, https:\/\/www.correiobraziliense.com.br\/cbradar\/wp-content\/uploads\/2025\/02\/Chapada-Diamantina_1739513927780-300x169.jpg 300w, https:\/\/www.correiobraziliense.com.br\/cbradar\/wp-content\/uploads\/2025\/02\/Chapada-Diamantina_1739513927780-768x432.jpg 768w, https:\/\/www.correiobraziliense.com.br\/cbradar\/wp-content\/uploads\/2025\/02\/Chapada-Diamantina_1739513927780-750x422.jpg 750w, https:\/\/www.correiobraziliense.com.br\/cbradar\/wp-content\/uploads\/2025\/02\/Chapada-Diamantina_1739513927780-1140x641.jpg 1140w, https:\/\/www.correiobraziliense.com.br\/cbradar\/wp-content\/uploads\/2025\/02\/Chapada-Diamantina_1739513927780.jpg 1280w\" sizes=\"(max-width: 1024px) 100vw, 1024px\" \/><figcaption class=\"wp-element-caption\">Explore a Chapada Diamantina e conecte-se com a natureza em paisagens de tirar o f\u00f4lego \/\/ Cr\u00e9ditos: depositphotos.com \/ Elena Skalovskaia<\/figcaption><\/figure><\/div>\n\n\n<h2 class=\"wp-block-heading\">Melhor \u00e9poca para visitar a Chapada Diamantina?<\/h2>\n\n\n\n<p>O <strong>clima tropical<\/strong> semi\u00famido apresenta duas esta\u00e7\u00f5es bem definidas que transformam a paisagem e a experi\u00eancia de viagem. <strong><a href=\"https:\/\/www.climatempo.com.br\/previsao-do-tempo\/cidade\/924\/lencois-ba\" target=\"_blank\" rel=\"noreferrer noopener\">Dados do Climatempo<\/a><\/strong> e guias locais indicam que a \u00e9poca seca (maio a setembro) \u00e9 ideal para trilhas, pois o risco de tromba d&#8217;\u00e1gua \u00e9 menor e os raios de sol incidem perfeitamente nos po\u00e7os. O ver\u00e3o \u00e9 chuvoso, o que deixa as cachoeiras, como a da Fuma\u00e7a, com volume m\u00e1ximo e a vegeta\u00e7\u00e3o vibrante.<\/p>\n\n\n\n<p>Confira abaixo o resumo das esta\u00e7\u00f5es e as atividades recomendadas para planejar sua aventura:<\/p>\n\n\n\n<figure class=\"wp-block-table\"><table class=\"has-fixed-layout\"><thead><tr><th>Per\u00edodo (meses)<\/th><th>Temperatura m\u00e9dia<\/th><th>Clima<\/th><th>Atividades recomendadas<\/th><\/tr><\/thead><tbody><tr><td>Maio a Setembro<\/td><td>21\u00b0C<\/td><td>Seco e ameno<\/td><td>Trilhas (Vale do Pati), Po\u00e7o Encantado e Azul (raio solar)<\/td><\/tr><tr><td>Novembro a Mar\u00e7o<\/td><td>26\u00b0C<\/td><td>Quente e chuvoso<\/td><td>Cachoeira da Fuma\u00e7a (com \u00e1gua) e banhos de rio<\/td><\/tr><tr><td>Abril e Outubro<\/td><td>24\u00b0C<\/td><td>Transi\u00e7\u00e3o<\/td><td>Equil\u00edbrio entre volume d&#8217;\u00e1gua e trilhas seguras<\/td><\/tr><\/tbody><\/table><\/figure>\n\n\n<div class=\"wp-block-image\">\n<figure class=\"aligncenter size-large\"><img decoding=\"async\" width=\"1024\" height=\"576\" src=\"https:\/\/www.correiobraziliense.com.br\/cbradar\/wp-content\/uploads\/2025\/08\/Edicoes-39-1024x576.png\" alt=\"Essa \u00e9 a cidade hist\u00f3rica escondida do nordeste de apenas 11 mil habitantes\" class=\"wp-image-79778\" srcset=\"https:\/\/www.correiobraziliense.com.br\/cbradar\/wp-content\/uploads\/2025\/08\/Edicoes-39-1024x576.png 1024w, https:\/\/www.correiobraziliense.com.br\/cbradar\/wp-content\/uploads\/2025\/08\/Edicoes-39-300x169.png 300w, https:\/\/www.correiobraziliense.com.br\/cbradar\/wp-content\/uploads\/2025\/08\/Edicoes-39-768x432.png 768w, https:\/\/www.correiobraziliense.com.br\/cbradar\/wp-content\/uploads\/2025\/08\/Edicoes-39-750x422.png 750w, https:\/\/www.correiobraziliense.com.br\/cbradar\/wp-content\/uploads\/2025\/08\/Edicoes-39-1140x641.png 1140w, https:\/\/www.correiobraziliense.com.br\/cbradar\/wp-content\/uploads\/2025\/08\/Edicoes-39.png 1280w\" sizes=\"(max-width: 1024px) 100vw, 1024px\" \/><figcaption class=\"wp-element-caption\">Len\u00e7\u00f3is\ufeff se destaca como polo tur\u00edstico da Chapada Diamantina, com infraestrutura completa. \/\/ Reprodu\u00e7\u00e3o: Wikipedia<\/figcaption><\/figure><\/div>\n\n\n<h2 class=\"wp-block-heading\">Como o ciclo do diamante moldou a regi\u00e3o?<\/h2>\n\n\n\n<p>A hist\u00f3ria da Chapada \u00e9 marcada pela corrida do ouro e, principalmente, pelo <strong>Ciclo do Diamante<\/strong> no s\u00e9culo XIX, que atraiu aventureiros e formou as vilas que hoje s\u00e3o cidades tur\u00edsticas. O casario colonial preservado de Len\u00e7\u00f3is e Mucug\u00ea, com suas ruas de pedra e arquitetura nobre, \u00e9 testemunha desse per\u00edodo de riqueza ef\u00eamera e intenso com\u00e9rcio internacional.<\/p>\n\n\n\n<p>Visitar o povoado de <strong>Igatu<\/strong>, conhecido como a \u201cMachu Picchu baiana\u201d por suas ru\u00ednas de pedra, \u00e9 mergulhar nesse passado. A identidade do garimpeiro ainda vive na cultura local, nas lendas contadas pelos guias mais antigos e na resili\u00eancia de um povo que soube transformar a extra\u00e7\u00e3o mineral em preserva\u00e7\u00e3o ambiental e turismo sustent\u00e1vel.<\/p>\n\n\n<div class=\"wp-block-image\">\n<figure class=\"aligncenter size-large\"><img decoding=\"async\" width=\"1024\" height=\"576\" src=\"https:\/\/www.correiobraziliense.com.br\/cbradar\/wp-content\/uploads\/2025\/02\/Chapada-Diamantina_1739513906758-1024x576.jpg\" alt=\"Esse o\u00e1sis escondido no Brasil encanta viajantes do mundo inteiro com sua beleza\" class=\"wp-image-2643\" srcset=\"https:\/\/www.correiobraziliense.com.br\/cbradar\/wp-content\/uploads\/2025\/02\/Chapada-Diamantina_1739513906758-1024x576.jpg 1024w, https:\/\/www.correiobraziliense.com.br\/cbradar\/wp-content\/uploads\/2025\/02\/Chapada-Diamantina_1739513906758-300x169.jpg 300w, https:\/\/www.correiobraziliense.com.br\/cbradar\/wp-content\/uploads\/2025\/02\/Chapada-Diamantina_1739513906758-768x432.jpg 768w, https:\/\/www.correiobraziliense.com.br\/cbradar\/wp-content\/uploads\/2025\/02\/Chapada-Diamantina_1739513906758-750x422.jpg 750w, https:\/\/www.correiobraziliense.com.br\/cbradar\/wp-content\/uploads\/2025\/02\/Chapada-Diamantina_1739513906758-1140x641.jpg 1140w, https:\/\/www.correiobraziliense.com.br\/cbradar\/wp-content\/uploads\/2025\/02\/Chapada-Diamantina_1739513906758.jpg 1280w\" sizes=\"(max-width: 1024px) 100vw, 1024px\" \/><figcaption class=\"wp-element-caption\">Venha se encantar com grutas, po\u00e7os azuis e montanhas na Chapada Diamantina, para\u00edso baiano. \/\/ Cr\u00e9ditos: depositphotos.com \/ temaiseme<\/figcaption><\/figure><\/div>\n\n\n<h2 class=\"wp-block-heading\">A Chapada Diamantina consolida-se como a meca do trekking brasileiro<\/h2>\n\n\n\n<p><strong>A Chapada Diamantina consolida-se como a meca do trekking brasileiro ao reunir algumas das trilhas mais desejadas do pa\u00eds<\/strong>, incluindo o ic\u00f4nico Vale do Pati. A diversidade de rotas atrai caminhantes do mundo inteiro em busca de supera\u00e7\u00e3o, contato profundo com a natureza e paisagens que variam de montanhas imponentes a vales cinematogr\u00e1ficos.<\/p>\n\n\n\n<p>A singularidade dos po\u00e7os de \u00e1gua azul dentro de cavernas cria um espet\u00e1culo visual raro, enquanto a fus\u00e3o entre hist\u00f3ria e natureza enriquece cada etapa da viagem. Entre banhos revigorantes, narrativas do garimpo e comunidades acolhedoras, a Chapada oferece uma experi\u00eancia transformadora que revela o Brasil profundo em toda sua beleza.<\/p>\n","protected":false},"excerpt":{"rendered":"<p>Planejar o turismo na Chapada Diamantina \u00e9 preparar-se para explorar um dos cen\u00e1rios geol\u00f3gicos mais impressionantes do Brasil, onde serras grandiosas, cavernas profundas e cachoeiras monumentais dominam a paisagem. Localizada no centro do estado da Bahia, esse \u00e9 um para\u00edso escondido que oferece uma experi\u00eancia imersiva que combina a rusticidade das antigas vilas de garimpeiros [&hellip;]<\/p>\n","protected":false},"author":8,"featured_media":151538,"comment_status":"open","ping_status":"open","sticky":false,"template":"","format":"standard","meta":{"_yoast_wpseo_focuskw":"para\u00edso escondido","_yoast_wpseo_title":"","_yoast_wpseo_metadesc":"Um para\u00edso escondido no Brasil surpreende viajantes com uma beleza de outro mundo. Os detalhes desse encanto chamam aten\u00e7\u00e3o.","jnews-multi-image_gallery":[],"jnews_single_post":{"format":"standard"},"jnews_primary_category":[],"jnews_social_meta":[],"jnews_override_counter":[],"footnotes":""},"categories":[108,111],"post_tag":[483,678],"class_list":["post-151341","post","type-post","status-publish","format-standard","has-post-thumbnail","hentry","category-cidades","category-turismo","tag-bahia","tag-chapada-diamantina"],"yoast_head":"<!-- This site is optimized with the Yoast SEO plugin v24.6 - https:\/\/yoast.com\/wordpress\/plugins\/seo\/ -->\n<title>O para\u00edso escondido no Brasil que est\u00e1 surpreendendo viajantes com sua beleza de outro mundo - Correio Braziliense - Radar<\/title>\n<meta name=\"description\" content=\"Um para\u00edso escondido no Brasil surpreende viajantes com uma beleza de outro mundo. Os detalhes desse encanto chamam aten\u00e7\u00e3o.\" \/>\n<meta name=\"robots\" content=\"index, follow, max-snippet:-1, max-image-preview:large, max-video-preview:-1\" \/>\n<link rel=\"canonical\" href=\"https:\/\/www.correiobraziliense.com.br\/cbradar\/o-paraiso-escondido-no-brasil-que-esta-surpreendendo-viajantes-com-sua-beleza-de-outro-mundo\/\" \/>\n<meta property=\"og:locale\" content=\"pt_BR\" \/>\n<meta property=\"og:type\" content=\"article\" \/>\n<meta property=\"og:title\" content=\"O para\u00edso escondido no Brasil que est\u00e1 surpreendendo viajantes com sua beleza de outro mundo - Correio Braziliense - Radar\" \/>\n<meta property=\"og:description\" content=\"Um para\u00edso escondido no Brasil surpreende viajantes com uma beleza de outro mundo. Os detalhes desse encanto chamam aten\u00e7\u00e3o.\" \/>\n<meta property=\"og:url\" content=\"https:\/\/www.correiobraziliense.com.br\/cbradar\/o-paraiso-escondido-no-brasil-que-esta-surpreendendo-viajantes-com-sua-beleza-de-outro-mundo\/\" \/>\n<meta property=\"og:site_name\" content=\"Correio Braziliense - Radar\" \/>\n<meta property=\"article:published_time\" content=\"2025-12-07T22:15:00+00:00\" \/>\n<meta property=\"og:image\" content=\"https:\/\/www.correiobraziliense.com.br\/cbradar\/wp-content\/uploads\/2025\/12\/G-2025-12-07T004423.785.png\" \/>\n\t<meta property=\"og:image:width\" content=\"1280\" \/>\n\t<meta property=\"og:image:height\" content=\"720\" \/>\n\t<meta property=\"og:image:type\" content=\"image\/png\" \/>\n<meta name=\"author\" content=\"Maura Pereira\" \/>\n<meta name=\"twitter:card\" content=\"summary_large_image\" \/>\n<meta name=\"twitter:label1\" content=\"Escrito por\" \/>\n\t<meta name=\"twitter:data1\" content=\"Maura Pereira\" \/>\n\t<meta name=\"twitter:label2\" content=\"Est. tempo de leitura\" \/>\n\t<meta name=\"twitter:data2\" content=\"7 minutos\" \/>\n<!-- \/ Yoast SEO plugin. -->","yoast_head_json":{"title":"O para\u00edso escondido no Brasil que est\u00e1 surpreendendo viajantes com sua beleza de outro mundo - Correio Braziliense - Radar","description":"Um para\u00edso escondido no Brasil surpreende viajantes com uma beleza de outro mundo. Os detalhes desse encanto chamam aten\u00e7\u00e3o.","robots":{"index":"index","follow":"follow","max-snippet":"max-snippet:-1","max-image-preview":"max-image-preview:large","max-video-preview":"max-video-preview:-1"},"canonical":"https:\/\/www.correiobraziliense.com.br\/cbradar\/o-paraiso-escondido-no-brasil-que-esta-surpreendendo-viajantes-com-sua-beleza-de-outro-mundo\/","og_locale":"pt_BR","og_type":"article","og_title":"O para\u00edso escondido no Brasil que est\u00e1 surpreendendo viajantes com sua beleza de outro mundo - Correio Braziliense - Radar","og_description":"Um para\u00edso escondido no Brasil surpreende viajantes com uma beleza de outro mundo. Os detalhes desse encanto chamam aten\u00e7\u00e3o.","og_url":"https:\/\/www.correiobraziliense.com.br\/cbradar\/o-paraiso-escondido-no-brasil-que-esta-surpreendendo-viajantes-com-sua-beleza-de-outro-mundo\/","og_site_name":"Correio Braziliense - Radar","article_published_time":"2025-12-07T22:15:00+00:00","og_image":[{"width":1280,"height":720,"url":"https:\/\/www.correiobraziliense.com.br\/cbradar\/wp-content\/uploads\/2025\/12\/G-2025-12-07T004423.785.png","type":"image\/png"}],"author":"Maura Pereira","twitter_card":"summary_large_image","twitter_misc":{"Escrito por":"Maura Pereira","Est. tempo de leitura":"7 minutos"},"schema":{"@context":"https:\/\/schema.org","@graph":[{"@type":"WebPage","@id":"https:\/\/www.correiobraziliense.com.br\/cbradar\/o-paraiso-escondido-no-brasil-que-esta-surpreendendo-viajantes-com-sua-beleza-de-outro-mundo\/","url":"https:\/\/www.correiobraziliense.com.br\/cbradar\/o-paraiso-escondido-no-brasil-que-esta-surpreendendo-viajantes-com-sua-beleza-de-outro-mundo\/","name":"O para\u00edso escondido no Brasil que est\u00e1 surpreendendo viajantes com sua beleza de outro mundo - Correio Braziliense - Radar","isPartOf":{"@id":"https:\/\/www.correiobraziliense.com.br\/cbradar\/#website"},"primaryImageOfPage":{"@id":"https:\/\/www.correiobraziliense.com.br\/cbradar\/o-paraiso-escondido-no-brasil-que-esta-surpreendendo-viajantes-com-sua-beleza-de-outro-mundo\/#primaryimage"},"image":{"@id":"https:\/\/www.correiobraziliense.com.br\/cbradar\/o-paraiso-escondido-no-brasil-que-esta-surpreendendo-viajantes-com-sua-beleza-de-outro-mundo\/#primaryimage"},"thumbnailUrl":"https:\/\/www.correiobraziliense.com.br\/cbradar\/wp-content\/uploads\/2025\/12\/G-2025-12-07T004423.785.png","datePublished":"2025-12-07T22:15:00+00:00","author":{"@id":"https:\/\/www.correiobraziliense.com.br\/cbradar\/#\/schema\/person\/4053c651a9bfc785afc6f4cbc9032fd3"},"description":"Um para\u00edso escondido no Brasil surpreende viajantes com uma beleza de outro mundo. Os detalhes desse encanto chamam aten\u00e7\u00e3o.","breadcrumb":{"@id":"https:\/\/www.correiobraziliense.com.br\/cbradar\/o-paraiso-escondido-no-brasil-que-esta-surpreendendo-viajantes-com-sua-beleza-de-outro-mundo\/#breadcrumb"},"inLanguage":"pt-BR","potentialAction":[{"@type":"ReadAction","target":["https:\/\/www.correiobraziliense.com.br\/cbradar\/o-paraiso-escondido-no-brasil-que-esta-surpreendendo-viajantes-com-sua-beleza-de-outro-mundo\/"]}]},{"@type":"ImageObject","inLanguage":"pt-BR","@id":"https:\/\/www.correiobraziliense.com.br\/cbradar\/o-paraiso-escondido-no-brasil-que-esta-surpreendendo-viajantes-com-sua-beleza-de-outro-mundo\/#primaryimage","url":"https:\/\/www.correiobraziliense.com.br\/cbradar\/wp-content\/uploads\/2025\/12\/G-2025-12-07T004423.785.png","contentUrl":"https:\/\/www.correiobraziliense.com.br\/cbradar\/wp-content\/uploads\/2025\/12\/G-2025-12-07T004423.785.png","width":1280,"height":720,"caption":"Chapada Diamantina revela cachoeiras imponentes, grutas cristalinas e morros na Bahia, com trilhas pela Cadeia do Espinha\u00e7o e ecossistema rico."},{"@type":"BreadcrumbList","@id":"https:\/\/www.correiobraziliense.com.br\/cbradar\/o-paraiso-escondido-no-brasil-que-esta-surpreendendo-viajantes-com-sua-beleza-de-outro-mundo\/#breadcrumb","itemListElement":[{"@type":"ListItem","position":1,"name":"In\u00edcio","item":"https:\/\/www.correiobraziliense.com.br\/cbradar\/"},{"@type":"ListItem","position":2,"name":"O para\u00edso escondido no Brasil que est\u00e1 surpreendendo viajantes com sua beleza de outro mundo"}]},{"@type":"WebSite","@id":"https:\/\/www.correiobraziliense.com.br\/cbradar\/#website","url":"https:\/\/www.correiobraziliense.com.br\/cbradar\/","name":"Correio Braziliense - Radar","description":"Acompanhe as \u00faltimas not\u00edcias e fique bem informado sobre tudo o que acontece no Brasil e no mundo.","potentialAction":[{"@type":"SearchAction","target":{"@type":"EntryPoint","urlTemplate":"https:\/\/www.correiobraziliense.com.br\/cbradar\/?s={search_term_string}"},"query-input":{"@type":"PropertyValueSpecification","valueRequired":true,"valueName":"search_term_string"}}],"inLanguage":"pt-BR"},{"@type":"Person","@id":"https:\/\/www.correiobraziliense.com.br\/cbradar\/#\/schema\/person\/4053c651a9bfc785afc6f4cbc9032fd3","name":"Maura Pereira","image":{"@type":"ImageObject","inLanguage":"pt-BR","@id":"https:\/\/www.correiobraziliense.com.br\/cbradar\/#\/schema\/person\/image\/","url":"https:\/\/secure.gravatar.com\/avatar\/3effd6bdadfa447f15089c7f7144eaa6?s=96&d=mm&r=g","contentUrl":"https:\/\/secure.gravatar.com\/avatar\/3effd6bdadfa447f15089c7f7144eaa6?s=96&d=mm&r=g","caption":"Maura Pereira"},"sameAs":["https:\/\/www.correiobraziliense.com.br\/"],"url":"https:\/\/www.correiobraziliense.com.br\/cbradar\/author\/mauramyth\/"}]}},"_links":{"self":[{"href":"https:\/\/www.correiobraziliense.com.br\/cbradar\/wp-json\/wp\/v2\/posts\/151341","targetHints":{"allow":["GET"]}}],"collection":[{"href":"https:\/\/www.correiobraziliense.com.br\/cbradar\/wp-json\/wp\/v2\/posts"}],"about":[{"href":"https:\/\/www.correiobraziliense.com.br\/cbradar\/wp-json\/wp\/v2\/types\/post"}],"author":[{"embeddable":true,"href":"https:\/\/www.correiobraziliense.com.br\/cbradar\/wp-json\/wp\/v2\/users\/8"}],"replies":[{"embeddable":true,"href":"https:\/\/www.correiobraziliense.com.br\/cbradar\/wp-json\/wp\/v2\/comments?post=151341"}],"version-history":[{"count":17,"href":"https:\/\/www.correiobraziliense.com.br\/cbradar\/wp-json\/wp\/v2\/posts\/151341\/revisions"}],"predecessor-version":[{"id":151542,"href":"https:\/\/www.correiobraziliense.com.br\/cbradar\/wp-json\/wp\/v2\/posts\/151341\/revisions\/151542"}],"wp:featuredmedia":[{"embeddable":true,"href":"https:\/\/www.correiobraziliense.com.br\/cbradar\/wp-json\/wp\/v2\/media\/151538"}],"wp:attachment":[{"href":"https:\/\/www.correiobraziliense.com.br\/cbradar\/wp-json\/wp\/v2\/media?parent=151341"}],"wp:term":[{"taxonomy":"category","embeddable":true,"href":"https:\/\/www.correiobraziliense.com.br\/cbradar\/wp-json\/wp\/v2\/categories?post=151341"},{"taxonomy":"post_tag","embeddable":true,"href":"https:\/\/www.correiobraziliense.com.br\/cbradar\/wp-json\/wp\/v2\/post_tag?post=151341"}],"curies":[{"name":"wp","href":"https:\/\/api.w.org\/{rel}","templated":true}]}}