{"id":15140,"date":"2025-03-24T12:23:00","date_gmt":"2025-03-24T15:23:00","guid":{"rendered":"https:\/\/www.correiobraziliense.com.br\/cbradar\/?p=15140"},"modified":"2025-03-22T16:49:30","modified_gmt":"2025-03-22T19:49:30","slug":"como-melhorar-o-sono-na-terceira-idade","status":"publish","type":"post","link":"https:\/\/www.correiobraziliense.com.br\/cbradar\/como-melhorar-o-sono-na-terceira-idade\/","title":{"rendered":"Como melhorar o sono na terceira idade"},"content":{"rendered":"\n<p>Os dist\u00farbios do sono s\u00e3o comuns entre os idosos devido a uma s\u00e9rie de fatores que incluem mudan\u00e7as na rotina di\u00e1ria e altera\u00e7\u00f5es fisiol\u00f3gicas naturais do envelhecimento. Com a idade, a mobilidade tende a diminuir, e muitos idosos passam mais tempo em casa, o que pode desorganizar seus hor\u00e1rios de atividades e refei\u00e7\u00f5es. Essa falta de rotina pode impactar negativamente a qualidade do sono.<\/p>\n\n\n\n<p>Al\u00e9m disso, h\u00e1 uma tend\u00eancia natural para que os idosos se tornem mais matutinos, dormindo e acordando mais cedo. Essa mudan\u00e7a \u00e9 frequentemente acompanhada por um sono mais fragmentado e cochilos diurnos. A redu\u00e7\u00e3o na produ\u00e7\u00e3o de melatonina, um horm\u00f4nio crucial para a regula\u00e7\u00e3o do sono, tamb\u00e9m contribui para essas altera\u00e7\u00f5es. Dist\u00farbios como ins\u00f4nia e apneia do sono s\u00e3o mais prevalentes nessa faixa et\u00e1ria, muitas vezes devido ao relaxamento muscular no pesco\u00e7o.<\/p>\n\n\n\n<h2 class=\"wp-block-heading\"><strong>Quais s\u00e3o os impactos das noites mal dormidas na sa\u00fade dos idosos?<\/strong><\/h2>\n\n\n\n<p>O sono interrompido pode ter efeitos significativos na sa\u00fade dos idosos. Acordar v\u00e1rias vezes durante a noite pode ativar o sistema nervoso simp\u00e1tico, aumentando a frequ\u00eancia card\u00edaca e respirat\u00f3ria e liberando horm\u00f4nios como adrenalina. Isso pode elevar o risco de problemas cardiovasculares, incluindo hipertens\u00e3o, arritmias e infarto.<\/p>\n\n\n\n<p>A priva\u00e7\u00e3o do sono tamb\u00e9m afeta o sistema glinf\u00e1tico, respons\u00e1vel pela limpeza do c\u00e9rebro. A acumula\u00e7\u00e3o de prote\u00ednas como beta-amiloide e tau, que s\u00e3o eliminadas durante o sono, est\u00e1 associada a doen\u00e7as neurodegenerativas como Alzheimer e Parkinson. Al\u00e9m disso, a m\u00e1 qualidade do sono pode agravar problemas cognitivos e emocionais, como a depress\u00e3o, que \u00e9 comum em idosos devido a mudan\u00e7as nas rela\u00e7\u00f5es sociais e familiares.<\/p>\n\n\n\n<figure class=\"wp-block-image size-large\"><img decoding=\"async\" width=\"1024\" height=\"576\" src=\"https:\/\/www.correiobraziliense.com.br\/cbradar\/wp-content\/uploads\/2025\/03\/dormir-idoso_1742672160200-1024x576.jpg\" alt=\"Como melhorar o sono na terceira idade\" class=\"wp-image-15142\" srcset=\"https:\/\/www.correiobraziliense.com.br\/cbradar\/wp-content\/uploads\/2025\/03\/dormir-idoso_1742672160200-1024x576.jpg 1024w, https:\/\/www.correiobraziliense.com.br\/cbradar\/wp-content\/uploads\/2025\/03\/dormir-idoso_1742672160200-300x169.jpg 300w, https:\/\/www.correiobraziliense.com.br\/cbradar\/wp-content\/uploads\/2025\/03\/dormir-idoso_1742672160200-768x432.jpg 768w, https:\/\/www.correiobraziliense.com.br\/cbradar\/wp-content\/uploads\/2025\/03\/dormir-idoso_1742672160200-750x422.jpg 750w, https:\/\/www.correiobraziliense.com.br\/cbradar\/wp-content\/uploads\/2025\/03\/dormir-idoso_1742672160200-1140x641.jpg 1140w, https:\/\/www.correiobraziliense.com.br\/cbradar\/wp-content\/uploads\/2025\/03\/dormir-idoso_1742672160200.jpg 1280w\" sizes=\"(max-width: 1024px) 100vw, 1024px\" \/><figcaption class=\"wp-element-caption\">dormir idoso. Cr\u00e9ditos: depositphotos.com \/ HayDmitriy<\/figcaption><\/figure>\n\n\n\n<h2 class=\"wp-block-heading\"><strong>Como melhorar a qualidade do sono na terceira idade?<\/strong><\/h2>\n\n\n\n<p>Para melhorar a qualidade do sono, os idosos devem adotar uma rotina regular de sono, indo para a cama e acordando no mesmo hor\u00e1rio todos os dias. Evitar o uso de dispositivos eletr\u00f4nicos antes de dormir pode ajudar a preparar o corpo para o descanso. Al\u00e9m disso, \u00e9 importante revisar as medica\u00e7\u00f5es em uso, pois algumas podem interferir no sono.<\/p>\n\n\n\n<p>Estabelecer uma rotina relaxante antes de dormir, como ouvir m\u00fasica calma ou tomar um banho morno, pode ser ben\u00e9fico. Tamb\u00e9m \u00e9 aconselh\u00e1vel evitar refei\u00e7\u00f5es pesadas e subst\u00e2ncias estimulantes \u00e0 noite, como cafe\u00edna e \u00e1lcool. A exposi\u00e7\u00e3o \u00e0 luz natural pela manh\u00e3 e a pr\u00e1tica de atividades f\u00edsicas, respeitando as limita\u00e7\u00f5es individuais, s\u00e3o estrat\u00e9gias eficazes para ajustar o ritmo circadiano e melhorar o sono.<\/p>\n\n\n\n<h2 class=\"wp-block-heading\"><strong>Quais cuidados adicionais podem ser tomados?<\/strong><\/h2>\n\n\n\n<p>Os idosos devem realizar exames de rotina para identificar condi\u00e7\u00f5es que possam afetar o sono, como o aumento da pr\u00f3stata ou doen\u00e7as como diabetes e hipotireoidismo. Manter uma dieta equilibrada e evitar o consumo excessivo de l\u00edquidos antes de dormir tamb\u00e9m s\u00e3o medidas importantes.<\/p>\n\n\n\n<p>Al\u00e9m disso, criar um ambiente prop\u00edcio para o sono, com um quarto escuro e silencioso, pode ajudar a melhorar a qualidade do descanso. Consultar um m\u00e9dico especialista em sono pode ser necess\u00e1rio para identificar e tratar dist\u00farbios espec\u00edficos, garantindo assim uma melhor qualidade de vida na terceira idade.<\/p>\n","protected":false},"excerpt":{"rendered":"<p>Entenda os dist\u00farbios do sono comuns na terceira idade, seus impactos na sa\u00fade e dicas para melhorar a qualidade do sono.<\/p>\n","protected":false},"author":3,"featured_media":15141,"comment_status":"open","ping_status":"open","sticky":false,"template":"","format":"standard","meta":{"_yoast_wpseo_focuskw":"sono terceira idade","_yoast_wpseo_title":"%%title%%","_yoast_wpseo_metadesc":"Entenda os dist\u00farbios do sono comuns na terceira idade, seus impactos na sa\u00fade e dicas para melhorar a qualidade do sono.","jnews-multi-image_gallery":[],"jnews_single_post":{"format":"standard"},"jnews_primary_category":[],"jnews_social_meta":[],"jnews_override_counter":[],"footnotes":""},"categories":[119],"post_tag":[1313,201],"class_list":["post-15140","post","type-post","status-publish","format-standard","has-post-thumbnail","hentry","category-bem-estar","tag-sono","tag-terceira-idade"],"yoast_head":"<!-- This site is optimized with the Yoast SEO plugin v24.6 - https:\/\/yoast.com\/wordpress\/plugins\/seo\/ -->\n<title>Como melhorar o sono na terceira idade<\/title>\n<meta name=\"description\" content=\"Entenda os dist\u00farbios do sono comuns na terceira idade, seus impactos na sa\u00fade e dicas para melhorar a qualidade do sono.\" \/>\n<meta name=\"robots\" content=\"index, follow, max-snippet:-1, max-image-preview:large, max-video-preview:-1\" \/>\n<link rel=\"canonical\" href=\"https:\/\/www.correiobraziliense.com.br\/cbradar\/como-melhorar-o-sono-na-terceira-idade\/\" \/>\n<meta property=\"og:locale\" content=\"pt_BR\" \/>\n<meta property=\"og:type\" content=\"article\" \/>\n<meta property=\"og:title\" content=\"Como melhorar o sono na terceira idade\" \/>\n<meta property=\"og:description\" content=\"Entenda os dist\u00farbios do sono comuns na terceira idade, seus impactos na sa\u00fade e dicas para melhorar a qualidade do sono.\" \/>\n<meta property=\"og:url\" content=\"https:\/\/www.correiobraziliense.com.br\/cbradar\/como-melhorar-o-sono-na-terceira-idade\/\" \/>\n<meta property=\"og:site_name\" content=\"Correio Braziliense - Radar\" \/>\n<meta property=\"article:published_time\" content=\"2025-03-24T15:23:00+00:00\" \/>\n<meta property=\"og:image\" content=\"https:\/\/www.correiobraziliense.com.br\/cbradar\/wp-content\/uploads\/2025\/03\/dormir-idoso_1742672135947.jpg\" \/>\n\t<meta property=\"og:image:width\" content=\"1280\" \/>\n\t<meta property=\"og:image:height\" content=\"720\" \/>\n\t<meta property=\"og:image:type\" content=\"image\/jpeg\" \/>\n<meta name=\"author\" content=\"Larissa Carvalho\" \/>\n<meta name=\"twitter:card\" content=\"summary_large_image\" \/>\n<meta name=\"twitter:label1\" content=\"Escrito por\" \/>\n\t<meta name=\"twitter:data1\" content=\"Larissa Carvalho\" \/>\n\t<meta name=\"twitter:label2\" content=\"Est. tempo de leitura\" \/>\n\t<meta name=\"twitter:data2\" content=\"4 minutos\" \/>\n<!-- \/ Yoast SEO plugin. -->","yoast_head_json":{"title":"Como melhorar o sono na terceira idade","description":"Entenda os dist\u00farbios do sono comuns na terceira idade, seus impactos na sa\u00fade e dicas para melhorar a qualidade do sono.","robots":{"index":"index","follow":"follow","max-snippet":"max-snippet:-1","max-image-preview":"max-image-preview:large","max-video-preview":"max-video-preview:-1"},"canonical":"https:\/\/www.correiobraziliense.com.br\/cbradar\/como-melhorar-o-sono-na-terceira-idade\/","og_locale":"pt_BR","og_type":"article","og_title":"Como melhorar o sono na terceira idade","og_description":"Entenda os dist\u00farbios do sono comuns na terceira idade, seus impactos na sa\u00fade e dicas para melhorar a qualidade do sono.","og_url":"https:\/\/www.correiobraziliense.com.br\/cbradar\/como-melhorar-o-sono-na-terceira-idade\/","og_site_name":"Correio Braziliense - Radar","article_published_time":"2025-03-24T15:23:00+00:00","og_image":[{"width":1280,"height":720,"url":"https:\/\/www.correiobraziliense.com.br\/cbradar\/wp-content\/uploads\/2025\/03\/dormir-idoso_1742672135947.jpg","type":"image\/jpeg"}],"author":"Larissa Carvalho","twitter_card":"summary_large_image","twitter_misc":{"Escrito por":"Larissa Carvalho","Est. tempo de leitura":"4 minutos"},"schema":{"@context":"https:\/\/schema.org","@graph":[{"@type":"WebPage","@id":"https:\/\/www.correiobraziliense.com.br\/cbradar\/como-melhorar-o-sono-na-terceira-idade\/","url":"https:\/\/www.correiobraziliense.com.br\/cbradar\/como-melhorar-o-sono-na-terceira-idade\/","name":"Como melhorar o sono na terceira idade","isPartOf":{"@id":"https:\/\/www.correiobraziliense.com.br\/cbradar\/#website"},"primaryImageOfPage":{"@id":"https:\/\/www.correiobraziliense.com.br\/cbradar\/como-melhorar-o-sono-na-terceira-idade\/#primaryimage"},"image":{"@id":"https:\/\/www.correiobraziliense.com.br\/cbradar\/como-melhorar-o-sono-na-terceira-idade\/#primaryimage"},"thumbnailUrl":"https:\/\/www.correiobraziliense.com.br\/cbradar\/wp-content\/uploads\/2025\/03\/dormir-idoso_1742672135947.jpg","datePublished":"2025-03-24T15:23:00+00:00","author":{"@id":"https:\/\/www.correiobraziliense.com.br\/cbradar\/#\/schema\/person\/58422787644df994b53a19d3e56c1513"},"description":"Entenda os dist\u00farbios do sono comuns na terceira idade, seus impactos na sa\u00fade e dicas para melhorar a qualidade do sono.","breadcrumb":{"@id":"https:\/\/www.correiobraziliense.com.br\/cbradar\/como-melhorar-o-sono-na-terceira-idade\/#breadcrumb"},"inLanguage":"pt-BR","potentialAction":[{"@type":"ReadAction","target":["https:\/\/www.correiobraziliense.com.br\/cbradar\/como-melhorar-o-sono-na-terceira-idade\/"]}]},{"@type":"ImageObject","inLanguage":"pt-BR","@id":"https:\/\/www.correiobraziliense.com.br\/cbradar\/como-melhorar-o-sono-na-terceira-idade\/#primaryimage","url":"https:\/\/www.correiobraziliense.com.br\/cbradar\/wp-content\/uploads\/2025\/03\/dormir-idoso_1742672135947.jpg","contentUrl":"https:\/\/www.correiobraziliense.com.br\/cbradar\/wp-content\/uploads\/2025\/03\/dormir-idoso_1742672135947.jpg","width":1280,"height":720,"caption":"dormir idoso. Cr\u00e9ditos: depositphotos.com \/ Rawpixel"},{"@type":"BreadcrumbList","@id":"https:\/\/www.correiobraziliense.com.br\/cbradar\/como-melhorar-o-sono-na-terceira-idade\/#breadcrumb","itemListElement":[{"@type":"ListItem","position":1,"name":"In\u00edcio","item":"https:\/\/www.correiobraziliense.com.br\/cbradar\/"},{"@type":"ListItem","position":2,"name":"Como melhorar o sono na terceira idade"}]},{"@type":"WebSite","@id":"https:\/\/www.correiobraziliense.com.br\/cbradar\/#website","url":"https:\/\/www.correiobraziliense.com.br\/cbradar\/","name":"Correio Braziliense - Radar","description":"Acompanhe as \u00faltimas not\u00edcias e fique bem informado sobre tudo o que acontece no Brasil e no mundo.","potentialAction":[{"@type":"SearchAction","target":{"@type":"EntryPoint","urlTemplate":"https:\/\/www.correiobraziliense.com.br\/cbradar\/?s={search_term_string}"},"query-input":{"@type":"PropertyValueSpecification","valueRequired":true,"valueName":"search_term_string"}}],"inLanguage":"pt-BR"},{"@type":"Person","@id":"https:\/\/www.correiobraziliense.com.br\/cbradar\/#\/schema\/person\/58422787644df994b53a19d3e56c1513","name":"Larissa Carvalho","image":{"@type":"ImageObject","inLanguage":"pt-BR","@id":"https:\/\/www.correiobraziliense.com.br\/cbradar\/#\/schema\/person\/image\/","url":"https:\/\/secure.gravatar.com\/avatar\/fe4f91a0de32b52a838d0d612abdc1aa?s=96&d=mm&r=g","contentUrl":"https:\/\/secure.gravatar.com\/avatar\/fe4f91a0de32b52a838d0d612abdc1aa?s=96&d=mm&r=g","caption":"Larissa Carvalho"},"url":"https:\/\/www.correiobraziliense.com.br\/cbradar\/author\/larissamyth\/"}]}},"_links":{"self":[{"href":"https:\/\/www.correiobraziliense.com.br\/cbradar\/wp-json\/wp\/v2\/posts\/15140","targetHints":{"allow":["GET"]}}],"collection":[{"href":"https:\/\/www.correiobraziliense.com.br\/cbradar\/wp-json\/wp\/v2\/posts"}],"about":[{"href":"https:\/\/www.correiobraziliense.com.br\/cbradar\/wp-json\/wp\/v2\/types\/post"}],"author":[{"embeddable":true,"href":"https:\/\/www.correiobraziliense.com.br\/cbradar\/wp-json\/wp\/v2\/users\/3"}],"replies":[{"embeddable":true,"href":"https:\/\/www.correiobraziliense.com.br\/cbradar\/wp-json\/wp\/v2\/comments?post=15140"}],"version-history":[{"count":1,"href":"https:\/\/www.correiobraziliense.com.br\/cbradar\/wp-json\/wp\/v2\/posts\/15140\/revisions"}],"predecessor-version":[{"id":15143,"href":"https:\/\/www.correiobraziliense.com.br\/cbradar\/wp-json\/wp\/v2\/posts\/15140\/revisions\/15143"}],"wp:featuredmedia":[{"embeddable":true,"href":"https:\/\/www.correiobraziliense.com.br\/cbradar\/wp-json\/wp\/v2\/media\/15141"}],"wp:attachment":[{"href":"https:\/\/www.correiobraziliense.com.br\/cbradar\/wp-json\/wp\/v2\/media?parent=15140"}],"wp:term":[{"taxonomy":"category","embeddable":true,"href":"https:\/\/www.correiobraziliense.com.br\/cbradar\/wp-json\/wp\/v2\/categories?post=15140"},{"taxonomy":"post_tag","embeddable":true,"href":"https:\/\/www.correiobraziliense.com.br\/cbradar\/wp-json\/wp\/v2\/post_tag?post=15140"}],"curies":[{"name":"wp","href":"https:\/\/api.w.org\/{rel}","templated":true}]}}