{"id":151695,"date":"2025-12-08T22:55:00","date_gmt":"2025-12-09T01:55:00","guid":{"rendered":"https:\/\/www.correiobraziliense.com.br\/cbradar\/?p=151695"},"modified":"2025-12-07T11:41:33","modified_gmt":"2025-12-07T14:41:33","slug":"quais-sao-os-beneficios-e-riscos-da-ressonancia-magnetica-de-corpo-inteiro-segundo-especialistas","status":"publish","type":"post","link":"https:\/\/www.correiobraziliense.com.br\/cbradar\/quais-sao-os-beneficios-e-riscos-da-ressonancia-magnetica-de-corpo-inteiro-segundo-especialistas\/","title":{"rendered":"Quais s\u00e3o os benef\u00edcios e riscos da resson\u00e2ncia magn\u00e9tica de corpo inteiro, segundo especialistas?"},"content":{"rendered":"\n<p><strong>A resson\u00e2ncia magn\u00e9tica de corpo inteiro (full-body MRI) tornou-se um dos exames mais discutidos na \u00faltima d\u00e9cada. <\/strong>Impulsionada por celebridades como <strong>Kim Kardashian<\/strong> e <strong>Paris Hilton<\/strong>, a t\u00e9cnica ganhou popularidade pela promessa de identificar doen\u00e7as ocultas antes mesmo dos primeiros sintomas. Apesar do entusiasmo crescente, especialistas alertam que nem sempre essa busca por uma \u201cvarredura completa\u201d traz os benef\u00edcios que o p\u00fablico imagina.<\/p>\n\n\n\n<h2 class=\"wp-block-heading\">Quais s\u00e3o os principais benef\u00edcios da resson\u00e2ncia magn\u00e9tica de corpo inteiro?<\/h2>\n\n\n\n<p>A resson\u00e2ncia magn\u00e9tica corporal completa tem vantagens claras para grupos espec\u00edficos. <strong>Ela permite identificar tumores e altera\u00e7\u00f5es silenciosas sem uso de radia\u00e7\u00e3o<\/strong>, tornando-se uma ferramenta relevante para pessoas com fatores de risco elevados.<\/p>\n\n\n\n<p>Casos em que os especialistas consideram o exame \u00fatil incluem:<\/p>\n\n\n\n<ul class=\"wp-block-list\">\n<li>S\u00edndromes heredit\u00e1rias associadas a maior risco de c\u00e2ncer.<\/li>\n\n\n\n<li>Hist\u00f3rico familiar significativo de tumores agressivos.<\/li>\n\n\n\n<li>Indiv\u00edduos com muta\u00e7\u00f5es gen\u00e9ticas como BRCA1 e BRCA2.<\/li>\n<\/ul>\n\n\n\n<p>Al\u00e9m disso, o exame permite observar simultaneamente m\u00faltiplos \u00f3rg\u00e3os e tecidos, auxiliando na investiga\u00e7\u00e3o de doen\u00e7as inflamat\u00f3rias, problemas musculoesquel\u00e9ticos e altera\u00e7\u00f5es card\u00edacas sutis.<\/p>\n\n\n<div class=\"wp-block-image\">\n<figure class=\"aligncenter size-large\"><img decoding=\"async\" width=\"1024\" height=\"576\" src=\"https:\/\/www.correiobraziliense.com.br\/cbradar\/wp-content\/uploads\/2025\/12\/ressonancia-magnetica_1765118106999-1024x576.jpg\" alt=\"Quais s\u00e3o os benef\u00edcios e riscos da resson\u00e2ncia magn\u00e9tica de corpo inteiro, segundo especialistas?\" class=\"wp-image-151850\" srcset=\"https:\/\/www.correiobraziliense.com.br\/cbradar\/wp-content\/uploads\/2025\/12\/ressonancia-magnetica_1765118106999-1024x576.jpg 1024w, https:\/\/www.correiobraziliense.com.br\/cbradar\/wp-content\/uploads\/2025\/12\/ressonancia-magnetica_1765118106999-300x169.jpg 300w, https:\/\/www.correiobraziliense.com.br\/cbradar\/wp-content\/uploads\/2025\/12\/ressonancia-magnetica_1765118106999-768x432.jpg 768w, https:\/\/www.correiobraziliense.com.br\/cbradar\/wp-content\/uploads\/2025\/12\/ressonancia-magnetica_1765118106999-750x422.jpg 750w, https:\/\/www.correiobraziliense.com.br\/cbradar\/wp-content\/uploads\/2025\/12\/ressonancia-magnetica_1765118106999-1140x641.jpg 1140w, https:\/\/www.correiobraziliense.com.br\/cbradar\/wp-content\/uploads\/2025\/12\/ressonancia-magnetica_1765118106999.jpg 1280w\" sizes=\"(max-width: 1024px) 100vw, 1024px\" \/><figcaption class=\"wp-element-caption\">Resson\u00e2ncia magn\u00e9tica usa campo magn\u00e9tico forte para alinhar pr\u00f3tons de hidrog\u00eanio, pulsos de r\u00e1dio desalinham e realinhamento gera sinais convertidos em imagens detalhadas 3D sem radia\u00e7\u00e3o. \/\/ Cr\u00e9ditos: depositphotos.com \/ NataliMis<\/figcaption><\/figure><\/div>\n\n\n<h2 class=\"wp-block-heading\">Quais s\u00e3o os riscos e limita\u00e7\u00f5es apontados pela comunidade m\u00e9dica?<\/h2>\n\n\n\n<p>Apesar do apelo tecnol\u00f3gico, m\u00e9dicos e pesquisadores destacam limita\u00e7\u00f5es importantes. <strong>Um dos principais riscos \u00e9 o superdiagn\u00f3stico<\/strong>, quando o exame detecta n\u00f3dulos, cistos ou marcas benignas que nunca causariam nenhum problema.<\/p>\n\n\n\n<p>Essa alta sensibilidade pode gerar:<\/p>\n\n\n\n<ul class=\"wp-block-list\">\n<li>Exames complementares desnecess\u00e1rios.<\/li>\n\n\n\n<li>Bi\u00f3psias invasivas sem real necessidade.<\/li>\n\n\n\n<li>Aumento da ansiedade e sensa\u00e7\u00e3o constante de que algo est\u00e1 errado.<\/li>\n<\/ul>\n\n\n\n<p>Outro ponto cr\u00edtico s\u00e3o os <strong>achados incidentais<\/strong>, descobertas inesperadas que levam a investiga\u00e7\u00f5es longas e desgastantes, muitas vezes sem impacto positivo na sa\u00fade do paciente.<\/p>\n\n\n\n<p><strong>Procurando entender um exame de imagem avan\u00e7ado? <\/strong>O canal <strong>Cl\u00ednica IMEB<\/strong>, com mais de <strong>22,7 mil visualiza\u00e7\u00f5es<\/strong> neste conte\u00fado, apresenta a <strong>Resson\u00e2ncia Magn\u00e9tica de Corpo Inteiro<\/strong>, um exame sem radia\u00e7\u00e3o, detalhando suas principais indica\u00e7\u00f5es (avalia\u00e7\u00e3o de esqueleto, pesquisa de met\u00e1stases e mieloma m\u00faltiplo) e o preparo necess\u00e1rio (jejum, retirada de metais e uso de contraste):<\/p>\n\n\n\n<figure class=\"wp-block-embed aligncenter is-type-video is-provider-youtube wp-block-embed-youtube wp-embed-aspect-16-9 wp-has-aspect-ratio\"><div class=\"wp-block-embed__wrapper\">\n<div class=\"jeg_video_container jeg_video_content\"><iframe loading=\"lazy\" title=\"Resson\u00e2ncia Magn\u00e9tica de Corpo Inteiro | Indica\u00e7\u00f5es, Preparo e Diferenciais\" width=\"500\" height=\"281\" src=\"https:\/\/www.youtube.com\/embed\/OxbBfLPzJU8?feature=oembed\" frameborder=\"0\" allow=\"accelerometer; autoplay; clipboard-write; encrypted-media; gyroscope; picture-in-picture; web-share\" referrerpolicy=\"strict-origin-when-cross-origin\" allowfullscreen><\/iframe><\/div>\n<\/div><\/figure>\n\n\n\n<h2 class=\"wp-block-heading\">Por que esses exames n\u00e3o s\u00e3o recomendados para pessoas saud\u00e1veis?<\/h2>\n\n\n\n<p>A maioria dos protocolos internacionais concorda: <strong>n\u00e3o h\u00e1 evid\u00eancias suficientes de que a resson\u00e2ncia magn\u00e9tica de corpo inteiro melhora a sa\u00fade de pessoas sem sintomas e sem fatores de risco<\/strong>.<\/p>\n\n\n\n<p><strong><a href=\"https:\/\/pubmed.ncbi.nlm.nih.gov\/30932247\/\" target=\"_blank\" rel=\"noreferrer noopener\">Segundo pesquisas<\/a><\/strong>, usar essa tecnologia em indiv\u00edduos saud\u00e1veis pode trazer mais preocupa\u00e7\u00e3o do que tranquilidade, justamente pela possibilidade de resultados amb\u00edguos ou falsos positivos.<\/p>\n\n\n\n<p>Al\u00e9m disso, o exame n\u00e3o substitui avalia\u00e7\u00f5es m\u00e9dicas tradicionais, exames laboratoriais e acompanhamento cl\u00ednico adequado.<\/p>\n\n\n\n<h2 class=\"wp-block-heading\">Em quais situa\u00e7\u00f5es a resson\u00e2ncia magn\u00e9tica de corpo inteiro \u00e9 ben\u00e9fica?<\/h2>\n\n\n\n<p>Existem casos em que a tecnologia pode ser decisiva para o diagn\u00f3stico precoce e acompanhamento. <strong>O exame \u00e9 especialmente \u00fatil em pacientes de alto risco<\/strong>, nos quais a detec\u00e7\u00e3o antecipada pode alterar o curso da doen\u00e7a.<\/p>\n\n\n\n<p>Entre os exemplos mais citados est\u00e3o:<\/p>\n\n\n\n<ul class=\"wp-block-list\">\n<li>Monitoramento de s\u00edndromes heredit\u00e1rias como Li-Fraumeni.<\/li>\n\n\n\n<li>Investiga\u00e7\u00e3o de tumores raros ou de crescimento r\u00e1pido.<\/li>\n\n\n\n<li>Avalia\u00e7\u00e3o complementar em pacientes com queixas complexas e sem diagn\u00f3stico claro.<\/li>\n<\/ul>\n\n\n\n<p><strong>Leia tamb\u00e9m: <a href=\"https:\/\/www.correiobraziliense.com.br\/cbradar\/sedentarios-podem-comecar-esse-treino-pratico-para-fortalecer-os-musculos-em-casa\/#google_vignette\" target=\"_blank\" rel=\"noreferrer noopener\">Sedent\u00e1rios podem come\u00e7ar esse treino pr\u00e1tico para fortalecer os m\u00fasculos em casa.<\/a><\/strong><\/p>\n\n\n<div class=\"wp-block-image\">\n<figure class=\"aligncenter size-large\"><img decoding=\"async\" width=\"1024\" height=\"576\" src=\"https:\/\/www.correiobraziliense.com.br\/cbradar\/wp-content\/uploads\/2025\/12\/ressonancia-magnetica_1765117975885-1024x576.jpg\" alt=\"Quais s\u00e3o os benef\u00edcios e riscos da resson\u00e2ncia magn\u00e9tica de corpo inteiro, segundo especialistas?\" class=\"wp-image-151848\" srcset=\"https:\/\/www.correiobraziliense.com.br\/cbradar\/wp-content\/uploads\/2025\/12\/ressonancia-magnetica_1765117975885-1024x576.jpg 1024w, https:\/\/www.correiobraziliense.com.br\/cbradar\/wp-content\/uploads\/2025\/12\/ressonancia-magnetica_1765117975885-300x169.jpg 300w, https:\/\/www.correiobraziliense.com.br\/cbradar\/wp-content\/uploads\/2025\/12\/ressonancia-magnetica_1765117975885-768x432.jpg 768w, https:\/\/www.correiobraziliense.com.br\/cbradar\/wp-content\/uploads\/2025\/12\/ressonancia-magnetica_1765117975885-750x422.jpg 750w, https:\/\/www.correiobraziliense.com.br\/cbradar\/wp-content\/uploads\/2025\/12\/ressonancia-magnetica_1765117975885-1140x641.jpg 1140w, https:\/\/www.correiobraziliense.com.br\/cbradar\/wp-content\/uploads\/2025\/12\/ressonancia-magnetica_1765117975885.jpg 1280w\" sizes=\"(max-width: 1024px) 100vw, 1024px\" \/><figcaption class=\"wp-element-caption\">Resson\u00e2ncia magn\u00e9tica desvenda segredos corporais: imagens precisas inspiram diagn\u00f3sticos transformadores e tratamentos que restauram sa\u00fade plena e confian\u00e7a vital. \/\/ Cr\u00e9ditos: depositphotos.com \/ VitalikRadko<\/figcaption><\/figure><\/div>\n\n\n<h2 class=\"wp-block-heading\">Por que o tema ganhou tanta visibilidade recentemente?<\/h2>\n\n\n\n<p>O fen\u00f4meno dos \u201cspas m\u00e9dicos\u201d e cl\u00ednicas privadas oferecendo pacotes de exames completos tem se espalhado rapidamente, sobretudo nos Estados Unidos. <strong>Promessas de tranquilidade total e marketing baseado em celebridades<\/strong> levaram milhares de pessoas a buscar o exame mesmo sem recomenda\u00e7\u00e3o m\u00e9dica.<\/p>\n\n\n\n<p>Contudo, especialistas entrevistados alertam: consultar um m\u00e9dico antes de realizar o exame \u00e9 essencial. Somente um profissional pode avaliar se a pessoa realmente se beneficia ou se corre risco de entrar em uma cadeia desnecess\u00e1ria de exames.<\/p>\n\n\n\n<h2 class=\"wp-block-heading\">O que esperar do futuro desse tipo de exame?<\/h2>\n\n\n\n<p>O debate atual indica que a resson\u00e2ncia magn\u00e9tica de corpo inteiro poder\u00e1 integrar rotinas de sa\u00fade de popula\u00e7\u00f5es espec\u00edficas, mas dificilmente se tornar\u00e1 um exame universal. <strong>O desafio est\u00e1 em equilibrar o potencial da tecnologia com o risco de exageros diagn\u00f3sticos.<\/strong><\/p>\n\n\n\n<p>Enquanto isso, m\u00e9dicos refor\u00e7am que a melhor estrat\u00e9gia para preven\u00e7\u00e3o continua sendo um acompanhamento cl\u00ednico regular, h\u00e1bitos saud\u00e1veis e aten\u00e7\u00e3o a sintomas persistentes.<\/p>\n","protected":false},"excerpt":{"rendered":"<p>A resson\u00e2ncia magn\u00e9tica de corpo inteiro (full-body MRI) tornou-se um dos exames mais discutidos na \u00faltima d\u00e9cada. Impulsionada por celebridades como Kim Kardashian e Paris Hilton, a t\u00e9cnica ganhou popularidade pela promessa de identificar doen\u00e7as ocultas antes mesmo dos primeiros sintomas. Apesar do entusiasmo crescente, especialistas alertam que nem sempre essa busca por uma \u201cvarredura [&hellip;]<\/p>\n","protected":false},"author":8,"featured_media":151849,"comment_status":"open","ping_status":"open","sticky":false,"template":"","format":"standard","meta":{"_yoast_wpseo_focuskw":"resson\u00e2ncia magn\u00e9tica","_yoast_wpseo_title":"","_yoast_wpseo_metadesc":"A resson\u00e2ncia magn\u00e9tica de corpo inteiro tem benef\u00edcios e riscos, segundo especialistas. Entenda o que considerar antes do exame.","jnews-multi-image_gallery":[],"jnews_single_post":{"format":"standard"},"jnews_primary_category":[],"jnews_social_meta":[],"jnews_override_counter":[],"footnotes":""},"categories":[119,4404],"tags":[12418,1318],"class_list":["post-151695","post","type-post","status-publish","format-standard","has-post-thumbnail","hentry","category-bem-estar","category-saude","tag-ressonancia-magnetica","tag-saude-2"],"yoast_head":"<!-- This site is optimized with the Yoast SEO plugin v24.6 - https:\/\/yoast.com\/wordpress\/plugins\/seo\/ -->\n<title>Quais s\u00e3o os benef\u00edcios e riscos da resson\u00e2ncia magn\u00e9tica de corpo inteiro, segundo especialistas? - Correio Braziliense - Radar<\/title>\n<meta name=\"description\" content=\"A resson\u00e2ncia magn\u00e9tica de corpo inteiro tem benef\u00edcios e riscos, segundo especialistas. Entenda o que considerar antes do exame.\" \/>\n<meta name=\"robots\" content=\"index, follow, max-snippet:-1, max-image-preview:large, max-video-preview:-1\" \/>\n<link rel=\"canonical\" href=\"https:\/\/www.correiobraziliense.com.br\/cbradar\/quais-sao-os-beneficios-e-riscos-da-ressonancia-magnetica-de-corpo-inteiro-segundo-especialistas\/\" \/>\n<meta property=\"og:locale\" content=\"pt_BR\" \/>\n<meta property=\"og:type\" content=\"article\" \/>\n<meta property=\"og:title\" content=\"Quais s\u00e3o os benef\u00edcios e riscos da resson\u00e2ncia magn\u00e9tica de corpo inteiro, segundo especialistas? - Correio Braziliense - Radar\" \/>\n<meta property=\"og:description\" content=\"A resson\u00e2ncia magn\u00e9tica de corpo inteiro tem benef\u00edcios e riscos, segundo especialistas. Entenda o que considerar antes do exame.\" \/>\n<meta property=\"og:url\" content=\"https:\/\/www.correiobraziliense.com.br\/cbradar\/quais-sao-os-beneficios-e-riscos-da-ressonancia-magnetica-de-corpo-inteiro-segundo-especialistas\/\" \/>\n<meta property=\"og:site_name\" content=\"Correio Braziliense - Radar\" \/>\n<meta property=\"article:published_time\" content=\"2025-12-09T01:55:00+00:00\" \/>\n<meta property=\"og:image\" content=\"https:\/\/www.correiobraziliense.com.br\/cbradar\/wp-content\/uploads\/2025\/12\/ressonancia-magnetica_1765118049584.jpg\" \/>\n\t<meta property=\"og:image:width\" content=\"1280\" \/>\n\t<meta property=\"og:image:height\" content=\"720\" \/>\n\t<meta property=\"og:image:type\" content=\"image\/jpeg\" \/>\n<meta name=\"author\" content=\"Maura Pereira\" \/>\n<meta name=\"twitter:card\" content=\"summary_large_image\" \/>\n<meta name=\"twitter:label1\" content=\"Escrito por\" \/>\n\t<meta name=\"twitter:data1\" content=\"Maura Pereira\" \/>\n\t<meta name=\"twitter:label2\" content=\"Est. tempo de leitura\" \/>\n\t<meta name=\"twitter:data2\" content=\"5 minutos\" \/>\n<!-- \/ Yoast SEO plugin. -->","yoast_head_json":{"title":"Quais s\u00e3o os benef\u00edcios e riscos da resson\u00e2ncia magn\u00e9tica de corpo inteiro, segundo especialistas? - Correio Braziliense - Radar","description":"A resson\u00e2ncia magn\u00e9tica de corpo inteiro tem benef\u00edcios e riscos, segundo especialistas. Entenda o que considerar antes do exame.","robots":{"index":"index","follow":"follow","max-snippet":"max-snippet:-1","max-image-preview":"max-image-preview:large","max-video-preview":"max-video-preview:-1"},"canonical":"https:\/\/www.correiobraziliense.com.br\/cbradar\/quais-sao-os-beneficios-e-riscos-da-ressonancia-magnetica-de-corpo-inteiro-segundo-especialistas\/","og_locale":"pt_BR","og_type":"article","og_title":"Quais s\u00e3o os benef\u00edcios e riscos da resson\u00e2ncia magn\u00e9tica de corpo inteiro, segundo especialistas? - Correio Braziliense - Radar","og_description":"A resson\u00e2ncia magn\u00e9tica de corpo inteiro tem benef\u00edcios e riscos, segundo especialistas. Entenda o que considerar antes do exame.","og_url":"https:\/\/www.correiobraziliense.com.br\/cbradar\/quais-sao-os-beneficios-e-riscos-da-ressonancia-magnetica-de-corpo-inteiro-segundo-especialistas\/","og_site_name":"Correio Braziliense - Radar","article_published_time":"2025-12-09T01:55:00+00:00","og_image":[{"width":1280,"height":720,"url":"https:\/\/www.correiobraziliense.com.br\/cbradar\/wp-content\/uploads\/2025\/12\/ressonancia-magnetica_1765118049584.jpg","type":"image\/jpeg"}],"author":"Maura Pereira","twitter_card":"summary_large_image","twitter_misc":{"Escrito por":"Maura Pereira","Est. tempo de leitura":"5 minutos"},"schema":{"@context":"https:\/\/schema.org","@graph":[{"@type":"WebPage","@id":"https:\/\/www.correiobraziliense.com.br\/cbradar\/quais-sao-os-beneficios-e-riscos-da-ressonancia-magnetica-de-corpo-inteiro-segundo-especialistas\/","url":"https:\/\/www.correiobraziliense.com.br\/cbradar\/quais-sao-os-beneficios-e-riscos-da-ressonancia-magnetica-de-corpo-inteiro-segundo-especialistas\/","name":"Quais s\u00e3o os benef\u00edcios e riscos da resson\u00e2ncia magn\u00e9tica de corpo inteiro, segundo especialistas? - Correio Braziliense - Radar","isPartOf":{"@id":"https:\/\/www.correiobraziliense.com.br\/cbradar\/#website"},"primaryImageOfPage":{"@id":"https:\/\/www.correiobraziliense.com.br\/cbradar\/quais-sao-os-beneficios-e-riscos-da-ressonancia-magnetica-de-corpo-inteiro-segundo-especialistas\/#primaryimage"},"image":{"@id":"https:\/\/www.correiobraziliense.com.br\/cbradar\/quais-sao-os-beneficios-e-riscos-da-ressonancia-magnetica-de-corpo-inteiro-segundo-especialistas\/#primaryimage"},"thumbnailUrl":"https:\/\/www.correiobraziliense.com.br\/cbradar\/wp-content\/uploads\/2025\/12\/ressonancia-magnetica_1765118049584.jpg","datePublished":"2025-12-09T01:55:00+00:00","author":{"@id":"https:\/\/www.correiobraziliense.com.br\/cbradar\/#\/schema\/person\/4053c651a9bfc785afc6f4cbc9032fd3"},"description":"A resson\u00e2ncia magn\u00e9tica de corpo inteiro tem benef\u00edcios e riscos, segundo especialistas. Entenda o que considerar antes do exame.","breadcrumb":{"@id":"https:\/\/www.correiobraziliense.com.br\/cbradar\/quais-sao-os-beneficios-e-riscos-da-ressonancia-magnetica-de-corpo-inteiro-segundo-especialistas\/#breadcrumb"},"inLanguage":"pt-BR","potentialAction":[{"@type":"ReadAction","target":["https:\/\/www.correiobraziliense.com.br\/cbradar\/quais-sao-os-beneficios-e-riscos-da-ressonancia-magnetica-de-corpo-inteiro-segundo-especialistas\/"]}]},{"@type":"ImageObject","inLanguage":"pt-BR","@id":"https:\/\/www.correiobraziliense.com.br\/cbradar\/quais-sao-os-beneficios-e-riscos-da-ressonancia-magnetica-de-corpo-inteiro-segundo-especialistas\/#primaryimage","url":"https:\/\/www.correiobraziliense.com.br\/cbradar\/wp-content\/uploads\/2025\/12\/ressonancia-magnetica_1765118049584.jpg","contentUrl":"https:\/\/www.correiobraziliense.com.br\/cbradar\/wp-content\/uploads\/2025\/12\/ressonancia-magnetica_1765118049584.jpg","width":1280,"height":720,"caption":"Resson\u00e2ncia magn\u00e9tica revoluciona diagn\u00f3sticos neurol\u00f3gicos e oncol\u00f3gicos com imagens funcionais, destacando-se em exames sem radia\u00e7\u00e3o para tumores e AVC atuais.\u200b \/\/ Cr\u00e9ditos: depositphotos.com \/ phonlamai"},{"@type":"BreadcrumbList","@id":"https:\/\/www.correiobraziliense.com.br\/cbradar\/quais-sao-os-beneficios-e-riscos-da-ressonancia-magnetica-de-corpo-inteiro-segundo-especialistas\/#breadcrumb","itemListElement":[{"@type":"ListItem","position":1,"name":"In\u00edcio","item":"https:\/\/www.correiobraziliense.com.br\/cbradar\/"},{"@type":"ListItem","position":2,"name":"Quais s\u00e3o os benef\u00edcios e riscos da resson\u00e2ncia magn\u00e9tica de corpo inteiro, segundo especialistas?"}]},{"@type":"WebSite","@id":"https:\/\/www.correiobraziliense.com.br\/cbradar\/#website","url":"https:\/\/www.correiobraziliense.com.br\/cbradar\/","name":"Correio Braziliense - Radar","description":"Acompanhe as \u00faltimas not\u00edcias e fique bem informado sobre tudo o que acontece no Brasil e no mundo.","potentialAction":[{"@type":"SearchAction","target":{"@type":"EntryPoint","urlTemplate":"https:\/\/www.correiobraziliense.com.br\/cbradar\/?s={search_term_string}"},"query-input":{"@type":"PropertyValueSpecification","valueRequired":true,"valueName":"search_term_string"}}],"inLanguage":"pt-BR"},{"@type":"Person","@id":"https:\/\/www.correiobraziliense.com.br\/cbradar\/#\/schema\/person\/4053c651a9bfc785afc6f4cbc9032fd3","name":"Maura Pereira","image":{"@type":"ImageObject","inLanguage":"pt-BR","@id":"https:\/\/www.correiobraziliense.com.br\/cbradar\/#\/schema\/person\/image\/","url":"https:\/\/secure.gravatar.com\/avatar\/3effd6bdadfa447f15089c7f7144eaa6?s=96&d=mm&r=g","contentUrl":"https:\/\/secure.gravatar.com\/avatar\/3effd6bdadfa447f15089c7f7144eaa6?s=96&d=mm&r=g","caption":"Maura Pereira"},"sameAs":["https:\/\/www.correiobraziliense.com.br\/"],"url":"https:\/\/www.correiobraziliense.com.br\/cbradar\/author\/mauramyth\/"}]}},"_links":{"self":[{"href":"https:\/\/www.correiobraziliense.com.br\/cbradar\/wp-json\/wp\/v2\/posts\/151695","targetHints":{"allow":["GET"]}}],"collection":[{"href":"https:\/\/www.correiobraziliense.com.br\/cbradar\/wp-json\/wp\/v2\/posts"}],"about":[{"href":"https:\/\/www.correiobraziliense.com.br\/cbradar\/wp-json\/wp\/v2\/types\/post"}],"author":[{"embeddable":true,"href":"https:\/\/www.correiobraziliense.com.br\/cbradar\/wp-json\/wp\/v2\/users\/8"}],"replies":[{"embeddable":true,"href":"https:\/\/www.correiobraziliense.com.br\/cbradar\/wp-json\/wp\/v2\/comments?post=151695"}],"version-history":[{"count":12,"href":"https:\/\/www.correiobraziliense.com.br\/cbradar\/wp-json\/wp\/v2\/posts\/151695\/revisions"}],"predecessor-version":[{"id":151856,"href":"https:\/\/www.correiobraziliense.com.br\/cbradar\/wp-json\/wp\/v2\/posts\/151695\/revisions\/151856"}],"wp:featuredmedia":[{"embeddable":true,"href":"https:\/\/www.correiobraziliense.com.br\/cbradar\/wp-json\/wp\/v2\/media\/151849"}],"wp:attachment":[{"href":"https:\/\/www.correiobraziliense.com.br\/cbradar\/wp-json\/wp\/v2\/media?parent=151695"}],"wp:term":[{"taxonomy":"category","embeddable":true,"href":"https:\/\/www.correiobraziliense.com.br\/cbradar\/wp-json\/wp\/v2\/categories?post=151695"},{"taxonomy":"post_tag","embeddable":true,"href":"https:\/\/www.correiobraziliense.com.br\/cbradar\/wp-json\/wp\/v2\/tags?post=151695"}],"curies":[{"name":"wp","href":"https:\/\/api.w.org\/{rel}","templated":true}]}}