{"id":151696,"date":"2025-12-08T17:05:00","date_gmt":"2025-12-08T20:05:00","guid":{"rendered":"https:\/\/www.correiobraziliense.com.br\/cbradar\/?p=151696"},"modified":"2025-12-07T11:54:36","modified_gmt":"2025-12-07T14:54:36","slug":"o-que-seu-jeito-de-dirigir-revela-sobre-sua-memoria-segundo-estudos","status":"publish","type":"post","link":"https:\/\/www.correiobraziliense.com.br\/cbradar\/o-que-seu-jeito-de-dirigir-revela-sobre-sua-memoria-segundo-estudos\/","title":{"rendered":"O que seu jeito de dirigir revela sobre sua mem\u00f3ria, segundo estudos"},"content":{"rendered":"\n<p><strong>Dirigir faz parte da rotina de milh\u00f5es de pessoas<\/strong>, <strong>\u00e9 um gesto autom\u00e1tico, quase intuitivo.<\/strong> Rotas familiares, decis\u00f5es r\u00e1pidas e ajustes finos no volante parecem simples, mas por tr\u00e1s de cada trajeto existe uma das tarefas mais complexas que o c\u00e9rebro humano executa diariamente. Pesquisas recentes apontam que mudan\u00e7as sutis nesses padr\u00f5es de condu\u00e7\u00e3o podem revelar ind\u00edcios precoces de decl\u00ednio cognitivo <strong>anos antes<\/strong> de sintomas mais evidentes de perda de mem\u00f3ria surgirem.<\/p>\n\n\n\n<h2 class=\"wp-block-heading\">Por que dirigir \u00e9 t\u00e3o exigente para o c\u00e9rebro?<\/h2>\n\n\n\n<p>A dire\u00e7\u00e3o exige uma combina\u00e7\u00e3o intensa de habilidades: aten\u00e7\u00e3o dividida, tomada de decis\u00e3o instant\u00e2nea, processamento visual r\u00e1pido, mem\u00f3ria espacial e coordena\u00e7\u00e3o motora. <strong>Dirigir \u00e9 cognitivamente desafiador porque integra m\u00faltiplas \u00e1reas do c\u00e9rebro ao mesmo tempo, tornando-se sens\u00edvel a pequenas perdas cognitivas.<\/strong><\/p>\n\n\n\n<p>Quando essas fun\u00e7\u00f5es come\u00e7am a declinar, ainda que minimamente, o corpo tende a compensar de forma quase impercept\u00edvel. A pessoa pode n\u00e3o perceber nada \u2014 mas seus h\u00e1bitos ao volante come\u00e7am a mudar.<\/p>\n\n\n<div class=\"wp-block-image\">\n<figure class=\"aligncenter size-large\"><img decoding=\"async\" width=\"1024\" height=\"576\" src=\"https:\/\/www.correiobraziliense.com.br\/cbradar\/wp-content\/uploads\/2025\/12\/dirigir-_1765118589563-1024x576.jpg\" alt=\"O que seu jeito de dirigir revela sobre sua mem\u00f3ria, segundo estudos\" class=\"wp-image-151860\" srcset=\"https:\/\/www.correiobraziliense.com.br\/cbradar\/wp-content\/uploads\/2025\/12\/dirigir-_1765118589563-1024x576.jpg 1024w, https:\/\/www.correiobraziliense.com.br\/cbradar\/wp-content\/uploads\/2025\/12\/dirigir-_1765118589563-300x169.jpg 300w, https:\/\/www.correiobraziliense.com.br\/cbradar\/wp-content\/uploads\/2025\/12\/dirigir-_1765118589563-768x432.jpg 768w, https:\/\/www.correiobraziliense.com.br\/cbradar\/wp-content\/uploads\/2025\/12\/dirigir-_1765118589563-750x422.jpg 750w, https:\/\/www.correiobraziliense.com.br\/cbradar\/wp-content\/uploads\/2025\/12\/dirigir-_1765118589563-1140x641.jpg 1140w, https:\/\/www.correiobraziliense.com.br\/cbradar\/wp-content\/uploads\/2025\/12\/dirigir-_1765118589563.jpg 1280w\" sizes=\"(max-width: 1024px) 100vw, 1024px\" \/><figcaption class=\"wp-element-caption\">Aprenda a guiar ve\u00edculos com maestria, administrando trajetos e equipes. Dirigir exige foco e habilidade no dia a dia. \/\/ Cr\u00e9ditos: depositphotos.com \/ romanlisovy<\/figcaption><\/figure><\/div>\n\n\n<h2 class=\"wp-block-heading\">Quais padr\u00f5es de condu\u00e7\u00e3o podem indicar decl\u00ednio cognitivo?<\/h2>\n\n\n\n<p>Estudos recentes em universidades dos <strong>Estados Unidos<\/strong>, <strong>Canad\u00e1<\/strong> e <strong>Jap\u00e3o<\/strong> analisaram dados de motoristas idosos usando sensores veiculares, telemetria e registros de rotas. <strong>Segundo esses estudos, altera\u00e7\u00f5es discretas na forma de dirigir podem ser marcadores importantes de decl\u00ednio cognitivo inicial.<\/strong> Entre os padr\u00f5es identificados:<\/p>\n\n\n\n<ul class=\"wp-block-list\">\n<li>Redu\u00e7\u00e3o gradual da velocidade m\u00e9dia, mesmo em vias conhecidas.<\/li>\n\n\n\n<li>Aumento de varia\u00e7\u00f5es bruscas de acelera\u00e7\u00e3o e frenagem.<\/li>\n\n\n\n<li>Dificuldade crescente em manter o carro centralizado na faixa.<\/li>\n\n\n\n<li>Evitar dirigir \u00e0 noite ou em condi\u00e7\u00f5es de tr\u00e1fego intenso.<\/li>\n\n\n\n<li>Desvio repentino de rotas familiares ou erros em trajetos simples.<\/li>\n<\/ul>\n\n\n\n<p>Esses sinais costumam aparecer <strong>antes<\/strong> de sintomas cl\u00e1ssicos, como lapsos de mem\u00f3ria ou dificuldade de concentra\u00e7\u00e3o.<\/p>\n\n\n\n<h2 class=\"wp-block-heading\">Como os pesquisadores identificam esses sinais?<\/h2>\n\n\n\n<p>Nos \u00faltimos anos, estudos longitudinais t\u00eam usado dispositivos instalados em ve\u00edculos para registrar padr\u00f5es de condu\u00e7\u00e3o em tempo real. <strong>Pesquisas da Universidade do Missouri e da McGill University observaram que mudan\u00e7as progressivas no comportamento ao volante podem prever risco de decl\u00ednio cognitivo leve.<\/strong><\/p>\n\n\n\n<p>Esses dispositivos capturam dados como velocidade, \u00e2ngulos de dire\u00e7\u00e3o, hor\u00e1rios de uso, frenagens abruptas e desvios de rota. A an\u00e1lise conjunta revela padr\u00f5es que seriam imposs\u00edveis de notar apenas pela observa\u00e7\u00e3o humana.<\/p>\n\n\n<div class=\"wp-block-image\">\n<figure class=\"aligncenter size-large\"><img decoding=\"async\" width=\"1024\" height=\"576\" src=\"https:\/\/www.correiobraziliense.com.br\/cbradar\/wp-content\/uploads\/2025\/12\/dirigir-_1765118703744-1024x576.jpg\" alt=\"O que seu jeito de dirigir revela sobre sua mem\u00f3ria, segundo estudos\" class=\"wp-image-151866\" srcset=\"https:\/\/www.correiobraziliense.com.br\/cbradar\/wp-content\/uploads\/2025\/12\/dirigir-_1765118703744-1024x576.jpg 1024w, https:\/\/www.correiobraziliense.com.br\/cbradar\/wp-content\/uploads\/2025\/12\/dirigir-_1765118703744-300x169.jpg 300w, https:\/\/www.correiobraziliense.com.br\/cbradar\/wp-content\/uploads\/2025\/12\/dirigir-_1765118703744-768x432.jpg 768w, https:\/\/www.correiobraziliense.com.br\/cbradar\/wp-content\/uploads\/2025\/12\/dirigir-_1765118703744-750x422.jpg 750w, https:\/\/www.correiobraziliense.com.br\/cbradar\/wp-content\/uploads\/2025\/12\/dirigir-_1765118703744-1140x641.jpg 1140w, https:\/\/www.correiobraziliense.com.br\/cbradar\/wp-content\/uploads\/2025\/12\/dirigir-_1765118703744.jpg 1280w\" sizes=\"(max-width: 1024px) 100vw, 1024px\" \/><figcaption class=\"wp-element-caption\">Dicas pr\u00e1ticas para dirigir: mantenha dist\u00e2ncia segura, cuide dos pneus e pratique em locais calmos. \/\/ Cr\u00e9ditos: depositphotos.com \/ TriangleProd<\/figcaption><\/figure><\/div>\n\n\n<h2 class=\"wp-block-heading\">A dire\u00e7\u00e3o noturna \u00e9 realmente um indicador relevante?<\/h2>\n\n\n\n<p><strong>Sim. <\/strong>A vis\u00e3o reduzida \u00e0 noite exige mais esfor\u00e7o cognitivo e maior capacidade de resposta. <strong>Estudos sugerem que evitar dirigir ap\u00f3s o anoitecer pode indicar dificuldade crescente de processamento visual e planejamento.<\/strong><\/p>\n\n\n\n<p><strong>N\u00e3o significa necessariamente doen\u00e7a, pode ser somente prefer\u00eancia, mas quando somado a outros padr\u00f5es, se torna um sinal de alerta.<\/strong><\/p>\n\n\n\n<h2 class=\"wp-block-heading\">Existe diferen\u00e7a entre motoristas com decl\u00ednio cognitivo e motoristas cansados ou ansiosos?<\/h2>\n\n\n\n<p>Sim. Embora fadiga e ansiedade tamb\u00e9m alterem o estilo de dire\u00e7\u00e3o, <strong>o decl\u00ednio cognitivo apresenta padr\u00f5es repetitivos, consistentes e progressivos<\/strong>, enquanto estados emocionais tendem a variar ao longo do tempo.<\/p>\n\n\n\n<p>Outro fator importante \u00e9 que motoristas com decl\u00ednio cognitivo come\u00e7am a modificar rotas familiares, algo menos comum em casos de estresse ou noites mal dormidas.<\/p>\n\n\n\n<p><strong>Leia tamb\u00e9m: <a href=\"https:\/\/www.correiobraziliense.com.br\/cbradar\/sedentarios-podem-comecar-esse-treino-pratico-para-fortalecer-os-musculos-em-casa\/#google_vignette\" target=\"_blank\" rel=\"noreferrer noopener\">Sedent\u00e1rios podem come\u00e7ar esse treino pr\u00e1tico para fortalecer os m\u00fasculos em casa.<\/a><\/strong><\/p>\n\n\n\n<h2 class=\"wp-block-heading\">Como esses achados ajudam na preven\u00e7\u00e3o?<\/h2>\n\n\n\n<p>Detectar sinais precoces \u00e9 fundamental. <strong>Os padr\u00f5es de condu\u00e7\u00e3o podem funcionar como um biomarcador comportamental n\u00e3o invasivo<\/strong>, permitindo interven\u00e7\u00f5es antes que a perda cognitiva avance.<\/p>\n\n\n\n<p>Essas informa\u00e7\u00f5es podem ajudar m\u00e9dicos e familiares a:<\/p>\n\n\n\n<ul class=\"wp-block-list\">\n<li>Recomendar avalia\u00e7\u00f5es neurocognitivas preventivas.<\/li>\n\n\n\n<li>Ajustar tratamentos ou mudan\u00e7as no estilo de vida.<\/li>\n\n\n\n<li>Garantir seguran\u00e7a do motorista e de outras pessoas.<\/li>\n<\/ul>\n\n\n<div class=\"wp-block-image\">\n<figure class=\"aligncenter size-large\"><img decoding=\"async\" width=\"1024\" height=\"576\" src=\"https:\/\/www.correiobraziliense.com.br\/cbradar\/wp-content\/uploads\/2025\/12\/dirigir-_1765118669276-1024x576.jpg\" alt=\"O que seu jeito de dirigir revela sobre sua mem\u00f3ria, segundo estudos\" class=\"wp-image-151862\" srcset=\"https:\/\/www.correiobraziliense.com.br\/cbradar\/wp-content\/uploads\/2025\/12\/dirigir-_1765118669276-1024x576.jpg 1024w, https:\/\/www.correiobraziliense.com.br\/cbradar\/wp-content\/uploads\/2025\/12\/dirigir-_1765118669276-300x169.jpg 300w, https:\/\/www.correiobraziliense.com.br\/cbradar\/wp-content\/uploads\/2025\/12\/dirigir-_1765118669276-768x432.jpg 768w, https:\/\/www.correiobraziliense.com.br\/cbradar\/wp-content\/uploads\/2025\/12\/dirigir-_1765118669276-750x422.jpg 750w, https:\/\/www.correiobraziliense.com.br\/cbradar\/wp-content\/uploads\/2025\/12\/dirigir-_1765118669276-1140x641.jpg 1140w, https:\/\/www.correiobraziliense.com.br\/cbradar\/wp-content\/uploads\/2025\/12\/dirigir-_1765118669276.jpg 1280w\" sizes=\"(max-width: 1024px) 100vw, 1024px\" \/><figcaption class=\"wp-element-caption\">Dirigir em alta: dicas essenciais para iniciantes dominarem o tr\u00e2nsito atual e evitarem acidentes. \/\/ Cr\u00e9ditos: depositphotos.com \/ HayDmitriy<\/figcaption><\/figure><\/div>\n\n\n<h2 class=\"wp-block-heading\">Quais s\u00e3o os pr\u00f3ximos passos da pesquisa?<\/h2>\n\n\n\n<p>Cientistas est\u00e3o desenvolvendo modelos de intelig\u00eancia artificial capazes de analisar automaticamente milhares de dados de dire\u00e7\u00e3o para prever riscos cognitivos. <strong>Pesquisas futuras visam transformar ve\u00edculos em ferramentas discretas de monitoramento de sa\u00fade<\/strong>, respeitando privacidade e consentimento.<\/p>\n\n\n\n<p>Al\u00e9m disso, montadoras t\u00eam demonstrado interesse em integrar sensores que ajudem idosos a dirigir com mais seguran\u00e7a, criando alertas personalizados.<\/p>\n\n\n\n<h2 class=\"wp-block-heading\">O que isso significa para o futuro da sa\u00fade cerebral?<\/h2>\n\n\n\n<p>O estudo dos padr\u00f5es de condu\u00e7\u00e3o abre uma nova fronteira na medicina preventiva. <strong>Mudan\u00e7as sutis no volante podem se tornar uma das maneiras mais acess\u00edveis e eficazes de identificar decl\u00ednio cognitivo precoce<\/strong>, muito antes de o diagn\u00f3stico cl\u00ednico ocorrer.<\/p>\n\n\n\n<p>Combinado a consultas m\u00e9dicas, h\u00e1bitos saud\u00e1veis e acompanhamento regular, esse tipo de monitoramento pode ajudar a garantir autonomia, seguran\u00e7a e qualidade de vida por mais tempo.<\/p>\n","protected":false},"excerpt":{"rendered":"<p>Dirigir faz parte da rotina de milh\u00f5es de pessoas, \u00e9 um gesto autom\u00e1tico, quase intuitivo. Rotas familiares, decis\u00f5es r\u00e1pidas e ajustes finos no volante parecem simples, mas por tr\u00e1s de cada trajeto existe uma das tarefas mais complexas que o c\u00e9rebro humano executa diariamente. Pesquisas recentes apontam que mudan\u00e7as sutis nesses padr\u00f5es de condu\u00e7\u00e3o podem [&hellip;]<\/p>\n","protected":false},"author":8,"featured_media":151867,"comment_status":"open","ping_status":"open","sticky":false,"template":"","format":"standard","meta":{"_yoast_wpseo_focuskw":"jeito de dirigir","_yoast_wpseo_title":"","_yoast_wpseo_metadesc":"Seu jeito de dirigir pode indicar in\u00edcio de perda de mem\u00f3ria, segundo estudos. Os sinais ao volante chamam aten\u00e7\u00e3o.","jnews-multi-image_gallery":[],"jnews_single_post":{"format":"standard"},"jnews_primary_category":[],"jnews_social_meta":[],"jnews_override_counter":[],"footnotes":""},"categories":[112],"post_tag":[1616,404],"class_list":["post-151696","post","type-post","status-publish","format-standard","has-post-thumbnail","hentry","category-curiosidades","tag-memoria","tag-psicologia"],"yoast_head":"<!-- This site is optimized with the Yoast SEO plugin v24.6 - https:\/\/yoast.com\/wordpress\/plugins\/seo\/ -->\n<title>O que seu jeito de dirigir revela sobre sua mem\u00f3ria, segundo estudos - Correio Braziliense - Radar<\/title>\n<meta name=\"description\" content=\"Seu jeito de dirigir pode indicar in\u00edcio de perda de mem\u00f3ria, segundo estudos. Os sinais ao volante chamam aten\u00e7\u00e3o.\" \/>\n<meta name=\"robots\" content=\"index, follow, max-snippet:-1, max-image-preview:large, max-video-preview:-1\" \/>\n<link rel=\"canonical\" href=\"https:\/\/www.correiobraziliense.com.br\/cbradar\/o-que-seu-jeito-de-dirigir-revela-sobre-sua-memoria-segundo-estudos\/\" \/>\n<meta property=\"og:locale\" content=\"pt_BR\" \/>\n<meta property=\"og:type\" content=\"article\" \/>\n<meta property=\"og:title\" content=\"O que seu jeito de dirigir revela sobre sua mem\u00f3ria, segundo estudos - Correio Braziliense - Radar\" \/>\n<meta property=\"og:description\" content=\"Seu jeito de dirigir pode indicar in\u00edcio de perda de mem\u00f3ria, segundo estudos. Os sinais ao volante chamam aten\u00e7\u00e3o.\" \/>\n<meta property=\"og:url\" content=\"https:\/\/www.correiobraziliense.com.br\/cbradar\/o-que-seu-jeito-de-dirigir-revela-sobre-sua-memoria-segundo-estudos\/\" \/>\n<meta property=\"og:site_name\" content=\"Correio Braziliense - Radar\" \/>\n<meta property=\"article:published_time\" content=\"2025-12-08T20:05:00+00:00\" \/>\n<meta property=\"og:image\" content=\"https:\/\/www.correiobraziliense.com.br\/cbradar\/wp-content\/uploads\/2025\/12\/dirigir-_1765118806421.jpg\" \/>\n\t<meta property=\"og:image:width\" content=\"1280\" \/>\n\t<meta property=\"og:image:height\" content=\"720\" \/>\n\t<meta property=\"og:image:type\" content=\"image\/jpeg\" \/>\n<meta name=\"author\" content=\"Maura Pereira\" \/>\n<meta name=\"twitter:card\" content=\"summary_large_image\" \/>\n<meta name=\"twitter:label1\" content=\"Escrito por\" \/>\n\t<meta name=\"twitter:data1\" content=\"Maura Pereira\" \/>\n\t<meta name=\"twitter:label2\" content=\"Est. tempo de leitura\" \/>\n\t<meta name=\"twitter:data2\" content=\"5 minutos\" \/>\n<!-- \/ Yoast SEO plugin. -->","yoast_head_json":{"title":"O que seu jeito de dirigir revela sobre sua mem\u00f3ria, segundo estudos - Correio Braziliense - Radar","description":"Seu jeito de dirigir pode indicar in\u00edcio de perda de mem\u00f3ria, segundo estudos. Os sinais ao volante chamam aten\u00e7\u00e3o.","robots":{"index":"index","follow":"follow","max-snippet":"max-snippet:-1","max-image-preview":"max-image-preview:large","max-video-preview":"max-video-preview:-1"},"canonical":"https:\/\/www.correiobraziliense.com.br\/cbradar\/o-que-seu-jeito-de-dirigir-revela-sobre-sua-memoria-segundo-estudos\/","og_locale":"pt_BR","og_type":"article","og_title":"O que seu jeito de dirigir revela sobre sua mem\u00f3ria, segundo estudos - Correio Braziliense - Radar","og_description":"Seu jeito de dirigir pode indicar in\u00edcio de perda de mem\u00f3ria, segundo estudos. Os sinais ao volante chamam aten\u00e7\u00e3o.","og_url":"https:\/\/www.correiobraziliense.com.br\/cbradar\/o-que-seu-jeito-de-dirigir-revela-sobre-sua-memoria-segundo-estudos\/","og_site_name":"Correio Braziliense - Radar","article_published_time":"2025-12-08T20:05:00+00:00","og_image":[{"width":1280,"height":720,"url":"https:\/\/www.correiobraziliense.com.br\/cbradar\/wp-content\/uploads\/2025\/12\/dirigir-_1765118806421.jpg","type":"image\/jpeg"}],"author":"Maura Pereira","twitter_card":"summary_large_image","twitter_misc":{"Escrito por":"Maura Pereira","Est. tempo de leitura":"5 minutos"},"schema":{"@context":"https:\/\/schema.org","@graph":[{"@type":"WebPage","@id":"https:\/\/www.correiobraziliense.com.br\/cbradar\/o-que-seu-jeito-de-dirigir-revela-sobre-sua-memoria-segundo-estudos\/","url":"https:\/\/www.correiobraziliense.com.br\/cbradar\/o-que-seu-jeito-de-dirigir-revela-sobre-sua-memoria-segundo-estudos\/","name":"O que seu jeito de dirigir revela sobre sua mem\u00f3ria, segundo estudos - Correio Braziliense - Radar","isPartOf":{"@id":"https:\/\/www.correiobraziliense.com.br\/cbradar\/#website"},"primaryImageOfPage":{"@id":"https:\/\/www.correiobraziliense.com.br\/cbradar\/o-que-seu-jeito-de-dirigir-revela-sobre-sua-memoria-segundo-estudos\/#primaryimage"},"image":{"@id":"https:\/\/www.correiobraziliense.com.br\/cbradar\/o-que-seu-jeito-de-dirigir-revela-sobre-sua-memoria-segundo-estudos\/#primaryimage"},"thumbnailUrl":"https:\/\/www.correiobraziliense.com.br\/cbradar\/wp-content\/uploads\/2025\/12\/dirigir-_1765118806421.jpg","datePublished":"2025-12-08T20:05:00+00:00","author":{"@id":"https:\/\/www.correiobraziliense.com.br\/cbradar\/#\/schema\/person\/4053c651a9bfc785afc6f4cbc9032fd3"},"description":"Seu jeito de dirigir pode indicar in\u00edcio de perda de mem\u00f3ria, segundo estudos. Os sinais ao volante chamam aten\u00e7\u00e3o.","breadcrumb":{"@id":"https:\/\/www.correiobraziliense.com.br\/cbradar\/o-que-seu-jeito-de-dirigir-revela-sobre-sua-memoria-segundo-estudos\/#breadcrumb"},"inLanguage":"pt-BR","potentialAction":[{"@type":"ReadAction","target":["https:\/\/www.correiobraziliense.com.br\/cbradar\/o-que-seu-jeito-de-dirigir-revela-sobre-sua-memoria-segundo-estudos\/"]}]},{"@type":"ImageObject","inLanguage":"pt-BR","@id":"https:\/\/www.correiobraziliense.com.br\/cbradar\/o-que-seu-jeito-de-dirigir-revela-sobre-sua-memoria-segundo-estudos\/#primaryimage","url":"https:\/\/www.correiobraziliense.com.br\/cbradar\/wp-content\/uploads\/2025\/12\/dirigir-_1765118806421.jpg","contentUrl":"https:\/\/www.correiobraziliense.com.br\/cbradar\/wp-content\/uploads\/2025\/12\/dirigir-_1765118806421.jpg","width":1280,"height":720,"caption":"Sinta a liberdade ao volante! Dirigir transforma rotas em aventuras emocionantes e cheias de confian\u00e7a. \/\/ Cr\u00e9ditos: depositphotos.com \/ welcomia"},{"@type":"BreadcrumbList","@id":"https:\/\/www.correiobraziliense.com.br\/cbradar\/o-que-seu-jeito-de-dirigir-revela-sobre-sua-memoria-segundo-estudos\/#breadcrumb","itemListElement":[{"@type":"ListItem","position":1,"name":"In\u00edcio","item":"https:\/\/www.correiobraziliense.com.br\/cbradar\/"},{"@type":"ListItem","position":2,"name":"O que seu jeito de dirigir revela sobre sua mem\u00f3ria, segundo estudos"}]},{"@type":"WebSite","@id":"https:\/\/www.correiobraziliense.com.br\/cbradar\/#website","url":"https:\/\/www.correiobraziliense.com.br\/cbradar\/","name":"Correio Braziliense - Radar","description":"Acompanhe as \u00faltimas not\u00edcias e fique bem informado sobre tudo o que acontece no Brasil e no mundo.","potentialAction":[{"@type":"SearchAction","target":{"@type":"EntryPoint","urlTemplate":"https:\/\/www.correiobraziliense.com.br\/cbradar\/?s={search_term_string}"},"query-input":{"@type":"PropertyValueSpecification","valueRequired":true,"valueName":"search_term_string"}}],"inLanguage":"pt-BR"},{"@type":"Person","@id":"https:\/\/www.correiobraziliense.com.br\/cbradar\/#\/schema\/person\/4053c651a9bfc785afc6f4cbc9032fd3","name":"Maura Pereira","image":{"@type":"ImageObject","inLanguage":"pt-BR","@id":"https:\/\/www.correiobraziliense.com.br\/cbradar\/#\/schema\/person\/image\/","url":"https:\/\/secure.gravatar.com\/avatar\/3effd6bdadfa447f15089c7f7144eaa6?s=96&d=mm&r=g","contentUrl":"https:\/\/secure.gravatar.com\/avatar\/3effd6bdadfa447f15089c7f7144eaa6?s=96&d=mm&r=g","caption":"Maura Pereira"},"sameAs":["https:\/\/www.correiobraziliense.com.br\/"],"url":"https:\/\/www.correiobraziliense.com.br\/cbradar\/author\/mauramyth\/"}]}},"_links":{"self":[{"href":"https:\/\/www.correiobraziliense.com.br\/cbradar\/wp-json\/wp\/v2\/posts\/151696","targetHints":{"allow":["GET"]}}],"collection":[{"href":"https:\/\/www.correiobraziliense.com.br\/cbradar\/wp-json\/wp\/v2\/posts"}],"about":[{"href":"https:\/\/www.correiobraziliense.com.br\/cbradar\/wp-json\/wp\/v2\/types\/post"}],"author":[{"embeddable":true,"href":"https:\/\/www.correiobraziliense.com.br\/cbradar\/wp-json\/wp\/v2\/users\/8"}],"replies":[{"embeddable":true,"href":"https:\/\/www.correiobraziliense.com.br\/cbradar\/wp-json\/wp\/v2\/comments?post=151696"}],"version-history":[{"count":10,"href":"https:\/\/www.correiobraziliense.com.br\/cbradar\/wp-json\/wp\/v2\/posts\/151696\/revisions"}],"predecessor-version":[{"id":151870,"href":"https:\/\/www.correiobraziliense.com.br\/cbradar\/wp-json\/wp\/v2\/posts\/151696\/revisions\/151870"}],"wp:featuredmedia":[{"embeddable":true,"href":"https:\/\/www.correiobraziliense.com.br\/cbradar\/wp-json\/wp\/v2\/media\/151867"}],"wp:attachment":[{"href":"https:\/\/www.correiobraziliense.com.br\/cbradar\/wp-json\/wp\/v2\/media?parent=151696"}],"wp:term":[{"taxonomy":"category","embeddable":true,"href":"https:\/\/www.correiobraziliense.com.br\/cbradar\/wp-json\/wp\/v2\/categories?post=151696"},{"taxonomy":"post_tag","embeddable":true,"href":"https:\/\/www.correiobraziliense.com.br\/cbradar\/wp-json\/wp\/v2\/post_tag?post=151696"}],"curies":[{"name":"wp","href":"https:\/\/api.w.org\/{rel}","templated":true}]}}