{"id":151711,"date":"2025-12-07T08:00:00","date_gmt":"2025-12-07T11:00:00","guid":{"rendered":"https:\/\/www.correiobraziliense.com.br\/cbradar\/?p=151711"},"modified":"2025-12-07T07:53:12","modified_gmt":"2025-12-07T10:53:12","slug":"esta-e-a-paleta-de-cores-que-sera-tendencia-para-o-natal-em-2025-e-nao-e-o-vermelho","status":"publish","type":"post","link":"https:\/\/www.correiobraziliense.com.br\/cbradar\/esta-e-a-paleta-de-cores-que-sera-tendencia-para-o-natal-em-2025-e-nao-e-o-vermelho\/","title":{"rendered":"Esta \u00e9 a paleta de cores que ser\u00e1 tend\u00eancia para o Natal em 2025, e n\u00e3o \u00e9 o vermelho"},"content":{"rendered":"\n<p>\u00c0 medida que o fim do ano se aproxima, muitas casas come\u00e7am a se preparar para a decora\u00e7\u00e3o de Natal, uma tradi\u00e7\u00e3o que mobiliza fam\u00edlias inteiras em torno da \u00e1rvore, das luzes e dos enfeites. Em 2025, esse ritual ganha um novo olhar, com aten\u00e7\u00e3o especial \u00e0s <strong>cores escolhidas<\/strong> para compor cada ambiente.<\/p>\n\n\n\n<h2 class=\"wp-block-heading\">Quais s\u00e3o as principais tend\u00eancias de cor na decora\u00e7\u00e3o de Natal 2025<\/h2>\n\n\n\n<p>A palavra-chave que domina a <strong>decora\u00e7\u00e3o de Natal 2025<\/strong> \u00e9 <strong>tons terrosos<\/strong>. Essa fam\u00edlia de cores, tamb\u00e9m chamada de <em>tons terra<\/em> ou gama quente neutra, inclui varia\u00e7\u00f5es como mocha, terracota, cacau, caramelo, bronze suave e dourado champanhe, criando uma base visual serena e atemporal.<\/p>\n\n\n\n<p>Ao priorizar os tons terrosos, a decora\u00e7\u00e3o de Natal assume um ar mais <strong>org\u00e2nico e sofisticado<\/strong>, aproximando o ambiente da natureza e se integrando com m\u00f3veis, cortinas e tapetes existentes. Essa paleta transita bem entre o estilo r\u00fastico, escandinavo e contempor\u00e2neo, e funciona especialmente bem em projetos de <strong>ambientes integrados<\/strong> e salas menores.<\/p>\n\n\n\n<p>Para explorar o tema, trouxemos o v\u00eddeo do perfil especializado @clau.home, em que ela aborda o tom esperado para esse natal:<\/p>\n\n\n\n<blockquote class=\"tiktok-embed\" cite=\"https:\/\/www.tiktok.com\/@clau.home\/video\/7559335326091726092\" data-video-id=\"7559335326091726092\" style=\"max-width: 605px;min-width: 325px;\" > <section> <a target=\"_blank\" title=\"@clau.home\" href=\"https:\/\/www.tiktok.com\/@clau.home?refer=embed\">@clau.home<\/a> \u2728 Paleta de Natal 2025 \u2728 O tradicional vermelho e verde continuam, mas em tons mais fechados e sofisticados. Verde musgo, vinho e tons terrosos chegam com tudo pra deixar o Natal mais elegante e acolhedor. \ud83c\udf32\ud83e\udd0e <a title=\"natal2025\" target=\"_blank\" href=\"https:\/\/www.tiktok.com\/tag\/natal2025?refer=embed\">#Natal2025<\/a> <a title=\"mesapostanatalina\" target=\"_blank\" href=\"https:\/\/www.tiktok.com\/tag\/mesapostanatalina?refer=embed\">#MesaPostaNatalina<\/a> <a title=\"tend\u00eanciasdenatal\" target=\"_blank\" href=\"https:\/\/www.tiktok.com\/tag\/tend%C3%AAnciasdenatal?refer=embed\">#Tend\u00eanciasDeNatal<\/a> <a title=\"clauhome\" target=\"_blank\" href=\"https:\/\/www.tiktok.com\/tag\/clauhome?refer=embed\">#ClauHome<\/a> <a title=\"decora\u00e7\u00e3onatalina\" target=\"_blank\" href=\"https:\/\/www.tiktok.com\/tag\/decora%C3%A7%C3%A3onatalina?refer=embed\">#Decora\u00e7\u00e3oNatalina<\/a> <a target=\"_blank\" title=\"\u266c Natal - Ellen Louise\" href=\"https:\/\/www.tiktok.com\/music\/Natal-7411528593841965057?refer=embed\">\u266c Natal &#8211; Ellen Louise<\/a> <\/section> <\/blockquote> <script async src=\"https:\/\/www.tiktok.com\/embed.js\"><\/script>\n\n\n\n<h2 class=\"wp-block-heading\">Por que os tons terrosos ganharam espa\u00e7o na decora\u00e7\u00e3o de Natal<\/h2>\n\n\n\n<p>A prefer\u00eancia pelos <strong>tons terrosos na decora\u00e7\u00e3o de Natal<\/strong> est\u00e1 ligada \u00e0 busca por ambientes mais tranquilos em casas que acumulam fun\u00e7\u00f5es de descanso, trabalho e estudo. Em vez de muitos brilhos e contrastes intensos, paletas quentes e suaves ajudam a criar um cen\u00e1rio de <strong>ref\u00fagio visual<\/strong>, ideal para o per\u00edodo de festas.<\/p>\n\n\n\n<p>Cacau, terracota e mocha funcionam como um \u201cfiltro\u201d visual, suavizando a luz e acolhendo os pontos de brilho, como as luzes da \u00e1rvore. Al\u00e9m disso, esses tons combinam com <strong>materiais naturais<\/strong> \u2014 madeira, fibras, linho e algod\u00e3o \u2014 permitindo que muitos itens sejam reaproveitados ao longo do ano, tornando a decora\u00e7\u00e3o mais pr\u00e1tica e sustent\u00e1vel.<\/p>\n\n\n\n<h2 class=\"wp-block-heading\">Como usar tons terrosos na decora\u00e7\u00e3o de Natal 2025 na pr\u00e1tica<\/h2>\n\n\n\n<p>A aplica\u00e7\u00e3o dos <strong>tons terrosos na decora\u00e7\u00e3o de Natal 2025<\/strong> pode acontecer de forma gradual, come\u00e7ando por enfeites menores e avan\u00e7ando para t\u00eaxteis e ilumina\u00e7\u00e3o. Essa abordagem evita reformas e permite testar combina\u00e7\u00f5es at\u00e9 chegar ao clima desejado de conforto e eleg\u00e2ncia.<\/p>\n\n\n\n<p>Algumas ideias simples ajudam a traduzir essa tend\u00eancia no dia a dia, mantendo a casa bonita para as festas sem perder a funcionalidade dos espa\u00e7os:<\/p>\n\n\n\n<ul class=\"wp-block-list\">\n<li>Substituir bolas met\u00e1licas muito brilhantes por vers\u00f5es em vidro fosco, cer\u00e2mica ou madeira em tons de terracota, caramelo e marrom claro.<\/li>\n\n\n\n<li>Escolher fitas em linho, algod\u00e3o cru ou juta para la\u00e7os de \u00e1rvore, guirlandas e arranjos de mesa.<\/li>\n\n\n\n<li>Incluir velas em tonalidades mel, bege, areia ou dourado suave, distribu\u00eddas por aparadores, estantes e mesas laterais.<\/li>\n\n\n\n<li>Investir em almofadas, mantas e capas de cadeira em cores terrosas, que podem permanecer na decora\u00e7\u00e3o ap\u00f3s as festas.<\/li>\n\n\n\n<li>Usar ramos secos, galhos naturais, pinhas e flores desidratadas como complemento aos enfeites tradicionais.<\/li>\n<\/ul>\n\n\n\n<p>Para quem prefere um passo a passo mais estruturado, a ado\u00e7\u00e3o dessa tend\u00eancia pode seguir uma sequ\u00eancia simples: <strong>definir a paleta principal<\/strong> com dois ou tr\u00eas tons, selecionar os enfeites da \u00e1rvore dentro dessa gama, ajustar a mesa da ceia com t\u00eaxteis neutros e quentes, complementar com luzes em tom amarelado e revisar o conjunto, retirando excessos de cores fora da paleta.<\/p>\n\n\n\n<figure class=\"wp-block-image size-large\"><img decoding=\"async\" width=\"1024\" height=\"585\" src=\"https:\/\/www.correiobraziliense.com.br\/cbradar\/wp-content\/uploads\/2025\/12\/Arvore-Natal-Tons-Terrosos-1024x585.png\" alt=\"Esta \u00e9 a paleta de cores que ser\u00e1 tend\u00eancia para o Natal em 2025, e n\u00e3o \u00e9 o vermelho\" class=\"wp-image-151714\" srcset=\"https:\/\/www.correiobraziliense.com.br\/cbradar\/wp-content\/uploads\/2025\/12\/Arvore-Natal-Tons-Terrosos-1024x585.png 1024w, https:\/\/www.correiobraziliense.com.br\/cbradar\/wp-content\/uploads\/2025\/12\/Arvore-Natal-Tons-Terrosos-300x171.png 300w, https:\/\/www.correiobraziliense.com.br\/cbradar\/wp-content\/uploads\/2025\/12\/Arvore-Natal-Tons-Terrosos-768x439.png 768w, https:\/\/www.correiobraziliense.com.br\/cbradar\/wp-content\/uploads\/2025\/12\/Arvore-Natal-Tons-Terrosos-750x429.png 750w, https:\/\/www.correiobraziliense.com.br\/cbradar\/wp-content\/uploads\/2025\/12\/Arvore-Natal-Tons-Terrosos-1140x651.png 1140w, https:\/\/www.correiobraziliense.com.br\/cbradar\/wp-content\/uploads\/2025\/12\/Arvore-Natal-Tons-Terrosos.png 1344w\" sizes=\"(max-width: 1024px) 100vw, 1024px\" \/><figcaption class=\"wp-element-caption\">La\u00e7os de veludo em escala oversized, tons burgundy e acabamentos metalizados foscos elevam a decora\u00e7\u00e3o com texturas e brilhos precisos.<\/figcaption><\/figure>\n\n\n\n<h2 class=\"wp-block-heading\">Quais elementos valorizam ainda mais a decora\u00e7\u00e3o de Natal em tons terrosos<\/h2>\n\n\n\n<p>Alguns materiais se destacam quando combinados com a <strong>decora\u00e7\u00e3o de Natal em tons terra<\/strong>, refor\u00e7ando o car\u00e1ter org\u00e2nico da proposta. Tecidos naturais como linho e algod\u00e3o em cortinas, toalhas de mesa e jogos americanos, al\u00e9m de cer\u00e2micas artesanais com acabamento fosco, criam bases discretas para velas, arranjos e centros de mesa.<\/p>\n\n\n\n<p>Madeira com acabamento r\u00fastico funciona bem em bandejas, suportes de doces, enfeites de \u00e1rvore e pres\u00e9pios, enquanto detalhes em <strong>metal fosco<\/strong> \u2014 bronze, cobre envelhecido ou dourado queimado \u2014 trazem brilho controlado. Ao reunir tons terrosos, materiais naturais e pontos de luz suaves, a decora\u00e7\u00e3o de Natal 2025 cria ambientes coerentes, acolhedores e alinhados \u00e0s <strong>tend\u00eancias contempor\u00e2neas de bem-estar<\/strong>.<\/p>\n","protected":false},"excerpt":{"rendered":"<p>Decora\u00e7\u00e3o de Natal 2025: descubra como usar tons terra, mocha e terracota para criar um ambiente acolhedor, elegante e natural.<\/p>\n","protected":false},"author":3,"featured_media":151713,"comment_status":"open","ping_status":"open","sticky":false,"template":"","format":"standard","meta":{"_yoast_wpseo_focuskw":"paleta cores natal 2025","_yoast_wpseo_title":"%%title%%","_yoast_wpseo_metadesc":"Decora\u00e7\u00e3o de Natal 2025: descubra como usar tons terra, mocha e terracota para criar um ambiente acolhedor, elegante e natural.","jnews-multi-image_gallery":[],"jnews_single_post":{"format":"standard"},"jnews_primary_category":[],"jnews_social_meta":[],"jnews_override_counter":[],"footnotes":""},"categories":[112],"tags":[144,917,10918,8952],"class_list":["post-151711","post","type-post","status-publish","format-standard","has-post-thumbnail","hentry","category-curiosidades","tag-curiosidades","tag-decoracao","tag-fim-de-ano","tag-natal"],"yoast_head":"<!-- This site is optimized with the Yoast SEO plugin v24.6 - https:\/\/yoast.com\/wordpress\/plugins\/seo\/ -->\n<title>Esta \u00e9 a paleta de cores que ser\u00e1 tend\u00eancia para o Natal em 2025, e n\u00e3o \u00e9 o vermelho<\/title>\n<meta name=\"description\" content=\"Decora\u00e7\u00e3o de Natal 2025: descubra como usar tons terra, mocha e terracota para criar um ambiente acolhedor, elegante e natural.\" \/>\n<meta name=\"robots\" content=\"index, follow, max-snippet:-1, max-image-preview:large, max-video-preview:-1\" \/>\n<link rel=\"canonical\" href=\"https:\/\/www.correiobraziliense.com.br\/cbradar\/esta-e-a-paleta-de-cores-que-sera-tendencia-para-o-natal-em-2025-e-nao-e-o-vermelho\/\" \/>\n<meta property=\"og:locale\" content=\"pt_BR\" \/>\n<meta property=\"og:type\" content=\"article\" \/>\n<meta property=\"og:title\" content=\"Esta \u00e9 a paleta de cores que ser\u00e1 tend\u00eancia para o Natal em 2025, e n\u00e3o \u00e9 o vermelho\" \/>\n<meta property=\"og:description\" content=\"Decora\u00e7\u00e3o de Natal 2025: descubra como usar tons terra, mocha e terracota para criar um ambiente acolhedor, elegante e natural.\" \/>\n<meta property=\"og:url\" content=\"https:\/\/www.correiobraziliense.com.br\/cbradar\/esta-e-a-paleta-de-cores-que-sera-tendencia-para-o-natal-em-2025-e-nao-e-o-vermelho\/\" \/>\n<meta property=\"og:site_name\" content=\"Correio Braziliense - Radar\" \/>\n<meta property=\"article:published_time\" content=\"2025-12-07T11:00:00+00:00\" \/>\n<meta property=\"og:image\" content=\"https:\/\/www.correiobraziliense.com.br\/cbradar\/wp-content\/uploads\/2025\/12\/Tendencias-Natal-2025.png\" \/>\n\t<meta property=\"og:image:width\" content=\"1344\" \/>\n\t<meta property=\"og:image:height\" content=\"768\" \/>\n\t<meta property=\"og:image:type\" content=\"image\/png\" \/>\n<meta name=\"author\" content=\"Larissa Carvalho\" \/>\n<meta name=\"twitter:card\" content=\"summary_large_image\" \/>\n<meta name=\"twitter:label1\" content=\"Escrito por\" \/>\n\t<meta name=\"twitter:data1\" content=\"Larissa Carvalho\" \/>\n\t<meta name=\"twitter:label2\" content=\"Est. tempo de leitura\" \/>\n\t<meta name=\"twitter:data2\" content=\"5 minutos\" \/>\n<!-- \/ Yoast SEO plugin. -->","yoast_head_json":{"title":"Esta \u00e9 a paleta de cores que ser\u00e1 tend\u00eancia para o Natal em 2025, e n\u00e3o \u00e9 o vermelho","description":"Decora\u00e7\u00e3o de Natal 2025: descubra como usar tons terra, mocha e terracota para criar um ambiente acolhedor, elegante e natural.","robots":{"index":"index","follow":"follow","max-snippet":"max-snippet:-1","max-image-preview":"max-image-preview:large","max-video-preview":"max-video-preview:-1"},"canonical":"https:\/\/www.correiobraziliense.com.br\/cbradar\/esta-e-a-paleta-de-cores-que-sera-tendencia-para-o-natal-em-2025-e-nao-e-o-vermelho\/","og_locale":"pt_BR","og_type":"article","og_title":"Esta \u00e9 a paleta de cores que ser\u00e1 tend\u00eancia para o Natal em 2025, e n\u00e3o \u00e9 o vermelho","og_description":"Decora\u00e7\u00e3o de Natal 2025: descubra como usar tons terra, mocha e terracota para criar um ambiente acolhedor, elegante e natural.","og_url":"https:\/\/www.correiobraziliense.com.br\/cbradar\/esta-e-a-paleta-de-cores-que-sera-tendencia-para-o-natal-em-2025-e-nao-e-o-vermelho\/","og_site_name":"Correio Braziliense - Radar","article_published_time":"2025-12-07T11:00:00+00:00","og_image":[{"width":1344,"height":768,"url":"https:\/\/www.correiobraziliense.com.br\/cbradar\/wp-content\/uploads\/2025\/12\/Tendencias-Natal-2025.png","type":"image\/png"}],"author":"Larissa Carvalho","twitter_card":"summary_large_image","twitter_misc":{"Escrito por":"Larissa Carvalho","Est. tempo de leitura":"5 minutos"},"schema":{"@context":"https:\/\/schema.org","@graph":[{"@type":"WebPage","@id":"https:\/\/www.correiobraziliense.com.br\/cbradar\/esta-e-a-paleta-de-cores-que-sera-tendencia-para-o-natal-em-2025-e-nao-e-o-vermelho\/","url":"https:\/\/www.correiobraziliense.com.br\/cbradar\/esta-e-a-paleta-de-cores-que-sera-tendencia-para-o-natal-em-2025-e-nao-e-o-vermelho\/","name":"Esta \u00e9 a paleta de cores que ser\u00e1 tend\u00eancia para o Natal em 2025, e n\u00e3o \u00e9 o vermelho","isPartOf":{"@id":"https:\/\/www.correiobraziliense.com.br\/cbradar\/#website"},"primaryImageOfPage":{"@id":"https:\/\/www.correiobraziliense.com.br\/cbradar\/esta-e-a-paleta-de-cores-que-sera-tendencia-para-o-natal-em-2025-e-nao-e-o-vermelho\/#primaryimage"},"image":{"@id":"https:\/\/www.correiobraziliense.com.br\/cbradar\/esta-e-a-paleta-de-cores-que-sera-tendencia-para-o-natal-em-2025-e-nao-e-o-vermelho\/#primaryimage"},"thumbnailUrl":"https:\/\/www.correiobraziliense.com.br\/cbradar\/wp-content\/uploads\/2025\/12\/Tendencias-Natal-2025.png","datePublished":"2025-12-07T11:00:00+00:00","author":{"@id":"https:\/\/www.correiobraziliense.com.br\/cbradar\/#\/schema\/person\/58422787644df994b53a19d3e56c1513"},"description":"Decora\u00e7\u00e3o de Natal 2025: descubra como usar tons terra, mocha e terracota para criar um ambiente acolhedor, elegante e natural.","breadcrumb":{"@id":"https:\/\/www.correiobraziliense.com.br\/cbradar\/esta-e-a-paleta-de-cores-que-sera-tendencia-para-o-natal-em-2025-e-nao-e-o-vermelho\/#breadcrumb"},"inLanguage":"pt-BR","potentialAction":[{"@type":"ReadAction","target":["https:\/\/www.correiobraziliense.com.br\/cbradar\/esta-e-a-paleta-de-cores-que-sera-tendencia-para-o-natal-em-2025-e-nao-e-o-vermelho\/"]}]},{"@type":"ImageObject","inLanguage":"pt-BR","@id":"https:\/\/www.correiobraziliense.com.br\/cbradar\/esta-e-a-paleta-de-cores-que-sera-tendencia-para-o-natal-em-2025-e-nao-e-o-vermelho\/#primaryimage","url":"https:\/\/www.correiobraziliense.com.br\/cbradar\/wp-content\/uploads\/2025\/12\/Tendencias-Natal-2025.png","contentUrl":"https:\/\/www.correiobraziliense.com.br\/cbradar\/wp-content\/uploads\/2025\/12\/Tendencias-Natal-2025.png","width":1344,"height":768,"caption":"Descubra as tend\u00eancias de decora\u00e7\u00e3o de Natal 2025 com la\u00e7os gigantes, bord\u00f4 e metalizados na \u00e1rvore e luzes, criando ambientes festivos e harmoniosos."},{"@type":"BreadcrumbList","@id":"https:\/\/www.correiobraziliense.com.br\/cbradar\/esta-e-a-paleta-de-cores-que-sera-tendencia-para-o-natal-em-2025-e-nao-e-o-vermelho\/#breadcrumb","itemListElement":[{"@type":"ListItem","position":1,"name":"In\u00edcio","item":"https:\/\/www.correiobraziliense.com.br\/cbradar\/"},{"@type":"ListItem","position":2,"name":"Esta \u00e9 a paleta de cores que ser\u00e1 tend\u00eancia para o Natal em 2025, e n\u00e3o \u00e9 o vermelho"}]},{"@type":"WebSite","@id":"https:\/\/www.correiobraziliense.com.br\/cbradar\/#website","url":"https:\/\/www.correiobraziliense.com.br\/cbradar\/","name":"Correio Braziliense - Radar","description":"Acompanhe as \u00faltimas not\u00edcias e fique bem informado sobre tudo o que acontece no Brasil e no mundo.","potentialAction":[{"@type":"SearchAction","target":{"@type":"EntryPoint","urlTemplate":"https:\/\/www.correiobraziliense.com.br\/cbradar\/?s={search_term_string}"},"query-input":{"@type":"PropertyValueSpecification","valueRequired":true,"valueName":"search_term_string"}}],"inLanguage":"pt-BR"},{"@type":"Person","@id":"https:\/\/www.correiobraziliense.com.br\/cbradar\/#\/schema\/person\/58422787644df994b53a19d3e56c1513","name":"Larissa Carvalho","image":{"@type":"ImageObject","inLanguage":"pt-BR","@id":"https:\/\/www.correiobraziliense.com.br\/cbradar\/#\/schema\/person\/image\/","url":"https:\/\/secure.gravatar.com\/avatar\/fe4f91a0de32b52a838d0d612abdc1aa?s=96&d=mm&r=g","contentUrl":"https:\/\/secure.gravatar.com\/avatar\/fe4f91a0de32b52a838d0d612abdc1aa?s=96&d=mm&r=g","caption":"Larissa Carvalho"},"url":"https:\/\/www.correiobraziliense.com.br\/cbradar\/author\/larissamyth\/"}]}},"_links":{"self":[{"href":"https:\/\/www.correiobraziliense.com.br\/cbradar\/wp-json\/wp\/v2\/posts\/151711","targetHints":{"allow":["GET"]}}],"collection":[{"href":"https:\/\/www.correiobraziliense.com.br\/cbradar\/wp-json\/wp\/v2\/posts"}],"about":[{"href":"https:\/\/www.correiobraziliense.com.br\/cbradar\/wp-json\/wp\/v2\/types\/post"}],"author":[{"embeddable":true,"href":"https:\/\/www.correiobraziliense.com.br\/cbradar\/wp-json\/wp\/v2\/users\/3"}],"replies":[{"embeddable":true,"href":"https:\/\/www.correiobraziliense.com.br\/cbradar\/wp-json\/wp\/v2\/comments?post=151711"}],"version-history":[{"count":2,"href":"https:\/\/www.correiobraziliense.com.br\/cbradar\/wp-json\/wp\/v2\/posts\/151711\/revisions"}],"predecessor-version":[{"id":151715,"href":"https:\/\/www.correiobraziliense.com.br\/cbradar\/wp-json\/wp\/v2\/posts\/151711\/revisions\/151715"}],"wp:featuredmedia":[{"embeddable":true,"href":"https:\/\/www.correiobraziliense.com.br\/cbradar\/wp-json\/wp\/v2\/media\/151713"}],"wp:attachment":[{"href":"https:\/\/www.correiobraziliense.com.br\/cbradar\/wp-json\/wp\/v2\/media?parent=151711"}],"wp:term":[{"taxonomy":"category","embeddable":true,"href":"https:\/\/www.correiobraziliense.com.br\/cbradar\/wp-json\/wp\/v2\/categories?post=151711"},{"taxonomy":"post_tag","embeddable":true,"href":"https:\/\/www.correiobraziliense.com.br\/cbradar\/wp-json\/wp\/v2\/tags?post=151711"}],"curies":[{"name":"wp","href":"https:\/\/api.w.org\/{rel}","templated":true}]}}