{"id":152004,"date":"2025-12-08T08:25:00","date_gmt":"2025-12-08T11:25:00","guid":{"rendered":"https:\/\/www.correiobraziliense.com.br\/cbradar\/?p=152004"},"modified":"2025-12-07T20:14:20","modified_gmt":"2025-12-07T23:14:20","slug":"a-atenas-alagoana-esta-impressionando-pela-beleza-historica-digna-da-grecia-antiga","status":"publish","type":"post","link":"https:\/\/www.correiobraziliense.com.br\/cbradar\/a-atenas-alagoana-esta-impressionando-pela-beleza-historica-digna-da-grecia-antiga\/","title":{"rendered":"A \u201cAtenas Alagoana\u201d est\u00e1 impressionando pela beleza hist\u00f3rica digna da Gr\u00e9cia Antiga"},"content":{"rendered":"\n<p>Planejar o <strong>turismo em Penedo<\/strong> \u00e9 viajar no tempo para descobrir a cidade colonial mais charmosa de <strong>Alagoas<\/strong>, carinhosamente apelidada de \u201c<strong>Atenas Alagoana<\/strong>\u201d, por suas arquitetura hist\u00f3rica. Localizada \u00e0s margens do majestoso <strong>Rio S\u00e3o Francisco<\/strong>, a cerca de 160 km de <strong>Macei\u00f3<\/strong>, a cidade oferece uma fus\u00e3o rara entre a grandiosidade da arquitetura barroca e a beleza natural do <strong>Velho Chico<\/strong>, proporcionando um roteiro cultural e paisag\u00edstico inesquec\u00edvel.<\/p>\n\n\n\n<h2 class=\"wp-block-heading\">Por que Penedo \u00e9 conhecida como a Joia do S\u00e3o Francisco?<\/h2>\n\n\n\n<p><strong>A cidade destaca-se por possuir um dos conjuntos arquitet\u00f4nicos mais preservados do<\/strong> <strong>Brasil<\/strong>, tombado pelo <strong>IPHAN<\/strong>. Caminhar pelo <strong>Centro Hist\u00f3rico <\/strong>\u00e9 admirar sobrados seculares, igrejas com altares banhados a ouro e conventos que contam a hist\u00f3ria da ocupa\u00e7\u00e3o holandesa e portuguesa na regi\u00e3o, criando uma atmosfera de museu a c\u00e9u aberto.<\/p>\n\n\n\n<p>Al\u00e9m da pedra e cal, a <strong>vida ribeirinha<\/strong> pulsa forte. Penedo cresceu olhando para o rio, e essa rela\u00e7\u00e3o \u00edntima oferece ao turista pores do sol espetaculares na orla e passeios de barco que revelam ilhas e bancos de areia, unindo a contempla\u00e7\u00e3o hist\u00f3rica ao lazer n\u00e1utico refrescante.<\/p>\n\n\n<div class=\"wp-block-image\">\n<figure class=\"aligncenter size-large\"><img decoding=\"async\" width=\"1024\" height=\"576\" src=\"https:\/\/www.correiobraziliense.com.br\/cbradar\/wp-content\/uploads\/2025\/08\/Edicoes-2025-08-18T183023.800-1024x576.png\" alt=\"A cidade do Brasil que impressiona por sua beleza digna da Gr\u00e9cia Antiga\" class=\"wp-image-89175\" srcset=\"https:\/\/www.correiobraziliense.com.br\/cbradar\/wp-content\/uploads\/2025\/08\/Edicoes-2025-08-18T183023.800-1024x576.png 1024w, https:\/\/www.correiobraziliense.com.br\/cbradar\/wp-content\/uploads\/2025\/08\/Edicoes-2025-08-18T183023.800-300x169.png 300w, https:\/\/www.correiobraziliense.com.br\/cbradar\/wp-content\/uploads\/2025\/08\/Edicoes-2025-08-18T183023.800-768x432.png 768w, https:\/\/www.correiobraziliense.com.br\/cbradar\/wp-content\/uploads\/2025\/08\/Edicoes-2025-08-18T183023.800-750x422.png 750w, https:\/\/www.correiobraziliense.com.br\/cbradar\/wp-content\/uploads\/2025\/08\/Edicoes-2025-08-18T183023.800-1140x641.png 1140w, https:\/\/www.correiobraziliense.com.br\/cbradar\/wp-content\/uploads\/2025\/08\/Edicoes-2025-08-18T183023.800.png 1280w\" sizes=\"(max-width: 1024px) 100vw, 1024px\" \/><figcaption class=\"wp-element-caption\">Descubra o charme de Penedo, com suas ruas de paralelep\u00edpedos e casar\u00f5es coloridos que inspiram jornadas no tempo.\u200b  \/\/ Cr\u00e9ditos: YouTube @passeioseviagens<\/figcaption><\/figure><\/div>\n\n\n<h2 class=\"wp-block-heading\">Quais s\u00e3o as atra\u00e7\u00f5es imperd\u00edveis na cidade hist\u00f3rica?<\/h2>\n\n\n\n<p><strong>As op\u00e7\u00f5es de lazer dividem-se entre a visita\u00e7\u00e3o de templos religiosos riqu\u00edssimos e a explora\u00e7\u00e3o das \u00e1guas do<\/strong> <strong>S\u00e3o Francisco<\/strong>. \u00c9 essencial contratar um guia local para entender os segredos escondidos nas igrejas e reservar o fim de tarde para ver o sol cair sobre as \u00e1guas.<\/p>\n\n\n\n<p>Veja a seguir os pontos tur\u00edsticos que definem a experi\u00eancia penedense:<\/p>\n\n\n\n<ul class=\"wp-block-list\">\n<li><strong>Igreja de Nossa Senhora da Corrente<\/strong>: Famosa pelos detalhes em ouro, azulejos portugueses e uma passagem secreta usada por abolicionistas para esconder escravizados.<\/li>\n\n\n\n<li><strong>Convento e Igreja de Santa Maria dos Anjos<\/strong>: Um complexo franciscano imponente com altar-mor em estilo rococ\u00f3 e um museu de arte sacra.<\/li>\n\n\n\n<li><strong>Passeio ao Delta do S\u00e3o Francisco<\/strong>: Penedo serve como base para visitar a foz do rio (em Pia\u00e7abu\u00e7u), onde o Velho Chico encontra o mar.<\/li>\n\n\n\n<li><strong>Theatro Sete de Setembro<\/strong>: O primeiro teatro constru\u00eddo em Alagoas, uma joia arquitet\u00f4nica neocl\u00e1ssica ainda em atividade.<\/li>\n\n\n\n<li><strong>Rocheira<\/strong>: Um mirante natural no alto de um rochedo que oferece a vista panor\u00e2mica mais bonita do rio e da cidade vizinha de Ne\u00f3polis (SE).<\/li>\n<\/ul>\n\n\n\n<p><strong>Procurando o destino da<\/strong> <strong>Pequena Finl\u00e2ndia Brasileira<\/strong>? O canal <strong>De fora em Juiz de Fora<\/strong>, com mais de <strong>89,2 mil visualiza\u00e7\u00f5es<\/strong> neste conte\u00fado, explora Penedo (RJ), um distrito de Itatiaia, destacando cinco experi\u00eancias imperd\u00edveis, como o passeio pelo centrinho (lojas e produtos de truta), a gastronomia local (com a dica do <em>Fuzile Diamantina<\/em>), as cachoeiras e a \u00e1rea de lazer das pousadas:<\/p>\n\n\n\n<figure class=\"wp-block-embed aligncenter is-type-video is-provider-youtube wp-block-embed-youtube wp-embed-aspect-16-9 wp-has-aspect-ratio\"><div class=\"wp-block-embed__wrapper\">\n<div class=\"jeg_video_container jeg_video_content\"><iframe loading=\"lazy\" title=\"DESCOBRINDO PENEDO RJ: 5 Experi\u00eancias imperd\u00edveis nesse destino do Estado do Rio de Janeiro\" width=\"500\" height=\"281\" src=\"https:\/\/www.youtube.com\/embed\/ohVTjAgu3jI?feature=oembed\" frameborder=\"0\" allow=\"accelerometer; autoplay; clipboard-write; encrypted-media; gyroscope; picture-in-picture; web-share\" referrerpolicy=\"strict-origin-when-cross-origin\" allowfullscreen><\/iframe><\/div>\n<\/div><\/figure>\n\n\n\n<h2 class=\"wp-block-heading\">O cinema e a f\u00e9 movimentam o calend\u00e1rio?<\/h2>\n\n\n\n<p>Penedo \u00e9 palco de um dos eventos culturais mais tradicionais do pa\u00eds, o <strong>Festival de Cinema de Penedo<\/strong>, que re\u00fane cineastas e artistas, projetando filmes em pra\u00e7a p\u00fablica e dentro do hist\u00f3rico teatro. Esse evento reafirma a voca\u00e7\u00e3o da cidade como polo de arte e cultura no Nordeste.<\/p>\n\n\n\n<p>Em janeiro, a f\u00e9 toma conta das ruas e do rio com a grandiosa <strong>Festa de Bom Jesus dos Navegantes<\/strong>. O ponto alto \u00e9 a prociss\u00e3o fluvial, onde centenas de embarca\u00e7\u00f5es acompanham a imagem do santo pelas \u00e1guas do S\u00e3o Francisco, criando um espet\u00e1culo de devo\u00e7\u00e3o visualmente impactante que atrai milhares de peregrinos.<\/p>\n\n\n<div class=\"wp-block-image\">\n<figure class=\"aligncenter size-large\"><img decoding=\"async\" width=\"1024\" height=\"576\" src=\"https:\/\/www.correiobraziliense.com.br\/cbradar\/wp-content\/uploads\/2025\/10\/Santos-Dumont-11-1024x576.png\" alt=\"\" class=\"wp-image-121733\" srcset=\"https:\/\/www.correiobraziliense.com.br\/cbradar\/wp-content\/uploads\/2025\/10\/Santos-Dumont-11-1024x576.png 1024w, https:\/\/www.correiobraziliense.com.br\/cbradar\/wp-content\/uploads\/2025\/10\/Santos-Dumont-11-300x169.png 300w, https:\/\/www.correiobraziliense.com.br\/cbradar\/wp-content\/uploads\/2025\/10\/Santos-Dumont-11-768x432.png 768w, https:\/\/www.correiobraziliense.com.br\/cbradar\/wp-content\/uploads\/2025\/10\/Santos-Dumont-11-750x422.png 750w, https:\/\/www.correiobraziliense.com.br\/cbradar\/wp-content\/uploads\/2025\/10\/Santos-Dumont-11-1140x641.png 1140w, https:\/\/www.correiobraziliense.com.br\/cbradar\/wp-content\/uploads\/2025\/10\/Santos-Dumont-11.png 1280w\" sizes=\"(max-width: 1024px) 100vw, 1024px\" \/><figcaption class=\"wp-element-caption\">Penedo mant\u00e9m vivo seu passado colonial com museus, igrejas barrocas e eventos que celebram suas ra\u00edzes hist\u00f3ricas. \/\/ Cr\u00e9ditos: @BoaSorteViajante<\/figcaption><\/figure><\/div>\n\n\n<h2 class=\"wp-block-heading\">Melhor \u00e9poca para visitar Penedo?<\/h2>\n\n\n\n<p>O <strong>clima tropical<\/strong> garante calor o ano inteiro, mas o regime de chuvas e o calend\u00e1rio de eventos definem a melhor experi\u00eancia. <strong><a href=\"https:\/\/www.climatempo.com.br\/previsao-do-tempo\/cidade\/827\/penedo-al\" target=\"_blank\" rel=\"noreferrer noopener\">Dados do Climatempo<\/a><\/strong> sugerem que o ver\u00e3o \u00e9 vibrante, especialmente em janeiro devido \u00e0 festa religiosa, enquanto o per\u00edodo de chuvas (maio a julho) pode atrapalhar os passeios ao ar livre, mas deixa a cidade com um ar nost\u00e1lgico.<\/p>\n\n\n\n<p>Confira abaixo o resumo das esta\u00e7\u00f5es e as atividades recomendadas para planejar sua viagem:<\/p>\n\n\n\n<figure class=\"wp-block-table\"><table class=\"has-fixed-layout\"><thead><tr><th>Per\u00edodo (meses)<\/th><th>Temperatura m\u00e9dia<\/th><th>Clima<\/th><th>Atividades recomendadas<\/th><\/tr><\/thead><tbody><tr><td>Janeiro<\/td><td>30\u00b0C<\/td><td>Quente e festivo<\/td><td>Festa de Bom Jesus dos Navegantes<\/td><\/tr><tr><td>Fevereiro a Abril<\/td><td>29\u00b0C<\/td><td>Seco e ensolarado<\/td><td>Passeios de barco e Centro Hist\u00f3rico<\/td><\/tr><tr><td>Maio a Julho<\/td><td>24\u00b0C<\/td><td>Chuvoso<\/td><td>Museus, igrejas e gastronomia<\/td><\/tr><tr><td>Setembro a Novembro<\/td><td>28\u00b0C<\/td><td>Agrad\u00e1vel<\/td><td>Festival de Cinema e p\u00f4r do sol na Rocheira<\/td><\/tr><\/tbody><\/table><\/figure>\n\n\n\n<p><strong>Leia tamb\u00e9m: <a href=\"https:\/\/www.correiobraziliense.com.br\/cbradar\/o-paraiso-escondido-no-brasil-que-esta-surpreendendo-viajantes-com-sua-beleza-de-outro-mundo\/\" target=\"_blank\" rel=\"noreferrer noopener\">O para\u00edso escondido no Brasil que est\u00e1 surpreendendo viajantes com sua beleza de outro mundo.<\/a><\/strong><\/p>\n\n\n<div class=\"wp-block-image\">\n<figure class=\"aligncenter size-large\"><img decoding=\"async\" width=\"1024\" height=\"576\" src=\"https:\/\/www.correiobraziliense.com.br\/cbradar\/wp-content\/uploads\/2025\/08\/Edicoes-2025-08-18T183118.478-1024x576.png\" alt=\"A cidade hist\u00f3rica que \u00e9 um tesouro cultural escondido no cora\u00e7\u00e3o do Nordeste\" class=\"wp-image-89176\" srcset=\"https:\/\/www.correiobraziliense.com.br\/cbradar\/wp-content\/uploads\/2025\/08\/Edicoes-2025-08-18T183118.478-1024x576.png 1024w, https:\/\/www.correiobraziliense.com.br\/cbradar\/wp-content\/uploads\/2025\/08\/Edicoes-2025-08-18T183118.478-300x169.png 300w, https:\/\/www.correiobraziliense.com.br\/cbradar\/wp-content\/uploads\/2025\/08\/Edicoes-2025-08-18T183118.478-768x432.png 768w, https:\/\/www.correiobraziliense.com.br\/cbradar\/wp-content\/uploads\/2025\/08\/Edicoes-2025-08-18T183118.478-750x422.png 750w, https:\/\/www.correiobraziliense.com.br\/cbradar\/wp-content\/uploads\/2025\/08\/Edicoes-2025-08-18T183118.478-1140x641.png 1140w, https:\/\/www.correiobraziliense.com.br\/cbradar\/wp-content\/uploads\/2025\/08\/Edicoes-2025-08-18T183118.478.png 1280w\" sizes=\"(max-width: 1024px) 100vw, 1024px\" \/><figcaption class=\"wp-element-caption\">Caminhe por Penedo e aproveite suas pra\u00e7as, orlas do Rio S\u00e3o Francisco e uma atmosfera acolhedora para turistas. \/\/ Cr\u00e9ditos: YouTube @passeioseviagens<\/figcaption><\/figure><\/div>\n\n\n<h2 class=\"wp-block-heading\">A gastronomia ribeirinha \u00e9 um destaque?<\/h2>\n\n\n\n<p><strong>A culin\u00e1ria em Penedo \u00e9 baseada nos pescados frescos do Rio S\u00e3o Francisco. <\/strong>O prato mais emblem\u00e1tico \u00e9 a \u201cpilombeta\u201d, um peixinho frito servido como petisco em todos os bares da orla, ideal para acompanhar uma bebida gelada enquanto se observa o movimento das balsas.<\/p>\n\n\n\n<p>Al\u00e9m do peixe, a regi\u00e3o \u00e9 conhecida pelo <strong>jacar\u00e9<\/strong> (proveniente de criat\u00f3rios autorizados), servido em moquecas ou ensopados. Os restaurantes do centro hist\u00f3rico oferecem essas iguarias em casar\u00f5es adaptados, proporcionando uma refei\u00e7\u00e3o que agrada tanto pelo paladar quanto pela ambienta\u00e7\u00e3o hist\u00f3rica.<\/p>\n\n\n\n<h2 class=\"wp-block-heading\">Penedo consolida-se como destino cultural e religioso<\/h2>\n\n\n\n<p><strong>Penedo consolida-se como um destino cultural e religioso ao preservar com destaque seu patrim\u00f4nio barroco<\/strong>, que oferece uma verdadeira aula de hist\u00f3ria e arte compar\u00e1vel \u00e0s cidades hist\u00f3ricas mineiras. Suas igrejas, casar\u00f5es e ruas antigas revelam a for\u00e7a da heran\u00e7a colonial e tornam a experi\u00eancia profundamente enriquecedora.<\/p>\n\n\n\n<p>A impon\u00eancia do Rio S\u00e3o Francisco permite unir turismo cultural com lazer n\u00e1utico e ecoturismo, especialmente na regi\u00e3o da foz. A tradi\u00e7\u00e3o dos grandes eventos mant\u00e9m a cidade sempre viva, celebrando o cinema, a f\u00e9 e a cultura local com intensidade. Penedo se firma como um destino completo, onde hist\u00f3ria, natureza e espiritualidade caminham juntas.<\/p>\n","protected":false},"excerpt":{"rendered":"<p>Planejar o turismo em Penedo \u00e9 viajar no tempo para descobrir a cidade colonial mais charmosa de Alagoas, carinhosamente apelidada de \u201cAtenas Alagoana\u201d, por suas arquitetura hist\u00f3rica. Localizada \u00e0s margens do majestoso Rio S\u00e3o Francisco, a cerca de 160 km de Macei\u00f3, a cidade oferece uma fus\u00e3o rara entre a grandiosidade da arquitetura barroca e [&hellip;]<\/p>\n","protected":false},"author":8,"featured_media":121736,"comment_status":"open","ping_status":"open","sticky":false,"template":"","format":"standard","meta":{"jnews-multi-image_gallery":[],"jnews_single_post":{"format":"standard"},"jnews_primary_category":[],"jnews_social_meta":[],"jnews_override_counter":[],"footnotes":""},"categories":[108,111],"post_tag":[2815,11808,1922],"class_list":["post-152004","post","type-post","status-publish","format-standard","has-post-thumbnail","hentry","category-cidades","category-turismo","tag-alagoas","tag-atenas-alagoana","tag-penedo"],"yoast_head":"<!-- This site is optimized with the Yoast SEO plugin v24.6 - https:\/\/yoast.com\/wordpress\/plugins\/seo\/ -->\n<title>A \u201cAtenas Alagoana\u201d est\u00e1 impressionando pela beleza hist\u00f3rica digna da Gr\u00e9cia Antiga - Correio Braziliense - Radar<\/title>\n<meta name=\"description\" content=\"Com beleza que lembra a Gr\u00e9cia Antiga, a Atenas Alagoana est\u00e1 atraindo olhares. Os motivos desse destaque chamam aten\u00e7\u00e3o.\" \/>\n<meta name=\"robots\" content=\"index, follow, max-snippet:-1, max-image-preview:large, max-video-preview:-1\" \/>\n<link rel=\"canonical\" href=\"https:\/\/www.correiobraziliense.com.br\/cbradar\/a-atenas-alagoana-esta-impressionando-pela-beleza-historica-digna-da-grecia-antiga\/\" \/>\n<meta property=\"og:locale\" content=\"pt_BR\" \/>\n<meta property=\"og:type\" content=\"article\" \/>\n<meta property=\"og:title\" content=\"A \u201cAtenas Alagoana\u201d est\u00e1 impressionando pela beleza hist\u00f3rica digna da Gr\u00e9cia Antiga - Correio Braziliense - Radar\" \/>\n<meta property=\"og:description\" content=\"Com beleza que lembra a Gr\u00e9cia Antiga, a Atenas Alagoana est\u00e1 atraindo olhares. Os motivos desse destaque chamam aten\u00e7\u00e3o.\" \/>\n<meta property=\"og:url\" content=\"https:\/\/www.correiobraziliense.com.br\/cbradar\/a-atenas-alagoana-esta-impressionando-pela-beleza-historica-digna-da-grecia-antiga\/\" \/>\n<meta property=\"og:site_name\" content=\"Correio Braziliense - Radar\" \/>\n<meta property=\"article:published_time\" content=\"2025-12-08T11:25:00+00:00\" \/>\n<meta property=\"og:image\" content=\"https:\/\/www.correiobraziliense.com.br\/cbradar\/wp-content\/uploads\/2025\/10\/Santos-Dumont-12-1.png\" \/>\n\t<meta property=\"og:image:width\" content=\"1280\" \/>\n\t<meta property=\"og:image:height\" content=\"720\" \/>\n\t<meta property=\"og:image:type\" content=\"image\/png\" \/>\n<meta name=\"author\" content=\"Maura Pereira\" \/>\n<meta name=\"twitter:card\" content=\"summary_large_image\" \/>\n<meta name=\"twitter:label1\" content=\"Escrito por\" \/>\n\t<meta name=\"twitter:data1\" content=\"Maura Pereira\" \/>\n\t<meta name=\"twitter:label2\" content=\"Est. tempo de leitura\" \/>\n\t<meta name=\"twitter:data2\" content=\"7 minutos\" \/>\n<!-- \/ Yoast SEO plugin. -->","yoast_head_json":{"title":"A \u201cAtenas Alagoana\u201d est\u00e1 impressionando pela beleza hist\u00f3rica digna da Gr\u00e9cia Antiga - Correio Braziliense - Radar","description":"Com beleza que lembra a Gr\u00e9cia Antiga, a Atenas Alagoana est\u00e1 atraindo olhares. Os motivos desse destaque chamam aten\u00e7\u00e3o.","robots":{"index":"index","follow":"follow","max-snippet":"max-snippet:-1","max-image-preview":"max-image-preview:large","max-video-preview":"max-video-preview:-1"},"canonical":"https:\/\/www.correiobraziliense.com.br\/cbradar\/a-atenas-alagoana-esta-impressionando-pela-beleza-historica-digna-da-grecia-antiga\/","og_locale":"pt_BR","og_type":"article","og_title":"A \u201cAtenas Alagoana\u201d est\u00e1 impressionando pela beleza hist\u00f3rica digna da Gr\u00e9cia Antiga - Correio Braziliense - Radar","og_description":"Com beleza que lembra a Gr\u00e9cia Antiga, a Atenas Alagoana est\u00e1 atraindo olhares. Os motivos desse destaque chamam aten\u00e7\u00e3o.","og_url":"https:\/\/www.correiobraziliense.com.br\/cbradar\/a-atenas-alagoana-esta-impressionando-pela-beleza-historica-digna-da-grecia-antiga\/","og_site_name":"Correio Braziliense - Radar","article_published_time":"2025-12-08T11:25:00+00:00","og_image":[{"width":1280,"height":720,"url":"https:\/\/www.correiobraziliense.com.br\/cbradar\/wp-content\/uploads\/2025\/10\/Santos-Dumont-12-1.png","type":"image\/png"}],"author":"Maura Pereira","twitter_card":"summary_large_image","twitter_misc":{"Escrito por":"Maura Pereira","Est. tempo de leitura":"7 minutos"},"schema":{"@context":"https:\/\/schema.org","@graph":[{"@type":"WebPage","@id":"https:\/\/www.correiobraziliense.com.br\/cbradar\/a-atenas-alagoana-esta-impressionando-pela-beleza-historica-digna-da-grecia-antiga\/","url":"https:\/\/www.correiobraziliense.com.br\/cbradar\/a-atenas-alagoana-esta-impressionando-pela-beleza-historica-digna-da-grecia-antiga\/","name":"A \u201cAtenas Alagoana\u201d est\u00e1 impressionando pela beleza hist\u00f3rica digna da Gr\u00e9cia Antiga - Correio Braziliense - Radar","isPartOf":{"@id":"https:\/\/www.correiobraziliense.com.br\/cbradar\/#website"},"primaryImageOfPage":{"@id":"https:\/\/www.correiobraziliense.com.br\/cbradar\/a-atenas-alagoana-esta-impressionando-pela-beleza-historica-digna-da-grecia-antiga\/#primaryimage"},"image":{"@id":"https:\/\/www.correiobraziliense.com.br\/cbradar\/a-atenas-alagoana-esta-impressionando-pela-beleza-historica-digna-da-grecia-antiga\/#primaryimage"},"thumbnailUrl":"https:\/\/www.correiobraziliense.com.br\/cbradar\/wp-content\/uploads\/2025\/10\/Santos-Dumont-12-1.png","datePublished":"2025-12-08T11:25:00+00:00","author":{"@id":"https:\/\/www.correiobraziliense.com.br\/cbradar\/#\/schema\/person\/4053c651a9bfc785afc6f4cbc9032fd3"},"description":"Com beleza que lembra a Gr\u00e9cia Antiga, a Atenas Alagoana est\u00e1 atraindo olhares. Os motivos desse destaque chamam aten\u00e7\u00e3o.","breadcrumb":{"@id":"https:\/\/www.correiobraziliense.com.br\/cbradar\/a-atenas-alagoana-esta-impressionando-pela-beleza-historica-digna-da-grecia-antiga\/#breadcrumb"},"inLanguage":"pt-BR","potentialAction":[{"@type":"ReadAction","target":["https:\/\/www.correiobraziliense.com.br\/cbradar\/a-atenas-alagoana-esta-impressionando-pela-beleza-historica-digna-da-grecia-antiga\/"]}]},{"@type":"ImageObject","inLanguage":"pt-BR","@id":"https:\/\/www.correiobraziliense.com.br\/cbradar\/a-atenas-alagoana-esta-impressionando-pela-beleza-historica-digna-da-grecia-antiga\/#primaryimage","url":"https:\/\/www.correiobraziliense.com.br\/cbradar\/wp-content\/uploads\/2025\/10\/Santos-Dumont-12-1.png","contentUrl":"https:\/\/www.correiobraziliense.com.br\/cbradar\/wp-content\/uploads\/2025\/10\/Santos-Dumont-12-1.png","width":1280,"height":720,"caption":"Penedo \u00e9 uma cidade hist\u00f3rica de Alagoas \u00e0s margens do Rio S\u00e3o Francisco, com arquitetura colonial preservada. \/\/ Cr\u00e9ditos: Wikip\u00e9dia"},{"@type":"BreadcrumbList","@id":"https:\/\/www.correiobraziliense.com.br\/cbradar\/a-atenas-alagoana-esta-impressionando-pela-beleza-historica-digna-da-grecia-antiga\/#breadcrumb","itemListElement":[{"@type":"ListItem","position":1,"name":"In\u00edcio","item":"https:\/\/www.correiobraziliense.com.br\/cbradar\/"},{"@type":"ListItem","position":2,"name":"A \u201cAtenas Alagoana\u201d est\u00e1 impressionando pela beleza hist\u00f3rica digna da Gr\u00e9cia Antiga"}]},{"@type":"WebSite","@id":"https:\/\/www.correiobraziliense.com.br\/cbradar\/#website","url":"https:\/\/www.correiobraziliense.com.br\/cbradar\/","name":"Correio Braziliense - Radar","description":"Acompanhe as \u00faltimas not\u00edcias e fique bem informado sobre tudo o que acontece no Brasil e no mundo.","potentialAction":[{"@type":"SearchAction","target":{"@type":"EntryPoint","urlTemplate":"https:\/\/www.correiobraziliense.com.br\/cbradar\/?s={search_term_string}"},"query-input":{"@type":"PropertyValueSpecification","valueRequired":true,"valueName":"search_term_string"}}],"inLanguage":"pt-BR"},{"@type":"Person","@id":"https:\/\/www.correiobraziliense.com.br\/cbradar\/#\/schema\/person\/4053c651a9bfc785afc6f4cbc9032fd3","name":"Maura Pereira","image":{"@type":"ImageObject","inLanguage":"pt-BR","@id":"https:\/\/www.correiobraziliense.com.br\/cbradar\/#\/schema\/person\/image\/","url":"https:\/\/secure.gravatar.com\/avatar\/3effd6bdadfa447f15089c7f7144eaa6?s=96&d=mm&r=g","contentUrl":"https:\/\/secure.gravatar.com\/avatar\/3effd6bdadfa447f15089c7f7144eaa6?s=96&d=mm&r=g","caption":"Maura Pereira"},"sameAs":["https:\/\/www.correiobraziliense.com.br\/"],"url":"https:\/\/www.correiobraziliense.com.br\/cbradar\/author\/mauramyth\/"}]}},"_links":{"self":[{"href":"https:\/\/www.correiobraziliense.com.br\/cbradar\/wp-json\/wp\/v2\/posts\/152004","targetHints":{"allow":["GET"]}}],"collection":[{"href":"https:\/\/www.correiobraziliense.com.br\/cbradar\/wp-json\/wp\/v2\/posts"}],"about":[{"href":"https:\/\/www.correiobraziliense.com.br\/cbradar\/wp-json\/wp\/v2\/types\/post"}],"author":[{"embeddable":true,"href":"https:\/\/www.correiobraziliense.com.br\/cbradar\/wp-json\/wp\/v2\/users\/8"}],"replies":[{"embeddable":true,"href":"https:\/\/www.correiobraziliense.com.br\/cbradar\/wp-json\/wp\/v2\/comments?post=152004"}],"version-history":[{"count":24,"href":"https:\/\/www.correiobraziliense.com.br\/cbradar\/wp-json\/wp\/v2\/posts\/152004\/revisions"}],"predecessor-version":[{"id":152080,"href":"https:\/\/www.correiobraziliense.com.br\/cbradar\/wp-json\/wp\/v2\/posts\/152004\/revisions\/152080"}],"wp:featuredmedia":[{"embeddable":true,"href":"https:\/\/www.correiobraziliense.com.br\/cbradar\/wp-json\/wp\/v2\/media\/121736"}],"wp:attachment":[{"href":"https:\/\/www.correiobraziliense.com.br\/cbradar\/wp-json\/wp\/v2\/media?parent=152004"}],"wp:term":[{"taxonomy":"category","embeddable":true,"href":"https:\/\/www.correiobraziliense.com.br\/cbradar\/wp-json\/wp\/v2\/categories?post=152004"},{"taxonomy":"post_tag","embeddable":true,"href":"https:\/\/www.correiobraziliense.com.br\/cbradar\/wp-json\/wp\/v2\/post_tag?post=152004"}],"curies":[{"name":"wp","href":"https:\/\/api.w.org\/{rel}","templated":true}]}}