{"id":152144,"date":"2025-12-08T12:05:00","date_gmt":"2025-12-08T15:05:00","guid":{"rendered":"https:\/\/www.correiobraziliense.com.br\/cbradar\/?p=152144"},"modified":"2025-12-07T21:57:52","modified_gmt":"2025-12-08T00:57:52","slug":"cannabis-pode-ajudar-na-ansiedade-depressao-e-mais","status":"publish","type":"post","link":"https:\/\/www.correiobraziliense.com.br\/cbradar\/cannabis-pode-ajudar-na-ansiedade-depressao-e-mais\/","title":{"rendered":"Cannabis pode ajudar na ansiedade, depress\u00e3o e mais"},"content":{"rendered":"\n<p>Recentemente, a aplica\u00e7\u00e3o da <strong>Cannabis <\/strong>como tratamento m\u00e9dico tem despertado interesse, especialmente no campo da sa\u00fade mental. Este enfoque emergente busca explorar a efic\u00e1cia dos canabinoides, compostos presentes na planta, para lidar melhor com ansiedades, depress\u00e3o, esquizofrenia e outras condi\u00e7\u00f5es neurol\u00f3gicas. Um destaque \u00e9 o canabidiol (CBD), cujas propriedades est\u00e3o sendo amplamente estudadas por sua capacidade de interagir com o sistema endocanabinoide.<\/p>\n\n\n\n<p>A ansiedade \u00e9 uma das condi\u00e7\u00f5es que encontra no CBD uma abordagem possivelmente menos invasiva que os ansiol\u00edticos comuns. Analisando a intera\u00e7\u00e3o do CBD com os receptores que regulam o humor e o medo, muitos veem nela uma alternativa promissora para atenuar sintomas sem os efeitos colaterais tradicionais. Pesquisadores est\u00e3o particularmente interessados no impacto do CBD sobre transtornos sociais e ansiedade generalizada.<\/p>\n\n\n\n<h2 class=\"wp-block-heading\">Qual o papel da Cannabis na mitiga\u00e7\u00e3o da depress\u00e3o?<\/h2>\n\n\n\n<p>A intera\u00e7\u00e3o dos canabinoides com neurotransmissores vitais sugere um potencial regulat\u00f3rio sobre o humor, crucial para aqueles que lidam com a depress\u00e3o. A pesquisa est\u00e1 explorando como essas subst\u00e2ncias podem suportar a estabilidade mental, influenciando a produ\u00e7\u00e3o de serotonina e dopamina. Evid\u00eancias iniciais apontam que o uso da Cannabis medicinal pode auxiliar no equil\u00edbrio de estados emocionais, oferecendo uma abordagem complementar na luta contra a depress\u00e3o.<\/p>\n\n\n<div class=\"wp-block-image\">\n<figure class=\"aligncenter size-large\"><img decoding=\"async\" width=\"1024\" height=\"576\" src=\"https:\/\/www.correiobraziliense.com.br\/cbradar\/wp-content\/uploads\/2025\/12\/Cannabis-_1765159206451-1024x576.jpg\" alt=\"\" class=\"wp-image-152148\" srcset=\"https:\/\/www.correiobraziliense.com.br\/cbradar\/wp-content\/uploads\/2025\/12\/Cannabis-_1765159206451-1024x576.jpg 1024w, https:\/\/www.correiobraziliense.com.br\/cbradar\/wp-content\/uploads\/2025\/12\/Cannabis-_1765159206451-300x169.jpg 300w, https:\/\/www.correiobraziliense.com.br\/cbradar\/wp-content\/uploads\/2025\/12\/Cannabis-_1765159206451-768x432.jpg 768w, https:\/\/www.correiobraziliense.com.br\/cbradar\/wp-content\/uploads\/2025\/12\/Cannabis-_1765159206451-750x422.jpg 750w, https:\/\/www.correiobraziliense.com.br\/cbradar\/wp-content\/uploads\/2025\/12\/Cannabis-_1765159206451-1140x641.jpg 1140w, https:\/\/www.correiobraziliense.com.br\/cbradar\/wp-content\/uploads\/2025\/12\/Cannabis-_1765159206451.jpg 1280w\" sizes=\"(max-width: 1024px) 100vw, 1024px\" \/><figcaption class=\"wp-element-caption\">Cannabis &#8211; Cr\u00e9ditos: depositphotos.com \/ VadimVasenin<\/figcaption><\/figure><\/div>\n\n\n<h2 class=\"wp-block-heading\">CBD e sua efic\u00e1cia naesquizofrenia \u00e9 comprovada?<\/h2>\n\n\n\n<p>A esquizofrenia \u00e9 um transtorno complexo e desafiador, particularmente devido aos efeitos adversos dos medicamentos tradicionais. No entanto, o CBD surge como uma alternativa mais suave, possivelmente aliviando sintomas sem os efeitos colaterais intensos. Estudos indicam que ele pode ajudar a manejar tanto os sintomas negativos quanto positivos da esquizofrenia, oferecendo nova esperan\u00e7a para pacientes que n\u00e3o respondem bem aos tratamentos existentes.<\/p>\n\n\n\n<h2 class=\"wp-block-heading\">Quais os usos promissores do CBD no tratamento da epilepsia?<\/h2>\n\n\n\n<p>No que tange \u00e0 epilepsia, o CBD t\u00eam mostrado ser um aliado poderoso. Seu impacto na redu\u00e7\u00e3o de crises, especialmente em tipos refrat\u00e1rios aos trandicionais m\u00e9todos, oferece um al\u00edvio significativo. Com sua a\u00e7\u00e3o sobre a excitabilidade neuronal, o CBD ajuda a minimizar a ocorr\u00eancia de convuls\u00f5es, apresentando uma op\u00e7\u00e3o valiosa para muitos pacientes.<\/p>\n\n\n\n<h2 class=\"wp-block-heading\">Quais os avan\u00e7os e oportunidades futuras da Cannabis medicinal?<\/h2>\n\n\n\n<p>Sob supervis\u00e3o m\u00e9dica, o uso de Cannabis medicinal continua a ser regulado e estudado intensamente. No Brasil, a Ag\u00eancia Nacional de Vigil\u00e2ncia Sanit\u00e1ria (Anvisa) avan\u00e7a em regulamenta\u00e7\u00f5es que visam facilitar o acesso seguro a esses tratamentos. Al\u00e9m de aliviar sintomas espec\u00edficos, muitos relatos destacam melhorias gerais na qualidade de vida, incluindo padr\u00f5es de sono e redu\u00e7\u00e3o do estresse. \u00c0 medida que a pesquisa avan\u00e7a, a promessa de tratamentos mais personalizados e baseados em dados concretos cresce, indicando um futuro mais otimista para a aplica\u00e7\u00e3o da Cannabis na <a href=\"https:\/\/www.correiobraziliense.com.br\/cbradar\/dr-cesar-cimonari-neurocirurgiao-sintomas-de-gliomas-que-voce-nao-deve-ignorar\/\" target=\"_blank\" rel=\"noreferrer noopener\">sa\u00fade <\/a>mental.<\/p>\n\n\n<a href=\"https:\/\/www.instagram.com\/dra.annaluisabf\/\" target=\"_blank\" rel=\"noopener\" style=\"text-decoration: none; color: inherit;\">\n    <span style=\"display: inline-block; border: 1px solid #ccc; border-radius: 10px; padding: 15px; max-width: 550px; font-family: sans-serif; box-shadow: 0 2px 5px rgba(0,0,0,0.1); width: 100%;\">\n\n      <!-- T\u00edtulo -->\n      <span style=\"display: block; margin: 0 0 15px 0; font-weight: bold; color: #2c3e50; text-align: center;\">\n        Entre em contato:\n      <\/span>\n\n      <!-- Linha do perfil -->\n      <span style=\"display: flex; align-items: center; gap: 15px;\">\n        <img decoding=\"async\"\n          src=\"https:\/\/www.correiobraziliense.com.br\/cbradar\/wp-content\/uploads\/2025\/08\/dra_anna_luisa.jpeg\"\n          alt=\"Foto da Dra. Anna Lu\u00edsa\"\n          style=\"border-radius: 50%; width: 80px; height: 80px; object-fit: cover;\"\n        \/>\n        <span style=\"display: flex; flex-direction: column;\">\n          <span style=\"font-size: 18px; font-weight: 700; color: #2c3e50;\">Dra. Anna Lu\u00edsa Barbosa Fernandes<\/span>\n          <span style=\"color: #555;\">CRM-GO 33.271<\/span>\n        <\/span>\n      <\/span>\n\n      <!-- Redes -->\n      <span style=\"display: flex; align-items: center; gap: 10px; margin-top: 12px;\">\n        <img decoding=\"async\" src=\"https:\/\/cdn-icons-png.flaticon.com\/24\/1384\/1384063.png\" alt=\"Instagram\" width=\"24\" height=\"24\" \/>\n        <span style=\"text-decoration: underline; color: #2c3e50;\">@dra.annaluisabf<\/span>\n      <\/span>\n\n    <\/span>\n  <\/a>","protected":false},"excerpt":{"rendered":"<p>Recentemente, a aplica\u00e7\u00e3o da Cannabis como tratamento m\u00e9dico tem despertado interesse, especialmente no campo da sa\u00fade mental. Este enfoque emergente busca explorar a efic\u00e1cia dos canabinoides, compostos presentes na planta, para lidar melhor com ansiedades, depress\u00e3o, esquizofrenia e outras condi\u00e7\u00f5es neurol\u00f3gicas. Um destaque \u00e9 o canabidiol (CBD), cujas propriedades est\u00e3o sendo amplamente estudadas por sua [&hellip;]<\/p>\n","protected":false},"author":14,"featured_media":152147,"comment_status":"open","ping_status":"open","sticky":false,"template":"","format":"standard","meta":{"_yoast_wpseo_focuskw":"Cannabis","_yoast_wpseo_title":"","_yoast_wpseo_metadesc":"Voc\u00ea sabia que o canabidiol pode ajudar na sa\u00fade mental? Veja como ele atua na ansiedade, epilepsia e outros transtornos emocionais.","jnews-multi-image_gallery":[],"jnews_single_post":{"format":"standard"},"jnews_primary_category":[],"jnews_social_meta":[],"jnews_override_counter":[],"footnotes":""},"categories":[4404],"tags":[120,12435,1318],"class_list":["post-152144","post","type-post","status-publish","format-standard","has-post-thumbnail","hentry","category-saude","tag-bem-estar","tag-cannabis","tag-saude-2"],"yoast_head":"<!-- This site is optimized with the Yoast SEO plugin v24.6 - https:\/\/yoast.com\/wordpress\/plugins\/seo\/ -->\n<title>Cannabis pode ajudar na ansiedade, depress\u00e3o e mais - Correio Braziliense - Radar<\/title>\n<meta name=\"description\" content=\"Voc\u00ea sabia que o canabidiol pode ajudar na sa\u00fade mental? Veja como ele atua na ansiedade, epilepsia e outros transtornos emocionais.\" \/>\n<meta name=\"robots\" content=\"index, follow, max-snippet:-1, max-image-preview:large, max-video-preview:-1\" \/>\n<link rel=\"canonical\" href=\"https:\/\/www.correiobraziliense.com.br\/cbradar\/cannabis-pode-ajudar-na-ansiedade-depressao-e-mais\/\" \/>\n<meta property=\"og:locale\" content=\"pt_BR\" \/>\n<meta property=\"og:type\" content=\"article\" \/>\n<meta property=\"og:title\" content=\"Cannabis pode ajudar na ansiedade, depress\u00e3o e mais - Correio Braziliense - Radar\" \/>\n<meta property=\"og:description\" content=\"Voc\u00ea sabia que o canabidiol pode ajudar na sa\u00fade mental? Veja como ele atua na ansiedade, epilepsia e outros transtornos emocionais.\" \/>\n<meta property=\"og:url\" content=\"https:\/\/www.correiobraziliense.com.br\/cbradar\/cannabis-pode-ajudar-na-ansiedade-depressao-e-mais\/\" \/>\n<meta property=\"og:site_name\" content=\"Correio Braziliense - Radar\" \/>\n<meta property=\"article:published_time\" content=\"2025-12-08T15:05:00+00:00\" \/>\n<meta property=\"og:image\" content=\"https:\/\/www.correiobraziliense.com.br\/cbradar\/wp-content\/uploads\/2025\/12\/Cannabis-_1765159177014.jpg\" \/>\n\t<meta property=\"og:image:width\" content=\"1280\" \/>\n\t<meta property=\"og:image:height\" content=\"720\" \/>\n\t<meta property=\"og:image:type\" content=\"image\/jpeg\" \/>\n<meta name=\"author\" content=\"guilherme_saude\" \/>\n<meta name=\"twitter:card\" content=\"summary_large_image\" \/>\n<meta name=\"twitter:label1\" content=\"Escrito por\" \/>\n\t<meta name=\"twitter:data1\" content=\"guilherme_saude\" \/>\n\t<meta name=\"twitter:label2\" content=\"Est. tempo de leitura\" \/>\n\t<meta name=\"twitter:data2\" content=\"4 minutos\" \/>\n<!-- \/ Yoast SEO plugin. -->","yoast_head_json":{"title":"Cannabis pode ajudar na ansiedade, depress\u00e3o e mais - Correio Braziliense - Radar","description":"Voc\u00ea sabia que o canabidiol pode ajudar na sa\u00fade mental? Veja como ele atua na ansiedade, epilepsia e outros transtornos emocionais.","robots":{"index":"index","follow":"follow","max-snippet":"max-snippet:-1","max-image-preview":"max-image-preview:large","max-video-preview":"max-video-preview:-1"},"canonical":"https:\/\/www.correiobraziliense.com.br\/cbradar\/cannabis-pode-ajudar-na-ansiedade-depressao-e-mais\/","og_locale":"pt_BR","og_type":"article","og_title":"Cannabis pode ajudar na ansiedade, depress\u00e3o e mais - Correio Braziliense - Radar","og_description":"Voc\u00ea sabia que o canabidiol pode ajudar na sa\u00fade mental? Veja como ele atua na ansiedade, epilepsia e outros transtornos emocionais.","og_url":"https:\/\/www.correiobraziliense.com.br\/cbradar\/cannabis-pode-ajudar-na-ansiedade-depressao-e-mais\/","og_site_name":"Correio Braziliense - Radar","article_published_time":"2025-12-08T15:05:00+00:00","og_image":[{"width":1280,"height":720,"url":"https:\/\/www.correiobraziliense.com.br\/cbradar\/wp-content\/uploads\/2025\/12\/Cannabis-_1765159177014.jpg","type":"image\/jpeg"}],"author":"guilherme_saude","twitter_card":"summary_large_image","twitter_misc":{"Escrito por":"guilherme_saude","Est. tempo de leitura":"4 minutos"},"schema":{"@context":"https:\/\/schema.org","@graph":[{"@type":"WebPage","@id":"https:\/\/www.correiobraziliense.com.br\/cbradar\/cannabis-pode-ajudar-na-ansiedade-depressao-e-mais\/","url":"https:\/\/www.correiobraziliense.com.br\/cbradar\/cannabis-pode-ajudar-na-ansiedade-depressao-e-mais\/","name":"Cannabis pode ajudar na ansiedade, depress\u00e3o e mais - Correio Braziliense - Radar","isPartOf":{"@id":"https:\/\/www.correiobraziliense.com.br\/cbradar\/#website"},"primaryImageOfPage":{"@id":"https:\/\/www.correiobraziliense.com.br\/cbradar\/cannabis-pode-ajudar-na-ansiedade-depressao-e-mais\/#primaryimage"},"image":{"@id":"https:\/\/www.correiobraziliense.com.br\/cbradar\/cannabis-pode-ajudar-na-ansiedade-depressao-e-mais\/#primaryimage"},"thumbnailUrl":"https:\/\/www.correiobraziliense.com.br\/cbradar\/wp-content\/uploads\/2025\/12\/Cannabis-_1765159177014.jpg","datePublished":"2025-12-08T15:05:00+00:00","author":{"@id":"https:\/\/www.correiobraziliense.com.br\/cbradar\/#\/schema\/person\/5aa4bf3c8fa699c267933611de12978b"},"description":"Voc\u00ea sabia que o canabidiol pode ajudar na sa\u00fade mental? Veja como ele atua na ansiedade, epilepsia e outros transtornos emocionais.","breadcrumb":{"@id":"https:\/\/www.correiobraziliense.com.br\/cbradar\/cannabis-pode-ajudar-na-ansiedade-depressao-e-mais\/#breadcrumb"},"inLanguage":"pt-BR","potentialAction":[{"@type":"ReadAction","target":["https:\/\/www.correiobraziliense.com.br\/cbradar\/cannabis-pode-ajudar-na-ansiedade-depressao-e-mais\/"]}]},{"@type":"ImageObject","inLanguage":"pt-BR","@id":"https:\/\/www.correiobraziliense.com.br\/cbradar\/cannabis-pode-ajudar-na-ansiedade-depressao-e-mais\/#primaryimage","url":"https:\/\/www.correiobraziliense.com.br\/cbradar\/wp-content\/uploads\/2025\/12\/Cannabis-_1765159177014.jpg","contentUrl":"https:\/\/www.correiobraziliense.com.br\/cbradar\/wp-content\/uploads\/2025\/12\/Cannabis-_1765159177014.jpg","width":1280,"height":720,"caption":"Cannabis - Cr\u00e9ditos: depositphotos.com \/ HayDmitriy"},{"@type":"BreadcrumbList","@id":"https:\/\/www.correiobraziliense.com.br\/cbradar\/cannabis-pode-ajudar-na-ansiedade-depressao-e-mais\/#breadcrumb","itemListElement":[{"@type":"ListItem","position":1,"name":"In\u00edcio","item":"https:\/\/www.correiobraziliense.com.br\/cbradar\/"},{"@type":"ListItem","position":2,"name":"Cannabis pode ajudar na ansiedade, depress\u00e3o e mais"}]},{"@type":"WebSite","@id":"https:\/\/www.correiobraziliense.com.br\/cbradar\/#website","url":"https:\/\/www.correiobraziliense.com.br\/cbradar\/","name":"Correio Braziliense - Radar","description":"Acompanhe as \u00faltimas not\u00edcias e fique bem informado sobre tudo o que acontece no Brasil e no mundo.","potentialAction":[{"@type":"SearchAction","target":{"@type":"EntryPoint","urlTemplate":"https:\/\/www.correiobraziliense.com.br\/cbradar\/?s={search_term_string}"},"query-input":{"@type":"PropertyValueSpecification","valueRequired":true,"valueName":"search_term_string"}}],"inLanguage":"pt-BR"},{"@type":"Person","@id":"https:\/\/www.correiobraziliense.com.br\/cbradar\/#\/schema\/person\/5aa4bf3c8fa699c267933611de12978b","name":"guilherme_saude","image":{"@type":"ImageObject","inLanguage":"pt-BR","@id":"https:\/\/www.correiobraziliense.com.br\/cbradar\/#\/schema\/person\/image\/","url":"https:\/\/secure.gravatar.com\/avatar\/df9adfb835d344bc0af109d41756253f?s=96&d=mm&r=g","contentUrl":"https:\/\/secure.gravatar.com\/avatar\/df9adfb835d344bc0af109d41756253f?s=96&d=mm&r=g","caption":"guilherme_saude"},"url":"https:\/\/www.correiobraziliense.com.br\/cbradar\/author\/guilherme_saude\/"}]}},"_links":{"self":[{"href":"https:\/\/www.correiobraziliense.com.br\/cbradar\/wp-json\/wp\/v2\/posts\/152144","targetHints":{"allow":["GET"]}}],"collection":[{"href":"https:\/\/www.correiobraziliense.com.br\/cbradar\/wp-json\/wp\/v2\/posts"}],"about":[{"href":"https:\/\/www.correiobraziliense.com.br\/cbradar\/wp-json\/wp\/v2\/types\/post"}],"author":[{"embeddable":true,"href":"https:\/\/www.correiobraziliense.com.br\/cbradar\/wp-json\/wp\/v2\/users\/14"}],"replies":[{"embeddable":true,"href":"https:\/\/www.correiobraziliense.com.br\/cbradar\/wp-json\/wp\/v2\/comments?post=152144"}],"version-history":[{"count":1,"href":"https:\/\/www.correiobraziliense.com.br\/cbradar\/wp-json\/wp\/v2\/posts\/152144\/revisions"}],"predecessor-version":[{"id":152149,"href":"https:\/\/www.correiobraziliense.com.br\/cbradar\/wp-json\/wp\/v2\/posts\/152144\/revisions\/152149"}],"wp:featuredmedia":[{"embeddable":true,"href":"https:\/\/www.correiobraziliense.com.br\/cbradar\/wp-json\/wp\/v2\/media\/152147"}],"wp:attachment":[{"href":"https:\/\/www.correiobraziliense.com.br\/cbradar\/wp-json\/wp\/v2\/media?parent=152144"}],"wp:term":[{"taxonomy":"category","embeddable":true,"href":"https:\/\/www.correiobraziliense.com.br\/cbradar\/wp-json\/wp\/v2\/categories?post=152144"},{"taxonomy":"post_tag","embeddable":true,"href":"https:\/\/www.correiobraziliense.com.br\/cbradar\/wp-json\/wp\/v2\/tags?post=152144"}],"curies":[{"name":"wp","href":"https:\/\/api.w.org\/{rel}","templated":true}]}}