{"id":152168,"date":"2025-12-11T19:05:32","date_gmt":"2025-12-11T22:05:32","guid":{"rendered":"https:\/\/www.correiobraziliense.com.br\/cbradar\/?p=152168"},"modified":"2025-12-10T10:16:11","modified_gmt":"2025-12-10T13:16:11","slug":"o-que-significa-sonhar-com-morte-de-alguem-vivo","status":"publish","type":"post","link":"https:\/\/www.correiobraziliense.com.br\/cbradar\/o-que-significa-sonhar-com-morte-de-alguem-vivo\/","title":{"rendered":"O que significa sonhar com morte de algu\u00e9m vivo?"},"content":{"rendered":"\n<p>Sonhar com a <strong>morte<\/strong> de algu\u00e9m vivo costuma chamar a aten\u00e7\u00e3o de quem passa por essa experi\u00eancia. Apesar de causar estranhamento, esse tipo de sonho raramente est\u00e1 ligado a um press\u00e1gio literal. Em geral, ele simboliza mudan\u00e7as, encerramento de ciclos, medo de perda ou transforma\u00e7\u00f5es na rela\u00e7\u00e3o com a pessoa que aparece no sonho. A interpreta\u00e7\u00e3o depende muito do contexto, do v\u00ednculo entre as pessoas envolvidas e dos sentimentos presentes durante o sonho, funcionando como um recado do inconsciente sobre fases que est\u00e3o se transformando.<\/p>\n\n\n\n<h2 class=\"wp-block-heading\">O que significa sonhar com morte de algu\u00e9m vivo<\/h2>\n\n\n\n<p>O significado de sonhar com <strong>morte<\/strong> de algu\u00e9m vivo costuma estar relacionado a mudan\u00e7as internas e a preocupa\u00e7\u00f5es com essa pessoa. Em muitos casos, o sonho revela medo de perd\u00ea-la, seja por afastamento, t\u00e9rmino de contato ou mudan\u00e7a de rotina, evidenciando inseguran\u00e7as afetivas ou necessidade de aten\u00e7\u00e3o \u00e0 rela\u00e7\u00e3o.<\/p>\n\n\n\n<p>Tamb\u00e9m pode indicar que a maneira de enxergar essa pessoa est\u00e1 mudando, como se uma fase do relacionamento estivesse chegando ao fim para dar lugar a outra forma de liga\u00e7\u00e3o. Em alguns casos, \u00e9 como se uma antiga din\u00e2mica \u201cmorresse\u201d, abrindo espa\u00e7o para novos pap\u00e9is, ajustes de limites ou at\u00e9 <strong>reconcilia\u00e7\u00f5es<\/strong>.<\/p>\n\n\n<div class=\"wp-block-image\">\n<figure class=\"aligncenter size-large\"><img decoding=\"async\" width=\"1024\" height=\"576\" src=\"https:\/\/www.correiobraziliense.com.br\/cbradar\/wp-content\/uploads\/2025\/12\/luto_1765051666786-1024x576.jpg\" alt=\"\" class=\"wp-image-151221\" srcset=\"https:\/\/www.correiobraziliense.com.br\/cbradar\/wp-content\/uploads\/2025\/12\/luto_1765051666786-1024x576.jpg 1024w, https:\/\/www.correiobraziliense.com.br\/cbradar\/wp-content\/uploads\/2025\/12\/luto_1765051666786-300x169.jpg 300w, https:\/\/www.correiobraziliense.com.br\/cbradar\/wp-content\/uploads\/2025\/12\/luto_1765051666786-768x432.jpg 768w, https:\/\/www.correiobraziliense.com.br\/cbradar\/wp-content\/uploads\/2025\/12\/luto_1765051666786-750x422.jpg 750w, https:\/\/www.correiobraziliense.com.br\/cbradar\/wp-content\/uploads\/2025\/12\/luto_1765051666786-1140x641.jpg 1140w, https:\/\/www.correiobraziliense.com.br\/cbradar\/wp-content\/uploads\/2025\/12\/luto_1765051666786.jpg 1280w\" sizes=\"(max-width: 1024px) 100vw, 1024px\" \/><figcaption class=\"wp-element-caption\"> A interpreta\u00e7\u00e3o, por\u00e9m, n\u00e3o \u00e9 \u00fanica e varia conforme o contexto &#8211; Cr\u00e9ditos: depositphotos.com \/ AndrewLozovyi<\/figcaption><\/figure><\/div>\n\n\n<p>Leia tamb\u00e9m:&nbsp;<a href=\"https:\/\/www.correiobraziliense.com.br\/cbradar\/o-que-significa-sonhar-com-cobra-e-por-que-esse-sonho-revela-tanto\/\" target=\"_blank\" rel=\"noopener\">O que significa sonhar com cobra e por que esse sonho revela tanto?<\/a><\/p>\n\n\n\n<h2 class=\"wp-block-heading\">Quais s\u00e3o as principais interpreta\u00e7\u00f5es para sonhar com morte de algu\u00e9m vivo<\/h2>\n\n\n\n<p>As leituras sobre esse tipo de sonho variam conforme os detalhes da experi\u00eancia e o momento de vida do sonhador. Muitos significados simb\u00f3licos recorrentes aparecem quando se analisa quem morre, como a cena acontece e quais emo\u00e7\u00f5es surgem durante o sonho.<\/p>\n\n\n\n<p>Entre as interpreta\u00e7\u00f5es mais comuns, destacam-se alguns sentidos emocionais e psicol\u00f3gicos que podem ajudar a compreender melhor essa imagem on\u00edrica intensa:<\/p>\n\n\n\n<ul class=\"wp-block-list\">\n<li><strong>Medo<\/strong> de perda: o sonho pode refletir preocupa\u00e7\u00e3o com a sa\u00fade, seguran\u00e7a ou afastamento da pessoa que aparece morta na cena on\u00edrica.<\/li>\n\n\n\n<li><strong>Fim<\/strong> de um ciclo: indica encerramento de etapas na vida do sonhador, como mudan\u00e7a de emprego, t\u00e9rmino de um v\u00ednculo ou altera\u00e7\u00e3o de pap\u00e9is familiares.<\/li>\n\n\n\n<li><strong>Mudan\u00e7a<\/strong> na rela\u00e7\u00e3o: aponta para transforma\u00e7\u00f5es na forma de se relacionar com aquela pessoa, seja aproxima\u00e7\u00e3o, distanciamento ou redefini\u00e7\u00e3o de limites.<\/li>\n\n\n\n<li><strong>Proje\u00e7\u00e3o<\/strong> de conflitos internos: a figura que morre pode representar caracter\u00edsticas que o sonhador deseja mudar em si mesmo, como comportamentos ou atitudes.<\/li>\n\n\n\n<li><strong>Reorganiza\u00e7\u00e3o<\/strong> emocional: o inconsciente utiliza a imagem da morte para processar emo\u00e7\u00f5es intensas, como culpa, raiva, saudade ou frustra\u00e7\u00e3o.<\/li>\n<\/ul>\n\n\n\n<p>Em alguns casos, o sonho tamb\u00e9m pode surgir em per\u00edodos de grande estresse, luto recente ou mudan\u00e7as intensas na rotina. Nessas situa\u00e7\u00f5es, a mente utiliza s\u00edmbolos fortes, como a <strong>morte<\/strong>, para dar forma \u00e0s tens\u00f5es que ainda n\u00e3o foram totalmente elaboradas nem compreendidas no dia a dia.<\/p>\n\n\n\n<h2 class=\"wp-block-heading\">Sonhar com morte de algu\u00e9m vivo \u00e9 press\u00e1gio<\/h2>\n\n\n\n<p>De modo geral, sonhar com a <strong>morte<\/strong> de algu\u00e9m que ainda est\u00e1 vivo n\u00e3o \u00e9 entendido como previs\u00e3o literal de acontecimentos futuros. Em abordagens ligadas \u00e0 psicologia dos sonhos, a cena \u00e9 vista como met\u00e1fora de transforma\u00e7\u00e3o, marcando o fim de algo conhecido e o come\u00e7o de uma nova etapa.<\/p>\n\n\n\n<p>Esse tipo de sonho tamb\u00e9m pode servir como um alerta simb\u00f3lico para cuidar melhor de uma rela\u00e7\u00e3o que est\u00e1 sendo deixada em segundo plano. Nesses casos, em vez de prever eventos, o sonho funciona como espelho de situa\u00e7\u00f5es j\u00e1 em andamento, como la\u00e7os afetivos que est\u00e3o se enfraquecendo ou h\u00e1bitos que precisam mudar.<\/p>\n\n\n<div class=\"wp-block-image\">\n<figure class=\"aligncenter size-large\"><img decoding=\"async\" width=\"1024\" height=\"576\" src=\"https:\/\/www.correiobraziliense.com.br\/cbradar\/wp-content\/uploads\/2025\/12\/chorando_1765335990690-1024x576.jpg\" alt=\"\" class=\"wp-image-153623\" srcset=\"https:\/\/www.correiobraziliense.com.br\/cbradar\/wp-content\/uploads\/2025\/12\/chorando_1765335990690-1024x576.jpg 1024w, https:\/\/www.correiobraziliense.com.br\/cbradar\/wp-content\/uploads\/2025\/12\/chorando_1765335990690-300x169.jpg 300w, https:\/\/www.correiobraziliense.com.br\/cbradar\/wp-content\/uploads\/2025\/12\/chorando_1765335990690-768x432.jpg 768w, https:\/\/www.correiobraziliense.com.br\/cbradar\/wp-content\/uploads\/2025\/12\/chorando_1765335990690-750x422.jpg 750w, https:\/\/www.correiobraziliense.com.br\/cbradar\/wp-content\/uploads\/2025\/12\/chorando_1765335990690-1140x641.jpg 1140w, https:\/\/www.correiobraziliense.com.br\/cbradar\/wp-content\/uploads\/2025\/12\/chorando_1765335990690.jpg 1280w\" sizes=\"(max-width: 1024px) 100vw, 1024px\" \/><figcaption class=\"wp-element-caption\">Para entender com mais clareza o que significa sonhar com morte de algu\u00e9m vivo &#8211; Cr\u00e9ditos: depositphotos.com \/ AndrewLozovyi<\/figcaption><\/figure><\/div>\n\n\n<h2 class=\"wp-block-heading\">Como analisar melhor esse tipo de sonho<\/h2>\n\n\n\n<p>Para entender com mais clareza o que significa sonhar com <strong>morte<\/strong> de algu\u00e9m vivo, algumas atitudes podem ajudar a organizar as ideias e as emo\u00e7\u00f5es envolvidas. Esse processo n\u00e3o busca prever o futuro, mas compreender o que o sonho pode estar sinalizando no presente, \u00e0 luz da realidade emocional de quem sonha.<\/p>\n\n\n\n<p>Alguns passos pr\u00e1ticos podem facilitar essa an\u00e1lise pessoal e tornar a experi\u00eancia menos angustiante, transformando o sonho em oportunidade de autoconhecimento e reflex\u00e3o sobre v\u00ednculos, medos e ciclos de mudan\u00e7a:<\/p>\n\n\n\n<ol class=\"wp-block-list\">\n<li><strong>Observar<\/strong> os sentimentos no sonho: medo, al\u00edvio, tristeza ou indiferen\u00e7a d\u00e3o pistas importantes sobre o que essa imagem representa.<\/li>\n\n\n\n<li><strong>Relacionar<\/strong> com a vida atual: identificar se h\u00e1 conflitos, mudan\u00e7as ou distanciamentos em andamento envolvendo a pessoa que aparece no sonho.<\/li>\n\n\n\n<li><strong>Registrar<\/strong> detalhes: anotar local, hora, pessoas presentes e acontecimentos ajuda a perceber padr\u00f5es entre diferentes sonhos.<\/li>\n\n\n\n<li><strong>Notar<\/strong> repeti\u00e7\u00f5es: quando o mesmo tipo de sonho se repete, pode indicar um tema emocional persistente que precisa ser encarado.<\/li>\n\n\n\n<li><strong>Buscar<\/strong> apoio profissional quando necess\u00e1rio: se os sonhos forem muito frequentes ou causarem sofrimento intenso, acompanhamento psicol\u00f3gico pode auxiliar na compreens\u00e3o.<\/li>\n<\/ol>\n\n\n\n<p>Sonhar com <strong>morte<\/strong> de algu\u00e9m vivo, portanto, costuma estar ligado muito mais a processos internos do que a previs\u00f5es externas. Entender esse tipo de sonho como s\u00edmbolo de mudan\u00e7a, reorganiza\u00e7\u00e3o afetiva e encerramento de ciclos permite encar\u00e1-lo com mais clareza, acolhendo o impacto emocional que ele gera e usando a experi\u00eancia como ponto de partida para refletir sobre os pr\u00f3prios v\u00ednculos e fases da vida.<\/p>\n","protected":false},"excerpt":{"rendered":"<p>Sonhar com a morte de algu\u00e9m vivo costuma chamar a aten\u00e7\u00e3o de quem passa por essa experi\u00eancia. Apesar de causar estranhamento, esse tipo de sonho raramente est\u00e1 ligado a um press\u00e1gio literal. Em geral, ele simboliza mudan\u00e7as, encerramento de ciclos, medo de perda ou transforma\u00e7\u00f5es na rela\u00e7\u00e3o com a pessoa que aparece no sonho. A [&hellip;]<\/p>\n","protected":false},"author":9,"featured_media":153784,"comment_status":"open","ping_status":"open","sticky":false,"template":"","format":"standard","meta":{"_yoast_wpseo_focuskw":"Sonhar com a morte de algu\u00e9m vivo","_yoast_wpseo_title":"","_yoast_wpseo_metadesc":"Sonhar com a morte de algu\u00e9m vivo raramente \u00e9 press\u00e1gio: indica mudan\u00e7as internas, medo de perda e transforma\u00e7\u00f5es emocionais em andamento.","jnews-multi-image_gallery":[],"jnews_single_post":{"format":"standard"},"jnews_primary_category":[],"jnews_social_meta":[],"jnews_override_counter":[],"footnotes":""},"categories":[112],"tags":[8444,12438,4474],"class_list":["post-152168","post","type-post","status-publish","format-standard","has-post-thumbnail","hentry","category-curiosidades","tag-morte","tag-morte-de-alguem","tag-sonhos"],"yoast_head":"<!-- This site is optimized with the Yoast SEO plugin v24.6 - https:\/\/yoast.com\/wordpress\/plugins\/seo\/ -->\n<title>O que significa sonhar com morte de algu\u00e9m vivo? - Correio Braziliense - Radar<\/title>\n<meta name=\"description\" content=\"Sonhar com a morte de algu\u00e9m vivo raramente \u00e9 press\u00e1gio: indica mudan\u00e7as internas, medo de perda e transforma\u00e7\u00f5es emocionais em andamento.\" \/>\n<meta name=\"robots\" content=\"index, follow, max-snippet:-1, max-image-preview:large, max-video-preview:-1\" \/>\n<link rel=\"canonical\" href=\"https:\/\/www.correiobraziliense.com.br\/cbradar\/o-que-significa-sonhar-com-morte-de-alguem-vivo\/\" \/>\n<meta property=\"og:locale\" content=\"pt_BR\" \/>\n<meta property=\"og:type\" content=\"article\" \/>\n<meta property=\"og:title\" content=\"O que significa sonhar com morte de algu\u00e9m vivo? - Correio Braziliense - Radar\" \/>\n<meta property=\"og:description\" content=\"Sonhar com a morte de algu\u00e9m vivo raramente \u00e9 press\u00e1gio: indica mudan\u00e7as internas, medo de perda e transforma\u00e7\u00f5es emocionais em andamento.\" \/>\n<meta property=\"og:url\" content=\"https:\/\/www.correiobraziliense.com.br\/cbradar\/o-que-significa-sonhar-com-morte-de-alguem-vivo\/\" \/>\n<meta property=\"og:site_name\" content=\"Correio Braziliense - Radar\" \/>\n<meta property=\"article:published_time\" content=\"2025-12-11T22:05:32+00:00\" \/>\n<meta property=\"og:image\" content=\"https:\/\/www.correiobraziliense.com.br\/cbradar\/wp-content\/uploads\/2025\/12\/freepik__faa-uma-imagem-realista-de-uma-pessoa-dormindo-com__61465.jpeg\" \/>\n\t<meta property=\"og:image:width\" content=\"1280\" \/>\n\t<meta property=\"og:image:height\" content=\"720\" \/>\n\t<meta property=\"og:image:type\" content=\"image\/jpeg\" \/>\n<meta name=\"author\" content=\"Daniely Cardoso\" \/>\n<meta name=\"twitter:card\" content=\"summary_large_image\" \/>\n<meta name=\"twitter:label1\" content=\"Escrito por\" \/>\n\t<meta name=\"twitter:data1\" content=\"Daniely Cardoso\" \/>\n\t<meta name=\"twitter:label2\" content=\"Est. tempo de leitura\" \/>\n\t<meta name=\"twitter:data2\" content=\"6 minutos\" \/>\n<!-- \/ Yoast SEO plugin. -->","yoast_head_json":{"title":"O que significa sonhar com morte de algu\u00e9m vivo? - Correio Braziliense - Radar","description":"Sonhar com a morte de algu\u00e9m vivo raramente \u00e9 press\u00e1gio: indica mudan\u00e7as internas, medo de perda e transforma\u00e7\u00f5es emocionais em andamento.","robots":{"index":"index","follow":"follow","max-snippet":"max-snippet:-1","max-image-preview":"max-image-preview:large","max-video-preview":"max-video-preview:-1"},"canonical":"https:\/\/www.correiobraziliense.com.br\/cbradar\/o-que-significa-sonhar-com-morte-de-alguem-vivo\/","og_locale":"pt_BR","og_type":"article","og_title":"O que significa sonhar com morte de algu\u00e9m vivo? - Correio Braziliense - Radar","og_description":"Sonhar com a morte de algu\u00e9m vivo raramente \u00e9 press\u00e1gio: indica mudan\u00e7as internas, medo de perda e transforma\u00e7\u00f5es emocionais em andamento.","og_url":"https:\/\/www.correiobraziliense.com.br\/cbradar\/o-que-significa-sonhar-com-morte-de-alguem-vivo\/","og_site_name":"Correio Braziliense - Radar","article_published_time":"2025-12-11T22:05:32+00:00","og_image":[{"width":1280,"height":720,"url":"https:\/\/www.correiobraziliense.com.br\/cbradar\/wp-content\/uploads\/2025\/12\/freepik__faa-uma-imagem-realista-de-uma-pessoa-dormindo-com__61465.jpeg","type":"image\/jpeg"}],"author":"Daniely Cardoso","twitter_card":"summary_large_image","twitter_misc":{"Escrito por":"Daniely Cardoso","Est. tempo de leitura":"6 minutos"},"schema":{"@context":"https:\/\/schema.org","@graph":[{"@type":"WebPage","@id":"https:\/\/www.correiobraziliense.com.br\/cbradar\/o-que-significa-sonhar-com-morte-de-alguem-vivo\/","url":"https:\/\/www.correiobraziliense.com.br\/cbradar\/o-que-significa-sonhar-com-morte-de-alguem-vivo\/","name":"O que significa sonhar com morte de algu\u00e9m vivo? - Correio Braziliense - Radar","isPartOf":{"@id":"https:\/\/www.correiobraziliense.com.br\/cbradar\/#website"},"primaryImageOfPage":{"@id":"https:\/\/www.correiobraziliense.com.br\/cbradar\/o-que-significa-sonhar-com-morte-de-alguem-vivo\/#primaryimage"},"image":{"@id":"https:\/\/www.correiobraziliense.com.br\/cbradar\/o-que-significa-sonhar-com-morte-de-alguem-vivo\/#primaryimage"},"thumbnailUrl":"https:\/\/www.correiobraziliense.com.br\/cbradar\/wp-content\/uploads\/2025\/12\/freepik__faa-uma-imagem-realista-de-uma-pessoa-dormindo-com__61465.jpeg","datePublished":"2025-12-11T22:05:32+00:00","author":{"@id":"https:\/\/www.correiobraziliense.com.br\/cbradar\/#\/schema\/person\/7356666e12ec0ee53f348ee5db227032"},"description":"Sonhar com a morte de algu\u00e9m vivo raramente \u00e9 press\u00e1gio: indica mudan\u00e7as internas, medo de perda e transforma\u00e7\u00f5es emocionais em andamento.","breadcrumb":{"@id":"https:\/\/www.correiobraziliense.com.br\/cbradar\/o-que-significa-sonhar-com-morte-de-alguem-vivo\/#breadcrumb"},"inLanguage":"pt-BR","potentialAction":[{"@type":"ReadAction","target":["https:\/\/www.correiobraziliense.com.br\/cbradar\/o-que-significa-sonhar-com-morte-de-alguem-vivo\/"]}]},{"@type":"ImageObject","inLanguage":"pt-BR","@id":"https:\/\/www.correiobraziliense.com.br\/cbradar\/o-que-significa-sonhar-com-morte-de-alguem-vivo\/#primaryimage","url":"https:\/\/www.correiobraziliense.com.br\/cbradar\/wp-content\/uploads\/2025\/12\/freepik__faa-uma-imagem-realista-de-uma-pessoa-dormindo-com__61465.jpeg","contentUrl":"https:\/\/www.correiobraziliense.com.br\/cbradar\/wp-content\/uploads\/2025\/12\/freepik__faa-uma-imagem-realista-de-uma-pessoa-dormindo-com__61465.jpeg","width":1280,"height":720,"caption":"Representa transforma\u00e7\u00f5es e encerramento de ciclos"},{"@type":"BreadcrumbList","@id":"https:\/\/www.correiobraziliense.com.br\/cbradar\/o-que-significa-sonhar-com-morte-de-alguem-vivo\/#breadcrumb","itemListElement":[{"@type":"ListItem","position":1,"name":"In\u00edcio","item":"https:\/\/www.correiobraziliense.com.br\/cbradar\/"},{"@type":"ListItem","position":2,"name":"O que significa sonhar com morte de algu\u00e9m vivo?"}]},{"@type":"WebSite","@id":"https:\/\/www.correiobraziliense.com.br\/cbradar\/#website","url":"https:\/\/www.correiobraziliense.com.br\/cbradar\/","name":"Correio Braziliense - Radar","description":"Acompanhe as \u00faltimas not\u00edcias e fique bem informado sobre tudo o que acontece no Brasil e no mundo.","potentialAction":[{"@type":"SearchAction","target":{"@type":"EntryPoint","urlTemplate":"https:\/\/www.correiobraziliense.com.br\/cbradar\/?s={search_term_string}"},"query-input":{"@type":"PropertyValueSpecification","valueRequired":true,"valueName":"search_term_string"}}],"inLanguage":"pt-BR"},{"@type":"Person","@id":"https:\/\/www.correiobraziliense.com.br\/cbradar\/#\/schema\/person\/7356666e12ec0ee53f348ee5db227032","name":"Daniely Cardoso","image":{"@type":"ImageObject","inLanguage":"pt-BR","@id":"https:\/\/www.correiobraziliense.com.br\/cbradar\/#\/schema\/person\/image\/","url":"https:\/\/secure.gravatar.com\/avatar\/4b80ddbd124d1f071b626d52d62e5dff?s=96&d=mm&r=g","contentUrl":"https:\/\/secure.gravatar.com\/avatar\/4b80ddbd124d1f071b626d52d62e5dff?s=96&d=mm&r=g","caption":"Daniely Cardoso"},"description":"Redatora nos portais CB Radar e EM Foco, formada pela Universidade Federal de Goi\u00e1s, em Goi\u00e2nia. Apaixonada por comunica\u00e7\u00e3o, arte, decora\u00e7\u00e3o e tend\u00eancias, atuo na produ\u00e7\u00e3o de conte\u00fados envolventes sobre curiosidades, moda, beleza e paisagismo, sempre com um olhar atento \u00e0s novidades do momento.","sameAs":["https:\/\/www.correiobraziliense.com.br\/cbradar"],"url":"https:\/\/www.correiobraziliense.com.br\/cbradar\/author\/danielymyth\/"}]}},"_links":{"self":[{"href":"https:\/\/www.correiobraziliense.com.br\/cbradar\/wp-json\/wp\/v2\/posts\/152168","targetHints":{"allow":["GET"]}}],"collection":[{"href":"https:\/\/www.correiobraziliense.com.br\/cbradar\/wp-json\/wp\/v2\/posts"}],"about":[{"href":"https:\/\/www.correiobraziliense.com.br\/cbradar\/wp-json\/wp\/v2\/types\/post"}],"author":[{"embeddable":true,"href":"https:\/\/www.correiobraziliense.com.br\/cbradar\/wp-json\/wp\/v2\/users\/9"}],"replies":[{"embeddable":true,"href":"https:\/\/www.correiobraziliense.com.br\/cbradar\/wp-json\/wp\/v2\/comments?post=152168"}],"version-history":[{"count":3,"href":"https:\/\/www.correiobraziliense.com.br\/cbradar\/wp-json\/wp\/v2\/posts\/152168\/revisions"}],"predecessor-version":[{"id":153624,"href":"https:\/\/www.correiobraziliense.com.br\/cbradar\/wp-json\/wp\/v2\/posts\/152168\/revisions\/153624"}],"wp:featuredmedia":[{"embeddable":true,"href":"https:\/\/www.correiobraziliense.com.br\/cbradar\/wp-json\/wp\/v2\/media\/153784"}],"wp:attachment":[{"href":"https:\/\/www.correiobraziliense.com.br\/cbradar\/wp-json\/wp\/v2\/media?parent=152168"}],"wp:term":[{"taxonomy":"category","embeddable":true,"href":"https:\/\/www.correiobraziliense.com.br\/cbradar\/wp-json\/wp\/v2\/categories?post=152168"},{"taxonomy":"post_tag","embeddable":true,"href":"https:\/\/www.correiobraziliense.com.br\/cbradar\/wp-json\/wp\/v2\/tags?post=152168"}],"curies":[{"name":"wp","href":"https:\/\/api.w.org\/{rel}","templated":true}]}}