{"id":152169,"date":"2025-12-11T22:35:38","date_gmt":"2025-12-12T01:35:38","guid":{"rendered":"https:\/\/www.correiobraziliense.com.br\/cbradar\/?p=152169"},"modified":"2025-12-10T10:17:05","modified_gmt":"2025-12-10T13:17:05","slug":"o-que-significa-sentir-cheiro-de-perfume-do-nada","status":"publish","type":"post","link":"https:\/\/www.correiobraziliense.com.br\/cbradar\/o-que-significa-sentir-cheiro-de-perfume-do-nada\/","title":{"rendered":"O que significa sentir cheiro de perfume do nada?"},"content":{"rendered":"\n<p>Em diferentes momentos do dia, algumas <strong>pessoas relatam sentir cheiro de perfume do nada,<\/strong> mesmo quando n\u00e3o h\u00e1 ningu\u00e9m por perto usando fragr\u00e2ncia ou qualquer fonte aparente de aroma. Essa experi\u00eancia desperta curiosidade e, em alguns casos, preocupa\u00e7\u00e3o, especialmente quando se repete. Entender poss\u00edveis explica\u00e7\u00f5es m\u00e9dicas, emocionais e simb\u00f3licas ajuda a avaliar o que pode estar por tr\u00e1s desses epis\u00f3dios e quando \u00e9 necess\u00e1rio buscar ajuda especializada.<\/p>\n\n\n\n<h2 class=\"wp-block-heading\">O que significa sentir cheiro de perfume do nada<\/h2>\n\n\n\n<p>Do ponto de vista m\u00e9dico, sentir cheiro de perfume sem uma fonte real pode estar relacionado \u00e0 <strong>fantosmia<\/strong>, que \u00e9 a percep\u00e7\u00e3o de odores inexistentes no ambiente. O c\u00e9rebro interpreta sinais como se houvesse um cheiro presente, mesmo sem est\u00edmulo externo, o que pode ocorrer de forma isolada ou com certa regularidade ao longo do tempo.<\/p>\n\n\n\n<p>Essa sensa\u00e7\u00e3o pode surgir ap\u00f3s <strong>resfriados, sinusites, alergias nasais, traumas na cabe\u00e7a<\/strong> ou altera\u00e7\u00f5es no sistema nervoso central. Em outras situa\u00e7\u00f5es, o cheiro est\u00e1 conectado \u00e0 mem\u00f3ria olfativa, em que um aroma conhecido desperta lembran\u00e7as intensas e a pessoa tem a impress\u00e3o de sentir o perfume no ar, embora ele n\u00e3o esteja realmente presente.<\/p>\n\n\n<div class=\"wp-block-image\">\n<figure class=\"aligncenter size-large\"><img decoding=\"async\" width=\"1024\" height=\"576\" src=\"https:\/\/www.correiobraziliense.com.br\/cbradar\/wp-content\/uploads\/2025\/12\/perfume-aroma_1765336175150-1024x576.jpg\" alt=\"\" class=\"wp-image-153630\" srcset=\"https:\/\/www.correiobraziliense.com.br\/cbradar\/wp-content\/uploads\/2025\/12\/perfume-aroma_1765336175150-1024x576.jpg 1024w, https:\/\/www.correiobraziliense.com.br\/cbradar\/wp-content\/uploads\/2025\/12\/perfume-aroma_1765336175150-300x169.jpg 300w, https:\/\/www.correiobraziliense.com.br\/cbradar\/wp-content\/uploads\/2025\/12\/perfume-aroma_1765336175150-768x432.jpg 768w, https:\/\/www.correiobraziliense.com.br\/cbradar\/wp-content\/uploads\/2025\/12\/perfume-aroma_1765336175150-750x422.jpg 750w, https:\/\/www.correiobraziliense.com.br\/cbradar\/wp-content\/uploads\/2025\/12\/perfume-aroma_1765336175150-1140x641.jpg 1140w, https:\/\/www.correiobraziliense.com.br\/cbradar\/wp-content\/uploads\/2025\/12\/perfume-aroma_1765336175150.jpg 1280w\" sizes=\"(max-width: 1024px) 100vw, 1024px\" \/><figcaption class=\"wp-element-caption\">Do ponto de vista m\u00e9dico, sentir cheiro de perfume sem uma fonte real pode estar relacionado \u00e0 fantosmia &#8211; Cr\u00e9ditos: depositphotos.com \/ rossandhelen<\/figcaption><\/figure><\/div>\n\n\n<p>Leia tamb\u00e9m:&nbsp;<a href=\"https:\/\/www.correiobraziliense.com.br\/cbradar\/o-que-significa-sonhar-com-cobra-e-por-que-esse-sonho-revela-tanto\/\" target=\"_blank\" rel=\"noopener\">O que significa sonhar com cobra e por que esse sonho revela tanto?<\/a><\/p>\n\n\n\n<h2 class=\"wp-block-heading\">Como sentir cheiro de perfume do nada se relaciona \u00e0 sa\u00fade<\/h2>\n\n\n\n<p>Em muitos casos, o significado de sentir cheiro de perfume do nada est\u00e1 ligado a fatores fisiol\u00f3gicos. Altera\u00e7\u00f5es nas vias a\u00e9reas superiores, como rinite ou sinusite, podem modificar a percep\u00e7\u00e3o dos odores, assim como infec\u00e7\u00f5es virais recentes, uso de certos medicamentos ou exposi\u00e7\u00e3o a subst\u00e2ncias qu\u00edmicas irritantes.<\/p>\n\n\n\n<p>J\u00e1 problemas neurol\u00f3gicos, como crises epil\u00e9pticas focais, enxaqueca com aura ou doen\u00e7as degenerativas, podem incluir altera\u00e7\u00f5es do olfato entre seus sintomas. Diante disso, alguns pontos costumam ser observados quando o assunto \u00e9 <strong>sa\u00fade<\/strong> e ajudam a entender quando o quadro merece investiga\u00e7\u00e3o mais detalhada:<\/p>\n\n\n\n<ul class=\"wp-block-list\">\n<li><strong>Frequ\u00eancia<\/strong>: se o cheiro aparece esporadicamente, pode ser algo transit\u00f3rio; se \u00e9 constante, merece aten\u00e7\u00e3o.<\/li>\n\n\n\n<li><strong>Intensidade<\/strong>: odores muito fortes e persistentes podem indicar maior sensibilidade ou altera\u00e7\u00e3o olfativa.<\/li>\n\n\n\n<li><strong>Sintomas associados<\/strong>: dor de cabe\u00e7a, tonturas, altera\u00e7\u00f5es visuais, perda de mem\u00f3ria ou crises de desmaio pedem avalia\u00e7\u00e3o m\u00e9dica.<\/li>\n\n\n\n<li><strong>Hist\u00f3rico recente<\/strong>: infec\u00e7\u00f5es nasais, traumas na cabe\u00e7a, crises de enxaqueca ou in\u00edcio de novos rem\u00e9dios podem ter rela\u00e7\u00e3o com o sintoma.<\/li>\n<\/ul>\n\n\n\n<h2 class=\"wp-block-heading\">Como o c\u00e9rebro cria a sensa\u00e7\u00e3o de cheiro de perfume inexistente<\/h2>\n\n\n\n<p>O olfato funciona por meio de receptores localizados na cavidade nasal, que captam mol\u00e9culas no ar e enviam sinais ao c\u00e9rebro. Quando a pessoa sente perfume do nada, pode ocorrer um \u201cru\u00eddo\u201d nesse sistema, fazendo com que o c\u00e9rebro interprete que h\u00e1 um est\u00edmulo olfativo, mesmo sem presen\u00e7a real de mol\u00e9culas odor\u00edferas no ambiente.<\/p>\n\n\n\n<p>Al\u00e9m disso, o olfato est\u00e1 fortemente ligado \u00e0s emo\u00e7\u00f5es e \u00e0s lembran\u00e7as, sendo um dos sentidos mais associados \u00e0 mem\u00f3ria afetiva. Um perfume marcante usado por algu\u00e9m pr\u00f3ximo pode ficar registrado de forma t\u00e3o intensa que, em momentos de saudade, estresse ou maior sensibilidade emocional, o c\u00e9rebro reconstr\u00f3i essa sensa\u00e7\u00e3o, gerando a percep\u00e7\u00e3o v\u00edvida de que o aroma est\u00e1 ali.<\/p>\n\n\n\n<p>Se voc\u00ea gosta de curiosidades espirituais, o canal do <a href=\"https:\/\/www.youtube.com\/@DanielAtalla\" target=\"_blank\" rel=\"noreferrer noopener\">Daniel Atalla<\/a> detalha mais sobre outros significados do cheiro citado acima:<\/p>\n\n\n\n<figure class=\"wp-block-embed is-type-video is-provider-youtube wp-block-embed-youtube wp-embed-aspect-16-9 wp-has-aspect-ratio\"><div class=\"wp-block-embed__wrapper\">\n<div class=\"jeg_video_container jeg_video_content\"><iframe loading=\"lazy\" title=\"SIGNIFICADO DOS CHEIROS CAUSADOS PELA ESPIRITUALIDADE \/ Daniel Atalla\" width=\"500\" height=\"281\" src=\"https:\/\/www.youtube.com\/embed\/C25MEJAt5Ec?feature=oembed\" frameborder=\"0\" allow=\"accelerometer; autoplay; clipboard-write; encrypted-media; gyroscope; picture-in-picture; web-share\" referrerpolicy=\"strict-origin-when-cross-origin\" allowfullscreen><\/iframe><\/div>\n<\/div><\/figure>\n\n\n\n<h2 class=\"wp-block-heading\">Quando \u00e9 indicado procurar ajuda ao sentir cheiro de perfume do nada<\/h2>\n\n\n\n<p>Nem toda percep\u00e7\u00e3o isolada de perfume inexistente indica um problema de sa\u00fade, e epis\u00f3dios pontuais podem ser apenas varia\u00e7\u00f5es normais da sensibilidade olfativa ou da mem\u00f3ria. Por\u00e9m, alguns sinais orientam a busca por avalia\u00e7\u00e3o profissional, especialmente quando o fen\u00f4meno impacta a rotina, causa medo ou se torna dif\u00edcil de ignorar.<\/p>\n\n\n\n<p>Em geral, o acompanhamento \u00e9 recomendado quando o fen\u00f4meno se torna frequente, muda de padr\u00e3o ou vem acompanhado de outros sintomas f\u00edsicos ou cognitivos. Nesses casos, \u00e9 importante observar alguns pontos que podem justificar a procura por um otorrinolaringologista, neurologista ou outro profissional de sa\u00fade:<\/p>\n\n\n\n<ol class=\"wp-block-list\">\n<li><strong>Repeti\u00e7\u00e3o constante<\/strong>: epis\u00f3dios quase di\u00e1rios ou v\u00e1rias vezes ao dia por semanas.<\/li>\n\n\n\n<li><strong>Mudan\u00e7a de padr\u00e3o<\/strong>: surgimento repentino em algu\u00e9m que nunca teve esse tipo de experi\u00eancia.<\/li>\n\n\n\n<li><strong>Sintomas associados<\/strong>: dores de cabe\u00e7a intensas, altera\u00e7\u00f5es de vis\u00e3o, perda de olfato para outros cheiros ou crises convulsivas.<\/li>\n\n\n\n<li><strong>Impacto emocional<\/strong>: medo, ansiedade intensa ou dificuldade para dormir por causa da sensa\u00e7\u00e3o de cheiro.<\/li>\n<\/ol>\n\n\n\n<p>Em consultas, o profissional pode solicitar exames, avaliar o hist\u00f3rico cl\u00ednico e, se necess\u00e1rio, encaminhar para outras especialidades. A partir da\u00ed, \u00e9 poss\u00edvel identificar se sentir cheiro de perfume do nada est\u00e1 ligado a fatores f\u00edsicos, emocionais ou apenas a epis\u00f3dios pontuais, sem maiores implica\u00e7\u00f5es para a sa\u00fade.<\/p>\n","protected":false},"excerpt":{"rendered":"<p>Em diferentes momentos do dia, algumas pessoas relatam sentir cheiro de perfume do nada, mesmo quando n\u00e3o h\u00e1 ningu\u00e9m por perto usando fragr\u00e2ncia ou qualquer fonte aparente de aroma. Essa experi\u00eancia desperta curiosidade e, em alguns casos, preocupa\u00e7\u00e3o, especialmente quando se repete. Entender poss\u00edveis explica\u00e7\u00f5es m\u00e9dicas, emocionais e simb\u00f3licas ajuda a avaliar o que pode [&hellip;]<\/p>\n","protected":false},"author":9,"featured_media":153783,"comment_status":"open","ping_status":"open","sticky":false,"template":"","format":"standard","meta":{"_yoast_wpseo_focuskw":"Sentir cheiro de perfume do nada","_yoast_wpseo_title":"","_yoast_wpseo_metadesc":"Sentir cheiro de perfume do nada pode refletir mem\u00f3ria afetiva, emo\u00e7\u00f5es profundas ou fases marcantes da vida.","jnews-multi-image_gallery":[],"jnews_single_post":{"format":"standard"},"jnews_primary_category":[],"jnews_social_meta":[],"jnews_override_counter":[],"footnotes":""},"categories":[112],"tags":[5770,5102,12439,5812],"class_list":["post-152169","post","type-post","status-publish","format-standard","has-post-thumbnail","hentry","category-curiosidades","tag-cheiro","tag-perfume","tag-sentir-cheiro-de-perfume","tag-significado"],"yoast_head":"<!-- This site is optimized with the Yoast SEO plugin v24.6 - https:\/\/yoast.com\/wordpress\/plugins\/seo\/ -->\n<title>O que significa sentir cheiro de perfume do nada? - Correio Braziliense - Radar<\/title>\n<meta name=\"description\" content=\"Sentir cheiro de perfume do nada pode refletir mem\u00f3ria afetiva, emo\u00e7\u00f5es profundas ou fases marcantes da vida.\" \/>\n<meta name=\"robots\" content=\"index, follow, max-snippet:-1, max-image-preview:large, max-video-preview:-1\" \/>\n<link rel=\"canonical\" href=\"https:\/\/www.correiobraziliense.com.br\/cbradar\/o-que-significa-sentir-cheiro-de-perfume-do-nada\/\" \/>\n<meta property=\"og:locale\" content=\"pt_BR\" \/>\n<meta property=\"og:type\" content=\"article\" \/>\n<meta property=\"og:title\" content=\"O que significa sentir cheiro de perfume do nada? - Correio Braziliense - Radar\" \/>\n<meta property=\"og:description\" content=\"Sentir cheiro de perfume do nada pode refletir mem\u00f3ria afetiva, emo\u00e7\u00f5es profundas ou fases marcantes da vida.\" \/>\n<meta property=\"og:url\" content=\"https:\/\/www.correiobraziliense.com.br\/cbradar\/o-que-significa-sentir-cheiro-de-perfume-do-nada\/\" \/>\n<meta property=\"og:site_name\" content=\"Correio Braziliense - Radar\" \/>\n<meta property=\"article:published_time\" content=\"2025-12-12T01:35:38+00:00\" \/>\n<meta property=\"og:image\" content=\"https:\/\/www.correiobraziliense.com.br\/cbradar\/wp-content\/uploads\/2025\/12\/freepik__faa-uma-imagem-realista-de-uma-pessoa-brasileira-c__4563.jpeg\" \/>\n\t<meta property=\"og:image:width\" content=\"1280\" \/>\n\t<meta property=\"og:image:height\" content=\"720\" \/>\n\t<meta property=\"og:image:type\" content=\"image\/jpeg\" \/>\n<meta name=\"author\" content=\"Daniely Cardoso\" \/>\n<meta name=\"twitter:card\" content=\"summary_large_image\" \/>\n<meta name=\"twitter:label1\" content=\"Escrito por\" \/>\n\t<meta name=\"twitter:data1\" content=\"Daniely Cardoso\" \/>\n\t<meta name=\"twitter:label2\" content=\"Est. tempo de leitura\" \/>\n\t<meta name=\"twitter:data2\" content=\"5 minutos\" \/>\n<!-- \/ Yoast SEO plugin. -->","yoast_head_json":{"title":"O que significa sentir cheiro de perfume do nada? - Correio Braziliense - Radar","description":"Sentir cheiro de perfume do nada pode refletir mem\u00f3ria afetiva, emo\u00e7\u00f5es profundas ou fases marcantes da vida.","robots":{"index":"index","follow":"follow","max-snippet":"max-snippet:-1","max-image-preview":"max-image-preview:large","max-video-preview":"max-video-preview:-1"},"canonical":"https:\/\/www.correiobraziliense.com.br\/cbradar\/o-que-significa-sentir-cheiro-de-perfume-do-nada\/","og_locale":"pt_BR","og_type":"article","og_title":"O que significa sentir cheiro de perfume do nada? - Correio Braziliense - Radar","og_description":"Sentir cheiro de perfume do nada pode refletir mem\u00f3ria afetiva, emo\u00e7\u00f5es profundas ou fases marcantes da vida.","og_url":"https:\/\/www.correiobraziliense.com.br\/cbradar\/o-que-significa-sentir-cheiro-de-perfume-do-nada\/","og_site_name":"Correio Braziliense - Radar","article_published_time":"2025-12-12T01:35:38+00:00","og_image":[{"width":1280,"height":720,"url":"https:\/\/www.correiobraziliense.com.br\/cbradar\/wp-content\/uploads\/2025\/12\/freepik__faa-uma-imagem-realista-de-uma-pessoa-brasileira-c__4563.jpeg","type":"image\/jpeg"}],"author":"Daniely Cardoso","twitter_card":"summary_large_image","twitter_misc":{"Escrito por":"Daniely Cardoso","Est. tempo de leitura":"5 minutos"},"schema":{"@context":"https:\/\/schema.org","@graph":[{"@type":"WebPage","@id":"https:\/\/www.correiobraziliense.com.br\/cbradar\/o-que-significa-sentir-cheiro-de-perfume-do-nada\/","url":"https:\/\/www.correiobraziliense.com.br\/cbradar\/o-que-significa-sentir-cheiro-de-perfume-do-nada\/","name":"O que significa sentir cheiro de perfume do nada? - Correio Braziliense - Radar","isPartOf":{"@id":"https:\/\/www.correiobraziliense.com.br\/cbradar\/#website"},"primaryImageOfPage":{"@id":"https:\/\/www.correiobraziliense.com.br\/cbradar\/o-que-significa-sentir-cheiro-de-perfume-do-nada\/#primaryimage"},"image":{"@id":"https:\/\/www.correiobraziliense.com.br\/cbradar\/o-que-significa-sentir-cheiro-de-perfume-do-nada\/#primaryimage"},"thumbnailUrl":"https:\/\/www.correiobraziliense.com.br\/cbradar\/wp-content\/uploads\/2025\/12\/freepik__faa-uma-imagem-realista-de-uma-pessoa-brasileira-c__4563.jpeg","datePublished":"2025-12-12T01:35:38+00:00","author":{"@id":"https:\/\/www.correiobraziliense.com.br\/cbradar\/#\/schema\/person\/7356666e12ec0ee53f348ee5db227032"},"description":"Sentir cheiro de perfume do nada pode refletir mem\u00f3ria afetiva, emo\u00e7\u00f5es profundas ou fases marcantes da vida.","breadcrumb":{"@id":"https:\/\/www.correiobraziliense.com.br\/cbradar\/o-que-significa-sentir-cheiro-de-perfume-do-nada\/#breadcrumb"},"inLanguage":"pt-BR","potentialAction":[{"@type":"ReadAction","target":["https:\/\/www.correiobraziliense.com.br\/cbradar\/o-que-significa-sentir-cheiro-de-perfume-do-nada\/"]}]},{"@type":"ImageObject","inLanguage":"pt-BR","@id":"https:\/\/www.correiobraziliense.com.br\/cbradar\/o-que-significa-sentir-cheiro-de-perfume-do-nada\/#primaryimage","url":"https:\/\/www.correiobraziliense.com.br\/cbradar\/wp-content\/uploads\/2025\/12\/freepik__faa-uma-imagem-realista-de-uma-pessoa-brasileira-c__4563.jpeg","contentUrl":"https:\/\/www.correiobraziliense.com.br\/cbradar\/wp-content\/uploads\/2025\/12\/freepik__faa-uma-imagem-realista-de-uma-pessoa-brasileira-c__4563.jpeg","width":1280,"height":720,"caption":"Pode estar relacionado a altera\u00e7\u00f5es neurol\u00f3gicas que afetam a percep\u00e7\u00e3o do olfato"},{"@type":"BreadcrumbList","@id":"https:\/\/www.correiobraziliense.com.br\/cbradar\/o-que-significa-sentir-cheiro-de-perfume-do-nada\/#breadcrumb","itemListElement":[{"@type":"ListItem","position":1,"name":"In\u00edcio","item":"https:\/\/www.correiobraziliense.com.br\/cbradar\/"},{"@type":"ListItem","position":2,"name":"O que significa sentir cheiro de perfume do nada?"}]},{"@type":"WebSite","@id":"https:\/\/www.correiobraziliense.com.br\/cbradar\/#website","url":"https:\/\/www.correiobraziliense.com.br\/cbradar\/","name":"Correio Braziliense - Radar","description":"Acompanhe as \u00faltimas not\u00edcias e fique bem informado sobre tudo o que acontece no Brasil e no mundo.","potentialAction":[{"@type":"SearchAction","target":{"@type":"EntryPoint","urlTemplate":"https:\/\/www.correiobraziliense.com.br\/cbradar\/?s={search_term_string}"},"query-input":{"@type":"PropertyValueSpecification","valueRequired":true,"valueName":"search_term_string"}}],"inLanguage":"pt-BR"},{"@type":"Person","@id":"https:\/\/www.correiobraziliense.com.br\/cbradar\/#\/schema\/person\/7356666e12ec0ee53f348ee5db227032","name":"Daniely Cardoso","image":{"@type":"ImageObject","inLanguage":"pt-BR","@id":"https:\/\/www.correiobraziliense.com.br\/cbradar\/#\/schema\/person\/image\/","url":"https:\/\/secure.gravatar.com\/avatar\/4b80ddbd124d1f071b626d52d62e5dff?s=96&d=mm&r=g","contentUrl":"https:\/\/secure.gravatar.com\/avatar\/4b80ddbd124d1f071b626d52d62e5dff?s=96&d=mm&r=g","caption":"Daniely Cardoso"},"description":"Redatora nos portais CB Radar e EM Foco, formada pela Universidade Federal de Goi\u00e1s, em Goi\u00e2nia. Apaixonada por comunica\u00e7\u00e3o, arte, decora\u00e7\u00e3o e tend\u00eancias, atuo na produ\u00e7\u00e3o de conte\u00fados envolventes sobre curiosidades, moda, beleza e paisagismo, sempre com um olhar atento \u00e0s novidades do momento.","sameAs":["https:\/\/www.correiobraziliense.com.br\/cbradar"],"url":"https:\/\/www.correiobraziliense.com.br\/cbradar\/author\/danielymyth\/"}]}},"_links":{"self":[{"href":"https:\/\/www.correiobraziliense.com.br\/cbradar\/wp-json\/wp\/v2\/posts\/152169","targetHints":{"allow":["GET"]}}],"collection":[{"href":"https:\/\/www.correiobraziliense.com.br\/cbradar\/wp-json\/wp\/v2\/posts"}],"about":[{"href":"https:\/\/www.correiobraziliense.com.br\/cbradar\/wp-json\/wp\/v2\/types\/post"}],"author":[{"embeddable":true,"href":"https:\/\/www.correiobraziliense.com.br\/cbradar\/wp-json\/wp\/v2\/users\/9"}],"replies":[{"embeddable":true,"href":"https:\/\/www.correiobraziliense.com.br\/cbradar\/wp-json\/wp\/v2\/comments?post=152169"}],"version-history":[{"count":3,"href":"https:\/\/www.correiobraziliense.com.br\/cbradar\/wp-json\/wp\/v2\/posts\/152169\/revisions"}],"predecessor-version":[{"id":153632,"href":"https:\/\/www.correiobraziliense.com.br\/cbradar\/wp-json\/wp\/v2\/posts\/152169\/revisions\/153632"}],"wp:featuredmedia":[{"embeddable":true,"href":"https:\/\/www.correiobraziliense.com.br\/cbradar\/wp-json\/wp\/v2\/media\/153783"}],"wp:attachment":[{"href":"https:\/\/www.correiobraziliense.com.br\/cbradar\/wp-json\/wp\/v2\/media?parent=152169"}],"wp:term":[{"taxonomy":"category","embeddable":true,"href":"https:\/\/www.correiobraziliense.com.br\/cbradar\/wp-json\/wp\/v2\/categories?post=152169"},{"taxonomy":"post_tag","embeddable":true,"href":"https:\/\/www.correiobraziliense.com.br\/cbradar\/wp-json\/wp\/v2\/tags?post=152169"}],"curies":[{"name":"wp","href":"https:\/\/api.w.org\/{rel}","templated":true}]}}