{"id":152355,"date":"2025-12-08T09:55:00","date_gmt":"2025-12-08T12:55:00","guid":{"rendered":"https:\/\/www.correiobraziliense.com.br\/cbradar\/?p=152355"},"modified":"2025-12-08T07:49:46","modified_gmt":"2025-12-08T10:49:46","slug":"o-ouro-liquido-de-que-todo-mundo-fala-e-como-ele-mantem-a-microbiota-equilibrada-e-melhora-a-digestao","status":"publish","type":"post","link":"https:\/\/www.correiobraziliense.com.br\/cbradar\/o-ouro-liquido-de-que-todo-mundo-fala-e-como-ele-mantem-a-microbiota-equilibrada-e-melhora-a-digestao\/","title":{"rendered":"O &#8216;ouro l\u00edquido&#8217; de que todo mundo fala e como ele mant\u00e9m a microbiota equilibrada e melhora a digest\u00e3o"},"content":{"rendered":"\n<p><strong>O kombucha se tornou uma das bebidas naturais mais comentadas da atualidade, ganhando o apelido de \u201couro l\u00edquido\u201d <\/strong>por unir sabor marcante, leve efervesc\u00eancia e efeitos positivos percebidos por quem busca uma rotina equilibrada. Seu preparo envolve ch\u00e1, a\u00e7\u00facar e uma cultura simbi\u00f3tica que d\u00e1 origem a uma fermenta\u00e7\u00e3o rica em compostos bioativos. O resultado \u00e9 uma bebida milenar que voltou aos holofotes por apoiar a digest\u00e3o e a sa\u00fade intestinal.<\/p>\n\n\n\n<h2 class=\"wp-block-heading\">Por que o kombucha se tornou t\u00e3o popular?<\/h2>\n\n\n\n<p>A popularidade do kombucha cresceu com o aumento do interesse por alimentos fermentados e pr\u00e1ticas que favorecem o equil\u00edbrio digestivo. <strong>O kombucha se tornou popular porque seu processo de fermenta\u00e7\u00e3o gera probi\u00f3ticos que contribuem para a microbiota intestinal<\/strong>, <strong><a href=\"https:\/\/pmc.ncbi.nlm.nih.gov\/articles\/PMC12103323\/\" target=\"_blank\" rel=\"noreferrer noopener\">segundo o estudo da PubMed Central.<\/a><\/strong><\/p>\n\n\n\n<p>Al\u00e9m disso, seu car\u00e1ter artesanal, a variedade de sabores e a facilidade de preparo atra\u00edram consumidores que buscam alternativas refrescantes e naturais. A bebida tamb\u00e9m passou a aparecer em cafeterias, emp\u00f3rios e mercados, o que impulsionou ainda mais sua expans\u00e3o.<\/p>\n\n\n<div class=\"wp-block-image\">\n<figure class=\"aligncenter size-large\"><img decoding=\"async\" width=\"1024\" height=\"576\" src=\"https:\/\/www.correiobraziliense.com.br\/cbradar\/wp-content\/uploads\/2025\/12\/kombucha-_1765188861197-1024x576.jpg\" alt=\"O 'ouro l\u00edquido' de que todo mundo fala e como ele mant\u00e9m a microbiota equilibrada e melhora a digest\u00e3o\" class=\"wp-image-152364\" srcset=\"https:\/\/www.correiobraziliense.com.br\/cbradar\/wp-content\/uploads\/2025\/12\/kombucha-_1765188861197-1024x576.jpg 1024w, https:\/\/www.correiobraziliense.com.br\/cbradar\/wp-content\/uploads\/2025\/12\/kombucha-_1765188861197-300x169.jpg 300w, https:\/\/www.correiobraziliense.com.br\/cbradar\/wp-content\/uploads\/2025\/12\/kombucha-_1765188861197-768x432.jpg 768w, https:\/\/www.correiobraziliense.com.br\/cbradar\/wp-content\/uploads\/2025\/12\/kombucha-_1765188861197-750x422.jpg 750w, https:\/\/www.correiobraziliense.com.br\/cbradar\/wp-content\/uploads\/2025\/12\/kombucha-_1765188861197-1140x641.jpg 1140w, https:\/\/www.correiobraziliense.com.br\/cbradar\/wp-content\/uploads\/2025\/12\/kombucha-_1765188861197.jpg 1280w\" sizes=\"(max-width: 1024px) 100vw, 1024px\" \/><figcaption class=\"wp-element-caption\">Desperte mais sa\u00fade e vitalidade com kombucha, a bebida natural que transforma seu bem-estar dia a dia. \/\/ Cr\u00e9ditos: depositphotos.com \/ AntonMatyukha<\/figcaption><\/figure><\/div>\n\n\n<h2 class=\"wp-block-heading\">Como o kombucha age no organismo?<\/h2>\n\n\n\n<p>A a\u00e7\u00e3o do kombucha est\u00e1 ligada aos compostos formados na fermenta\u00e7\u00e3o, como \u00e1cidos org\u00e2nicos e micro-organismos ben\u00e9ficos. <strong>Ele age fortalecendo o ambiente intestinal e ampliando a diversidade bacteriana<\/strong>, contribuindo para um processo digestivo mais eficiente.<\/p>\n\n\n\n<p>Esse equil\u00edbrio favorecido pela bebida ajuda na absor\u00e7\u00e3o de nutrientes e na regula\u00e7\u00e3o do pH interno. Por isso, muitas pessoas relatam sensa\u00e7\u00e3o de leveza e melhora percept\u00edvel na digest\u00e3o ap\u00f3s adotar o kombucha na rotina.<\/p>\n\n\n\n<h2 class=\"wp-block-heading\">O que \u00e9 o SCOBY e por que ele \u00e9 t\u00e3o importante?<\/h2>\n\n\n\n<p>A base do kombucha \u00e9 o SCOBY, uma cultura simbi\u00f3tica de bact\u00e9rias e leveduras que atua como motor da fermenta\u00e7\u00e3o. <strong>Ele \u00e9 essencial por transformar o ch\u00e1 ado\u00e7ado em uma bebida rica em compostos naturais<\/strong>, permitindo que o l\u00edquido desenvolva caracter\u00edsticas \u00fanicas.<\/p>\n\n\n\n<p>Com sua textura gelatinosa, o SCOBY cria um ambiente ideal para o desenvolvimento de probi\u00f3ticos e \u00e1cidos org\u00e2nicos. \u00c9 esse processo que d\u00e1 ao kombucha seu sabor \u00e1cido, sua leve gaseifica\u00e7\u00e3o e seu valor nutricional distintivo.<\/p>\n\n\n\n<h2 class=\"wp-block-heading\">O kombucha melhora realmente a digest\u00e3o?<\/h2>\n\n\n\n<p>Para muitas pessoas, sim. <strong>O kombucha favorece a digest\u00e3o ao estimular o crescimento de micro-organismos ben\u00e9ficos no intestino<\/strong>, tornando o tr\u00e2nsito intestinal mais equilibrado.<\/p>\n\n\n\n<p>Essa a\u00e7\u00e3o reduz a sensa\u00e7\u00e3o de estufamento, auxilia na regularidade e favorece um funcionamento mais harm\u00f4nico do sistema digestivo. Assim, a bebida se tornou uma aliada para quem busca conforto e bem-estar ap\u00f3s as refei\u00e7\u00f5es.<\/p>\n\n\n<div class=\"wp-block-image\">\n<figure class=\"aligncenter size-large\"><img decoding=\"async\" width=\"1024\" height=\"576\" src=\"https:\/\/www.correiobraziliense.com.br\/cbradar\/wp-content\/uploads\/2025\/12\/kombucha-_1765189581016-1024x576.jpg\" alt=\"O 'ouro l\u00edquido' de que todo mundo fala e como ele mant\u00e9m a microbiota equilibrada e melhora a digest\u00e3o\" class=\"wp-image-152375\" srcset=\"https:\/\/www.correiobraziliense.com.br\/cbradar\/wp-content\/uploads\/2025\/12\/kombucha-_1765189581016-1024x576.jpg 1024w, https:\/\/www.correiobraziliense.com.br\/cbradar\/wp-content\/uploads\/2025\/12\/kombucha-_1765189581016-300x169.jpg 300w, https:\/\/www.correiobraziliense.com.br\/cbradar\/wp-content\/uploads\/2025\/12\/kombucha-_1765189581016-768x432.jpg 768w, https:\/\/www.correiobraziliense.com.br\/cbradar\/wp-content\/uploads\/2025\/12\/kombucha-_1765189581016-750x422.jpg 750w, https:\/\/www.correiobraziliense.com.br\/cbradar\/wp-content\/uploads\/2025\/12\/kombucha-_1765189581016-1140x641.jpg 1140w, https:\/\/www.correiobraziliense.com.br\/cbradar\/wp-content\/uploads\/2025\/12\/kombucha-_1765189581016.jpg 1280w\" sizes=\"(max-width: 1024px) 100vw, 1024px\" \/><figcaption class=\"wp-element-caption\">Kombucha, bebida fermentada de ch\u00e1, rica em probi\u00f3ticos que equilibram a flora intestinal e promovem sa\u00fade digestiva natural.  \/\/ Cr\u00e9ditos: depositphotos.com \/ Artfully79<\/figcaption><\/figure><\/div>\n\n\n<h2 class=\"wp-block-heading\">O que diferencia o kombucha de outras bebidas fermentadas?<\/h2>\n\n\n\n<p>Embora existam v\u00e1rios alimentos fermentados, o kombucha se destaca pela combina\u00e7\u00e3o de sabor, leveza e diversidade de nutrientes. <strong>Ele re\u00fane probi\u00f3ticos, \u00e1cidos org\u00e2nicos e antioxidantes em uma \u00fanica bebida<\/strong>, criando um perfil funcional bastante completo.<\/p>\n\n\n\n<p>Sua base de ch\u00e1 tamb\u00e9m permite varia\u00e7\u00f5es amplas, desde vers\u00f5es florais e frutadas at\u00e9 prepara\u00e7\u00f5es mais intensas. Essa versatilidade o torna uma escolha atraente para iniciantes e para quem j\u00e1 aprecia fermentados.<\/p>\n\n\n\n<h2 class=\"wp-block-heading\">Quais s\u00e3o os principais benef\u00edcios do kombucha?<\/h2>\n\n\n\n<p>Os efeitos do kombucha v\u00e3o al\u00e9m da digest\u00e3o, mas todos est\u00e3o conectados ao equil\u00edbrio interno que a bebida favorece. Antes de apresentar a lista, vale destacar que cada benef\u00edcio depende do consumo regular e moderado. Veja abaixo:<\/p>\n\n\n\n<ul class=\"wp-block-list\">\n<li>Apoio ao sistema imunol\u00f3gico pela harmonia intestinal.<\/li>\n\n\n\n<li>A\u00e7\u00e3o antioxidante que combate radicais livres.<\/li>\n\n\n\n<li>Poss\u00edvel aumento de energia por vitaminas naturalmente presentes.<\/li>\n<\/ul>\n\n\n\n<h2 class=\"wp-block-heading\">Como o kombucha \u00e9 produzido?<\/h2>\n\n\n\n<p>O processo de produ\u00e7\u00e3o do kombucha segue etapas simples, mas que exigem cuidado. <strong>Ele nasce da fermenta\u00e7\u00e3o de ch\u00e1 ado\u00e7ado na presen\u00e7a do SCOBY<\/strong>, o que transforma completamente o l\u00edquido.<\/p>\n\n\n\n<p>Para visualizar como isso acontece, veja a tabela abaixo:<\/p>\n\n\n\n<figure class=\"wp-block-table\"><table class=\"has-fixed-layout\"><thead><tr><th>Etapa<\/th><th>Descri\u00e7\u00e3o<\/th><th>Tempo m\u00e9dio<\/th><\/tr><\/thead><tbody><tr><td>Prepara\u00e7\u00e3o do ch\u00e1<\/td><td>Ch\u00e1 preto ou verde ado\u00e7ado<\/td><td>10 a 15 minutos<\/td><\/tr><tr><td>Adi\u00e7\u00e3o do SCOBY<\/td><td>Inser\u00e7\u00e3o da cultura simbi\u00f3tica<\/td><td>Imediato<\/td><\/tr><tr><td>Fermenta\u00e7\u00e3o<\/td><td>Transforma\u00e7\u00e3o do l\u00edquido em kombucha<\/td><td>7 a 14 dias<\/td><\/tr><\/tbody><\/table><\/figure>\n\n\n\n<h2 class=\"wp-block-heading\">O kombucha realmente tem origem na China antiga?<\/h2>\n\n\n\n<p>Sim. <strong>Acredita-se que o kombucha tenha surgido na China durante a dinastia Qin<\/strong>, onde era valorizado por suas propriedades revitalizantes.<\/p>\n\n\n\n<p>Com o tempo, a bebida se espalhou por outros pa\u00edses asi\u00e1ticos, chegou \u00e0 R\u00fassia e, s\u00e9culos mais tarde, alcan\u00e7ou o Ocidente. Hoje, integra o movimento global de valoriza\u00e7\u00e3o dos fermentados e voltou ao centro das rotinas de bem-estar.<\/p>\n\n\n<div class=\"wp-block-image\">\n<figure class=\"aligncenter size-large\"><img decoding=\"async\" width=\"1024\" height=\"576\" src=\"https:\/\/www.correiobraziliense.com.br\/cbradar\/wp-content\/uploads\/2025\/12\/kombucha-_1765188778712-1024x576.jpg\" alt=\"O 'ouro l\u00edquido' de que todo mundo fala e como ele mant\u00e9m a microbiota equilibrada e melhora a digest\u00e3o\" class=\"wp-image-152360\" srcset=\"https:\/\/www.correiobraziliense.com.br\/cbradar\/wp-content\/uploads\/2025\/12\/kombucha-_1765188778712-1024x576.jpg 1024w, https:\/\/www.correiobraziliense.com.br\/cbradar\/wp-content\/uploads\/2025\/12\/kombucha-_1765188778712-300x169.jpg 300w, https:\/\/www.correiobraziliense.com.br\/cbradar\/wp-content\/uploads\/2025\/12\/kombucha-_1765188778712-768x432.jpg 768w, https:\/\/www.correiobraziliense.com.br\/cbradar\/wp-content\/uploads\/2025\/12\/kombucha-_1765188778712-750x422.jpg 750w, https:\/\/www.correiobraziliense.com.br\/cbradar\/wp-content\/uploads\/2025\/12\/kombucha-_1765188778712-1140x641.jpg 1140w, https:\/\/www.correiobraziliense.com.br\/cbradar\/wp-content\/uploads\/2025\/12\/kombucha-_1765188778712.jpg 1280w\" sizes=\"(max-width: 1024px) 100vw, 1024px\" \/><figcaption class=\"wp-element-caption\">Kombucha \u00e9 uma bebida fermentada cheia de probi\u00f3ticos que ajuda a melhorar a digest\u00e3o e o sistema imunol\u00f3gico. \/\/ Cr\u00e9ditos: depositphotos.com \/ AntonMatyukha<\/figcaption><\/figure><\/div>\n\n\n<h2 class=\"wp-block-heading\">Em quais momentos do dia o kombucha combina melhor?<\/h2>\n\n\n\n<p>A versatilidade da bebida faz com que ela se encaixe em diferentes situa\u00e7\u00f5es. <strong>O kombucha combina bem com refei\u00e7\u00f5es leves e momentos de pausa<\/strong>, sendo uma alternativa refrescante ao refrigerante.<\/p>\n\n\n\n<p>Tamb\u00e9m funciona como acompanhamento para frutas, saladas e lanches r\u00e1pidos. Seu g\u00e1s natural d\u00e1 sensa\u00e7\u00e3o de frescor, tornando-o ideal para tardes quentes ou para substituir bebidas industrializadas.<\/p>\n\n\n\n<p><strong>Leia tamb\u00e9m: <a href=\"https:\/\/www.correiobraziliense.com.br\/cbradar\/o-que-significa-quando-um-gato-aparece-do-nada-na-sua-casa\/\" target=\"_blank\" rel=\"noreferrer noopener\">O que significa quando um gato aparece do nada na sua casa?<\/a><\/strong><\/p>\n\n\n\n<h2 class=\"wp-block-heading\">Vale a pena incluir o kombucha na rotina?<\/h2>\n\n\n\n<p>Para quem busca digest\u00e3o equilibrada e bem-estar cont\u00ednuo, sim. <strong>Vale a pena incluir o kombucha na rotina quando a inten\u00e7\u00e3o \u00e9 cuidar da microbiota e favorecer a sa\u00fade intestinal<\/strong>.<\/p>\n\n\n\n<p>Al\u00e9m disso, seu sabor diferenciado e a experi\u00eancia artesanal tornam o consumo prazeroso. Incorporar o kombucha \u00e9 um gesto simples, mas que pode trazer sensa\u00e7\u00e3o de vitalidade e equil\u00edbrio no cotidiano.<\/p>\n","protected":false},"excerpt":{"rendered":"<p>O kombucha se tornou uma das bebidas naturais mais comentadas da atualidade, ganhando o apelido de \u201couro l\u00edquido\u201d por unir sabor marcante, leve efervesc\u00eancia e efeitos positivos percebidos por quem busca uma rotina equilibrada. Seu preparo envolve ch\u00e1, a\u00e7\u00facar e uma cultura simbi\u00f3tica que d\u00e1 origem a uma fermenta\u00e7\u00e3o rica em compostos bioativos. O resultado [&hellip;]<\/p>\n","protected":false},"author":8,"featured_media":152367,"comment_status":"open","ping_status":"open","sticky":false,"template":"","format":"standard","meta":{"_yoast_wpseo_focuskw":"ouro l\u00edquido","_yoast_wpseo_title":"","_yoast_wpseo_metadesc":"O \u2018ouro l\u00edquido\u2019 est\u00e1 ganhando fama por equilibrar a microbiota e melhorar a digest\u00e3o de forma simples e natural.","jnews-multi-image_gallery":[],"jnews_single_post":{"format":"standard"},"jnews_primary_category":[],"jnews_social_meta":[],"jnews_override_counter":[],"footnotes":""},"categories":[112],"tags":[281,12070],"class_list":["post-152355","post","type-post","status-publish","format-standard","has-post-thumbnail","hentry","category-curiosidades","tag-alimentacao","tag-kombucha"],"yoast_head":"<!-- This site is optimized with the Yoast SEO plugin v24.6 - https:\/\/yoast.com\/wordpress\/plugins\/seo\/ -->\n<title>O &#039;ouro l\u00edquido&#039; de que todo mundo fala e como ele mant\u00e9m a microbiota equilibrada e melhora a digest\u00e3o - Correio Braziliense - Radar<\/title>\n<meta name=\"description\" content=\"O \u2018ouro l\u00edquido\u2019 est\u00e1 ganhando fama por equilibrar a microbiota e melhorar a digest\u00e3o de forma simples e natural.\" \/>\n<meta name=\"robots\" content=\"index, follow, max-snippet:-1, max-image-preview:large, max-video-preview:-1\" \/>\n<link rel=\"canonical\" href=\"https:\/\/www.correiobraziliense.com.br\/cbradar\/o-ouro-liquido-de-que-todo-mundo-fala-e-como-ele-mantem-a-microbiota-equilibrada-e-melhora-a-digestao\/\" \/>\n<meta property=\"og:locale\" content=\"pt_BR\" \/>\n<meta property=\"og:type\" content=\"article\" \/>\n<meta property=\"og:title\" content=\"O &#039;ouro l\u00edquido&#039; de que todo mundo fala e como ele mant\u00e9m a microbiota equilibrada e melhora a digest\u00e3o - Correio Braziliense - Radar\" \/>\n<meta property=\"og:description\" content=\"O \u2018ouro l\u00edquido\u2019 est\u00e1 ganhando fama por equilibrar a microbiota e melhorar a digest\u00e3o de forma simples e natural.\" \/>\n<meta property=\"og:url\" content=\"https:\/\/www.correiobraziliense.com.br\/cbradar\/o-ouro-liquido-de-que-todo-mundo-fala-e-como-ele-mantem-a-microbiota-equilibrada-e-melhora-a-digestao\/\" \/>\n<meta property=\"og:site_name\" content=\"Correio Braziliense - Radar\" \/>\n<meta property=\"article:published_time\" content=\"2025-12-08T12:55:00+00:00\" \/>\n<meta property=\"og:image\" content=\"https:\/\/www.correiobraziliense.com.br\/cbradar\/wp-content\/uploads\/2025\/12\/kombucha-_1765188940447.jpg\" \/>\n\t<meta property=\"og:image:width\" content=\"1280\" \/>\n\t<meta property=\"og:image:height\" content=\"720\" \/>\n\t<meta property=\"og:image:type\" content=\"image\/jpeg\" \/>\n<meta name=\"author\" content=\"Maura Pereira\" \/>\n<meta name=\"twitter:card\" content=\"summary_large_image\" \/>\n<meta name=\"twitter:label1\" content=\"Escrito por\" \/>\n\t<meta name=\"twitter:data1\" content=\"Maura Pereira\" \/>\n\t<meta name=\"twitter:label2\" content=\"Est. tempo de leitura\" \/>\n\t<meta name=\"twitter:data2\" content=\"6 minutos\" \/>\n<!-- \/ Yoast SEO plugin. -->","yoast_head_json":{"title":"O 'ouro l\u00edquido' de que todo mundo fala e como ele mant\u00e9m a microbiota equilibrada e melhora a digest\u00e3o - Correio Braziliense - Radar","description":"O \u2018ouro l\u00edquido\u2019 est\u00e1 ganhando fama por equilibrar a microbiota e melhorar a digest\u00e3o de forma simples e natural.","robots":{"index":"index","follow":"follow","max-snippet":"max-snippet:-1","max-image-preview":"max-image-preview:large","max-video-preview":"max-video-preview:-1"},"canonical":"https:\/\/www.correiobraziliense.com.br\/cbradar\/o-ouro-liquido-de-que-todo-mundo-fala-e-como-ele-mantem-a-microbiota-equilibrada-e-melhora-a-digestao\/","og_locale":"pt_BR","og_type":"article","og_title":"O 'ouro l\u00edquido' de que todo mundo fala e como ele mant\u00e9m a microbiota equilibrada e melhora a digest\u00e3o - Correio Braziliense - Radar","og_description":"O \u2018ouro l\u00edquido\u2019 est\u00e1 ganhando fama por equilibrar a microbiota e melhorar a digest\u00e3o de forma simples e natural.","og_url":"https:\/\/www.correiobraziliense.com.br\/cbradar\/o-ouro-liquido-de-que-todo-mundo-fala-e-como-ele-mantem-a-microbiota-equilibrada-e-melhora-a-digestao\/","og_site_name":"Correio Braziliense - Radar","article_published_time":"2025-12-08T12:55:00+00:00","og_image":[{"width":1280,"height":720,"url":"https:\/\/www.correiobraziliense.com.br\/cbradar\/wp-content\/uploads\/2025\/12\/kombucha-_1765188940447.jpg","type":"image\/jpeg"}],"author":"Maura Pereira","twitter_card":"summary_large_image","twitter_misc":{"Escrito por":"Maura Pereira","Est. tempo de leitura":"6 minutos"},"schema":{"@context":"https:\/\/schema.org","@graph":[{"@type":"WebPage","@id":"https:\/\/www.correiobraziliense.com.br\/cbradar\/o-ouro-liquido-de-que-todo-mundo-fala-e-como-ele-mantem-a-microbiota-equilibrada-e-melhora-a-digestao\/","url":"https:\/\/www.correiobraziliense.com.br\/cbradar\/o-ouro-liquido-de-que-todo-mundo-fala-e-como-ele-mantem-a-microbiota-equilibrada-e-melhora-a-digestao\/","name":"O 'ouro l\u00edquido' de que todo mundo fala e como ele mant\u00e9m a microbiota equilibrada e melhora a digest\u00e3o - Correio Braziliense - Radar","isPartOf":{"@id":"https:\/\/www.correiobraziliense.com.br\/cbradar\/#website"},"primaryImageOfPage":{"@id":"https:\/\/www.correiobraziliense.com.br\/cbradar\/o-ouro-liquido-de-que-todo-mundo-fala-e-como-ele-mantem-a-microbiota-equilibrada-e-melhora-a-digestao\/#primaryimage"},"image":{"@id":"https:\/\/www.correiobraziliense.com.br\/cbradar\/o-ouro-liquido-de-que-todo-mundo-fala-e-como-ele-mantem-a-microbiota-equilibrada-e-melhora-a-digestao\/#primaryimage"},"thumbnailUrl":"https:\/\/www.correiobraziliense.com.br\/cbradar\/wp-content\/uploads\/2025\/12\/kombucha-_1765188940447.jpg","datePublished":"2025-12-08T12:55:00+00:00","author":{"@id":"https:\/\/www.correiobraziliense.com.br\/cbradar\/#\/schema\/person\/4053c651a9bfc785afc6f4cbc9032fd3"},"description":"O \u2018ouro l\u00edquido\u2019 est\u00e1 ganhando fama por equilibrar a microbiota e melhorar a digest\u00e3o de forma simples e natural.","breadcrumb":{"@id":"https:\/\/www.correiobraziliense.com.br\/cbradar\/o-ouro-liquido-de-que-todo-mundo-fala-e-como-ele-mantem-a-microbiota-equilibrada-e-melhora-a-digestao\/#breadcrumb"},"inLanguage":"pt-BR","potentialAction":[{"@type":"ReadAction","target":["https:\/\/www.correiobraziliense.com.br\/cbradar\/o-ouro-liquido-de-que-todo-mundo-fala-e-como-ele-mantem-a-microbiota-equilibrada-e-melhora-a-digestao\/"]}]},{"@type":"ImageObject","inLanguage":"pt-BR","@id":"https:\/\/www.correiobraziliense.com.br\/cbradar\/o-ouro-liquido-de-que-todo-mundo-fala-e-como-ele-mantem-a-microbiota-equilibrada-e-melhora-a-digestao\/#primaryimage","url":"https:\/\/www.correiobraziliense.com.br\/cbradar\/wp-content\/uploads\/2025\/12\/kombucha-_1765188940447.jpg","contentUrl":"https:\/\/www.correiobraziliense.com.br\/cbradar\/wp-content\/uploads\/2025\/12\/kombucha-_1765188940447.jpg","width":1280,"height":720,"caption":"Kombucha cont\u00e9m \u00e1cidos org\u00e2nicos, antioxidantes e cepas bacterianas ben\u00e9ficas que apoiam a flora intestinal. \/\/ Cr\u00e9ditos: depositphotos.com \/ AntonMatyukha"},{"@type":"BreadcrumbList","@id":"https:\/\/www.correiobraziliense.com.br\/cbradar\/o-ouro-liquido-de-que-todo-mundo-fala-e-como-ele-mantem-a-microbiota-equilibrada-e-melhora-a-digestao\/#breadcrumb","itemListElement":[{"@type":"ListItem","position":1,"name":"In\u00edcio","item":"https:\/\/www.correiobraziliense.com.br\/cbradar\/"},{"@type":"ListItem","position":2,"name":"O &#8216;ouro l\u00edquido&#8217; de que todo mundo fala e como ele mant\u00e9m a microbiota equilibrada e melhora a digest\u00e3o"}]},{"@type":"WebSite","@id":"https:\/\/www.correiobraziliense.com.br\/cbradar\/#website","url":"https:\/\/www.correiobraziliense.com.br\/cbradar\/","name":"Correio Braziliense - Radar","description":"Acompanhe as \u00faltimas not\u00edcias e fique bem informado sobre tudo o que acontece no Brasil e no mundo.","potentialAction":[{"@type":"SearchAction","target":{"@type":"EntryPoint","urlTemplate":"https:\/\/www.correiobraziliense.com.br\/cbradar\/?s={search_term_string}"},"query-input":{"@type":"PropertyValueSpecification","valueRequired":true,"valueName":"search_term_string"}}],"inLanguage":"pt-BR"},{"@type":"Person","@id":"https:\/\/www.correiobraziliense.com.br\/cbradar\/#\/schema\/person\/4053c651a9bfc785afc6f4cbc9032fd3","name":"Maura Pereira","image":{"@type":"ImageObject","inLanguage":"pt-BR","@id":"https:\/\/www.correiobraziliense.com.br\/cbradar\/#\/schema\/person\/image\/","url":"https:\/\/secure.gravatar.com\/avatar\/3effd6bdadfa447f15089c7f7144eaa6?s=96&d=mm&r=g","contentUrl":"https:\/\/secure.gravatar.com\/avatar\/3effd6bdadfa447f15089c7f7144eaa6?s=96&d=mm&r=g","caption":"Maura Pereira"},"sameAs":["https:\/\/www.correiobraziliense.com.br\/"],"url":"https:\/\/www.correiobraziliense.com.br\/cbradar\/author\/mauramyth\/"}]}},"_links":{"self":[{"href":"https:\/\/www.correiobraziliense.com.br\/cbradar\/wp-json\/wp\/v2\/posts\/152355","targetHints":{"allow":["GET"]}}],"collection":[{"href":"https:\/\/www.correiobraziliense.com.br\/cbradar\/wp-json\/wp\/v2\/posts"}],"about":[{"href":"https:\/\/www.correiobraziliense.com.br\/cbradar\/wp-json\/wp\/v2\/types\/post"}],"author":[{"embeddable":true,"href":"https:\/\/www.correiobraziliense.com.br\/cbradar\/wp-json\/wp\/v2\/users\/8"}],"replies":[{"embeddable":true,"href":"https:\/\/www.correiobraziliense.com.br\/cbradar\/wp-json\/wp\/v2\/comments?post=152355"}],"version-history":[{"count":17,"href":"https:\/\/www.correiobraziliense.com.br\/cbradar\/wp-json\/wp\/v2\/posts\/152355\/revisions"}],"predecessor-version":[{"id":152384,"href":"https:\/\/www.correiobraziliense.com.br\/cbradar\/wp-json\/wp\/v2\/posts\/152355\/revisions\/152384"}],"wp:featuredmedia":[{"embeddable":true,"href":"https:\/\/www.correiobraziliense.com.br\/cbradar\/wp-json\/wp\/v2\/media\/152367"}],"wp:attachment":[{"href":"https:\/\/www.correiobraziliense.com.br\/cbradar\/wp-json\/wp\/v2\/media?parent=152355"}],"wp:term":[{"taxonomy":"category","embeddable":true,"href":"https:\/\/www.correiobraziliense.com.br\/cbradar\/wp-json\/wp\/v2\/categories?post=152355"},{"taxonomy":"post_tag","embeddable":true,"href":"https:\/\/www.correiobraziliense.com.br\/cbradar\/wp-json\/wp\/v2\/tags?post=152355"}],"curies":[{"name":"wp","href":"https:\/\/api.w.org\/{rel}","templated":true}]}}