{"id":152455,"date":"2025-12-08T11:05:00","date_gmt":"2025-12-08T14:05:00","guid":{"rendered":"https:\/\/www.correiobraziliense.com.br\/cbradar\/?p=152455"},"modified":"2025-12-08T09:36:01","modified_gmt":"2025-12-08T12:36:01","slug":"quais-sao-os-principais-5-nomes-para-bebes-que-significam-luz","status":"publish","type":"post","link":"https:\/\/www.correiobraziliense.com.br\/cbradar\/quais-sao-os-principais-5-nomes-para-bebes-que-significam-luz\/","title":{"rendered":"Quais s\u00e3o os principais 5 nomes para beb\u00eas que significam luz?"},"content":{"rendered":"\n<p><strong>A escolha de um nome para beb\u00ea \u00e9 sempre carregada de significado<\/strong>. Para muitas fam\u00edlias, nomes que representam <strong>luz<\/strong> simbolizam esperan\u00e7a, renova\u00e7\u00e3o, prote\u00e7\u00e3o e um novo come\u00e7o. Presentes em diferentes culturas, essas op\u00e7\u00f5es carregam for\u00e7a simb\u00f3lica e beleza sonora, tornando-se escolhas populares entre pais que desejam transmitir brilho e positividade ao futuro do filho.<\/p>\n\n\n\n<h2 class=\"wp-block-heading\">Por que nomes que significam luz s\u00e3o t\u00e3o especiais?<\/h2>\n\n\n\n<p>O simbolismo da luz acompanha a humanidade desde os primeiros registros culturais. <strong>Nomes associados \u00e0 luz representam clareza, vida, energia e espiritualidade<\/strong>, qualidades valorizadas em diversas tradi\u00e7\u00f5es ao redor do mundo.<\/p>\n\n\n\n<p>Al\u00e9m disso, nomes com esse significado costumam transmitir suavidade e for\u00e7a ao mesmo tempo, criando uma identidade marcante para a crian\u00e7a.<\/p>\n\n\n<div class=\"wp-block-image\">\n<figure class=\"aligncenter size-large\"><img decoding=\"async\" width=\"1024\" height=\"576\" src=\"https:\/\/www.correiobraziliense.com.br\/cbradar\/wp-content\/uploads\/2025\/12\/bebe-anjo_1765197004994-1024x576.jpg\" alt=\"\" class=\"wp-image-152462\" srcset=\"https:\/\/www.correiobraziliense.com.br\/cbradar\/wp-content\/uploads\/2025\/12\/bebe-anjo_1765197004994-1024x576.jpg 1024w, https:\/\/www.correiobraziliense.com.br\/cbradar\/wp-content\/uploads\/2025\/12\/bebe-anjo_1765197004994-300x169.jpg 300w, https:\/\/www.correiobraziliense.com.br\/cbradar\/wp-content\/uploads\/2025\/12\/bebe-anjo_1765197004994-768x432.jpg 768w, https:\/\/www.correiobraziliense.com.br\/cbradar\/wp-content\/uploads\/2025\/12\/bebe-anjo_1765197004994-750x422.jpg 750w, https:\/\/www.correiobraziliense.com.br\/cbradar\/wp-content\/uploads\/2025\/12\/bebe-anjo_1765197004994-1140x641.jpg 1140w, https:\/\/www.correiobraziliense.com.br\/cbradar\/wp-content\/uploads\/2025\/12\/bebe-anjo_1765197004994.jpg 1280w\" sizes=\"(max-width: 1024px) 100vw, 1024px\" \/><figcaption class=\"wp-element-caption\"> Beb\u00ea anjo simboliza pureza infantil com asas e halo, usado para rec\u00e9m-nascidos ou luto por perda precoce de crian\u00e7as. \/\/ Cr\u00e9ditos: depositphotos.com \/ PhotoVideo<\/figcaption><\/figure><\/div>\n\n\n<h2 class=\"wp-block-heading\">1. Helena<\/h2>\n\n\n\n<p><strong>De origem grega, Helena significa \u201ctocha\u201d, \u201cluz brilhante\u201d ou \u201ca reluzente\u201d.<\/strong> \u00c9 um nome cl\u00e1ssico que atravessa gera\u00e7\u00f5es e carrega for\u00e7a hist\u00f3rica e beleza.<\/p>\n\n\n\n<h2 class=\"wp-block-heading\">2. Lucas<\/h2>\n\n\n\n<p>Muito popular em pa\u00edses de l\u00edngua portuguesa,<strong> Lucas vem do latim <em>Lucius<\/em>, que significa \u201ciluminado\u201d ou \u201co que traz luz\u201d.<\/strong> \u00c9 um nome associado a sabedoria e inspira\u00e7\u00e3o.<\/p>\n\n\n\n<h2 class=\"wp-block-heading\">3. Noor<\/h2>\n\n\n\n<p><strong>De origem \u00e1rabe, Noor (ou Nur) significa literalmente \u201cluz\u201d. <\/strong>\u00c9 um nome curto, moderno e neutro, usado tanto para meninos quanto para meninas em v\u00e1rias culturas.<\/p>\n\n\n\n<h2 class=\"wp-block-heading\">4. Chiara<\/h2>\n\n\n\n<p><strong>Vers\u00e3o italiana de Clara, Chiara significa \u201cclara\u201d<\/strong>, \u201cluminosa\u201d, \u201cbrilhante\u201d. O nome transmite pureza, leveza e delicadeza.<\/p>\n\n\n\n<h2 class=\"wp-block-heading\">5. Lior<\/h2>\n\n\n\n<p><strong>De origem hebraica, Lior significa \u201cminha luz\u201d<\/strong>. \u00c9 um nome unissex muito apreciado por sua sonoridade suave e seu significado afetivo.<\/p>\n\n\n\n<p><strong>Leia tamb\u00e9m: <a href=\"https:\/\/www.correiobraziliense.com.br\/cbradar\/a-atenas-alagoana-esta-impressionando-pela-beleza-historica-digna-da-grecia-antiga\/\" target=\"_blank\" rel=\"noreferrer noopener\">A \u201cAtenas Alagoana\u201d est\u00e1 impressionando pela beleza hist\u00f3rica digna da Gr\u00e9cia Antiga.<\/a><\/strong><\/p>\n\n\n\n<h2 class=\"wp-block-heading\">Nomes de luz como forma de homenagem<\/h2>\n\n\n\n<p>Escolher um nome associado \u00e0 luz \u00e9 tamb\u00e9m uma forma simb\u00f3lica de desejar que a crian\u00e7a cres\u00e7a guiada por boas energias, clareza e prote\u00e7\u00e3o. <strong>Esses nomes refletem o desejo dos pais de que o beb\u00ea ilumine sua pr\u00f3pria trajet\u00f3ria e a vida das pessoas ao seu redor.<\/strong><\/p>\n\n\n\n<p>Independentemente da origem ou estilo, nomes que significam luz carregam profundidade, beleza e um toque de poesia \u2014 perfeitos para marcar o in\u00edcio de uma nova hist\u00f3ria.<\/p>\n\n\n<div class=\"wp-block-image\">\n<figure class=\"aligncenter size-large\"><img decoding=\"async\" width=\"1024\" height=\"576\" src=\"https:\/\/www.correiobraziliense.com.br\/cbradar\/wp-content\/uploads\/2025\/11\/bebe-menina_1762661710562-1024x576.jpg\" alt=\"Os 7 nomes elegantes para dar para meninas em 2025\" class=\"wp-image-134326\" srcset=\"https:\/\/www.correiobraziliense.com.br\/cbradar\/wp-content\/uploads\/2025\/11\/bebe-menina_1762661710562-1024x576.jpg 1024w, https:\/\/www.correiobraziliense.com.br\/cbradar\/wp-content\/uploads\/2025\/11\/bebe-menina_1762661710562-300x169.jpg 300w, https:\/\/www.correiobraziliense.com.br\/cbradar\/wp-content\/uploads\/2025\/11\/bebe-menina_1762661710562-768x432.jpg 768w, https:\/\/www.correiobraziliense.com.br\/cbradar\/wp-content\/uploads\/2025\/11\/bebe-menina_1762661710562-750x422.jpg 750w, https:\/\/www.correiobraziliense.com.br\/cbradar\/wp-content\/uploads\/2025\/11\/bebe-menina_1762661710562-1140x641.jpg 1140w, https:\/\/www.correiobraziliense.com.br\/cbradar\/wp-content\/uploads\/2025\/11\/bebe-menina_1762661710562.jpg 1280w\" sizes=\"(max-width: 1024px) 100vw, 1024px\" \/><figcaption class=\"wp-element-caption\">Muitos nomes trazem significados relacionados \u00e0 luz, pureza, for\u00e7a e beleza interior. \/\/ Cr\u00e9ditos: depositphotos.com \/ katrinaelena<\/figcaption><\/figure><\/div>\n\n\n<h2 class=\"wp-block-heading\">Como o significado de luz influencia a identidade da crian\u00e7a?<\/h2>\n\n\n\n<p>O significado simb\u00f3lico de um nome acompanha a crian\u00e7a ao longo da vida e pode influenciar a forma como ela se percebe e se apresenta ao mundo. <strong>Nomes que remetem \u00e0 luz despertam associa\u00e7\u00f5es positivas, refor\u00e7ando ideias de brilho, criatividade, intelig\u00eancia e esperan\u00e7a.<\/strong> Mesmo que inconscientemente, esse simbolismo pode fortalecer autoestima e senso de prop\u00f3sito.<\/p>\n\n\n\n<p>Al\u00e9m disso, nomes ligados \u00e0 luz costumam ser vistos como acolhedores e inspiradores, criando impress\u00f5es favor\u00e1veis nas primeiras intera\u00e7\u00f5es sociais da crian\u00e7a.<\/p>\n\n\n\n<h2 class=\"wp-block-heading\">Por que nomes com significados simb\u00f3licos est\u00e3o cada vez mais populares?<\/h2>\n\n\n\n<p>A tend\u00eancia de escolher nomes baseados em significados cresce em v\u00e1rias partes do mundo. <strong>Muitos pais buscam nomes que expressem valores, desejos e mensagens que desejam transmitir ao filho<\/strong>, e a luz \u00e9 um dos s\u00edmbolos mais universais e atemporais.<\/p>\n\n\n\n<p>Com maior acesso a informa\u00e7\u00f5es culturais e lingu\u00edsticas, fam\u00edlias t\u00eam explorado nomes de diferentes origens, enriquecendo a diversidade e ampliando as op\u00e7\u00f5es que carregam beleza e profundidade. Essa busca reflete um desejo crescente de conectar identidade e significado desde o nascimento.<\/p>\n","protected":false},"excerpt":{"rendered":"<p>A escolha de um nome para beb\u00ea \u00e9 sempre carregada de significado. Para muitas fam\u00edlias, nomes que representam luz simbolizam esperan\u00e7a, renova\u00e7\u00e3o, prote\u00e7\u00e3o e um novo come\u00e7o. Presentes em diferentes culturas, essas op\u00e7\u00f5es carregam for\u00e7a simb\u00f3lica e beleza sonora, tornando-se escolhas populares entre pais que desejam transmitir brilho e positividade ao futuro do filho. Por [&hellip;]<\/p>\n","protected":false},"author":8,"featured_media":29164,"comment_status":"open","ping_status":"open","sticky":false,"template":"","format":"standard","meta":{"_yoast_wpseo_focuskw":"nomes para beb\u00eas","_yoast_wpseo_title":"","_yoast_wpseo_metadesc":"Conhe\u00e7a nomes que significam luz que est\u00e3o conquistando fam\u00edlias e trazendo significados especiais que despertam curiosidade.","jnews-multi-image_gallery":[],"jnews_single_post":{"format":"standard"},"jnews_primary_category":[],"jnews_social_meta":[],"jnews_override_counter":[],"footnotes":""},"categories":[112],"post_tag":[5901,1288,5202],"class_list":["post-152455","post","type-post","status-publish","format-standard","has-post-thumbnail","hentry","category-curiosidades","tag-bebes","tag-luz","tag-nomes"],"yoast_head":"<!-- This site is optimized with the Yoast SEO plugin v24.6 - https:\/\/yoast.com\/wordpress\/plugins\/seo\/ -->\n<title>Quais s\u00e3o os principais 5 nomes para beb\u00eas que significam luz? - Correio Braziliense - Radar<\/title>\n<meta name=\"description\" content=\"Conhe\u00e7a nomes que significam luz que est\u00e3o conquistando fam\u00edlias e trazendo significados especiais que despertam curiosidade.\" \/>\n<meta name=\"robots\" content=\"index, follow, max-snippet:-1, max-image-preview:large, max-video-preview:-1\" \/>\n<link rel=\"canonical\" href=\"https:\/\/www.correiobraziliense.com.br\/cbradar\/quais-sao-os-principais-5-nomes-para-bebes-que-significam-luz\/\" \/>\n<meta property=\"og:locale\" content=\"pt_BR\" \/>\n<meta property=\"og:type\" content=\"article\" \/>\n<meta property=\"og:title\" content=\"Quais s\u00e3o os principais 5 nomes para beb\u00eas que significam luz? - Correio Braziliense - Radar\" \/>\n<meta property=\"og:description\" content=\"Conhe\u00e7a nomes que significam luz que est\u00e3o conquistando fam\u00edlias e trazendo significados especiais que despertam curiosidade.\" \/>\n<meta property=\"og:url\" content=\"https:\/\/www.correiobraziliense.com.br\/cbradar\/quais-sao-os-principais-5-nomes-para-bebes-que-significam-luz\/\" \/>\n<meta property=\"og:site_name\" content=\"Correio Braziliense - Radar\" \/>\n<meta property=\"article:published_time\" content=\"2025-12-08T14:05:00+00:00\" \/>\n<meta property=\"og:image\" content=\"https:\/\/www.correiobraziliense.com.br\/cbradar\/wp-content\/uploads\/2025\/04\/child_1745798548617.jpg\" \/>\n\t<meta property=\"og:image:width\" content=\"1280\" \/>\n\t<meta property=\"og:image:height\" content=\"720\" \/>\n\t<meta property=\"og:image:type\" content=\"image\/jpeg\" \/>\n<meta name=\"author\" content=\"Maura Pereira\" \/>\n<meta name=\"twitter:card\" content=\"summary_large_image\" \/>\n<meta name=\"twitter:label1\" content=\"Escrito por\" \/>\n\t<meta name=\"twitter:data1\" content=\"Maura Pereira\" \/>\n\t<meta name=\"twitter:label2\" content=\"Est. tempo de leitura\" \/>\n\t<meta name=\"twitter:data2\" content=\"4 minutos\" \/>\n<!-- \/ Yoast SEO plugin. -->","yoast_head_json":{"title":"Quais s\u00e3o os principais 5 nomes para beb\u00eas que significam luz? - Correio Braziliense - Radar","description":"Conhe\u00e7a nomes que significam luz que est\u00e3o conquistando fam\u00edlias e trazendo significados especiais que despertam curiosidade.","robots":{"index":"index","follow":"follow","max-snippet":"max-snippet:-1","max-image-preview":"max-image-preview:large","max-video-preview":"max-video-preview:-1"},"canonical":"https:\/\/www.correiobraziliense.com.br\/cbradar\/quais-sao-os-principais-5-nomes-para-bebes-que-significam-luz\/","og_locale":"pt_BR","og_type":"article","og_title":"Quais s\u00e3o os principais 5 nomes para beb\u00eas que significam luz? - Correio Braziliense - Radar","og_description":"Conhe\u00e7a nomes que significam luz que est\u00e3o conquistando fam\u00edlias e trazendo significados especiais que despertam curiosidade.","og_url":"https:\/\/www.correiobraziliense.com.br\/cbradar\/quais-sao-os-principais-5-nomes-para-bebes-que-significam-luz\/","og_site_name":"Correio Braziliense - Radar","article_published_time":"2025-12-08T14:05:00+00:00","og_image":[{"width":1280,"height":720,"url":"https:\/\/www.correiobraziliense.com.br\/cbradar\/wp-content\/uploads\/2025\/04\/child_1745798548617.jpg","type":"image\/jpeg"}],"author":"Maura Pereira","twitter_card":"summary_large_image","twitter_misc":{"Escrito por":"Maura Pereira","Est. tempo de leitura":"4 minutos"},"schema":{"@context":"https:\/\/schema.org","@graph":[{"@type":"WebPage","@id":"https:\/\/www.correiobraziliense.com.br\/cbradar\/quais-sao-os-principais-5-nomes-para-bebes-que-significam-luz\/","url":"https:\/\/www.correiobraziliense.com.br\/cbradar\/quais-sao-os-principais-5-nomes-para-bebes-que-significam-luz\/","name":"Quais s\u00e3o os principais 5 nomes para beb\u00eas que significam luz? - Correio Braziliense - Radar","isPartOf":{"@id":"https:\/\/www.correiobraziliense.com.br\/cbradar\/#website"},"primaryImageOfPage":{"@id":"https:\/\/www.correiobraziliense.com.br\/cbradar\/quais-sao-os-principais-5-nomes-para-bebes-que-significam-luz\/#primaryimage"},"image":{"@id":"https:\/\/www.correiobraziliense.com.br\/cbradar\/quais-sao-os-principais-5-nomes-para-bebes-que-significam-luz\/#primaryimage"},"thumbnailUrl":"https:\/\/www.correiobraziliense.com.br\/cbradar\/wp-content\/uploads\/2025\/04\/child_1745798548617.jpg","datePublished":"2025-12-08T14:05:00+00:00","author":{"@id":"https:\/\/www.correiobraziliense.com.br\/cbradar\/#\/schema\/person\/4053c651a9bfc785afc6f4cbc9032fd3"},"description":"Conhe\u00e7a nomes que significam luz que est\u00e3o conquistando fam\u00edlias e trazendo significados especiais que despertam curiosidade.","breadcrumb":{"@id":"https:\/\/www.correiobraziliense.com.br\/cbradar\/quais-sao-os-principais-5-nomes-para-bebes-que-significam-luz\/#breadcrumb"},"inLanguage":"pt-BR","potentialAction":[{"@type":"ReadAction","target":["https:\/\/www.correiobraziliense.com.br\/cbradar\/quais-sao-os-principais-5-nomes-para-bebes-que-significam-luz\/"]}]},{"@type":"ImageObject","inLanguage":"pt-BR","@id":"https:\/\/www.correiobraziliense.com.br\/cbradar\/quais-sao-os-principais-5-nomes-para-bebes-que-significam-luz\/#primaryimage","url":"https:\/\/www.correiobraziliense.com.br\/cbradar\/wp-content\/uploads\/2025\/04\/child_1745798548617.jpg","contentUrl":"https:\/\/www.correiobraziliense.com.br\/cbradar\/wp-content\/uploads\/2025\/04\/child_1745798548617.jpg","width":1280,"height":720,"caption":"A tend\u00eancia de escolher nomes baseados em significados cresce em v\u00e1rias partes do mundo. \/\/ Cr\u00e9ditos: depositphotos.com \/ SashaKhalabuzar"},{"@type":"BreadcrumbList","@id":"https:\/\/www.correiobraziliense.com.br\/cbradar\/quais-sao-os-principais-5-nomes-para-bebes-que-significam-luz\/#breadcrumb","itemListElement":[{"@type":"ListItem","position":1,"name":"In\u00edcio","item":"https:\/\/www.correiobraziliense.com.br\/cbradar\/"},{"@type":"ListItem","position":2,"name":"Quais s\u00e3o os principais 5 nomes para beb\u00eas que significam luz?"}]},{"@type":"WebSite","@id":"https:\/\/www.correiobraziliense.com.br\/cbradar\/#website","url":"https:\/\/www.correiobraziliense.com.br\/cbradar\/","name":"Correio Braziliense - Radar","description":"Acompanhe as \u00faltimas not\u00edcias e fique bem informado sobre tudo o que acontece no Brasil e no mundo.","potentialAction":[{"@type":"SearchAction","target":{"@type":"EntryPoint","urlTemplate":"https:\/\/www.correiobraziliense.com.br\/cbradar\/?s={search_term_string}"},"query-input":{"@type":"PropertyValueSpecification","valueRequired":true,"valueName":"search_term_string"}}],"inLanguage":"pt-BR"},{"@type":"Person","@id":"https:\/\/www.correiobraziliense.com.br\/cbradar\/#\/schema\/person\/4053c651a9bfc785afc6f4cbc9032fd3","name":"Maura Pereira","image":{"@type":"ImageObject","inLanguage":"pt-BR","@id":"https:\/\/www.correiobraziliense.com.br\/cbradar\/#\/schema\/person\/image\/","url":"https:\/\/secure.gravatar.com\/avatar\/3effd6bdadfa447f15089c7f7144eaa6?s=96&d=mm&r=g","contentUrl":"https:\/\/secure.gravatar.com\/avatar\/3effd6bdadfa447f15089c7f7144eaa6?s=96&d=mm&r=g","caption":"Maura Pereira"},"sameAs":["https:\/\/www.correiobraziliense.com.br\/"],"url":"https:\/\/www.correiobraziliense.com.br\/cbradar\/author\/mauramyth\/"}]}},"_links":{"self":[{"href":"https:\/\/www.correiobraziliense.com.br\/cbradar\/wp-json\/wp\/v2\/posts\/152455","targetHints":{"allow":["GET"]}}],"collection":[{"href":"https:\/\/www.correiobraziliense.com.br\/cbradar\/wp-json\/wp\/v2\/posts"}],"about":[{"href":"https:\/\/www.correiobraziliense.com.br\/cbradar\/wp-json\/wp\/v2\/types\/post"}],"author":[{"embeddable":true,"href":"https:\/\/www.correiobraziliense.com.br\/cbradar\/wp-json\/wp\/v2\/users\/8"}],"replies":[{"embeddable":true,"href":"https:\/\/www.correiobraziliense.com.br\/cbradar\/wp-json\/wp\/v2\/comments?post=152455"}],"version-history":[{"count":10,"href":"https:\/\/www.correiobraziliense.com.br\/cbradar\/wp-json\/wp\/v2\/posts\/152455\/revisions"}],"predecessor-version":[{"id":152468,"href":"https:\/\/www.correiobraziliense.com.br\/cbradar\/wp-json\/wp\/v2\/posts\/152455\/revisions\/152468"}],"wp:featuredmedia":[{"embeddable":true,"href":"https:\/\/www.correiobraziliense.com.br\/cbradar\/wp-json\/wp\/v2\/media\/29164"}],"wp:attachment":[{"href":"https:\/\/www.correiobraziliense.com.br\/cbradar\/wp-json\/wp\/v2\/media?parent=152455"}],"wp:term":[{"taxonomy":"category","embeddable":true,"href":"https:\/\/www.correiobraziliense.com.br\/cbradar\/wp-json\/wp\/v2\/categories?post=152455"},{"taxonomy":"post_tag","embeddable":true,"href":"https:\/\/www.correiobraziliense.com.br\/cbradar\/wp-json\/wp\/v2\/post_tag?post=152455"}],"curies":[{"name":"wp","href":"https:\/\/api.w.org\/{rel}","templated":true}]}}