{"id":152535,"date":"2025-12-09T07:45:00","date_gmt":"2025-12-09T10:45:00","guid":{"rendered":"https:\/\/www.correiobraziliense.com.br\/cbradar\/?p=152535"},"modified":"2025-12-08T10:24:29","modified_gmt":"2025-12-08T13:24:29","slug":"estresse-ou-ansiedade-veja-como-identificar","status":"publish","type":"post","link":"https:\/\/www.correiobraziliense.com.br\/cbradar\/estresse-ou-ansiedade-veja-como-identificar\/","title":{"rendered":"Estresse ou ansiedade? Veja como identificar"},"content":{"rendered":"\n<p>O <strong>Estresse e a Ansiedade<\/strong> s\u00e3o frequentemente confundidos, mas apresentam diferen\u00e7as not\u00e1veis quanto \u00e0s causas e \u00e0 dura\u00e7\u00e3o dos sintomas que desencadeiam. Enquanto o estresse est\u00e1 frequentemente associado a situa\u00e7\u00f5es cotidianas que causam frustra\u00e7\u00e3o ou nervosismo, a ansiedade est\u00e1 ligada ao medo irracional e \u00e0 preocupa\u00e7\u00e3o constante. Entender tais diferen\u00e7as \u00e9 essencial para o manejo eficaz de cada condi\u00e7\u00e3o.<\/p>\n\n\n\n<p>O estresse costuma surgir em resposta a eventos espec\u00edficos e os sintomas tendem a desaparecer assim que a situa\u00e7\u00e3o estressante \u00e9 resolvida. Por exemplo, press\u00e3o no trabalho ou um tr\u00e2nsito congestionado podem desencadear um estresse passageiro. Por outro lado, a ansiedade frequentemente persiste, mesmo ap\u00f3s a resolu\u00e7\u00e3o da causa inicial, alimentada por pensamentos negativos e preocupa\u00e7\u00f5es cont\u00ednuas.<\/p>\n\n\n\n<h2 class=\"wp-block-heading\">Quais s\u00e3o os sintomas comuns de estresse e ansiedade?<\/h2>\n\n\n\n<p>Os sintomas f\u00edsicos e psicol\u00f3gicos causados pelo estresse e pela ansiedade s\u00e3o similares, mas a dura\u00e7\u00e3o geralmente os diferencia. No caso do estresse, os sintomas incluem aumento dos batimentos card\u00edacos, ins\u00f4nia e dificuldade de concentra\u00e7\u00e3o, normalmente cessando com a resolu\u00e7\u00e3o da causa. A ansiedade, no entanto, \u00e9 marcada por sintomas que persistem, como preocupa\u00e7\u00f5es excessivas, mesmo ap\u00f3s o desaparecimento do fator inicial.<\/p>\n\n\n<div class=\"wp-block-image\">\n<figure class=\"aligncenter size-large\"><img decoding=\"async\" width=\"1024\" height=\"576\" src=\"https:\/\/www.correiobraziliense.com.br\/cbradar\/wp-content\/uploads\/2025\/10\/Ansiedade-_1761846024174-1024x576.jpg\" alt=\"\" class=\"wp-image-128521\" srcset=\"https:\/\/www.correiobraziliense.com.br\/cbradar\/wp-content\/uploads\/2025\/10\/Ansiedade-_1761846024174-1024x576.jpg 1024w, https:\/\/www.correiobraziliense.com.br\/cbradar\/wp-content\/uploads\/2025\/10\/Ansiedade-_1761846024174-300x169.jpg 300w, https:\/\/www.correiobraziliense.com.br\/cbradar\/wp-content\/uploads\/2025\/10\/Ansiedade-_1761846024174-768x432.jpg 768w, https:\/\/www.correiobraziliense.com.br\/cbradar\/wp-content\/uploads\/2025\/10\/Ansiedade-_1761846024174-750x422.jpg 750w, https:\/\/www.correiobraziliense.com.br\/cbradar\/wp-content\/uploads\/2025\/10\/Ansiedade-_1761846024174-1140x641.jpg 1140w, https:\/\/www.correiobraziliense.com.br\/cbradar\/wp-content\/uploads\/2025\/10\/Ansiedade-_1761846024174.jpg 1280w\" sizes=\"(max-width: 1024px) 100vw, 1024px\" \/><figcaption class=\"wp-element-caption\">Ansiedade &#8211; Cr\u00e9ditos: depositphotos.com \/ AndrewLozovyi<\/figcaption><\/figure><\/div>\n\n\n<p>Tanto o estresse quanto a ansiedade podem desencadear uma s\u00e9rie de sintomas que afetam o corpo e a mente. Entre eles, est\u00e3o as altera\u00e7\u00f5es intestinais, como diarreia ou constipa\u00e7\u00e3o, aumento de peso e problemas g\u00e1stricos. Al\u00e9m disso, o sistema imunol\u00f3gico pode ser enfraquecido, aumentando assim a propens\u00e3o a infec\u00e7\u00f5es.<\/p>\n\n\n\n<h2 class=\"wp-block-heading\">Como o Estresse e a Ansiedade afetam o organismo?<\/h2>\n\n\n\n<p>Quando se tornam prolongados, tanto o estresse quanto a ansiedade podem ter consequ\u00eancias s\u00e9rias para a <a href=\"https:\/\/www.correiobraziliense.com.br\/cbradar\/dr-cesar-cimonari-neurocirurgiao-sintomas-de-gliomas-que-voce-nao-deve-ignorar\/\" target=\"_blank\" rel=\"noreferrer noopener\">sa\u00fade<\/a>. Um dos efeitos mais comuns \u00e9 o aumento da produ\u00e7\u00e3o de cortisol, conhecido como o horm\u00f4nio do estresse, que pode levar ao ac\u00famulo de gordura, especialmente na regi\u00e3o abdominal. A inflama\u00e7\u00e3o g\u00e1strica \u00e9 outro problema frequente e pode evoluir para condi\u00e7\u00f5es mais s\u00e9rias como gastrite ou \u00falceras.<\/p>\n\n\n\n<p>O enfraquecimento do sistema imunol\u00f3gico, mais suscet\u00edvel ao impacto de ambas as condi\u00e7\u00f5es, pode elevar o risco de infec\u00e7\u00f5es e, em casos extremos, causar queda de cabelo e unhas fr\u00e1geis. Estes efeitos destacam a import\u00e2ncia de estrat\u00e9gias eficazes para gerenciar o Estresse e a Ansiedade.<\/p>\n\n\n\n<h2 class=\"wp-block-heading\">Quais s\u00e3o as melhores pr\u00e1ticas para aliviar o Estresse e a Ansiedade?<\/h2>\n\n\n\n<p>Adotar mudan\u00e7as no estilo de vida pode ser significativamente ben\u00e9fico para aliviar os sintomas de estresse e ansiedade. Atividades f\u00edsicas regulares, medita\u00e7\u00e3o e t\u00e9cnicas de respira\u00e7\u00e3o s\u00e3o altamente recomendadas. Al\u00e9m disso, o consumo de ch\u00e1s calmantes, como camomila e valeriana, pode promover relaxamento e bem-estar.<\/p>\n\n\n\n<p>Para casos mais severos, a psicoterapia \u00e9 uma abordagem eficaz para identificar e tratar as ra\u00edzes psicol\u00f3gicas dos sintomas. Em algumas situa\u00e7\u00f5es, o uso de medica\u00e7\u00e3o pode ser necess\u00e1rio, mas isso deve ser sempre avaliado por um profissional de sa\u00fade qualificado.<\/p>\n\n\n\n<p>Compreender as distin\u00e7\u00f5es e os sintomas associados ao Estresse e a Ansiedade \u00e9 crucial para gerenciar estas condi\u00e7\u00f5es de maneira eficaz e melhorar a qualidade de vida. Implementar h\u00e1bitos saud\u00e1veis e buscar apoio profissional pode fazer uma diferen\u00e7a not\u00e1vel na redu\u00e7\u00e3o de seus impactos negativos.<\/p>\n\n\n<a href=\"https:\/\/www.instagram.com\/dra.annaluisabf\/\" target=\"_blank\" rel=\"noopener\" style=\"text-decoration: none; color: inherit;\">\n    <span style=\"display: inline-block; border: 1px solid #ccc; border-radius: 10px; padding: 15px; max-width: 550px; font-family: sans-serif; box-shadow: 0 2px 5px rgba(0,0,0,0.1); width: 100%;\">\n\n      <!-- T\u00edtulo -->\n      <span style=\"display: block; margin: 0 0 15px 0; font-weight: bold; color: #2c3e50; text-align: center;\">\n        Entre em contato:\n      <\/span>\n\n      <!-- Linha do perfil -->\n      <span style=\"display: flex; align-items: center; gap: 15px;\">\n        <img decoding=\"async\"\n          src=\"https:\/\/www.correiobraziliense.com.br\/cbradar\/wp-content\/uploads\/2025\/08\/dra_anna_luisa.jpeg\"\n          alt=\"Foto da Dra. Anna Lu\u00edsa\"\n          style=\"border-radius: 50%; width: 80px; height: 80px; object-fit: cover;\"\n        \/>\n        <span style=\"display: flex; flex-direction: column;\">\n          <span style=\"font-size: 18px; font-weight: 700; color: #2c3e50;\">Dra. Anna Lu\u00edsa Barbosa Fernandes<\/span>\n          <span style=\"color: #555;\">CRM-GO 33.271<\/span>\n        <\/span>\n      <\/span>\n\n      <!-- Redes -->\n      <span style=\"display: flex; align-items: center; gap: 10px; margin-top: 12px;\">\n        <img decoding=\"async\" src=\"https:\/\/cdn-icons-png.flaticon.com\/24\/1384\/1384063.png\" alt=\"Instagram\" width=\"24\" height=\"24\" \/>\n        <span style=\"text-decoration: underline; color: #2c3e50;\">@dra.annaluisabf<\/span>\n      <\/span>\n\n    <\/span>\n  <\/a>","protected":false},"excerpt":{"rendered":"<p>O Estresse e a Ansiedade s\u00e3o frequentemente confundidos, mas apresentam diferen\u00e7as not\u00e1veis quanto \u00e0s causas e \u00e0 dura\u00e7\u00e3o dos sintomas que desencadeiam. Enquanto o estresse est\u00e1 frequentemente associado a situa\u00e7\u00f5es cotidianas que causam frustra\u00e7\u00e3o ou nervosismo, a ansiedade est\u00e1 ligada ao medo irracional e \u00e0 preocupa\u00e7\u00e3o constante. Entender tais diferen\u00e7as \u00e9 essencial para o manejo [&hellip;]<\/p>\n","protected":false},"author":14,"featured_media":41794,"comment_status":"open","ping_status":"open","sticky":false,"template":"","format":"standard","meta":{"_yoast_wpseo_focuskw":"Estresse e a Ansiedade","_yoast_wpseo_title":"","_yoast_wpseo_metadesc":"Estresse e ansiedade t\u00eam sintomas parecidos, mas causas e dura\u00e7\u00e3o distintas. Entenda como identificar e tratar cada um.","jnews-multi-image_gallery":[],"jnews_single_post":{"format":"standard"},"jnews_primary_category":[],"jnews_social_meta":[],"jnews_override_counter":[],"footnotes":""},"categories":[4404],"tags":[120,12462,1318],"class_list":["post-152535","post","type-post","status-publish","format-standard","has-post-thumbnail","hentry","category-saude","tag-bem-estar","tag-estresse-e-a-ansiedade","tag-saude-2"],"yoast_head":"<!-- This site is optimized with the Yoast SEO plugin v24.6 - https:\/\/yoast.com\/wordpress\/plugins\/seo\/ -->\n<title>Estresse ou ansiedade? Veja como identificar - Correio Braziliense - Radar<\/title>\n<meta name=\"description\" content=\"Estresse e ansiedade t\u00eam sintomas parecidos, mas causas e dura\u00e7\u00e3o distintas. Entenda como identificar e tratar cada um.\" \/>\n<meta name=\"robots\" content=\"index, follow, max-snippet:-1, max-image-preview:large, max-video-preview:-1\" \/>\n<link rel=\"canonical\" href=\"https:\/\/www.correiobraziliense.com.br\/cbradar\/estresse-ou-ansiedade-veja-como-identificar\/\" \/>\n<meta property=\"og:locale\" content=\"pt_BR\" \/>\n<meta property=\"og:type\" content=\"article\" \/>\n<meta property=\"og:title\" content=\"Estresse ou ansiedade? Veja como identificar - Correio Braziliense - Radar\" \/>\n<meta property=\"og:description\" content=\"Estresse e ansiedade t\u00eam sintomas parecidos, mas causas e dura\u00e7\u00e3o distintas. Entenda como identificar e tratar cada um.\" \/>\n<meta property=\"og:url\" content=\"https:\/\/www.correiobraziliense.com.br\/cbradar\/estresse-ou-ansiedade-veja-como-identificar\/\" \/>\n<meta property=\"og:site_name\" content=\"Correio Braziliense - Radar\" \/>\n<meta property=\"article:published_time\" content=\"2025-12-09T10:45:00+00:00\" \/>\n<meta property=\"og:image\" content=\"https:\/\/www.correiobraziliense.com.br\/cbradar\/wp-content\/uploads\/2025\/05\/estresse_1748013821070.jpg\" \/>\n\t<meta property=\"og:image:width\" content=\"1280\" \/>\n\t<meta property=\"og:image:height\" content=\"720\" \/>\n\t<meta property=\"og:image:type\" content=\"image\/jpeg\" \/>\n<meta name=\"author\" content=\"guilherme_saude\" \/>\n<meta name=\"twitter:card\" content=\"summary_large_image\" \/>\n<meta name=\"twitter:label1\" content=\"Escrito por\" \/>\n\t<meta name=\"twitter:data1\" content=\"guilherme_saude\" \/>\n\t<meta name=\"twitter:label2\" content=\"Est. tempo de leitura\" \/>\n\t<meta name=\"twitter:data2\" content=\"4 minutos\" \/>\n<!-- \/ Yoast SEO plugin. -->","yoast_head_json":{"title":"Estresse ou ansiedade? Veja como identificar - Correio Braziliense - Radar","description":"Estresse e ansiedade t\u00eam sintomas parecidos, mas causas e dura\u00e7\u00e3o distintas. Entenda como identificar e tratar cada um.","robots":{"index":"index","follow":"follow","max-snippet":"max-snippet:-1","max-image-preview":"max-image-preview:large","max-video-preview":"max-video-preview:-1"},"canonical":"https:\/\/www.correiobraziliense.com.br\/cbradar\/estresse-ou-ansiedade-veja-como-identificar\/","og_locale":"pt_BR","og_type":"article","og_title":"Estresse ou ansiedade? Veja como identificar - Correio Braziliense - Radar","og_description":"Estresse e ansiedade t\u00eam sintomas parecidos, mas causas e dura\u00e7\u00e3o distintas. Entenda como identificar e tratar cada um.","og_url":"https:\/\/www.correiobraziliense.com.br\/cbradar\/estresse-ou-ansiedade-veja-como-identificar\/","og_site_name":"Correio Braziliense - Radar","article_published_time":"2025-12-09T10:45:00+00:00","og_image":[{"width":1280,"height":720,"url":"https:\/\/www.correiobraziliense.com.br\/cbradar\/wp-content\/uploads\/2025\/05\/estresse_1748013821070.jpg","type":"image\/jpeg"}],"author":"guilherme_saude","twitter_card":"summary_large_image","twitter_misc":{"Escrito por":"guilherme_saude","Est. tempo de leitura":"4 minutos"},"schema":{"@context":"https:\/\/schema.org","@graph":[{"@type":"WebPage","@id":"https:\/\/www.correiobraziliense.com.br\/cbradar\/estresse-ou-ansiedade-veja-como-identificar\/","url":"https:\/\/www.correiobraziliense.com.br\/cbradar\/estresse-ou-ansiedade-veja-como-identificar\/","name":"Estresse ou ansiedade? Veja como identificar - Correio Braziliense - Radar","isPartOf":{"@id":"https:\/\/www.correiobraziliense.com.br\/cbradar\/#website"},"primaryImageOfPage":{"@id":"https:\/\/www.correiobraziliense.com.br\/cbradar\/estresse-ou-ansiedade-veja-como-identificar\/#primaryimage"},"image":{"@id":"https:\/\/www.correiobraziliense.com.br\/cbradar\/estresse-ou-ansiedade-veja-como-identificar\/#primaryimage"},"thumbnailUrl":"https:\/\/www.correiobraziliense.com.br\/cbradar\/wp-content\/uploads\/2025\/05\/estresse_1748013821070.jpg","datePublished":"2025-12-09T10:45:00+00:00","author":{"@id":"https:\/\/www.correiobraziliense.com.br\/cbradar\/#\/schema\/person\/5aa4bf3c8fa699c267933611de12978b"},"description":"Estresse e ansiedade t\u00eam sintomas parecidos, mas causas e dura\u00e7\u00e3o distintas. Entenda como identificar e tratar cada um.","breadcrumb":{"@id":"https:\/\/www.correiobraziliense.com.br\/cbradar\/estresse-ou-ansiedade-veja-como-identificar\/#breadcrumb"},"inLanguage":"pt-BR","potentialAction":[{"@type":"ReadAction","target":["https:\/\/www.correiobraziliense.com.br\/cbradar\/estresse-ou-ansiedade-veja-como-identificar\/"]}]},{"@type":"ImageObject","inLanguage":"pt-BR","@id":"https:\/\/www.correiobraziliense.com.br\/cbradar\/estresse-ou-ansiedade-veja-como-identificar\/#primaryimage","url":"https:\/\/www.correiobraziliense.com.br\/cbradar\/wp-content\/uploads\/2025\/05\/estresse_1748013821070.jpg","contentUrl":"https:\/\/www.correiobraziliense.com.br\/cbradar\/wp-content\/uploads\/2025\/05\/estresse_1748013821070.jpg","width":1280,"height":720,"caption":"Como reduzir o estresse antes que vire um problema s\u00e9rio - Cr\u00e9ditos: depositphotos.com \/ IgorTishenko"},{"@type":"BreadcrumbList","@id":"https:\/\/www.correiobraziliense.com.br\/cbradar\/estresse-ou-ansiedade-veja-como-identificar\/#breadcrumb","itemListElement":[{"@type":"ListItem","position":1,"name":"In\u00edcio","item":"https:\/\/www.correiobraziliense.com.br\/cbradar\/"},{"@type":"ListItem","position":2,"name":"Estresse ou ansiedade? Veja como identificar"}]},{"@type":"WebSite","@id":"https:\/\/www.correiobraziliense.com.br\/cbradar\/#website","url":"https:\/\/www.correiobraziliense.com.br\/cbradar\/","name":"Correio Braziliense - Radar","description":"Acompanhe as \u00faltimas not\u00edcias e fique bem informado sobre tudo o que acontece no Brasil e no mundo.","potentialAction":[{"@type":"SearchAction","target":{"@type":"EntryPoint","urlTemplate":"https:\/\/www.correiobraziliense.com.br\/cbradar\/?s={search_term_string}"},"query-input":{"@type":"PropertyValueSpecification","valueRequired":true,"valueName":"search_term_string"}}],"inLanguage":"pt-BR"},{"@type":"Person","@id":"https:\/\/www.correiobraziliense.com.br\/cbradar\/#\/schema\/person\/5aa4bf3c8fa699c267933611de12978b","name":"guilherme_saude","image":{"@type":"ImageObject","inLanguage":"pt-BR","@id":"https:\/\/www.correiobraziliense.com.br\/cbradar\/#\/schema\/person\/image\/","url":"https:\/\/secure.gravatar.com\/avatar\/df9adfb835d344bc0af109d41756253f?s=96&d=mm&r=g","contentUrl":"https:\/\/secure.gravatar.com\/avatar\/df9adfb835d344bc0af109d41756253f?s=96&d=mm&r=g","caption":"guilherme_saude"},"url":"https:\/\/www.correiobraziliense.com.br\/cbradar\/author\/guilherme_saude\/"}]}},"_links":{"self":[{"href":"https:\/\/www.correiobraziliense.com.br\/cbradar\/wp-json\/wp\/v2\/posts\/152535","targetHints":{"allow":["GET"]}}],"collection":[{"href":"https:\/\/www.correiobraziliense.com.br\/cbradar\/wp-json\/wp\/v2\/posts"}],"about":[{"href":"https:\/\/www.correiobraziliense.com.br\/cbradar\/wp-json\/wp\/v2\/types\/post"}],"author":[{"embeddable":true,"href":"https:\/\/www.correiobraziliense.com.br\/cbradar\/wp-json\/wp\/v2\/users\/14"}],"replies":[{"embeddable":true,"href":"https:\/\/www.correiobraziliense.com.br\/cbradar\/wp-json\/wp\/v2\/comments?post=152535"}],"version-history":[{"count":1,"href":"https:\/\/www.correiobraziliense.com.br\/cbradar\/wp-json\/wp\/v2\/posts\/152535\/revisions"}],"predecessor-version":[{"id":152536,"href":"https:\/\/www.correiobraziliense.com.br\/cbradar\/wp-json\/wp\/v2\/posts\/152535\/revisions\/152536"}],"wp:featuredmedia":[{"embeddable":true,"href":"https:\/\/www.correiobraziliense.com.br\/cbradar\/wp-json\/wp\/v2\/media\/41794"}],"wp:attachment":[{"href":"https:\/\/www.correiobraziliense.com.br\/cbradar\/wp-json\/wp\/v2\/media?parent=152535"}],"wp:term":[{"taxonomy":"category","embeddable":true,"href":"https:\/\/www.correiobraziliense.com.br\/cbradar\/wp-json\/wp\/v2\/categories?post=152535"},{"taxonomy":"post_tag","embeddable":true,"href":"https:\/\/www.correiobraziliense.com.br\/cbradar\/wp-json\/wp\/v2\/tags?post=152535"}],"curies":[{"name":"wp","href":"https:\/\/api.w.org\/{rel}","templated":true}]}}