{"id":152537,"date":"2025-12-09T20:25:00","date_gmt":"2025-12-09T23:25:00","guid":{"rendered":"https:\/\/www.correiobraziliense.com.br\/cbradar\/?p=152537"},"modified":"2025-12-08T11:19:16","modified_gmt":"2025-12-08T14:19:16","slug":"a-erva-que-vai-ajudar-no-sono-e-na-ansiedade-naturalmente","status":"publish","type":"post","link":"https:\/\/www.correiobraziliense.com.br\/cbradar\/a-erva-que-vai-ajudar-no-sono-e-na-ansiedade-naturalmente\/","title":{"rendered":"A erva que vai ajudar no sono e na ansiedade naturalmente"},"content":{"rendered":"\n<p>A <strong>Erva-Cidreira<\/strong>, reconhecida pelo nome cient\u00edfico Melissa officinalis, j\u00e1 atravessou s\u00e9culos sendo valorizada por suas propriedades medicinais. Envolvida em mitos e pr\u00e1ticas antigas, essa planta tem se mostrado eficaz no tratamento de diversas condi\u00e7\u00f5es de sa\u00fade. Estudos recentes confirmam seu papel significativo em tratamentos naturais, destacando-se especialmente por seus efeitos calmantes, antioxidantes e anti-inflamat\u00f3rios.<\/p>\n\n\n\n<p>Os componentes principais da Erva-Cidreira incluem compostos fen\u00f3licos e flavonoides, que proporcionam uma ampla gama de benef\u00edcios terap\u00eauticos. Desde s\u00e9culos atr\u00e1s, ela tem sido aplicada para aliviar problemas digestivos e melhorar a qualidade do sono. Atualmente, continua sendo um recurso confi\u00e1vel para a gest\u00e3o do estresse e da ansiedade. Sua utiliza\u00e7\u00e3o na medicina alternativa ganhou relev\u00e2ncia, com muitos optando por solu\u00e7\u00f5es mais naturais no tratamento de condi\u00e7\u00f5es de <a href=\"https:\/\/www.correiobraziliense.com.br\/cbradar\/dr-cesar-cimonari-neurocirurgiao-sintomas-de-gliomas-que-voce-nao-deve-ignorar\/\" target=\"_blank\" rel=\"noreferrer noopener\">sa\u00fade <\/a>e na promo\u00e7\u00e3o do bem-estar.<\/p>\n\n\n\n<h2 class=\"wp-block-heading\">Quais s\u00e3o os benef\u00edcios da Erva-Cidreira para o sono?<\/h2>\n\n\n\n<p>A erva-cidreira \u00e9 bastante reconhecida por sua capacidade de melhorar a qualidade do sono. Seus compostos fen\u00f3licos, como o \u00e1cido rosmar\u00ednico, s\u00e3o respons\u00e1veis por essa caracter\u00edstica calmante. Inserida no cotidiano de pessoas que sofrem com ins\u00f4nia, a Erva-Cidreira atua promovendo um relaxamento significativo. Pesquisas indicam que o consumo regular do ch\u00e1 de Erva-Cidreira pode influenciar positivamente a experi\u00eancia do sono, reduzindo epis\u00f3dios de ins\u00f4nia e promovendo um descanso mais profundo.<\/p>\n\n\n\n<h2 class=\"wp-block-heading\">Como a Erva-Cidreira pode aliviar sintomas de ansiedade?<\/h2>\n\n\n\n<p>A a\u00e7\u00e3o da Erva-Cidreira sobre a ansiedade \u00e9 not\u00e1vel. Ela atua elevando a atividade de neurotransmissores como o GABA, que s\u00e3o essenciais para o relaxamento e bem-estar. Com isso, os sintomas de ansiedade, como agita\u00e7\u00e3o e nervosismo, se tornam menos intensos. Essa propriedade faz da Erva-Cidreira uma aliada no combate ao estresse do dia a dia. Al\u00e9m de reduzir a ansiedade, tamb\u00e9m melhora o humor, tornando-se uma escolha natural ideal para quem busca uma forma menos invasiva de tratamento.<\/p>\n\n\n\n<h2 class=\"wp-block-heading\">Quais outros problemas de sa\u00fade a Erva-Cidreira pode combater?<\/h2>\n\n\n\n<p>Al\u00e9m dos benef\u00edcios calmantes, a Erva-Cidreira possui uma a\u00e7\u00e3o variada contra outras condi\u00e7\u00f5es de sa\u00fade. Suas propriedades antiespasm\u00f3dicas e carminativas s\u00e3o eficazes no al\u00edvio de gases intestinais e c\u00f3licas, tornando-a uma escolha cl\u00e1ssica para quem enfrenta problemas digestivos frequentes. Al\u00e9m disso, o potencial antiviral da Melissa officinalis \u00e9 explorado no combate ao herpes labial, onde pode reduzir a replica\u00e7\u00e3o viral e diminuir sintomas inc\u00f4modos.<\/p>\n\n\n<div class=\"wp-block-image\">\n<figure class=\"aligncenter size-large\"><img decoding=\"async\" width=\"1024\" height=\"576\" src=\"https:\/\/www.correiobraziliense.com.br\/cbradar\/wp-content\/uploads\/2025\/06\/erva-cidreira_1748965294021-1024x576.jpg\" alt=\"\" class=\"wp-image-47506\" srcset=\"https:\/\/www.correiobraziliense.com.br\/cbradar\/wp-content\/uploads\/2025\/06\/erva-cidreira_1748965294021-1024x576.jpg 1024w, https:\/\/www.correiobraziliense.com.br\/cbradar\/wp-content\/uploads\/2025\/06\/erva-cidreira_1748965294021-300x169.jpg 300w, https:\/\/www.correiobraziliense.com.br\/cbradar\/wp-content\/uploads\/2025\/06\/erva-cidreira_1748965294021-768x432.jpg 768w, https:\/\/www.correiobraziliense.com.br\/cbradar\/wp-content\/uploads\/2025\/06\/erva-cidreira_1748965294021-750x422.jpg 750w, https:\/\/www.correiobraziliense.com.br\/cbradar\/wp-content\/uploads\/2025\/06\/erva-cidreira_1748965294021-1140x641.jpg 1140w, https:\/\/www.correiobraziliense.com.br\/cbradar\/wp-content\/uploads\/2025\/06\/erva-cidreira_1748965294021.jpg 1280w\" sizes=\"(max-width: 1024px) 100vw, 1024px\" \/><figcaption class=\"wp-element-caption\">Erva-cidreira &#8211; Cr\u00e9ditos: depositphotos.com \/ duskbabe<\/figcaption><\/figure><\/div>\n\n\n<h2 class=\"wp-block-heading\">Como a Erva-Cidreira pode ser consumida?<\/h2>\n\n\n\n<p>A Erva-Cidreira \u00e9 vers\u00e1til em sua forma de consumo. O ch\u00e1 \u00e9 uma das maneiras mais tradicionais de se beneficiar de suas propriedades. Para prepar\u00e1-lo, basta adicionar uma colher de sopa de folhas em \u00e1gua fervente, deixar descansar e coar. Outra alternativa \u00e9 o suco de Erva-Cidreira, que pode ser feito batendo as folhas com \u00e1gua e o suco de um lim\u00e3o. Ambos m\u00e9todos s\u00e3o eficazes para manter o corpo relaxado e aliviar tens\u00f5es do dia a dia.<\/p>\n\n\n\n<h2 class=\"wp-block-heading\">Quais s\u00e3o as precau\u00e7\u00f5es ao consumir Erva-Cidreira?<\/h2>\n\n\n\n<p>Embora segura em sua maioria, o consumo da Erva-Cidreira deve ser cauteloso, principalmente se estendido por mais de duas semanas. Em casos de consumo excessivo, podem surgir efeitos colaterais como n\u00e1useas e tonturas. Crian\u00e7as com menos de 12 anos, pessoas sob tratamento com medicamentos para a tireoide ou sedativos, bem como gr\u00e1vidas e lactantes, devem sempre buscar orienta\u00e7\u00e3o m\u00e9dica antes de iniciar seu uso. Al\u00e9m disso, devido \u00e0 sua caracter\u00edstica calmante, deve-se evitar atividades que exijam aten\u00e7\u00e3o intensa ap\u00f3s seu consumo.<\/p>\n\n\n<a href=\"https:\/\/www.instagram.com\/dra.annaluisabf\/\" target=\"_blank\" rel=\"noopener\" style=\"text-decoration: none; color: inherit;\">\n    <span style=\"display: inline-block; border: 1px solid #ccc; border-radius: 10px; padding: 15px; max-width: 550px; font-family: sans-serif; box-shadow: 0 2px 5px rgba(0,0,0,0.1); width: 100%;\">\n\n      <!-- T\u00edtulo -->\n      <span style=\"display: block; margin: 0 0 15px 0; font-weight: bold; color: #2c3e50; text-align: center;\">\n        Entre em contato:\n      <\/span>\n\n      <!-- Linha do perfil -->\n      <span style=\"display: flex; align-items: center; gap: 15px;\">\n        <img decoding=\"async\"\n          src=\"https:\/\/www.correiobraziliense.com.br\/cbradar\/wp-content\/uploads\/2025\/08\/dra_anna_luisa.jpeg\"\n          alt=\"Foto da Dra. Anna Lu\u00edsa\"\n          style=\"border-radius: 50%; width: 80px; height: 80px; object-fit: cover;\"\n        \/>\n        <span style=\"display: flex; flex-direction: column;\">\n          <span style=\"font-size: 18px; font-weight: 700; color: #2c3e50;\">Dra. Anna Lu\u00edsa Barbosa Fernandes<\/span>\n          <span style=\"color: #555;\">CRM-GO 33.271<\/span>\n        <\/span>\n      <\/span>\n\n      <!-- Redes -->\n      <span style=\"display: flex; align-items: center; gap: 10px; margin-top: 12px;\">\n        <img decoding=\"async\" src=\"https:\/\/cdn-icons-png.flaticon.com\/24\/1384\/1384063.png\" alt=\"Instagram\" width=\"24\" height=\"24\" \/>\n        <span style=\"text-decoration: underline; color: #2c3e50;\">@dra.annaluisabf<\/span>\n      <\/span>\n\n    <\/span>\n  <\/a>","protected":false},"excerpt":{"rendered":"<p>A Erva-Cidreira, reconhecida pelo nome cient\u00edfico Melissa officinalis, j\u00e1 atravessou s\u00e9culos sendo valorizada por suas propriedades medicinais. Envolvida em mitos e pr\u00e1ticas antigas, essa planta tem se mostrado eficaz no tratamento de diversas condi\u00e7\u00f5es de sa\u00fade. Estudos recentes confirmam seu papel significativo em tratamentos naturais, destacando-se especialmente por seus efeitos calmantes, antioxidantes e anti-inflamat\u00f3rios. Os [&hellip;]<\/p>\n","protected":false},"author":14,"featured_media":47505,"comment_status":"open","ping_status":"open","sticky":false,"template":"","format":"standard","meta":{"_yoast_wpseo_focuskw":"Erva-Cidreira","_yoast_wpseo_title":"","_yoast_wpseo_metadesc":"Melissa officinalis combate ins\u00f4nia, ansiedade e c\u00f3licas. Veja os benef\u00edcios e cuidados ao consumir ch\u00e1 ou suco da erva-cidreira.","jnews-multi-image_gallery":[],"jnews_single_post":{"format":"standard"},"jnews_primary_category":[],"jnews_social_meta":[],"jnews_override_counter":[],"footnotes":""},"categories":[4404],"tags":[1423,120,1318],"class_list":["post-152537","post","type-post","status-publish","format-standard","has-post-thumbnail","hentry","category-saude","tag-alimentos","tag-bem-estar","tag-saude-2"],"yoast_head":"<!-- This site is optimized with the Yoast SEO plugin v24.6 - https:\/\/yoast.com\/wordpress\/plugins\/seo\/ -->\n<title>A erva que vai ajudar no sono e na ansiedade naturalmente - Correio Braziliense - Radar<\/title>\n<meta name=\"description\" content=\"Melissa officinalis combate ins\u00f4nia, ansiedade e c\u00f3licas. Veja os benef\u00edcios e cuidados ao consumir ch\u00e1 ou suco da erva-cidreira.\" \/>\n<meta name=\"robots\" content=\"index, follow, max-snippet:-1, max-image-preview:large, max-video-preview:-1\" \/>\n<link rel=\"canonical\" href=\"https:\/\/www.correiobraziliense.com.br\/cbradar\/a-erva-que-vai-ajudar-no-sono-e-na-ansiedade-naturalmente\/\" \/>\n<meta property=\"og:locale\" content=\"pt_BR\" \/>\n<meta property=\"og:type\" content=\"article\" \/>\n<meta property=\"og:title\" content=\"A erva que vai ajudar no sono e na ansiedade naturalmente - Correio Braziliense - Radar\" \/>\n<meta property=\"og:description\" content=\"Melissa officinalis combate ins\u00f4nia, ansiedade e c\u00f3licas. Veja os benef\u00edcios e cuidados ao consumir ch\u00e1 ou suco da erva-cidreira.\" \/>\n<meta property=\"og:url\" content=\"https:\/\/www.correiobraziliense.com.br\/cbradar\/a-erva-que-vai-ajudar-no-sono-e-na-ansiedade-naturalmente\/\" \/>\n<meta property=\"og:site_name\" content=\"Correio Braziliense - Radar\" \/>\n<meta property=\"article:published_time\" content=\"2025-12-09T23:25:00+00:00\" \/>\n<meta property=\"og:image\" content=\"https:\/\/www.correiobraziliense.com.br\/cbradar\/wp-content\/uploads\/2025\/06\/erva-cidreira_1748965221355.jpg\" \/>\n\t<meta property=\"og:image:width\" content=\"1280\" \/>\n\t<meta property=\"og:image:height\" content=\"720\" \/>\n\t<meta property=\"og:image:type\" content=\"image\/jpeg\" \/>\n<meta name=\"author\" content=\"guilherme_saude\" \/>\n<meta name=\"twitter:card\" content=\"summary_large_image\" \/>\n<meta name=\"twitter:label1\" content=\"Escrito por\" \/>\n\t<meta name=\"twitter:data1\" content=\"guilherme_saude\" \/>\n\t<meta name=\"twitter:label2\" content=\"Est. tempo de leitura\" \/>\n\t<meta name=\"twitter:data2\" content=\"7 minutos\" \/>\n<!-- \/ Yoast SEO plugin. -->","yoast_head_json":{"title":"A erva que vai ajudar no sono e na ansiedade naturalmente - Correio Braziliense - Radar","description":"Melissa officinalis combate ins\u00f4nia, ansiedade e c\u00f3licas. Veja os benef\u00edcios e cuidados ao consumir ch\u00e1 ou suco da erva-cidreira.","robots":{"index":"index","follow":"follow","max-snippet":"max-snippet:-1","max-image-preview":"max-image-preview:large","max-video-preview":"max-video-preview:-1"},"canonical":"https:\/\/www.correiobraziliense.com.br\/cbradar\/a-erva-que-vai-ajudar-no-sono-e-na-ansiedade-naturalmente\/","og_locale":"pt_BR","og_type":"article","og_title":"A erva que vai ajudar no sono e na ansiedade naturalmente - Correio Braziliense - Radar","og_description":"Melissa officinalis combate ins\u00f4nia, ansiedade e c\u00f3licas. Veja os benef\u00edcios e cuidados ao consumir ch\u00e1 ou suco da erva-cidreira.","og_url":"https:\/\/www.correiobraziliense.com.br\/cbradar\/a-erva-que-vai-ajudar-no-sono-e-na-ansiedade-naturalmente\/","og_site_name":"Correio Braziliense - Radar","article_published_time":"2025-12-09T23:25:00+00:00","og_image":[{"width":1280,"height":720,"url":"https:\/\/www.correiobraziliense.com.br\/cbradar\/wp-content\/uploads\/2025\/06\/erva-cidreira_1748965221355.jpg","type":"image\/jpeg"}],"author":"guilherme_saude","twitter_card":"summary_large_image","twitter_misc":{"Escrito por":"guilherme_saude","Est. tempo de leitura":"7 minutos"},"schema":{"@context":"https:\/\/schema.org","@graph":[{"@type":"WebPage","@id":"https:\/\/www.correiobraziliense.com.br\/cbradar\/a-erva-que-vai-ajudar-no-sono-e-na-ansiedade-naturalmente\/","url":"https:\/\/www.correiobraziliense.com.br\/cbradar\/a-erva-que-vai-ajudar-no-sono-e-na-ansiedade-naturalmente\/","name":"A erva que vai ajudar no sono e na ansiedade naturalmente - Correio Braziliense - Radar","isPartOf":{"@id":"https:\/\/www.correiobraziliense.com.br\/cbradar\/#website"},"primaryImageOfPage":{"@id":"https:\/\/www.correiobraziliense.com.br\/cbradar\/a-erva-que-vai-ajudar-no-sono-e-na-ansiedade-naturalmente\/#primaryimage"},"image":{"@id":"https:\/\/www.correiobraziliense.com.br\/cbradar\/a-erva-que-vai-ajudar-no-sono-e-na-ansiedade-naturalmente\/#primaryimage"},"thumbnailUrl":"https:\/\/www.correiobraziliense.com.br\/cbradar\/wp-content\/uploads\/2025\/06\/erva-cidreira_1748965221355.jpg","datePublished":"2025-12-09T23:25:00+00:00","author":{"@id":"https:\/\/www.correiobraziliense.com.br\/cbradar\/#\/schema\/person\/5aa4bf3c8fa699c267933611de12978b"},"description":"Melissa officinalis combate ins\u00f4nia, ansiedade e c\u00f3licas. Veja os benef\u00edcios e cuidados ao consumir ch\u00e1 ou suco da erva-cidreira.","breadcrumb":{"@id":"https:\/\/www.correiobraziliense.com.br\/cbradar\/a-erva-que-vai-ajudar-no-sono-e-na-ansiedade-naturalmente\/#breadcrumb"},"inLanguage":"pt-BR","potentialAction":[{"@type":"ReadAction","target":["https:\/\/www.correiobraziliense.com.br\/cbradar\/a-erva-que-vai-ajudar-no-sono-e-na-ansiedade-naturalmente\/"]}]},{"@type":"ImageObject","inLanguage":"pt-BR","@id":"https:\/\/www.correiobraziliense.com.br\/cbradar\/a-erva-que-vai-ajudar-no-sono-e-na-ansiedade-naturalmente\/#primaryimage","url":"https:\/\/www.correiobraziliense.com.br\/cbradar\/wp-content\/uploads\/2025\/06\/erva-cidreira_1748965221355.jpg","contentUrl":"https:\/\/www.correiobraziliense.com.br\/cbradar\/wp-content\/uploads\/2025\/06\/erva-cidreira_1748965221355.jpg","width":1280,"height":720,"caption":"Erva-cidreira - Cr\u00e9ditos: depositphotos.com \/ Nikolay_Donetsk"},{"@type":"BreadcrumbList","@id":"https:\/\/www.correiobraziliense.com.br\/cbradar\/a-erva-que-vai-ajudar-no-sono-e-na-ansiedade-naturalmente\/#breadcrumb","itemListElement":[{"@type":"ListItem","position":1,"name":"In\u00edcio","item":"https:\/\/www.correiobraziliense.com.br\/cbradar\/"},{"@type":"ListItem","position":2,"name":"A erva que vai ajudar no sono e na ansiedade naturalmente"}]},{"@type":"WebSite","@id":"https:\/\/www.correiobraziliense.com.br\/cbradar\/#website","url":"https:\/\/www.correiobraziliense.com.br\/cbradar\/","name":"Correio Braziliense - Radar","description":"Acompanhe as \u00faltimas not\u00edcias e fique bem informado sobre tudo o que acontece no Brasil e no mundo.","potentialAction":[{"@type":"SearchAction","target":{"@type":"EntryPoint","urlTemplate":"https:\/\/www.correiobraziliense.com.br\/cbradar\/?s={search_term_string}"},"query-input":{"@type":"PropertyValueSpecification","valueRequired":true,"valueName":"search_term_string"}}],"inLanguage":"pt-BR"},{"@type":"Person","@id":"https:\/\/www.correiobraziliense.com.br\/cbradar\/#\/schema\/person\/5aa4bf3c8fa699c267933611de12978b","name":"guilherme_saude","image":{"@type":"ImageObject","inLanguage":"pt-BR","@id":"https:\/\/www.correiobraziliense.com.br\/cbradar\/#\/schema\/person\/image\/","url":"https:\/\/secure.gravatar.com\/avatar\/df9adfb835d344bc0af109d41756253f?s=96&d=mm&r=g","contentUrl":"https:\/\/secure.gravatar.com\/avatar\/df9adfb835d344bc0af109d41756253f?s=96&d=mm&r=g","caption":"guilherme_saude"},"url":"https:\/\/www.correiobraziliense.com.br\/cbradar\/author\/guilherme_saude\/"}]}},"_links":{"self":[{"href":"https:\/\/www.correiobraziliense.com.br\/cbradar\/wp-json\/wp\/v2\/posts\/152537","targetHints":{"allow":["GET"]}}],"collection":[{"href":"https:\/\/www.correiobraziliense.com.br\/cbradar\/wp-json\/wp\/v2\/posts"}],"about":[{"href":"https:\/\/www.correiobraziliense.com.br\/cbradar\/wp-json\/wp\/v2\/types\/post"}],"author":[{"embeddable":true,"href":"https:\/\/www.correiobraziliense.com.br\/cbradar\/wp-json\/wp\/v2\/users\/14"}],"replies":[{"embeddable":true,"href":"https:\/\/www.correiobraziliense.com.br\/cbradar\/wp-json\/wp\/v2\/comments?post=152537"}],"version-history":[{"count":1,"href":"https:\/\/www.correiobraziliense.com.br\/cbradar\/wp-json\/wp\/v2\/posts\/152537\/revisions"}],"predecessor-version":[{"id":152539,"href":"https:\/\/www.correiobraziliense.com.br\/cbradar\/wp-json\/wp\/v2\/posts\/152537\/revisions\/152539"}],"wp:featuredmedia":[{"embeddable":true,"href":"https:\/\/www.correiobraziliense.com.br\/cbradar\/wp-json\/wp\/v2\/media\/47505"}],"wp:attachment":[{"href":"https:\/\/www.correiobraziliense.com.br\/cbradar\/wp-json\/wp\/v2\/media?parent=152537"}],"wp:term":[{"taxonomy":"category","embeddable":true,"href":"https:\/\/www.correiobraziliense.com.br\/cbradar\/wp-json\/wp\/v2\/categories?post=152537"},{"taxonomy":"post_tag","embeddable":true,"href":"https:\/\/www.correiobraziliense.com.br\/cbradar\/wp-json\/wp\/v2\/tags?post=152537"}],"curies":[{"name":"wp","href":"https:\/\/api.w.org\/{rel}","templated":true}]}}