{"id":152542,"date":"2025-12-09T13:15:00","date_gmt":"2025-12-09T16:15:00","guid":{"rendered":"https:\/\/www.correiobraziliense.com.br\/cbradar\/?p=152542"},"modified":"2025-12-08T10:39:00","modified_gmt":"2025-12-08T13:39:00","slug":"5-dicas-de-como-abandonar-o-refrigerante-e-melhorar-sua-saude","status":"publish","type":"post","link":"https:\/\/www.correiobraziliense.com.br\/cbradar\/5-dicas-de-como-abandonar-o-refrigerante-e-melhorar-sua-saude\/","title":{"rendered":"5 dicas de como abandonar o refrigerante e melhorar sua sa\u00fade"},"content":{"rendered":"\n<p>Considerado por muitos como um prazer moment\u00e2neo, o consumo de <strong>Refrigerantes <\/strong>\u00e9 um h\u00e1bito presente em diversas culturas ao redor do mundo. Embora seja uma bebida amplamente popular, n\u00e3o se deve ignorar os efeitos negativos relacionados \u00e0 sa\u00fade, muitas vezes associados a ingredientes como altas quantidades de a\u00e7\u00facar e aditivos qu\u00edmicos. Tais componentes n\u00e3o oferecem nenhum valor nutricional significativo, podendo ainda contribuir para v\u00e1rios problemas de sa\u00fade a longo prazo.<\/p>\n\n\n\n<p>Especialistas em sa\u00fade apontam que a\u00a0<strong>elimina\u00e7\u00e3o ou redu\u00e7\u00e3o do consumo de refrigerantes<\/strong>\u00a0pode trazer benef\u00edcios consider\u00e1veis para o organismo. Uma das principais estrat\u00e9gias sugeridas \u00e9 manter a fome sob controle. A raz\u00e3o disso \u00e9 que quando se est\u00e1 com fome, a tend\u00eancia a consumir alimentos ricos em a\u00e7\u00facar e gordura, como os Refrigerantes, aumenta significativamente. Realizar de quatro a cinco refei\u00e7\u00f5es di\u00e1rias equilibradas pode ajudar a manter esses impulsos sob controle.<\/p>\n\n\n\n<h2 class=\"wp-block-heading\">Como evitar a tenta\u00e7\u00e3o de consumir Refrigerantes?<\/h2>\n\n\n<div class=\"wp-block-image\">\n<figure class=\"aligncenter size-large\"><img decoding=\"async\" width=\"1024\" height=\"576\" src=\"https:\/\/www.correiobraziliense.com.br\/cbradar\/wp-content\/uploads\/2025\/06\/coca-cola_1749146821312-1024x576.jpg\" alt=\"\" class=\"wp-image-48525\" srcset=\"https:\/\/www.correiobraziliense.com.br\/cbradar\/wp-content\/uploads\/2025\/06\/coca-cola_1749146821312-1024x576.jpg 1024w, https:\/\/www.correiobraziliense.com.br\/cbradar\/wp-content\/uploads\/2025\/06\/coca-cola_1749146821312-300x169.jpg 300w, https:\/\/www.correiobraziliense.com.br\/cbradar\/wp-content\/uploads\/2025\/06\/coca-cola_1749146821312-768x432.jpg 768w, https:\/\/www.correiobraziliense.com.br\/cbradar\/wp-content\/uploads\/2025\/06\/coca-cola_1749146821312-750x422.jpg 750w, https:\/\/www.correiobraziliense.com.br\/cbradar\/wp-content\/uploads\/2025\/06\/coca-cola_1749146821312-1140x641.jpg 1140w, https:\/\/www.correiobraziliense.com.br\/cbradar\/wp-content\/uploads\/2025\/06\/coca-cola_1749146821312.jpg 1280w\" sizes=\"(max-width: 1024px) 100vw, 1024px\" \/><figcaption class=\"wp-element-caption\">Coca-cola &#8211; Cr\u00e9ditos: depositphotos.com \/ monticello<\/figcaption><\/figure><\/div>\n\n\n<p>Uma abordagem pr\u00e1tica para evitar o consumo excessivo de Refrigerantes \u00e9 simplesmente n\u00e3o t\u00ea-los \u00e0 disposi\u00e7\u00e3o em casa. A l\u00f3gica por tr\u00e1s dessa estrat\u00e9gia \u00e9 direta: se o produto n\u00e3o estiver presente no ambiente cotidiano, a tenta\u00e7\u00e3o de consumi-lo diminui significativamente. Este m\u00e9todo baseia-se na ideia de que &#8220;o que os olhos n\u00e3o veem, a vontade n\u00e3o sente&#8221;, ajudando, assim, a impedir que o refrigerante se torne parte da rotina alimentar di\u00e1ria.<\/p>\n\n\n\n<h2 class=\"wp-block-heading\">Qual a import\u00e2ncia da paci\u00eancia nesse processo?<\/h2>\n\n\n\n<p>Transformar h\u00e1bitos alimentares n\u00e3o acontece da noite para o dia. Paci\u00eancia e persist\u00eancia s\u00e3o essenciais nesse processo. Quando uma pessoa reduz ou elimina o consumo de a\u00e7\u00facar, pode inicialmente experimentar uma \u00e2nsia pelos sabores doces intensos. No entanto, ao longo do tempo, \u00e9 poss\u00edvel observar uma diminui\u00e7\u00e3o nessa vontade, \u00e0 medida que as papilas gustativas se ajustam a uma dieta menos a\u00e7ucarada. Este ajuste pode levar algumas semanas, mas manter-se disciplinado \u00e9 a chave para o sucesso.<\/p>\n\n\n\n<h2 class=\"wp-block-heading\">Que mudan\u00e7as esperar ao reduzir o consumo de Refrigerantes?<\/h2>\n\n\n\n<p>A transi\u00e7\u00e3o para uma ingest\u00e3o reduzida de Refrigerantes pode trazer melhorias substanciais na qualidade de vida. Menos consumo de a\u00e7\u00facar geralmente leva a n\u00edveis de energia mais est\u00e1veis, melhor capacidade de concentra\u00e7\u00e3o, e pode at\u00e9 mesmo contribuir para a perda de peso. Al\u00e9m disso, as chances de desenvolver doen\u00e7as associadas ao consumo excessivo de a\u00e7\u00facar, como a diabetes tipo 2, tamb\u00e9m diminuem.<\/p>\n\n\n\n<p>Em suma, abandonar o refrigerante do dia a dia requer um esfor\u00e7o consciente, mas os benef\u00edcios potenciais para a <a href=\"https:\/\/www.correiobraziliense.com.br\/cbradar\/dr-cesar-cimonari-neurocirurgiao-sintomas-de-gliomas-que-voce-nao-deve-ignorar\/\" target=\"_blank\" rel=\"noreferrer noopener\">sa\u00fade <\/a>tornam essa mudan\u00e7a de h\u00e1bito uma escolha s\u00e1bia. Manter-se informado e adotar estrat\u00e9gias pr\u00e1ticas como ter uma alimenta\u00e7\u00e3o equilibrada, evitar a presen\u00e7a do produto em casa e ser paciente com o processo s\u00e3o passos importantes para o sucesso a longo prazo.<\/p>\n\n\n<a href=\"https:\/\/www.instagram.com\/dra.annaluisabf\/\" target=\"_blank\" rel=\"noopener\" style=\"text-decoration: none; color: inherit;\">\n    <span style=\"display: inline-block; border: 1px solid #ccc; border-radius: 10px; padding: 15px; max-width: 550px; font-family: sans-serif; box-shadow: 0 2px 5px rgba(0,0,0,0.1); width: 100%;\">\n\n      <!-- T\u00edtulo -->\n      <span style=\"display: block; margin: 0 0 15px 0; font-weight: bold; color: #2c3e50; text-align: center;\">\n        Entre em contato:\n      <\/span>\n\n      <!-- Linha do perfil -->\n      <span style=\"display: flex; align-items: center; gap: 15px;\">\n        <img decoding=\"async\"\n          src=\"https:\/\/www.correiobraziliense.com.br\/cbradar\/wp-content\/uploads\/2025\/08\/dra_anna_luisa.jpeg\"\n          alt=\"Foto da Dra. Anna Lu\u00edsa\"\n          style=\"border-radius: 50%; width: 80px; height: 80px; object-fit: cover;\"\n        \/>\n        <span style=\"display: flex; flex-direction: column;\">\n          <span style=\"font-size: 18px; font-weight: 700; color: #2c3e50;\">Dra. Anna Lu\u00edsa Barbosa Fernandes<\/span>\n          <span style=\"color: #555;\">CRM-GO 33.271<\/span>\n        <\/span>\n      <\/span>\n\n      <!-- Redes -->\n      <span style=\"display: flex; align-items: center; gap: 10px; margin-top: 12px;\">\n        <img decoding=\"async\" src=\"https:\/\/cdn-icons-png.flaticon.com\/24\/1384\/1384063.png\" alt=\"Instagram\" width=\"24\" height=\"24\" \/>\n        <span style=\"text-decoration: underline; color: #2c3e50;\">@dra.annaluisabf<\/span>\n      <\/span>\n\n    <\/span>\n  <\/a>","protected":false},"excerpt":{"rendered":"<p>Considerado por muitos como um prazer moment\u00e2neo, o consumo de Refrigerantes \u00e9 um h\u00e1bito presente em diversas culturas ao redor do mundo. Embora seja uma bebida amplamente popular, n\u00e3o se deve ignorar os efeitos negativos relacionados \u00e0 sa\u00fade, muitas vezes associados a ingredientes como altas quantidades de a\u00e7\u00facar e aditivos qu\u00edmicos. Tais componentes n\u00e3o oferecem [&hellip;]<\/p>\n","protected":false},"author":14,"featured_media":100426,"comment_status":"open","ping_status":"open","sticky":false,"template":"","format":"standard","meta":{"_yoast_wpseo_focuskw":"Refrigerantes","_yoast_wpseo_title":"","_yoast_wpseo_metadesc":"Parar de tomar refrigerante pode reduzir o risco de diabetes e ajudar no controle de peso. Veja dicas pr\u00e1ticas para abandonar esse h\u00e1bito.","jnews-multi-image_gallery":[],"jnews_single_post":{"format":"standard"},"jnews_primary_category":[],"jnews_social_meta":[],"jnews_override_counter":[],"footnotes":""},"categories":[4404],"tags":[281,120,1318],"class_list":["post-152542","post","type-post","status-publish","format-standard","has-post-thumbnail","hentry","category-saude","tag-alimentacao","tag-bem-estar","tag-saude-2"],"yoast_head":"<!-- This site is optimized with the Yoast SEO plugin v24.6 - https:\/\/yoast.com\/wordpress\/plugins\/seo\/ -->\n<title>5 dicas de como abandonar o refrigerante e melhorar sua sa\u00fade - Correio Braziliense - Radar<\/title>\n<meta name=\"description\" content=\"Parar de tomar refrigerante pode reduzir o risco de diabetes e ajudar no controle de peso. Veja dicas pr\u00e1ticas para abandonar esse h\u00e1bito.\" \/>\n<meta name=\"robots\" content=\"index, follow, max-snippet:-1, max-image-preview:large, max-video-preview:-1\" \/>\n<link rel=\"canonical\" href=\"https:\/\/www.correiobraziliense.com.br\/cbradar\/5-dicas-de-como-abandonar-o-refrigerante-e-melhorar-sua-saude\/\" \/>\n<meta property=\"og:locale\" content=\"pt_BR\" \/>\n<meta property=\"og:type\" content=\"article\" \/>\n<meta property=\"og:title\" content=\"5 dicas de como abandonar o refrigerante e melhorar sua sa\u00fade - Correio Braziliense - Radar\" \/>\n<meta property=\"og:description\" content=\"Parar de tomar refrigerante pode reduzir o risco de diabetes e ajudar no controle de peso. Veja dicas pr\u00e1ticas para abandonar esse h\u00e1bito.\" \/>\n<meta property=\"og:url\" content=\"https:\/\/www.correiobraziliense.com.br\/cbradar\/5-dicas-de-como-abandonar-o-refrigerante-e-melhorar-sua-saude\/\" \/>\n<meta property=\"og:site_name\" content=\"Correio Braziliense - Radar\" \/>\n<meta property=\"article:published_time\" content=\"2025-12-09T16:15:00+00:00\" \/>\n<meta property=\"og:image\" content=\"https:\/\/www.correiobraziliense.com.br\/cbradar\/wp-content\/uploads\/2025\/09\/refrigerante_1757289846523.jpg\" \/>\n\t<meta property=\"og:image:width\" content=\"1280\" \/>\n\t<meta property=\"og:image:height\" content=\"720\" \/>\n\t<meta property=\"og:image:type\" content=\"image\/jpeg\" \/>\n<meta name=\"author\" content=\"guilherme_saude\" \/>\n<meta name=\"twitter:card\" content=\"summary_large_image\" \/>\n<meta name=\"twitter:label1\" content=\"Escrito por\" \/>\n\t<meta name=\"twitter:data1\" content=\"guilherme_saude\" \/>\n\t<meta name=\"twitter:label2\" content=\"Est. tempo de leitura\" \/>\n\t<meta name=\"twitter:data2\" content=\"4 minutos\" \/>\n<!-- \/ Yoast SEO plugin. -->","yoast_head_json":{"title":"5 dicas de como abandonar o refrigerante e melhorar sua sa\u00fade - Correio Braziliense - Radar","description":"Parar de tomar refrigerante pode reduzir o risco de diabetes e ajudar no controle de peso. Veja dicas pr\u00e1ticas para abandonar esse h\u00e1bito.","robots":{"index":"index","follow":"follow","max-snippet":"max-snippet:-1","max-image-preview":"max-image-preview:large","max-video-preview":"max-video-preview:-1"},"canonical":"https:\/\/www.correiobraziliense.com.br\/cbradar\/5-dicas-de-como-abandonar-o-refrigerante-e-melhorar-sua-saude\/","og_locale":"pt_BR","og_type":"article","og_title":"5 dicas de como abandonar o refrigerante e melhorar sua sa\u00fade - Correio Braziliense - Radar","og_description":"Parar de tomar refrigerante pode reduzir o risco de diabetes e ajudar no controle de peso. Veja dicas pr\u00e1ticas para abandonar esse h\u00e1bito.","og_url":"https:\/\/www.correiobraziliense.com.br\/cbradar\/5-dicas-de-como-abandonar-o-refrigerante-e-melhorar-sua-saude\/","og_site_name":"Correio Braziliense - Radar","article_published_time":"2025-12-09T16:15:00+00:00","og_image":[{"width":1280,"height":720,"url":"https:\/\/www.correiobraziliense.com.br\/cbradar\/wp-content\/uploads\/2025\/09\/refrigerante_1757289846523.jpg","type":"image\/jpeg"}],"author":"guilherme_saude","twitter_card":"summary_large_image","twitter_misc":{"Escrito por":"guilherme_saude","Est. tempo de leitura":"4 minutos"},"schema":{"@context":"https:\/\/schema.org","@graph":[{"@type":"WebPage","@id":"https:\/\/www.correiobraziliense.com.br\/cbradar\/5-dicas-de-como-abandonar-o-refrigerante-e-melhorar-sua-saude\/","url":"https:\/\/www.correiobraziliense.com.br\/cbradar\/5-dicas-de-como-abandonar-o-refrigerante-e-melhorar-sua-saude\/","name":"5 dicas de como abandonar o refrigerante e melhorar sua sa\u00fade - Correio Braziliense - Radar","isPartOf":{"@id":"https:\/\/www.correiobraziliense.com.br\/cbradar\/#website"},"primaryImageOfPage":{"@id":"https:\/\/www.correiobraziliense.com.br\/cbradar\/5-dicas-de-como-abandonar-o-refrigerante-e-melhorar-sua-saude\/#primaryimage"},"image":{"@id":"https:\/\/www.correiobraziliense.com.br\/cbradar\/5-dicas-de-como-abandonar-o-refrigerante-e-melhorar-sua-saude\/#primaryimage"},"thumbnailUrl":"https:\/\/www.correiobraziliense.com.br\/cbradar\/wp-content\/uploads\/2025\/09\/refrigerante_1757289846523.jpg","datePublished":"2025-12-09T16:15:00+00:00","author":{"@id":"https:\/\/www.correiobraziliense.com.br\/cbradar\/#\/schema\/person\/5aa4bf3c8fa699c267933611de12978b"},"description":"Parar de tomar refrigerante pode reduzir o risco de diabetes e ajudar no controle de peso. Veja dicas pr\u00e1ticas para abandonar esse h\u00e1bito.","breadcrumb":{"@id":"https:\/\/www.correiobraziliense.com.br\/cbradar\/5-dicas-de-como-abandonar-o-refrigerante-e-melhorar-sua-saude\/#breadcrumb"},"inLanguage":"pt-BR","potentialAction":[{"@type":"ReadAction","target":["https:\/\/www.correiobraziliense.com.br\/cbradar\/5-dicas-de-como-abandonar-o-refrigerante-e-melhorar-sua-saude\/"]}]},{"@type":"ImageObject","inLanguage":"pt-BR","@id":"https:\/\/www.correiobraziliense.com.br\/cbradar\/5-dicas-de-como-abandonar-o-refrigerante-e-melhorar-sua-saude\/#primaryimage","url":"https:\/\/www.correiobraziliense.com.br\/cbradar\/wp-content\/uploads\/2025\/09\/refrigerante_1757289846523.jpg","contentUrl":"https:\/\/www.correiobraziliense.com.br\/cbradar\/wp-content\/uploads\/2025\/09\/refrigerante_1757289846523.jpg","width":1280,"height":720,"caption":"Refrigerante - Cr\u00e9ditos: depositphotos.com \/ SergeBlack"},{"@type":"BreadcrumbList","@id":"https:\/\/www.correiobraziliense.com.br\/cbradar\/5-dicas-de-como-abandonar-o-refrigerante-e-melhorar-sua-saude\/#breadcrumb","itemListElement":[{"@type":"ListItem","position":1,"name":"In\u00edcio","item":"https:\/\/www.correiobraziliense.com.br\/cbradar\/"},{"@type":"ListItem","position":2,"name":"5 dicas de como abandonar o refrigerante e melhorar sua sa\u00fade"}]},{"@type":"WebSite","@id":"https:\/\/www.correiobraziliense.com.br\/cbradar\/#website","url":"https:\/\/www.correiobraziliense.com.br\/cbradar\/","name":"Correio Braziliense - Radar","description":"Acompanhe as \u00faltimas not\u00edcias e fique bem informado sobre tudo o que acontece no Brasil e no mundo.","potentialAction":[{"@type":"SearchAction","target":{"@type":"EntryPoint","urlTemplate":"https:\/\/www.correiobraziliense.com.br\/cbradar\/?s={search_term_string}"},"query-input":{"@type":"PropertyValueSpecification","valueRequired":true,"valueName":"search_term_string"}}],"inLanguage":"pt-BR"},{"@type":"Person","@id":"https:\/\/www.correiobraziliense.com.br\/cbradar\/#\/schema\/person\/5aa4bf3c8fa699c267933611de12978b","name":"guilherme_saude","image":{"@type":"ImageObject","inLanguage":"pt-BR","@id":"https:\/\/www.correiobraziliense.com.br\/cbradar\/#\/schema\/person\/image\/","url":"https:\/\/secure.gravatar.com\/avatar\/df9adfb835d344bc0af109d41756253f?s=96&d=mm&r=g","contentUrl":"https:\/\/secure.gravatar.com\/avatar\/df9adfb835d344bc0af109d41756253f?s=96&d=mm&r=g","caption":"guilherme_saude"},"url":"https:\/\/www.correiobraziliense.com.br\/cbradar\/author\/guilherme_saude\/"}]}},"_links":{"self":[{"href":"https:\/\/www.correiobraziliense.com.br\/cbradar\/wp-json\/wp\/v2\/posts\/152542","targetHints":{"allow":["GET"]}}],"collection":[{"href":"https:\/\/www.correiobraziliense.com.br\/cbradar\/wp-json\/wp\/v2\/posts"}],"about":[{"href":"https:\/\/www.correiobraziliense.com.br\/cbradar\/wp-json\/wp\/v2\/types\/post"}],"author":[{"embeddable":true,"href":"https:\/\/www.correiobraziliense.com.br\/cbradar\/wp-json\/wp\/v2\/users\/14"}],"replies":[{"embeddable":true,"href":"https:\/\/www.correiobraziliense.com.br\/cbradar\/wp-json\/wp\/v2\/comments?post=152542"}],"version-history":[{"count":1,"href":"https:\/\/www.correiobraziliense.com.br\/cbradar\/wp-json\/wp\/v2\/posts\/152542\/revisions"}],"predecessor-version":[{"id":152543,"href":"https:\/\/www.correiobraziliense.com.br\/cbradar\/wp-json\/wp\/v2\/posts\/152542\/revisions\/152543"}],"wp:featuredmedia":[{"embeddable":true,"href":"https:\/\/www.correiobraziliense.com.br\/cbradar\/wp-json\/wp\/v2\/media\/100426"}],"wp:attachment":[{"href":"https:\/\/www.correiobraziliense.com.br\/cbradar\/wp-json\/wp\/v2\/media?parent=152542"}],"wp:term":[{"taxonomy":"category","embeddable":true,"href":"https:\/\/www.correiobraziliense.com.br\/cbradar\/wp-json\/wp\/v2\/categories?post=152542"},{"taxonomy":"post_tag","embeddable":true,"href":"https:\/\/www.correiobraziliense.com.br\/cbradar\/wp-json\/wp\/v2\/tags?post=152542"}],"curies":[{"name":"wp","href":"https:\/\/api.w.org\/{rel}","templated":true}]}}