{"id":152544,"date":"2025-12-09T15:55:00","date_gmt":"2025-12-09T18:55:00","guid":{"rendered":"https:\/\/www.correiobraziliense.com.br\/cbradar\/?p=152544"},"modified":"2025-12-08T10:45:01","modified_gmt":"2025-12-08T13:45:01","slug":"farinha-de-castanha-e-rica-em-proteina-e-sustentavel","status":"publish","type":"post","link":"https:\/\/www.correiobraziliense.com.br\/cbradar\/farinha-de-castanha-e-rica-em-proteina-e-sustentavel\/","title":{"rendered":"Farinha de castanha \u00e9 rica em prote\u00edna e sustent\u00e1vel"},"content":{"rendered":"\n<p>O crescente interesse por alternativas sustent\u00e1veis e diversificadas na alimenta\u00e7\u00e3o tem impulsionado pesquisas sobre novas fontes proteicas, com destaque para a <strong>Farinha de Castanha-do-Par\u00e1<\/strong>. Essa op\u00e7\u00e3o oferece um teor de prote\u00edna substancialmente superior ao da farinha de trigo, proporcionando uma alternativa promissora no mercado de prote\u00ednas vegetais para dietas plant-based. Essa explora\u00e7\u00e3o da biodiversidade brasileira n\u00e3o apenas aumenta a oferta de alimentos proteicos, mas tamb\u00e9m favorece a sustentabilidade, aproveitando recursos naturais de maneira respons\u00e1vel.<\/p>\n\n\n\n<h2 class=\"wp-block-heading\">Qual \u00e9 o diferencial proteico da Farinha de Castanha-do-Par\u00e1?<\/h2>\n\n\n\n<p>A Farinha de Castanha-do-Par\u00e1 passa por um processo \u00fanico de extra\u00e7\u00e3o parcial do \u00f3leo, que resulta no aumento do teor proteico. Enquanto a castanha in natura cont\u00e9m cerca de 15% de prote\u00edna, a farinha produzida atinge 32,4%, tornando-se uma rica fonte de prote\u00ednas vegetais. Esse valor representa um aumento de 116% quando comparado \u00e0 forma original da castanha. A alta concentra\u00e7\u00e3o de prote\u00ednas na Farinha de Castanha-do-Par\u00e1 a diferencia significativamente em compara\u00e7\u00e3o com a farinha de trigo integral, que cont\u00e9m aproximadamente 13% de prote\u00edna.<\/p>\n\n\n\n<h2 class=\"wp-block-heading\">Como a Embrapa impulsiona o uso da castanha-do-Par\u00e1 na ind\u00fastria aliment\u00edcia?<\/h2>\n\n\n\n<p>A Embrapa tem se destacado na inova\u00e7\u00e3o de processos agroindustriais ao utilizar tanto castanhas novas quanto fragmentadas, minimizando assim o desperd\u00edcio. A partir da farinha de castanha, foram desenvolvidos outros produtos, como o concentrado proteico e a prote\u00edna texturizada, utilizada como substituto para produtos c\u00e1rneos. Estes desenvolvimentos visam a diversifica\u00e7\u00e3o proteica no Brasil, expandindo as op\u00e7\u00f5es al\u00e9m das comumente usadas, como soja e ervilha, e destacando a castanha-do-Par\u00e1 como relevante fonte proteica nacional.<\/p>\n\n\n\n<h2 class=\"wp-block-heading\">Quais s\u00e3o os benef\u00edcios do desenvolvimento de produtos plant-based com castanha-do-Par\u00e1?<\/h2>\n\n\n\n<p>Os produtos desenvolvidos a partir da Farinha de Castanha-do-Par\u00e1, como hamb\u00fargueres e quibes, foram testados positivamente quanto ao sabor, textura e apar\u00eancia. Esses resultados indicam n\u00e3o apenas a versatilidade da farinha no desenvolvimento de op\u00e7\u00f5es plant-based, mas tamb\u00e9m sua aceita\u00e7\u00e3o potencial pelo consumidor final. Os produtos texturizados proteicos vegetais, por exemplo, combinam a castanha-do-Par\u00e1 com soja, resultando em um produto final com cerca de 56% de prote\u00edna, equivalente \u00e0 prote\u00edna texturizada de soja convencional.<\/p>\n\n\n<div class=\"wp-block-image\">\n<figure class=\"aligncenter size-large\"><img decoding=\"async\" width=\"1024\" height=\"576\" src=\"https:\/\/www.correiobraziliense.com.br\/cbradar\/wp-content\/uploads\/2025\/12\/Castanha-brazil_1765205235315-1024x576.jpg\" alt=\"\" class=\"wp-image-152560\" srcset=\"https:\/\/www.correiobraziliense.com.br\/cbradar\/wp-content\/uploads\/2025\/12\/Castanha-brazil_1765205235315-1024x576.jpg 1024w, https:\/\/www.correiobraziliense.com.br\/cbradar\/wp-content\/uploads\/2025\/12\/Castanha-brazil_1765205235315-300x169.jpg 300w, https:\/\/www.correiobraziliense.com.br\/cbradar\/wp-content\/uploads\/2025\/12\/Castanha-brazil_1765205235315-768x432.jpg 768w, https:\/\/www.correiobraziliense.com.br\/cbradar\/wp-content\/uploads\/2025\/12\/Castanha-brazil_1765205235315-750x422.jpg 750w, https:\/\/www.correiobraziliense.com.br\/cbradar\/wp-content\/uploads\/2025\/12\/Castanha-brazil_1765205235315-1140x641.jpg 1140w, https:\/\/www.correiobraziliense.com.br\/cbradar\/wp-content\/uploads\/2025\/12\/Castanha-brazil_1765205235315.jpg 1280w\" sizes=\"(max-width: 1024px) 100vw, 1024px\" \/><figcaption class=\"wp-element-caption\">Castanha &#8211; Cr\u00e9ditos: depositphotos.com \/ moussa81<\/figcaption><\/figure><\/div>\n\n\n<h2 class=\"wp-block-heading\">Como a pesquisa com castanha-do-Par\u00e1 contribui para a sustentabilidade?<\/h2>\n\n\n\n<p>A pesquisa da Embrapa visa n\u00e3o apenas a inova\u00e7\u00e3o na ind\u00fastria aliment\u00edcia, mas tamb\u00e9m fomenta a sustentabilidade e o desenvolvimento local. Ao incentivar o plantio e o uso da castanha-do-Par\u00e1, cria-se um ciclo de benef\u00edcio para comunidades locais e promove-se o uso consciente de recursos naturais. Essa abordagem hol\u00edstica fortalece o papel da biodiversidade brasileira na ind\u00fastria global de alimentos plant-based, oferecendo alternativas mais saud\u00e1veis e variados ao consumidor e impactando positivamente o meio <a href=\"https:\/\/www.correiobraziliense.com.br\/cbradar\/dr-cesar-cimonari-neurocirurgiao-sintomas-de-gliomas-que-voce-nao-deve-ignorar\/\" target=\"_blank\" rel=\"noreferrer noopener\">ambiente<\/a>.<\/p>\n\n\n\n<p>Em resumo, a Farinha de Castanha-do-Par\u00e1 representa uma valiosa adi\u00e7\u00e3o ao repert\u00f3rio de prote\u00ednas vegetais, com vantagens significativas em termos de conte\u00fado proteico e sustentabilidade. As inova\u00e7\u00f5es promovidas pela Embrapa sinalizam um futuro promissor para a ind\u00fastria aliment\u00edcia e para as pr\u00e1ticas agr\u00edcolas sustent\u00e1veis no Brasil.<\/p>\n\n\n<a href=\"https:\/\/www.instagram.com\/dra.annaluisabf\/\" target=\"_blank\" rel=\"noopener\" style=\"text-decoration: none; color: inherit;\">\n    <span style=\"display: inline-block; border: 1px solid #ccc; border-radius: 10px; padding: 15px; max-width: 550px; font-family: sans-serif; box-shadow: 0 2px 5px rgba(0,0,0,0.1); width: 100%;\">\n\n      <!-- T\u00edtulo -->\n      <span style=\"display: block; margin: 0 0 15px 0; font-weight: bold; color: #2c3e50; text-align: center;\">\n        Entre em contato:\n      <\/span>\n\n      <!-- Linha do perfil -->\n      <span style=\"display: flex; align-items: center; gap: 15px;\">\n        <img decoding=\"async\"\n          src=\"https:\/\/www.correiobraziliense.com.br\/cbradar\/wp-content\/uploads\/2025\/08\/dra_anna_luisa.jpeg\"\n          alt=\"Foto da Dra. Anna Lu\u00edsa\"\n          style=\"border-radius: 50%; width: 80px; height: 80px; object-fit: cover;\"\n        \/>\n        <span style=\"display: flex; flex-direction: column;\">\n          <span style=\"font-size: 18px; font-weight: 700; color: #2c3e50;\">Dra. Anna Lu\u00edsa Barbosa Fernandes<\/span>\n          <span style=\"color: #555;\">CRM-GO 33.271<\/span>\n        <\/span>\n      <\/span>\n\n      <!-- Redes -->\n      <span style=\"display: flex; align-items: center; gap: 10px; margin-top: 12px;\">\n        <img decoding=\"async\" src=\"https:\/\/cdn-icons-png.flaticon.com\/24\/1384\/1384063.png\" alt=\"Instagram\" width=\"24\" height=\"24\" \/>\n        <span style=\"text-decoration: underline; color: #2c3e50;\">@dra.annaluisabf<\/span>\n      <\/span>\n\n    <\/span>\n  <\/a>","protected":false},"excerpt":{"rendered":"<p>O crescente interesse por alternativas sustent\u00e1veis e diversificadas na alimenta\u00e7\u00e3o tem impulsionado pesquisas sobre novas fontes proteicas, com destaque para a Farinha de Castanha-do-Par\u00e1. Essa op\u00e7\u00e3o oferece um teor de prote\u00edna substancialmente superior ao da farinha de trigo, proporcionando uma alternativa promissora no mercado de prote\u00ednas vegetais para dietas plant-based. Essa explora\u00e7\u00e3o da biodiversidade brasileira [&hellip;]<\/p>\n","protected":false},"author":14,"featured_media":152546,"comment_status":"open","ping_status":"open","sticky":false,"template":"","format":"standard","meta":{"_yoast_wpseo_focuskw":"Farinha de Castanha-do-Par\u00e1","_yoast_wpseo_title":"","_yoast_wpseo_metadesc":"A farinha de castanha-do-Par\u00e1 tem 32,4% de prote\u00edna e \u00e9 destaque como fonte vegetal para produtos plant-based. Descubra seus benef\u00edcios.","jnews-multi-image_gallery":[],"jnews_single_post":{"format":"standard"},"jnews_primary_category":[],"jnews_social_meta":[],"jnews_override_counter":[],"footnotes":""},"categories":[4404],"tags":[281,6180,11060,1318],"class_list":["post-152544","post","type-post","status-publish","format-standard","has-post-thumbnail","hentry","category-saude","tag-alimentacao","tag-castanha","tag-farinha","tag-saude-2"],"yoast_head":"<!-- This site is optimized with the Yoast SEO plugin v24.6 - https:\/\/yoast.com\/wordpress\/plugins\/seo\/ -->\n<title>Farinha de castanha \u00e9 rica em prote\u00edna e sustent\u00e1vel - Correio Braziliense - Radar<\/title>\n<meta name=\"description\" content=\"A farinha de castanha-do-Par\u00e1 tem 32,4% de prote\u00edna e \u00e9 destaque como fonte vegetal para produtos plant-based. Descubra seus benef\u00edcios.\" \/>\n<meta name=\"robots\" content=\"index, follow, max-snippet:-1, max-image-preview:large, max-video-preview:-1\" \/>\n<link rel=\"canonical\" href=\"https:\/\/www.correiobraziliense.com.br\/cbradar\/farinha-de-castanha-e-rica-em-proteina-e-sustentavel\/\" \/>\n<meta property=\"og:locale\" content=\"pt_BR\" \/>\n<meta property=\"og:type\" content=\"article\" \/>\n<meta property=\"og:title\" content=\"Farinha de castanha \u00e9 rica em prote\u00edna e sustent\u00e1vel - Correio Braziliense - Radar\" \/>\n<meta property=\"og:description\" content=\"A farinha de castanha-do-Par\u00e1 tem 32,4% de prote\u00edna e \u00e9 destaque como fonte vegetal para produtos plant-based. Descubra seus benef\u00edcios.\" \/>\n<meta property=\"og:url\" content=\"https:\/\/www.correiobraziliense.com.br\/cbradar\/farinha-de-castanha-e-rica-em-proteina-e-sustentavel\/\" \/>\n<meta property=\"og:site_name\" content=\"Correio Braziliense - Radar\" \/>\n<meta property=\"article:published_time\" content=\"2025-12-09T18:55:00+00:00\" \/>\n<meta property=\"og:image\" content=\"https:\/\/www.correiobraziliense.com.br\/cbradar\/wp-content\/uploads\/2025\/12\/Castanha-do-Para_1765205089619.jpg\" \/>\n\t<meta property=\"og:image:width\" content=\"1280\" \/>\n\t<meta property=\"og:image:height\" content=\"720\" \/>\n\t<meta property=\"og:image:type\" content=\"image\/jpeg\" \/>\n<meta name=\"author\" content=\"guilherme_saude\" \/>\n<meta name=\"twitter:card\" content=\"summary_large_image\" \/>\n<meta name=\"twitter:label1\" content=\"Escrito por\" \/>\n\t<meta name=\"twitter:data1\" content=\"guilherme_saude\" \/>\n\t<meta name=\"twitter:label2\" content=\"Est. tempo de leitura\" \/>\n\t<meta name=\"twitter:data2\" content=\"4 minutos\" \/>\n<!-- \/ Yoast SEO plugin. -->","yoast_head_json":{"title":"Farinha de castanha \u00e9 rica em prote\u00edna e sustent\u00e1vel - Correio Braziliense - Radar","description":"A farinha de castanha-do-Par\u00e1 tem 32,4% de prote\u00edna e \u00e9 destaque como fonte vegetal para produtos plant-based. Descubra seus benef\u00edcios.","robots":{"index":"index","follow":"follow","max-snippet":"max-snippet:-1","max-image-preview":"max-image-preview:large","max-video-preview":"max-video-preview:-1"},"canonical":"https:\/\/www.correiobraziliense.com.br\/cbradar\/farinha-de-castanha-e-rica-em-proteina-e-sustentavel\/","og_locale":"pt_BR","og_type":"article","og_title":"Farinha de castanha \u00e9 rica em prote\u00edna e sustent\u00e1vel - Correio Braziliense - Radar","og_description":"A farinha de castanha-do-Par\u00e1 tem 32,4% de prote\u00edna e \u00e9 destaque como fonte vegetal para produtos plant-based. Descubra seus benef\u00edcios.","og_url":"https:\/\/www.correiobraziliense.com.br\/cbradar\/farinha-de-castanha-e-rica-em-proteina-e-sustentavel\/","og_site_name":"Correio Braziliense - Radar","article_published_time":"2025-12-09T18:55:00+00:00","og_image":[{"width":1280,"height":720,"url":"https:\/\/www.correiobraziliense.com.br\/cbradar\/wp-content\/uploads\/2025\/12\/Castanha-do-Para_1765205089619.jpg","type":"image\/jpeg"}],"author":"guilherme_saude","twitter_card":"summary_large_image","twitter_misc":{"Escrito por":"guilherme_saude","Est. tempo de leitura":"4 minutos"},"schema":{"@context":"https:\/\/schema.org","@graph":[{"@type":"WebPage","@id":"https:\/\/www.correiobraziliense.com.br\/cbradar\/farinha-de-castanha-e-rica-em-proteina-e-sustentavel\/","url":"https:\/\/www.correiobraziliense.com.br\/cbradar\/farinha-de-castanha-e-rica-em-proteina-e-sustentavel\/","name":"Farinha de castanha \u00e9 rica em prote\u00edna e sustent\u00e1vel - Correio Braziliense - Radar","isPartOf":{"@id":"https:\/\/www.correiobraziliense.com.br\/cbradar\/#website"},"primaryImageOfPage":{"@id":"https:\/\/www.correiobraziliense.com.br\/cbradar\/farinha-de-castanha-e-rica-em-proteina-e-sustentavel\/#primaryimage"},"image":{"@id":"https:\/\/www.correiobraziliense.com.br\/cbradar\/farinha-de-castanha-e-rica-em-proteina-e-sustentavel\/#primaryimage"},"thumbnailUrl":"https:\/\/www.correiobraziliense.com.br\/cbradar\/wp-content\/uploads\/2025\/12\/Castanha-do-Para_1765205089619.jpg","datePublished":"2025-12-09T18:55:00+00:00","author":{"@id":"https:\/\/www.correiobraziliense.com.br\/cbradar\/#\/schema\/person\/5aa4bf3c8fa699c267933611de12978b"},"description":"A farinha de castanha-do-Par\u00e1 tem 32,4% de prote\u00edna e \u00e9 destaque como fonte vegetal para produtos plant-based. Descubra seus benef\u00edcios.","breadcrumb":{"@id":"https:\/\/www.correiobraziliense.com.br\/cbradar\/farinha-de-castanha-e-rica-em-proteina-e-sustentavel\/#breadcrumb"},"inLanguage":"pt-BR","potentialAction":[{"@type":"ReadAction","target":["https:\/\/www.correiobraziliense.com.br\/cbradar\/farinha-de-castanha-e-rica-em-proteina-e-sustentavel\/"]}]},{"@type":"ImageObject","inLanguage":"pt-BR","@id":"https:\/\/www.correiobraziliense.com.br\/cbradar\/farinha-de-castanha-e-rica-em-proteina-e-sustentavel\/#primaryimage","url":"https:\/\/www.correiobraziliense.com.br\/cbradar\/wp-content\/uploads\/2025\/12\/Castanha-do-Para_1765205089619.jpg","contentUrl":"https:\/\/www.correiobraziliense.com.br\/cbradar\/wp-content\/uploads\/2025\/12\/Castanha-do-Para_1765205089619.jpg","width":1280,"height":720,"caption":"Castanha-do-Par\u00e1 - Cr\u00e9ditos: depositphotos.com \/ puhimec"},{"@type":"BreadcrumbList","@id":"https:\/\/www.correiobraziliense.com.br\/cbradar\/farinha-de-castanha-e-rica-em-proteina-e-sustentavel\/#breadcrumb","itemListElement":[{"@type":"ListItem","position":1,"name":"In\u00edcio","item":"https:\/\/www.correiobraziliense.com.br\/cbradar\/"},{"@type":"ListItem","position":2,"name":"Farinha de castanha \u00e9 rica em prote\u00edna e sustent\u00e1vel"}]},{"@type":"WebSite","@id":"https:\/\/www.correiobraziliense.com.br\/cbradar\/#website","url":"https:\/\/www.correiobraziliense.com.br\/cbradar\/","name":"Correio Braziliense - Radar","description":"Acompanhe as \u00faltimas not\u00edcias e fique bem informado sobre tudo o que acontece no Brasil e no mundo.","potentialAction":[{"@type":"SearchAction","target":{"@type":"EntryPoint","urlTemplate":"https:\/\/www.correiobraziliense.com.br\/cbradar\/?s={search_term_string}"},"query-input":{"@type":"PropertyValueSpecification","valueRequired":true,"valueName":"search_term_string"}}],"inLanguage":"pt-BR"},{"@type":"Person","@id":"https:\/\/www.correiobraziliense.com.br\/cbradar\/#\/schema\/person\/5aa4bf3c8fa699c267933611de12978b","name":"guilherme_saude","image":{"@type":"ImageObject","inLanguage":"pt-BR","@id":"https:\/\/www.correiobraziliense.com.br\/cbradar\/#\/schema\/person\/image\/","url":"https:\/\/secure.gravatar.com\/avatar\/df9adfb835d344bc0af109d41756253f?s=96&d=mm&r=g","contentUrl":"https:\/\/secure.gravatar.com\/avatar\/df9adfb835d344bc0af109d41756253f?s=96&d=mm&r=g","caption":"guilherme_saude"},"url":"https:\/\/www.correiobraziliense.com.br\/cbradar\/author\/guilherme_saude\/"}]}},"_links":{"self":[{"href":"https:\/\/www.correiobraziliense.com.br\/cbradar\/wp-json\/wp\/v2\/posts\/152544","targetHints":{"allow":["GET"]}}],"collection":[{"href":"https:\/\/www.correiobraziliense.com.br\/cbradar\/wp-json\/wp\/v2\/posts"}],"about":[{"href":"https:\/\/www.correiobraziliense.com.br\/cbradar\/wp-json\/wp\/v2\/types\/post"}],"author":[{"embeddable":true,"href":"https:\/\/www.correiobraziliense.com.br\/cbradar\/wp-json\/wp\/v2\/users\/14"}],"replies":[{"embeddable":true,"href":"https:\/\/www.correiobraziliense.com.br\/cbradar\/wp-json\/wp\/v2\/comments?post=152544"}],"version-history":[{"count":1,"href":"https:\/\/www.correiobraziliense.com.br\/cbradar\/wp-json\/wp\/v2\/posts\/152544\/revisions"}],"predecessor-version":[{"id":152561,"href":"https:\/\/www.correiobraziliense.com.br\/cbradar\/wp-json\/wp\/v2\/posts\/152544\/revisions\/152561"}],"wp:featuredmedia":[{"embeddable":true,"href":"https:\/\/www.correiobraziliense.com.br\/cbradar\/wp-json\/wp\/v2\/media\/152546"}],"wp:attachment":[{"href":"https:\/\/www.correiobraziliense.com.br\/cbradar\/wp-json\/wp\/v2\/media?parent=152544"}],"wp:term":[{"taxonomy":"category","embeddable":true,"href":"https:\/\/www.correiobraziliense.com.br\/cbradar\/wp-json\/wp\/v2\/categories?post=152544"},{"taxonomy":"post_tag","embeddable":true,"href":"https:\/\/www.correiobraziliense.com.br\/cbradar\/wp-json\/wp\/v2\/tags?post=152544"}],"curies":[{"name":"wp","href":"https:\/\/api.w.org\/{rel}","templated":true}]}}