{"id":152547,"date":"2025-12-08T12:15:00","date_gmt":"2025-12-08T15:15:00","guid":{"rendered":"https:\/\/www.correiobraziliense.com.br\/cbradar\/?p=152547"},"modified":"2025-12-08T11:01:43","modified_gmt":"2025-12-08T14:01:43","slug":"a-descoberta-incrivel-no-brasil-que-mostra-como-os-cerebros-dos-pterossauros-criaram-sua-forma-de-voar","status":"publish","type":"post","link":"https:\/\/www.correiobraziliense.com.br\/cbradar\/a-descoberta-incrivel-no-brasil-que-mostra-como-os-cerebros-dos-pterossauros-criaram-sua-forma-de-voar\/","title":{"rendered":"A descoberta incr\u00edvel no Brasil que mostra como os c\u00e9rebros dos pterossauros criaram sua forma de voar"},"content":{"rendered":"\n<p><strong>Um f\u00f3ssil excepcional encontrado no Brasil est\u00e1 ajudando cientistas a reescrever parte da hist\u00f3ria evolutiva dos pterossauros<\/strong>, os primeiros vertebrados capazes de voo ativo. A nova pesquisa revelou detalhes in\u00e9ditos sobre a anatomia cerebral desses r\u00e9pteis alados, sugerindo que <strong>seu c\u00e9rebro pode ter sido o principal respons\u00e1vel por uma forma \u00fanica e altamente eficiente de voar<\/strong>, muito antes das aves modernas surgirem. A descoberta lan\u00e7a luz sobre como esses animais dominaram os c\u00e9us por mais de 150 milh\u00f5es de anos.<\/p>\n\n\n\n<h2 class=\"wp-block-heading\">Por que esse f\u00f3ssil encontrado no Brasil \u00e9 t\u00e3o importante?<\/h2>\n\n\n\n<p><strong>A pe\u00e7a-chave do estudo \u00e9 um cr\u00e2nio fossilizado extremamente bem preservado, encontrado em dep\u00f3sitos da Bacia do Araripe, no Nordeste do Brasil <\/strong>\u2014 uma das regi\u00f5es mais ricas em f\u00f3sseis de pterossauros no mundo. <strong>Segundo pesquisas paleontol\u00f3gicas recentes, o f\u00f3ssil permitiu reconstruir com precis\u00e3o as cavidades cerebrais<\/strong>, algo raramente poss\u00edvel nesse grupo.<\/p>\n\n\n\n<p>O estudo revela que certos pterossauros possu\u00edam regi\u00f5es cerebrais altamente desenvolvidas, especialmente aquelas ligadas ao equil\u00edbrio, coordena\u00e7\u00e3o e percep\u00e7\u00e3o espacial. Esses achados evidenciam que sua capacidade de voo n\u00e3o dependia somente das asas ou do formato do corpo, mas de um c\u00e9rebro surpreendentemente adaptado para manobras complexas.<\/p>\n\n\n<div class=\"wp-block-image\">\n<figure class=\"aligncenter size-large\"><img decoding=\"async\" width=\"1024\" height=\"576\" src=\"https:\/\/www.correiobraziliense.com.br\/cbradar\/wp-content\/uploads\/2025\/12\/pterosaurs_1765201774078-1024x576.jpg\" alt=\"A descoberta incr\u00edvel no Brasil que mostra como os c\u00e9rebros dos pterossauros criaram sua forma de voar\" class=\"wp-image-152569\" srcset=\"https:\/\/www.correiobraziliense.com.br\/cbradar\/wp-content\/uploads\/2025\/12\/pterosaurs_1765201774078-1024x576.jpg 1024w, https:\/\/www.correiobraziliense.com.br\/cbradar\/wp-content\/uploads\/2025\/12\/pterosaurs_1765201774078-300x169.jpg 300w, https:\/\/www.correiobraziliense.com.br\/cbradar\/wp-content\/uploads\/2025\/12\/pterosaurs_1765201774078-768x432.jpg 768w, https:\/\/www.correiobraziliense.com.br\/cbradar\/wp-content\/uploads\/2025\/12\/pterosaurs_1765201774078-750x422.jpg 750w, https:\/\/www.correiobraziliense.com.br\/cbradar\/wp-content\/uploads\/2025\/12\/pterosaurs_1765201774078-1140x641.jpg 1140w, https:\/\/www.correiobraziliense.com.br\/cbradar\/wp-content\/uploads\/2025\/12\/pterosaurs_1765201774078.jpg 1280w\" sizes=\"(max-width: 1024px) 100vw, 1024px\" \/><figcaption class=\"wp-element-caption\">Pterossauros planavam graciosos sobre oceanos, ca\u00e7ando peixes leves e curtindo brisas mesozoicas sem complica\u00e7\u00f5es. \/\/ Cr\u00e9ditos: depositphotos.com \/ jarino<\/figcaption><\/figure><\/div>\n\n\n<h2 class=\"wp-block-heading\">O que a neuroanatomia desses pterossauros revelou?<\/h2>\n\n\n\n<p>Ao analisar o endocasto \u2014 modelo interno da caixa craniana que revela o formato aproximado do c\u00e9rebro \u2014 os pesquisadores identificaram \u00e1reas ampliadas respons\u00e1veis por controle motor fino e estabilidade durante o voo. <strong>Esse n\u00edvel de desenvolvimento neurol\u00f3gico sugere que os pterossauros desenvolveram um \u201cpiloto autom\u00e1tico biol\u00f3gico\u201d<\/strong>, que lhes permitia interpretar rapidamente mudan\u00e7as de vento, altitude e velocidade.<\/p>\n\n\n\n<p>Estudos comparativos com aves e morcegos mostram que os pterossauros possu\u00edam adapta\u00e7\u00f5es \u00fanicas, indicando que o voo desses r\u00e9pteis n\u00e3o era apenas eficiente, mas tamb\u00e9m inovador para seu tempo.<\/p>\n\n\n\n<h2 class=\"wp-block-heading\">Como isso muda nossa compreens\u00e3o sobre a evolu\u00e7\u00e3o do voo?<\/h2>\n\n\n\n<p>Antes dessa descoberta, muitos cientistas acreditavam que a evolu\u00e7\u00e3o do voo nos pterossauros se fundamentava mais em aspectos biomec\u00e2nicos: ossos ocos, asas membranosas e estrutura corporal leve. <strong>Agora, evid\u00eancias mostram que o c\u00e9rebro desempenhou papel t\u00e3o importante quanto as asas<\/strong>.<\/p>\n\n\n\n<p>Esse avan\u00e7o cognitivo permitia:<\/p>\n\n\n\n<ul class=\"wp-block-list\">\n<li>Melhor controle de postura.<\/li>\n\n\n\n<li>Decis\u00f5es r\u00e1pidas durante manobras.<\/li>\n\n\n\n<li>Capacidade de planar por longas dist\u00e2ncias.<\/li>\n\n\n\n<li>Voo eficiente com baixo gasto energ\u00e9tico.<\/li>\n<\/ul>\n\n\n\n<p>Essas habilidades podem explicar por que os pterossauros conseguiram ocupar nichos t\u00e3o variados, desde predadores costeiros at\u00e9 grandes planadores marinhos.<\/p>\n\n\n<div class=\"wp-block-image\">\n<figure class=\"aligncenter size-large\"><img decoding=\"async\" width=\"1024\" height=\"576\" src=\"https:\/\/www.correiobraziliense.com.br\/cbradar\/wp-content\/uploads\/2025\/12\/pterosaurs_1765202245150-1024x576.jpg\" alt=\"\" class=\"wp-image-152592\" srcset=\"https:\/\/www.correiobraziliense.com.br\/cbradar\/wp-content\/uploads\/2025\/12\/pterosaurs_1765202245150-1024x576.jpg 1024w, https:\/\/www.correiobraziliense.com.br\/cbradar\/wp-content\/uploads\/2025\/12\/pterosaurs_1765202245150-300x169.jpg 300w, https:\/\/www.correiobraziliense.com.br\/cbradar\/wp-content\/uploads\/2025\/12\/pterosaurs_1765202245150-768x432.jpg 768w, https:\/\/www.correiobraziliense.com.br\/cbradar\/wp-content\/uploads\/2025\/12\/pterosaurs_1765202245150-750x422.jpg 750w, https:\/\/www.correiobraziliense.com.br\/cbradar\/wp-content\/uploads\/2025\/12\/pterosaurs_1765202245150-1140x641.jpg 1140w, https:\/\/www.correiobraziliense.com.br\/cbradar\/wp-content\/uploads\/2025\/12\/pterosaurs_1765202245150.jpg 1280w\" sizes=\"(max-width: 1024px) 100vw, 1024px\" \/><figcaption class=\"wp-element-caption\">Pterossauros procriavam em col\u00f4nias como aves, usavam cristas para exibi\u00e7\u00e3o e andavam quadr\u00fapedes em terra firme. \/\/ Cr\u00e9ditos: depositphotos.com \/ fotoyou<\/figcaption><\/figure><\/div>\n\n\n<h2 class=\"wp-block-heading\">O que diferencia esses c\u00e9rebros dos de outros r\u00e9pteis da \u00e9poca?<\/h2>\n\n\n\n<p>Os pterossauros possu\u00edam um fl\u00f3culo cerebral \u2014 \u00e1rea ligada ao equil\u00edbrio e coordena\u00e7\u00e3o \u2014 muito maior do que o encontrado em r\u00e9pteis terrestres. <strong>Especialistas explicam que essa expans\u00e3o neurol\u00f3gica indica um aumento significativo da capacidade sensorial e motora<\/strong>, aproximando-os mais de aves do que de seus parentes reptilianos.<\/p>\n\n\n\n<p>Isso refor\u00e7a a ideia de que sua evolu\u00e7\u00e3o foi marcada por avan\u00e7os simult\u00e2neos em estruturas f\u00edsicas e neurol\u00f3gicas.<\/p>\n\n\n\n<p><strong>Leia tamb\u00e9m: <a href=\"https:\/\/www.correiobraziliense.com.br\/cbradar\/a-atenas-alagoana-esta-impressionando-pela-beleza-historica-digna-da-grecia-antiga\/\" target=\"_blank\" rel=\"noreferrer noopener\">A \u201cAtenas Alagoana\u201d est\u00e1 impressionando pela beleza hist\u00f3rica digna da Gr\u00e9cia Antiga.<\/a><\/strong><\/p>\n\n\n\n<h2 class=\"wp-block-heading\">A descoberta brasileira ajuda a responder mist\u00e9rios antigos?<\/h2>\n\n\n\n<p><strong>Sim.<\/strong> A preserva\u00e7\u00e3o excepcional do f\u00f3ssil brasileiro permitiu an\u00e1lises tridimensionais detalhadas com tecnologias de tomografia e micro escaneamento. <strong><a href=\"https:\/\/www.sci.news\/paleontology\/pterosaur-flight-ready-brain-14381.html\" target=\"_blank\" rel=\"noreferrer noopener\">Segundo estudos complementares de equipes internacionais<\/a>, esse tipo de preserva\u00e7\u00e3o \u00e9 raro e revela nuances que normalmente se perdem durante a fossiliza\u00e7\u00e3o.<\/strong><\/p>\n\n\n\n<p>Com isso, paleont\u00f3logos puderam comparar esp\u00e9cies, identificar padr\u00f5es e propor novos modelos de evolu\u00e7\u00e3o do voo \u2014 algo que antes era baseado majoritariamente em hip\u00f3teses biomec\u00e2nicas.<\/p>\n\n\n\n<h2 class=\"wp-block-heading\">Como os cientistas interpretam essa nova forma de voar?<\/h2>\n\n\n\n<p>Os resultados sugerem que os pterossauros n\u00e3o somente voavam, mas tinham um estilo de voo altamente especializado. <strong>Em vez de depender exclusivamente de for\u00e7a muscular, eles aproveitavam correntes de ar e faziam ajustes finos quase instant\u00e2neos<\/strong>, gra\u00e7as \u00e0 agilidade proporcionada pelo c\u00e9rebro.<\/p>\n\n\n\n<p>Isso indica que muitas de suas manobras acrob\u00e1ticas e capacidade de planar por longas dist\u00e2ncias foram poss\u00edveis n\u00e3o somente pelas asas, mas por uma combina\u00e7\u00e3o sofisticada de estrutura corporal + processamento neurol\u00f3gico.<\/p>\n\n\n<div class=\"wp-block-image\">\n<figure class=\"aligncenter size-large\"><img decoding=\"async\" width=\"1024\" height=\"576\" src=\"https:\/\/www.correiobraziliense.com.br\/cbradar\/wp-content\/uploads\/2025\/12\/G-2025-12-08T105406.307-1024x576.png\" alt=\"A descoberta incr\u00edvel no Brasil que mostra como os c\u00e9rebros dos pterossauros criaram sua forma de voar\" class=\"wp-image-152581\" srcset=\"https:\/\/www.correiobraziliense.com.br\/cbradar\/wp-content\/uploads\/2025\/12\/G-2025-12-08T105406.307-1024x576.png 1024w, https:\/\/www.correiobraziliense.com.br\/cbradar\/wp-content\/uploads\/2025\/12\/G-2025-12-08T105406.307-300x169.png 300w, https:\/\/www.correiobraziliense.com.br\/cbradar\/wp-content\/uploads\/2025\/12\/G-2025-12-08T105406.307-768x432.png 768w, https:\/\/www.correiobraziliense.com.br\/cbradar\/wp-content\/uploads\/2025\/12\/G-2025-12-08T105406.307-750x422.png 750w, https:\/\/www.correiobraziliense.com.br\/cbradar\/wp-content\/uploads\/2025\/12\/G-2025-12-08T105406.307-1140x641.png 1140w, https:\/\/www.correiobraziliense.com.br\/cbradar\/wp-content\/uploads\/2025\/12\/G-2025-12-08T105406.307.png 1280w\" sizes=\"(max-width: 1024px) 100vw, 1024px\" \/><figcaption class=\"wp-element-caption\">Pterossauros procriavam em col\u00f4nias como aves, usavam cristas para exibi\u00e7\u00e3o e andavam quadr\u00fapedes em terra firme. \/\/ Cr\u00e9ditos: depositphotos.com \/ estebande<\/figcaption><\/figure><\/div>\n\n\n<h2 class=\"wp-block-heading\">O que essa descoberta representa para a paleontologia?<\/h2>\n\n\n\n<p><strong>A pesquisa marca um avan\u00e7o significativo na compreens\u00e3o da intelig\u00eancia e da coordena\u00e7\u00e3o sensorial dos pterossauros.<\/strong> Para especialistas, o estudo refor\u00e7a que o voo desses animais n\u00e3o pode ser explicado somente por anatomia externa, <strong>ele envolvia um sistema integrado em que c\u00e9rebro, asas e percep\u00e7\u00e3o trabalhavam em perfeita harmonia<\/strong>.<\/p>\n\n\n\n<p>A descoberta brasileira abre caminho para novos estudos sobre comportamento, ecologia e evolu\u00e7\u00e3o neurol\u00f3gica de pterossauros, e fortalece ainda mais o papel do Brasil como um dos epicentros mundiais da paleontologia.<\/p>\n\n\n\n<p>O c\u00e9u do passado nunca pareceu t\u00e3o complexo, e agora sabemos que, muito antes das aves, quem realmente reinventou a arte de voar foram os c\u00e9rebros incr\u00edveis dos pterossauros.<\/p>\n","protected":false},"excerpt":{"rendered":"<p>Um f\u00f3ssil excepcional encontrado no Brasil est\u00e1 ajudando cientistas a reescrever parte da hist\u00f3ria evolutiva dos pterossauros, os primeiros vertebrados capazes de voo ativo. A nova pesquisa revelou detalhes in\u00e9ditos sobre a anatomia cerebral desses r\u00e9pteis alados, sugerindo que seu c\u00e9rebro pode ter sido o principal respons\u00e1vel por uma forma \u00fanica e altamente eficiente de [&hellip;]<\/p>\n","protected":false},"author":8,"featured_media":152567,"comment_status":"open","ping_status":"open","sticky":false,"template":"","format":"standard","meta":{"_yoast_wpseo_focuskw":"c\u00e9rebros dos pterossauros","_yoast_wpseo_title":"","_yoast_wpseo_metadesc":"Uma descoberta no Brasil revela como os c\u00e9rebros dos pterossauros criou uma nova forma de voar que surpreende pesquisadores.","jnews-multi-image_gallery":[],"jnews_single_post":{"format":"standard"},"jnews_primary_category":[],"jnews_social_meta":[],"jnews_override_counter":[],"footnotes":""},"categories":[112],"post_tag":[225,12466,12465],"class_list":["post-152547","post","type-post","status-publish","format-standard","has-post-thumbnail","hentry","category-curiosidades","tag-brasil","tag-cerebros","tag-pterossauros"],"yoast_head":"<!-- This site is optimized with the Yoast SEO plugin v24.6 - https:\/\/yoast.com\/wordpress\/plugins\/seo\/ -->\n<title>A descoberta incr\u00edvel no Brasil que mostra como os c\u00e9rebros dos pterossauros criaram sua forma de voar - Correio Braziliense - Radar<\/title>\n<meta name=\"description\" content=\"Uma descoberta no Brasil revela como os c\u00e9rebros dos pterossauros criou uma nova forma de voar que surpreende pesquisadores.\" \/>\n<meta name=\"robots\" content=\"index, follow, max-snippet:-1, max-image-preview:large, max-video-preview:-1\" \/>\n<link rel=\"canonical\" href=\"https:\/\/www.correiobraziliense.com.br\/cbradar\/a-descoberta-incrivel-no-brasil-que-mostra-como-os-cerebros-dos-pterossauros-criaram-sua-forma-de-voar\/\" \/>\n<meta property=\"og:locale\" content=\"pt_BR\" \/>\n<meta property=\"og:type\" content=\"article\" \/>\n<meta property=\"og:title\" content=\"A descoberta incr\u00edvel no Brasil que mostra como os c\u00e9rebros dos pterossauros criaram sua forma de voar - Correio Braziliense - Radar\" \/>\n<meta property=\"og:description\" content=\"Uma descoberta no Brasil revela como os c\u00e9rebros dos pterossauros criou uma nova forma de voar que surpreende pesquisadores.\" \/>\n<meta property=\"og:url\" content=\"https:\/\/www.correiobraziliense.com.br\/cbradar\/a-descoberta-incrivel-no-brasil-que-mostra-como-os-cerebros-dos-pterossauros-criaram-sua-forma-de-voar\/\" \/>\n<meta property=\"og:site_name\" content=\"Correio Braziliense - Radar\" \/>\n<meta property=\"article:published_time\" content=\"2025-12-08T15:15:00+00:00\" \/>\n<meta property=\"og:image\" content=\"https:\/\/www.correiobraziliense.com.br\/cbradar\/wp-content\/uploads\/2025\/12\/pterosaurs_1765201721367.jpg\" \/>\n\t<meta property=\"og:image:width\" content=\"1280\" \/>\n\t<meta property=\"og:image:height\" content=\"720\" \/>\n\t<meta property=\"og:image:type\" content=\"image\/jpeg\" \/>\n<meta name=\"author\" content=\"Maura Pereira\" \/>\n<meta name=\"twitter:card\" content=\"summary_large_image\" \/>\n<meta name=\"twitter:label1\" content=\"Escrito por\" \/>\n\t<meta name=\"twitter:data1\" content=\"Maura Pereira\" \/>\n\t<meta name=\"twitter:label2\" content=\"Est. tempo de leitura\" \/>\n\t<meta name=\"twitter:data2\" content=\"6 minutos\" \/>\n<!-- \/ Yoast SEO plugin. -->","yoast_head_json":{"title":"A descoberta incr\u00edvel no Brasil que mostra como os c\u00e9rebros dos pterossauros criaram sua forma de voar - Correio Braziliense - Radar","description":"Uma descoberta no Brasil revela como os c\u00e9rebros dos pterossauros criou uma nova forma de voar que surpreende pesquisadores.","robots":{"index":"index","follow":"follow","max-snippet":"max-snippet:-1","max-image-preview":"max-image-preview:large","max-video-preview":"max-video-preview:-1"},"canonical":"https:\/\/www.correiobraziliense.com.br\/cbradar\/a-descoberta-incrivel-no-brasil-que-mostra-como-os-cerebros-dos-pterossauros-criaram-sua-forma-de-voar\/","og_locale":"pt_BR","og_type":"article","og_title":"A descoberta incr\u00edvel no Brasil que mostra como os c\u00e9rebros dos pterossauros criaram sua forma de voar - Correio Braziliense - Radar","og_description":"Uma descoberta no Brasil revela como os c\u00e9rebros dos pterossauros criou uma nova forma de voar que surpreende pesquisadores.","og_url":"https:\/\/www.correiobraziliense.com.br\/cbradar\/a-descoberta-incrivel-no-brasil-que-mostra-como-os-cerebros-dos-pterossauros-criaram-sua-forma-de-voar\/","og_site_name":"Correio Braziliense - Radar","article_published_time":"2025-12-08T15:15:00+00:00","og_image":[{"width":1280,"height":720,"url":"https:\/\/www.correiobraziliense.com.br\/cbradar\/wp-content\/uploads\/2025\/12\/pterosaurs_1765201721367.jpg","type":"image\/jpeg"}],"author":"Maura Pereira","twitter_card":"summary_large_image","twitter_misc":{"Escrito por":"Maura Pereira","Est. tempo de leitura":"6 minutos"},"schema":{"@context":"https:\/\/schema.org","@graph":[{"@type":"WebPage","@id":"https:\/\/www.correiobraziliense.com.br\/cbradar\/a-descoberta-incrivel-no-brasil-que-mostra-como-os-cerebros-dos-pterossauros-criaram-sua-forma-de-voar\/","url":"https:\/\/www.correiobraziliense.com.br\/cbradar\/a-descoberta-incrivel-no-brasil-que-mostra-como-os-cerebros-dos-pterossauros-criaram-sua-forma-de-voar\/","name":"A descoberta incr\u00edvel no Brasil que mostra como os c\u00e9rebros dos pterossauros criaram sua forma de voar - Correio Braziliense - Radar","isPartOf":{"@id":"https:\/\/www.correiobraziliense.com.br\/cbradar\/#website"},"primaryImageOfPage":{"@id":"https:\/\/www.correiobraziliense.com.br\/cbradar\/a-descoberta-incrivel-no-brasil-que-mostra-como-os-cerebros-dos-pterossauros-criaram-sua-forma-de-voar\/#primaryimage"},"image":{"@id":"https:\/\/www.correiobraziliense.com.br\/cbradar\/a-descoberta-incrivel-no-brasil-que-mostra-como-os-cerebros-dos-pterossauros-criaram-sua-forma-de-voar\/#primaryimage"},"thumbnailUrl":"https:\/\/www.correiobraziliense.com.br\/cbradar\/wp-content\/uploads\/2025\/12\/pterosaurs_1765201721367.jpg","datePublished":"2025-12-08T15:15:00+00:00","author":{"@id":"https:\/\/www.correiobraziliense.com.br\/cbradar\/#\/schema\/person\/4053c651a9bfc785afc6f4cbc9032fd3"},"description":"Uma descoberta no Brasil revela como os c\u00e9rebros dos pterossauros criou uma nova forma de voar que surpreende pesquisadores.","breadcrumb":{"@id":"https:\/\/www.correiobraziliense.com.br\/cbradar\/a-descoberta-incrivel-no-brasil-que-mostra-como-os-cerebros-dos-pterossauros-criaram-sua-forma-de-voar\/#breadcrumb"},"inLanguage":"pt-BR","potentialAction":[{"@type":"ReadAction","target":["https:\/\/www.correiobraziliense.com.br\/cbradar\/a-descoberta-incrivel-no-brasil-que-mostra-como-os-cerebros-dos-pterossauros-criaram-sua-forma-de-voar\/"]}]},{"@type":"ImageObject","inLanguage":"pt-BR","@id":"https:\/\/www.correiobraziliense.com.br\/cbradar\/a-descoberta-incrivel-no-brasil-que-mostra-como-os-cerebros-dos-pterossauros-criaram-sua-forma-de-voar\/#primaryimage","url":"https:\/\/www.correiobraziliense.com.br\/cbradar\/wp-content\/uploads\/2025\/12\/pterosaurs_1765201721367.jpg","contentUrl":"https:\/\/www.correiobraziliense.com.br\/cbradar\/wp-content\/uploads\/2025\/12\/pterosaurs_1765201721367.jpg","width":1280,"height":720,"caption":"Pterossauros conquistaram c\u00e9us pr\u00e9-hist\u00f3ricos! Pioneiros do voo ativo inspiram ousadia e dom\u00ednio dos horizontes infinitos.\u200b \/\/ Cr\u00e9ditos: depositphotos.com \/ neilld"},{"@type":"BreadcrumbList","@id":"https:\/\/www.correiobraziliense.com.br\/cbradar\/a-descoberta-incrivel-no-brasil-que-mostra-como-os-cerebros-dos-pterossauros-criaram-sua-forma-de-voar\/#breadcrumb","itemListElement":[{"@type":"ListItem","position":1,"name":"In\u00edcio","item":"https:\/\/www.correiobraziliense.com.br\/cbradar\/"},{"@type":"ListItem","position":2,"name":"A descoberta incr\u00edvel no Brasil que mostra como os c\u00e9rebros dos pterossauros criaram sua forma de voar"}]},{"@type":"WebSite","@id":"https:\/\/www.correiobraziliense.com.br\/cbradar\/#website","url":"https:\/\/www.correiobraziliense.com.br\/cbradar\/","name":"Correio Braziliense - Radar","description":"Acompanhe as \u00faltimas not\u00edcias e fique bem informado sobre tudo o que acontece no Brasil e no mundo.","potentialAction":[{"@type":"SearchAction","target":{"@type":"EntryPoint","urlTemplate":"https:\/\/www.correiobraziliense.com.br\/cbradar\/?s={search_term_string}"},"query-input":{"@type":"PropertyValueSpecification","valueRequired":true,"valueName":"search_term_string"}}],"inLanguage":"pt-BR"},{"@type":"Person","@id":"https:\/\/www.correiobraziliense.com.br\/cbradar\/#\/schema\/person\/4053c651a9bfc785afc6f4cbc9032fd3","name":"Maura Pereira","image":{"@type":"ImageObject","inLanguage":"pt-BR","@id":"https:\/\/www.correiobraziliense.com.br\/cbradar\/#\/schema\/person\/image\/","url":"https:\/\/secure.gravatar.com\/avatar\/3effd6bdadfa447f15089c7f7144eaa6?s=96&d=mm&r=g","contentUrl":"https:\/\/secure.gravatar.com\/avatar\/3effd6bdadfa447f15089c7f7144eaa6?s=96&d=mm&r=g","caption":"Maura Pereira"},"sameAs":["https:\/\/www.correiobraziliense.com.br\/"],"url":"https:\/\/www.correiobraziliense.com.br\/cbradar\/author\/mauramyth\/"}]}},"_links":{"self":[{"href":"https:\/\/www.correiobraziliense.com.br\/cbradar\/wp-json\/wp\/v2\/posts\/152547","targetHints":{"allow":["GET"]}}],"collection":[{"href":"https:\/\/www.correiobraziliense.com.br\/cbradar\/wp-json\/wp\/v2\/posts"}],"about":[{"href":"https:\/\/www.correiobraziliense.com.br\/cbradar\/wp-json\/wp\/v2\/types\/post"}],"author":[{"embeddable":true,"href":"https:\/\/www.correiobraziliense.com.br\/cbradar\/wp-json\/wp\/v2\/users\/8"}],"replies":[{"embeddable":true,"href":"https:\/\/www.correiobraziliense.com.br\/cbradar\/wp-json\/wp\/v2\/comments?post=152547"}],"version-history":[{"count":17,"href":"https:\/\/www.correiobraziliense.com.br\/cbradar\/wp-json\/wp\/v2\/posts\/152547\/revisions"}],"predecessor-version":[{"id":152598,"href":"https:\/\/www.correiobraziliense.com.br\/cbradar\/wp-json\/wp\/v2\/posts\/152547\/revisions\/152598"}],"wp:featuredmedia":[{"embeddable":true,"href":"https:\/\/www.correiobraziliense.com.br\/cbradar\/wp-json\/wp\/v2\/media\/152567"}],"wp:attachment":[{"href":"https:\/\/www.correiobraziliense.com.br\/cbradar\/wp-json\/wp\/v2\/media?parent=152547"}],"wp:term":[{"taxonomy":"category","embeddable":true,"href":"https:\/\/www.correiobraziliense.com.br\/cbradar\/wp-json\/wp\/v2\/categories?post=152547"},{"taxonomy":"post_tag","embeddable":true,"href":"https:\/\/www.correiobraziliense.com.br\/cbradar\/wp-json\/wp\/v2\/post_tag?post=152547"}],"curies":[{"name":"wp","href":"https:\/\/api.w.org\/{rel}","templated":true}]}}