{"id":152587,"date":"2025-12-09T09:35:00","date_gmt":"2025-12-09T12:35:00","guid":{"rendered":"https:\/\/www.correiobraziliense.com.br\/cbradar\/?p=152587"},"modified":"2025-12-08T11:19:03","modified_gmt":"2025-12-08T14:19:03","slug":"essa-comida-coreana-fortalece-a-imunidade-e-o-intestino","status":"publish","type":"post","link":"https:\/\/www.correiobraziliense.com.br\/cbradar\/essa-comida-coreana-fortalece-a-imunidade-e-o-intestino\/","title":{"rendered":"Essa comida coreana fortalece a imunidade e o intestino"},"content":{"rendered":"\n<p>O kimchi, um prato tradicional da Coreia, \u00e9 famoso por seu sabor picante e caracter\u00edsticas fermentadas. Recentemente, tornou-se mundialmente popular n\u00e3o apenas por sua culin\u00e1ria ex\u00f3tica, mas tamb\u00e9m pelos supostos benef\u00edcios \u00e0 sa\u00fade, especialmente no que diz respeito ao sistema imunol\u00f3gico. Um estudo recente lan\u00e7a luz sobre os potenciais efeitos do kimchi na imunidade, especificamente como ele pode melhorar a resposta do corpo a pat\u00f3genos.<\/p>\n\n\n\n<p>O estudo envolveu 13 participantes adultos que estavam acima do peso, examinando os efeitos do consumo de kimchi sobre o sistema imunol\u00f3gico em um per\u00edodo de 12 semanas. Os participantes foram divididos em tr\u00eas grupos: um recebeu placebo, e os outros dois consumiram diferentes tipos de kimchi em p\u00f3. A vers\u00e3o desidratada do kimchi seria equivalente a aproximadamente 30 gramas de kimchi fresco por dia.<\/p>\n\n\n\n<h2 class=\"wp-block-heading\">De que forma o kimchi afeta o sistema imunol\u00f3gico?<\/h2>\n\n\n\n<p>O kimchi aparenta impactar o sistema imunol\u00f3gico de maneira bastante espec\u00edfica, aumentando a atividade das c\u00e9lulas apresentadoras de ant\u00edgenos (APCs). Essas c\u00e9lulas ingerem pat\u00f3genos, os processam e exibem partes deles em sua superf\u00edcie, alertando as c\u00e9lulas T auxiliares para que montem uma defesa efetiva contra amea\u00e7as espec\u00edficas. Este processo n\u00e3o s\u00f3 ajuda na defesa contra infec\u00e7\u00f5es, como tamb\u00e9m mant\u00e9m o equil\u00edbrio ao evitar inflama\u00e7\u00f5es excessivas que poderiam causar danos aos tecidos.<\/p>\n\n\n<div class=\"wp-block-image\">\n<figure class=\"aligncenter size-large\"><img decoding=\"async\" width=\"1024\" height=\"576\" src=\"https:\/\/www.correiobraziliense.com.br\/cbradar\/wp-content\/uploads\/2025\/12\/Kimchi_1765206013875-1024x576.jpg\" alt=\"\" class=\"wp-image-152590\" srcset=\"https:\/\/www.correiobraziliense.com.br\/cbradar\/wp-content\/uploads\/2025\/12\/Kimchi_1765206013875-1024x576.jpg 1024w, https:\/\/www.correiobraziliense.com.br\/cbradar\/wp-content\/uploads\/2025\/12\/Kimchi_1765206013875-300x169.jpg 300w, https:\/\/www.correiobraziliense.com.br\/cbradar\/wp-content\/uploads\/2025\/12\/Kimchi_1765206013875-768x432.jpg 768w, https:\/\/www.correiobraziliense.com.br\/cbradar\/wp-content\/uploads\/2025\/12\/Kimchi_1765206013875-750x422.jpg 750w, https:\/\/www.correiobraziliense.com.br\/cbradar\/wp-content\/uploads\/2025\/12\/Kimchi_1765206013875-1140x641.jpg 1140w, https:\/\/www.correiobraziliense.com.br\/cbradar\/wp-content\/uploads\/2025\/12\/Kimchi_1765206013875.jpg 1280w\" sizes=\"(max-width: 1024px) 100vw, 1024px\" \/><figcaption class=\"wp-element-caption\">Kimchi &#8211; Cr\u00e9ditos: depositphotos.com \/ VadimVasenin<\/figcaption><\/figure><\/div>\n\n\n<h2 class=\"wp-block-heading\">Quais os mecanismos moleculares envolvidos?<\/h2>\n\n\n\n<p>A pesquisa indicou que o kimchi \u00e9 eficiente em aumentar a atividade de genes essenciais para a comunica\u00e7\u00e3o das c\u00e9lulas imunol\u00f3gicas. Isso implica em uma melhora significativa na capacidade das c\u00e9lulas T auxiliares de coordenarem a resposta imunol\u00f3gica do organismo. Altera\u00e7\u00f5es gen\u00e9ticas nas c\u00e9lulas T aperfei\u00e7oam sua rapidez de rea\u00e7\u00e3o diante de novas amea\u00e7as, otimizando a defesa imunol\u00f3gica sem causar inflama\u00e7\u00f5es desnecess\u00e1rias.<\/p>\n\n\n\n<h2 class=\"wp-block-heading\">Existem outros alimentos fermentados com potencial imunol\u00f3gico?<\/h2>\n\n\n\n<p>Al\u00e9m do kimchi, diversos outros alimentos fermentados tamb\u00e9m podem ter benef\u00edcios similares, incluindo iogurte, kefir, chucrute, miss\u00f4 e kombucha. Esses alimentos s\u00e3o ricos em micr\u00f3bios vivos e metab\u00f3litos, oferecendo efeitos positivos no microbioma humano. Alguns estudos indicam que produtos l\u00e1cteos fermentados podem inclusive aumentar bact\u00e9rias intestinais ben\u00e9ficas e modificar respostas imunes, incluindo a atividade das c\u00e9lulas T.<\/p>\n\n\n\n<p>Embora os resultados preliminares sejam promissores, \u00e9 vital lembrar que o estudo em quest\u00e3o envolveu um n\u00famero reduzido de participantes. Assim, s\u00e3o necess\u00e1rias mais pesquisas para validar de forma conclusiva os impactos do kimchi e de outros alimentos fermentados na <a href=\"https:\/\/www.correiobraziliense.com.br\/cbradar\/dr-cesar-cimonari-neurocirurgiao-sintomas-de-gliomas-que-voce-nao-deve-ignorar\/\" target=\"_blank\" rel=\"noreferrer noopener\">sa\u00fade <\/a>geral. Dessa forma, a inclus\u00e3o de uma variedade de alimentos fermentados na dieta pode ser uma estrat\u00e9gia pr\u00e1tica e saborosa para potencializar a sa\u00fade intestinal e imunol\u00f3gica.<\/p>\n\n\n<a href=\"https:\/\/www.instagram.com\/dra.annaluisabf\/\" target=\"_blank\" rel=\"noopener\" style=\"text-decoration: none; color: inherit;\">\n    <span style=\"display: inline-block; border: 1px solid #ccc; border-radius: 10px; padding: 15px; max-width: 550px; font-family: sans-serif; box-shadow: 0 2px 5px rgba(0,0,0,0.1); width: 100%;\">\n\n      <!-- T\u00edtulo -->\n      <span style=\"display: block; margin: 0 0 15px 0; font-weight: bold; color: #2c3e50; text-align: center;\">\n        Entre em contato:\n      <\/span>\n\n      <!-- Linha do perfil -->\n      <span style=\"display: flex; align-items: center; gap: 15px;\">\n        <img decoding=\"async\"\n          src=\"https:\/\/www.correiobraziliense.com.br\/cbradar\/wp-content\/uploads\/2025\/08\/dra_anna_luisa.jpeg\"\n          alt=\"Foto da Dra. Anna Lu\u00edsa\"\n          style=\"border-radius: 50%; width: 80px; height: 80px; object-fit: cover;\"\n        \/>\n        <span style=\"display: flex; flex-direction: column;\">\n          <span style=\"font-size: 18px; font-weight: 700; color: #2c3e50;\">Dra. Anna Lu\u00edsa Barbosa Fernandes<\/span>\n          <span style=\"color: #555;\">CRM-GO 33.271<\/span>\n        <\/span>\n      <\/span>\n\n      <!-- Redes -->\n      <span style=\"display: flex; align-items: center; gap: 10px; margin-top: 12px;\">\n        <img decoding=\"async\" src=\"https:\/\/cdn-icons-png.flaticon.com\/24\/1384\/1384063.png\" alt=\"Instagram\" width=\"24\" height=\"24\" \/>\n        <span style=\"text-decoration: underline; color: #2c3e50;\">@dra.annaluisabf<\/span>\n      <\/span>\n\n    <\/span>\n  <\/a>","protected":false},"excerpt":{"rendered":"<p>O kimchi, um prato tradicional da Coreia, \u00e9 famoso por seu sabor picante e caracter\u00edsticas fermentadas. Recentemente, tornou-se mundialmente popular n\u00e3o apenas por sua culin\u00e1ria ex\u00f3tica, mas tamb\u00e9m pelos supostos benef\u00edcios \u00e0 sa\u00fade, especialmente no que diz respeito ao sistema imunol\u00f3gico. Um estudo recente lan\u00e7a luz sobre os potenciais efeitos do kimchi na imunidade, especificamente [&hellip;]<\/p>\n","protected":false},"author":14,"featured_media":152589,"comment_status":"open","ping_status":"open","sticky":false,"template":"","format":"standard","meta":{"_yoast_wpseo_focuskw":"Kimchi","_yoast_wpseo_title":"","_yoast_wpseo_metadesc":"Rico em compostos bioativos, o kimchi fermentado estimula a imunidade e equilibra a flora intestinal. Descubra seus benef\u00edcios.","jnews-multi-image_gallery":[],"jnews_single_post":{"format":"standard"},"jnews_primary_category":[],"jnews_social_meta":[],"jnews_override_counter":[],"footnotes":""},"categories":[4404],"tags":[120,12464,1318],"class_list":["post-152587","post","type-post","status-publish","format-standard","has-post-thumbnail","hentry","category-saude","tag-bem-estar","tag-kimchi","tag-saude-2"],"yoast_head":"<!-- This site is optimized with the Yoast SEO plugin v24.6 - https:\/\/yoast.com\/wordpress\/plugins\/seo\/ -->\n<title>Essa comida coreana fortalece a imunidade e o intestino - Correio Braziliense - Radar<\/title>\n<meta name=\"description\" content=\"Rico em compostos bioativos, o kimchi fermentado estimula a imunidade e equilibra a flora intestinal. Descubra seus benef\u00edcios.\" \/>\n<meta name=\"robots\" content=\"index, follow, max-snippet:-1, max-image-preview:large, max-video-preview:-1\" \/>\n<link rel=\"canonical\" href=\"https:\/\/www.correiobraziliense.com.br\/cbradar\/essa-comida-coreana-fortalece-a-imunidade-e-o-intestino\/\" \/>\n<meta property=\"og:locale\" content=\"pt_BR\" \/>\n<meta property=\"og:type\" content=\"article\" \/>\n<meta property=\"og:title\" content=\"Essa comida coreana fortalece a imunidade e o intestino - Correio Braziliense - Radar\" \/>\n<meta property=\"og:description\" content=\"Rico em compostos bioativos, o kimchi fermentado estimula a imunidade e equilibra a flora intestinal. Descubra seus benef\u00edcios.\" \/>\n<meta property=\"og:url\" content=\"https:\/\/www.correiobraziliense.com.br\/cbradar\/essa-comida-coreana-fortalece-a-imunidade-e-o-intestino\/\" \/>\n<meta property=\"og:site_name\" content=\"Correio Braziliense - Radar\" \/>\n<meta property=\"article:published_time\" content=\"2025-12-09T12:35:00+00:00\" \/>\n<meta property=\"og:image\" content=\"https:\/\/www.correiobraziliense.com.br\/cbradar\/wp-content\/uploads\/2025\/12\/Kimchi_1765205983521.jpg\" \/>\n\t<meta property=\"og:image:width\" content=\"1280\" \/>\n\t<meta property=\"og:image:height\" content=\"720\" \/>\n\t<meta property=\"og:image:type\" content=\"image\/jpeg\" \/>\n<meta name=\"author\" content=\"guilherme_saude\" \/>\n<meta name=\"twitter:card\" content=\"summary_large_image\" \/>\n<meta name=\"twitter:label1\" content=\"Escrito por\" \/>\n\t<meta name=\"twitter:data1\" content=\"guilherme_saude\" \/>\n\t<meta name=\"twitter:label2\" content=\"Est. tempo de leitura\" \/>\n\t<meta name=\"twitter:data2\" content=\"6 minutos\" \/>\n<!-- \/ Yoast SEO plugin. -->","yoast_head_json":{"title":"Essa comida coreana fortalece a imunidade e o intestino - Correio Braziliense - Radar","description":"Rico em compostos bioativos, o kimchi fermentado estimula a imunidade e equilibra a flora intestinal. Descubra seus benef\u00edcios.","robots":{"index":"index","follow":"follow","max-snippet":"max-snippet:-1","max-image-preview":"max-image-preview:large","max-video-preview":"max-video-preview:-1"},"canonical":"https:\/\/www.correiobraziliense.com.br\/cbradar\/essa-comida-coreana-fortalece-a-imunidade-e-o-intestino\/","og_locale":"pt_BR","og_type":"article","og_title":"Essa comida coreana fortalece a imunidade e o intestino - Correio Braziliense - Radar","og_description":"Rico em compostos bioativos, o kimchi fermentado estimula a imunidade e equilibra a flora intestinal. Descubra seus benef\u00edcios.","og_url":"https:\/\/www.correiobraziliense.com.br\/cbradar\/essa-comida-coreana-fortalece-a-imunidade-e-o-intestino\/","og_site_name":"Correio Braziliense - Radar","article_published_time":"2025-12-09T12:35:00+00:00","og_image":[{"width":1280,"height":720,"url":"https:\/\/www.correiobraziliense.com.br\/cbradar\/wp-content\/uploads\/2025\/12\/Kimchi_1765205983521.jpg","type":"image\/jpeg"}],"author":"guilherme_saude","twitter_card":"summary_large_image","twitter_misc":{"Escrito por":"guilherme_saude","Est. tempo de leitura":"6 minutos"},"schema":{"@context":"https:\/\/schema.org","@graph":[{"@type":"WebPage","@id":"https:\/\/www.correiobraziliense.com.br\/cbradar\/essa-comida-coreana-fortalece-a-imunidade-e-o-intestino\/","url":"https:\/\/www.correiobraziliense.com.br\/cbradar\/essa-comida-coreana-fortalece-a-imunidade-e-o-intestino\/","name":"Essa comida coreana fortalece a imunidade e o intestino - Correio Braziliense - Radar","isPartOf":{"@id":"https:\/\/www.correiobraziliense.com.br\/cbradar\/#website"},"primaryImageOfPage":{"@id":"https:\/\/www.correiobraziliense.com.br\/cbradar\/essa-comida-coreana-fortalece-a-imunidade-e-o-intestino\/#primaryimage"},"image":{"@id":"https:\/\/www.correiobraziliense.com.br\/cbradar\/essa-comida-coreana-fortalece-a-imunidade-e-o-intestino\/#primaryimage"},"thumbnailUrl":"https:\/\/www.correiobraziliense.com.br\/cbradar\/wp-content\/uploads\/2025\/12\/Kimchi_1765205983521.jpg","datePublished":"2025-12-09T12:35:00+00:00","author":{"@id":"https:\/\/www.correiobraziliense.com.br\/cbradar\/#\/schema\/person\/5aa4bf3c8fa699c267933611de12978b"},"description":"Rico em compostos bioativos, o kimchi fermentado estimula a imunidade e equilibra a flora intestinal. Descubra seus benef\u00edcios.","breadcrumb":{"@id":"https:\/\/www.correiobraziliense.com.br\/cbradar\/essa-comida-coreana-fortalece-a-imunidade-e-o-intestino\/#breadcrumb"},"inLanguage":"pt-BR","potentialAction":[{"@type":"ReadAction","target":["https:\/\/www.correiobraziliense.com.br\/cbradar\/essa-comida-coreana-fortalece-a-imunidade-e-o-intestino\/"]}]},{"@type":"ImageObject","inLanguage":"pt-BR","@id":"https:\/\/www.correiobraziliense.com.br\/cbradar\/essa-comida-coreana-fortalece-a-imunidade-e-o-intestino\/#primaryimage","url":"https:\/\/www.correiobraziliense.com.br\/cbradar\/wp-content\/uploads\/2025\/12\/Kimchi_1765205983521.jpg","contentUrl":"https:\/\/www.correiobraziliense.com.br\/cbradar\/wp-content\/uploads\/2025\/12\/Kimchi_1765205983521.jpg","width":1280,"height":720,"caption":"Kimchi - Cr\u00e9ditos: depositphotos.com \/ VadimVasenin"},{"@type":"BreadcrumbList","@id":"https:\/\/www.correiobraziliense.com.br\/cbradar\/essa-comida-coreana-fortalece-a-imunidade-e-o-intestino\/#breadcrumb","itemListElement":[{"@type":"ListItem","position":1,"name":"In\u00edcio","item":"https:\/\/www.correiobraziliense.com.br\/cbradar\/"},{"@type":"ListItem","position":2,"name":"Essa comida coreana fortalece a imunidade e o intestino"}]},{"@type":"WebSite","@id":"https:\/\/www.correiobraziliense.com.br\/cbradar\/#website","url":"https:\/\/www.correiobraziliense.com.br\/cbradar\/","name":"Correio Braziliense - Radar","description":"Acompanhe as \u00faltimas not\u00edcias e fique bem informado sobre tudo o que acontece no Brasil e no mundo.","potentialAction":[{"@type":"SearchAction","target":{"@type":"EntryPoint","urlTemplate":"https:\/\/www.correiobraziliense.com.br\/cbradar\/?s={search_term_string}"},"query-input":{"@type":"PropertyValueSpecification","valueRequired":true,"valueName":"search_term_string"}}],"inLanguage":"pt-BR"},{"@type":"Person","@id":"https:\/\/www.correiobraziliense.com.br\/cbradar\/#\/schema\/person\/5aa4bf3c8fa699c267933611de12978b","name":"guilherme_saude","image":{"@type":"ImageObject","inLanguage":"pt-BR","@id":"https:\/\/www.correiobraziliense.com.br\/cbradar\/#\/schema\/person\/image\/","url":"https:\/\/secure.gravatar.com\/avatar\/df9adfb835d344bc0af109d41756253f?s=96&d=mm&r=g","contentUrl":"https:\/\/secure.gravatar.com\/avatar\/df9adfb835d344bc0af109d41756253f?s=96&d=mm&r=g","caption":"guilherme_saude"},"url":"https:\/\/www.correiobraziliense.com.br\/cbradar\/author\/guilherme_saude\/"}]}},"_links":{"self":[{"href":"https:\/\/www.correiobraziliense.com.br\/cbradar\/wp-json\/wp\/v2\/posts\/152587","targetHints":{"allow":["GET"]}}],"collection":[{"href":"https:\/\/www.correiobraziliense.com.br\/cbradar\/wp-json\/wp\/v2\/posts"}],"about":[{"href":"https:\/\/www.correiobraziliense.com.br\/cbradar\/wp-json\/wp\/v2\/types\/post"}],"author":[{"embeddable":true,"href":"https:\/\/www.correiobraziliense.com.br\/cbradar\/wp-json\/wp\/v2\/users\/14"}],"replies":[{"embeddable":true,"href":"https:\/\/www.correiobraziliense.com.br\/cbradar\/wp-json\/wp\/v2\/comments?post=152587"}],"version-history":[{"count":1,"href":"https:\/\/www.correiobraziliense.com.br\/cbradar\/wp-json\/wp\/v2\/posts\/152587\/revisions"}],"predecessor-version":[{"id":152593,"href":"https:\/\/www.correiobraziliense.com.br\/cbradar\/wp-json\/wp\/v2\/posts\/152587\/revisions\/152593"}],"wp:featuredmedia":[{"embeddable":true,"href":"https:\/\/www.correiobraziliense.com.br\/cbradar\/wp-json\/wp\/v2\/media\/152589"}],"wp:attachment":[{"href":"https:\/\/www.correiobraziliense.com.br\/cbradar\/wp-json\/wp\/v2\/media?parent=152587"}],"wp:term":[{"taxonomy":"category","embeddable":true,"href":"https:\/\/www.correiobraziliense.com.br\/cbradar\/wp-json\/wp\/v2\/categories?post=152587"},{"taxonomy":"post_tag","embeddable":true,"href":"https:\/\/www.correiobraziliense.com.br\/cbradar\/wp-json\/wp\/v2\/tags?post=152587"}],"curies":[{"name":"wp","href":"https:\/\/api.w.org\/{rel}","templated":true}]}}