{"id":152594,"date":"2025-12-09T21:35:00","date_gmt":"2025-12-10T00:35:00","guid":{"rendered":"https:\/\/www.correiobraziliense.com.br\/cbradar\/?p=152594"},"modified":"2025-12-08T11:06:06","modified_gmt":"2025-12-08T14:06:06","slug":"como-evitar-insolacao-nos-dias-mais-quentes-do-ano","status":"publish","type":"post","link":"https:\/\/www.correiobraziliense.com.br\/cbradar\/como-evitar-insolacao-nos-dias-mais-quentes-do-ano\/","title":{"rendered":"Como evitar insola\u00e7\u00e3o nos dias mais quentes do ano"},"content":{"rendered":"\n<p>Com a chegada do ver\u00e3o, cresce a preocupa\u00e7\u00e3o com as altas temperaturas e a exposi\u00e7\u00e3o solar prolongada. Em diversas regi\u00f5es do Brasil, os term\u00f4metros superam facilmente os 35\u00b0C, aumentando o risco de <strong>Insola\u00e7\u00e3o <\/strong>nessa esta\u00e7\u00e3o. A Insola\u00e7\u00e3o ocorre quando o corpo humano \u00e9 exposto excessivamente ao sol, resultando em um desequil\u00edbrio t\u00e9rmico e danos \u00e0 sa\u00fade, que podem at\u00e9 requerer atendimento m\u00e9dico.<\/p>\n\n\n\n<p>A preven\u00e7\u00e3o contra a Insola\u00e7\u00e3o depende de atitudes simples, por\u00e9m fundamentais, para aqueles que precisam ou desejam aproveitar os dias ao ar livre. Poderia se evitar desde sintomas leves, como dor de cabe\u00e7a e cansa\u00e7o, at\u00e9 complica\u00e7\u00f5es mais graves, como desidrata\u00e7\u00e3o severa e convuls\u00f5es. Portanto, informar-se sobre pr\u00e1ticas adequadas \u00e9 indispens\u00e1vel durante o per\u00edodo de maior intensidade solar.<\/p>\n\n\n\n<h2 class=\"wp-block-heading\">Por que a Insola\u00e7\u00e3o \u00e9 mais comum no ver\u00e3o?<\/h2>\n\n\n\n<p>No ver\u00e3o, a radia\u00e7\u00e3o solar se intensifica devido \u00e0 posi\u00e7\u00e3o da Terra em rela\u00e7\u00e3o ao Sol. A combina\u00e7\u00e3o de tempo seco e c\u00e9u sem nuvens permite que os raios solares atinjam diretamente a pele, aumentando a chance de Insola\u00e7\u00e3o. Crian\u00e7as, idosos e pessoas que exercem atividades ao ar livre s\u00e3o mais vulner\u00e1veis, necessitando de aten\u00e7\u00e3o especial ao praticarem atividades sob o sol.<\/p>\n\n\n<div class=\"wp-block-image\">\n<figure class=\"aligncenter size-large\"><img decoding=\"async\" width=\"1024\" height=\"576\" src=\"https:\/\/www.correiobraziliense.com.br\/cbradar\/wp-content\/uploads\/2025\/12\/Insolacao_1765206486864-1024x576.jpg\" alt=\"\" class=\"wp-image-152601\" srcset=\"https:\/\/www.correiobraziliense.com.br\/cbradar\/wp-content\/uploads\/2025\/12\/Insolacao_1765206486864-1024x576.jpg 1024w, https:\/\/www.correiobraziliense.com.br\/cbradar\/wp-content\/uploads\/2025\/12\/Insolacao_1765206486864-300x169.jpg 300w, https:\/\/www.correiobraziliense.com.br\/cbradar\/wp-content\/uploads\/2025\/12\/Insolacao_1765206486864-768x432.jpg 768w, https:\/\/www.correiobraziliense.com.br\/cbradar\/wp-content\/uploads\/2025\/12\/Insolacao_1765206486864-750x422.jpg 750w, https:\/\/www.correiobraziliense.com.br\/cbradar\/wp-content\/uploads\/2025\/12\/Insolacao_1765206486864-1140x641.jpg 1140w, https:\/\/www.correiobraziliense.com.br\/cbradar\/wp-content\/uploads\/2025\/12\/Insolacao_1765206486864.jpg 1280w\" sizes=\"(max-width: 1024px) 100vw, 1024px\" \/><figcaption class=\"wp-element-caption\">Insola\u00e7\u00e3o &#8211; Cr\u00e9ditos: depositphotos.com \/ sergio_pulp<\/figcaption><\/figure><\/div>\n\n\n<p>Al\u00e9m disso, em v\u00e1rias cidades brasileiras, o \u00edndice de radia\u00e7\u00e3o ultravioleta (UV) pode alcan\u00e7ar n\u00edveis extremos, superiores aos recomendados para uma exposi\u00e7\u00e3o segura. Considerando esse cen\u00e1rio, adotar medidas preventivas \u00e9 essencial para evitar problemas relacionados \u00e0 insola\u00e7\u00e3o.<\/p>\n\n\n\n<h2 class=\"wp-block-heading\">Como prevenir a Insola\u00e7\u00e3o eficazmente?<\/h2>\n\n\n\n<p>Prevenir a Insola\u00e7\u00e3o n\u00e3o depende apenas do uso de protetor solar; \u00e9 preciso adotar uma s\u00e9rie de h\u00e1bitos que protejam o corpo do excesso de calor e mantenham a hidrata\u00e7\u00e3o. Segue uma lista de recomenda\u00e7\u00f5es fundamentais para reduzir riscos durante o ver\u00e3o:<\/p>\n\n\n\n<ul class=\"wp-block-list\">\n<li><strong>Evitar exposi\u00e7\u00e3o ao sol entre 10h e 16h:<\/strong>\u00a0Esse intervalo marca os per\u00edodos de maior incid\u00eancia dos raios UV.<\/li>\n\n\n\n<li><strong>Utilizar roupas leves e de cores claras:<\/strong>\u00a0Tecidos que n\u00e3o absorvem calor s\u00e3o aliados na prote\u00e7\u00e3o.<\/li>\n\n\n\n<li><strong>Usar chap\u00e9us ou bon\u00e9s:<\/strong>\u00a0Proteger a cabe\u00e7a e o rosto reduz os riscos da luz solar direta.<\/li>\n\n\n\n<li><strong>Aplicar protetor solar regularmente:<\/strong>\u00a0Reaplicar a cada duas horas, especialmente ap\u00f3s suar ou entrar em contato com a \u00e1gua.<\/li>\n\n\n\n<li><strong>Beber \u00e1gua constantemente:<\/strong>\u00a0Hidratar-se adequadamente \u00e9 essencial; priorize \u00e1gua em vez de bebidas a\u00e7ucaradas ou alco\u00f3licas.<\/li>\n<\/ul>\n\n\n\n<h2 class=\"wp-block-heading\">Quais s\u00e3o os sintomas e como agir em caso de Insola\u00e7\u00e3o?<\/h2>\n\n\n\n<p>Reconhecer rapidamente os sinais de Insola\u00e7\u00e3o pode alterar o desfecho do quadro. Os sintomas mais comuns incluem forte dor de cabe\u00e7a, pele quente e vermelha, fadiga intensa, n\u00e1useas, v\u00f4mitos, tontura e at\u00e9 perda de consci\u00eancia nos casos mais graves. A presen\u00e7a desses sinais requer uma resposta imediata para evitar complica\u00e7\u00f5es.<\/p>\n\n\n\n<ol class=\"wp-block-list\">\n<li>Interrompa imediatamente a exposi\u00e7\u00e3o ao sol.<\/li>\n\n\n\n<li>Leve a pessoa para um local fresco e arejado.<\/li>\n\n\n\n<li>Ofere\u00e7a \u00e1gua em pequenos goles para auxiliar na reidrata\u00e7\u00e3o.<\/li>\n\n\n\n<li>Aplique compressas frias na testa, axilas e pulsos.<\/li>\n\n\n\n<li>Busque atendimento m\u00e9dico se os sintomas forem intensos ou persistirem.<\/li>\n<\/ol>\n\n\n\n<p>Tomar precau\u00e7\u00f5es \u00e9 a melhor forma de garantir um ver\u00e3o mais seguro e agrad\u00e1vel. Por meio de cuidados simples, como prote\u00e7\u00e3o solar adequada, escolha de roupas e hidrata\u00e7\u00e3o constante, \u00e9 poss\u00edvel desfrutar da esta\u00e7\u00e3o sem comprometer a <a href=\"https:\/\/www.correiobraziliense.com.br\/cbradar\/dr-cesar-cimonari-neurocirurgiao-sintomas-de-gliomas-que-voce-nao-deve-ignorar\/\" target=\"_blank\" rel=\"noreferrer noopener\">sa\u00fade<\/a>. Estar atento aos sinais do corpo \u00e9 crucial para evitar Insola\u00e7\u00e3o e outros problemas associados ao calor intenso.<\/p>\n\n\n<a href=\"https:\/\/www.instagram.com\/dra.annaluisabf\/\" target=\"_blank\" rel=\"noopener\" style=\"text-decoration: none; color: inherit;\">\n    <span style=\"display: inline-block; border: 1px solid #ccc; border-radius: 10px; padding: 15px; max-width: 550px; font-family: sans-serif; box-shadow: 0 2px 5px rgba(0,0,0,0.1); width: 100%;\">\n\n      <!-- T\u00edtulo -->\n      <span style=\"display: block; margin: 0 0 15px 0; font-weight: bold; color: #2c3e50; text-align: center;\">\n        Entre em contato:\n      <\/span>\n\n      <!-- Linha do perfil -->\n      <span style=\"display: flex; align-items: center; gap: 15px;\">\n        <img decoding=\"async\"\n          src=\"https:\/\/www.correiobraziliense.com.br\/cbradar\/wp-content\/uploads\/2025\/08\/dra_anna_luisa.jpeg\"\n          alt=\"Foto da Dra. Anna Lu\u00edsa\"\n          style=\"border-radius: 50%; width: 80px; height: 80px; object-fit: cover;\"\n        \/>\n        <span style=\"display: flex; flex-direction: column;\">\n          <span style=\"font-size: 18px; font-weight: 700; color: #2c3e50;\">Dra. Anna Lu\u00edsa Barbosa Fernandes<\/span>\n          <span style=\"color: #555;\">CRM-GO 33.271<\/span>\n        <\/span>\n      <\/span>\n\n      <!-- Redes -->\n      <span style=\"display: flex; align-items: center; gap: 10px; margin-top: 12px;\">\n        <img decoding=\"async\" src=\"https:\/\/cdn-icons-png.flaticon.com\/24\/1384\/1384063.png\" alt=\"Instagram\" width=\"24\" height=\"24\" \/>\n        <span style=\"text-decoration: underline; color: #2c3e50;\">@dra.annaluisabf<\/span>\n      <\/span>\n\n    <\/span>\n  <\/a>","protected":false},"excerpt":{"rendered":"<p>Com a chegada do ver\u00e3o, cresce a preocupa\u00e7\u00e3o com as altas temperaturas e a exposi\u00e7\u00e3o solar prolongada. Em diversas regi\u00f5es do Brasil, os term\u00f4metros superam facilmente os 35\u00b0C, aumentando o risco de Insola\u00e7\u00e3o nessa esta\u00e7\u00e3o. A Insola\u00e7\u00e3o ocorre quando o corpo humano \u00e9 exposto excessivamente ao sol, resultando em um desequil\u00edbrio t\u00e9rmico e danos \u00e0 [&hellip;]<\/p>\n","protected":false},"author":14,"featured_media":152600,"comment_status":"open","ping_status":"open","sticky":false,"template":"","format":"standard","meta":{"_yoast_wpseo_focuskw":"Insola\u00e7\u00e3o","_yoast_wpseo_title":"","_yoast_wpseo_metadesc":"Insola\u00e7\u00e3o pode causar dor de cabe\u00e7a, v\u00f4mito e desidrata\u00e7\u00e3o. Aprenda a prevenir e identificar os sinais para aproveitar o ver\u00e3o com seguran\u00e7a.","jnews-multi-image_gallery":[],"jnews_single_post":{"format":"standard"},"jnews_primary_category":[],"jnews_social_meta":[],"jnews_override_counter":[],"footnotes":""},"categories":[4404],"tags":[120,12467,1318],"class_list":["post-152594","post","type-post","status-publish","format-standard","has-post-thumbnail","hentry","category-saude","tag-bem-estar","tag-insolacao","tag-saude-2"],"yoast_head":"<!-- This site is optimized with the Yoast SEO plugin v24.6 - https:\/\/yoast.com\/wordpress\/plugins\/seo\/ -->\n<title>Como evitar insola\u00e7\u00e3o nos dias mais quentes do ano - Correio Braziliense - Radar<\/title>\n<meta name=\"description\" content=\"Insola\u00e7\u00e3o pode causar dor de cabe\u00e7a, v\u00f4mito e desidrata\u00e7\u00e3o. Aprenda a prevenir e identificar os sinais para aproveitar o ver\u00e3o com seguran\u00e7a.\" \/>\n<meta name=\"robots\" content=\"index, follow, max-snippet:-1, max-image-preview:large, max-video-preview:-1\" \/>\n<link rel=\"canonical\" href=\"https:\/\/www.correiobraziliense.com.br\/cbradar\/como-evitar-insolacao-nos-dias-mais-quentes-do-ano\/\" \/>\n<meta property=\"og:locale\" content=\"pt_BR\" \/>\n<meta property=\"og:type\" content=\"article\" \/>\n<meta property=\"og:title\" content=\"Como evitar insola\u00e7\u00e3o nos dias mais quentes do ano - Correio Braziliense - Radar\" \/>\n<meta property=\"og:description\" content=\"Insola\u00e7\u00e3o pode causar dor de cabe\u00e7a, v\u00f4mito e desidrata\u00e7\u00e3o. Aprenda a prevenir e identificar os sinais para aproveitar o ver\u00e3o com seguran\u00e7a.\" \/>\n<meta property=\"og:url\" content=\"https:\/\/www.correiobraziliense.com.br\/cbradar\/como-evitar-insolacao-nos-dias-mais-quentes-do-ano\/\" \/>\n<meta property=\"og:site_name\" content=\"Correio Braziliense - Radar\" \/>\n<meta property=\"article:published_time\" content=\"2025-12-10T00:35:00+00:00\" \/>\n<meta property=\"og:image\" content=\"https:\/\/www.correiobraziliense.com.br\/cbradar\/wp-content\/uploads\/2025\/12\/Insolacao_1765206352541.jpg\" \/>\n\t<meta property=\"og:image:width\" content=\"1280\" \/>\n\t<meta property=\"og:image:height\" content=\"720\" \/>\n\t<meta property=\"og:image:type\" content=\"image\/jpeg\" \/>\n<meta name=\"author\" content=\"guilherme_saude\" \/>\n<meta name=\"twitter:card\" content=\"summary_large_image\" \/>\n<meta name=\"twitter:label1\" content=\"Escrito por\" \/>\n\t<meta name=\"twitter:data1\" content=\"guilherme_saude\" \/>\n\t<meta name=\"twitter:label2\" content=\"Est. tempo de leitura\" \/>\n\t<meta name=\"twitter:data2\" content=\"4 minutos\" \/>\n<!-- \/ Yoast SEO plugin. -->","yoast_head_json":{"title":"Como evitar insola\u00e7\u00e3o nos dias mais quentes do ano - Correio Braziliense - Radar","description":"Insola\u00e7\u00e3o pode causar dor de cabe\u00e7a, v\u00f4mito e desidrata\u00e7\u00e3o. Aprenda a prevenir e identificar os sinais para aproveitar o ver\u00e3o com seguran\u00e7a.","robots":{"index":"index","follow":"follow","max-snippet":"max-snippet:-1","max-image-preview":"max-image-preview:large","max-video-preview":"max-video-preview:-1"},"canonical":"https:\/\/www.correiobraziliense.com.br\/cbradar\/como-evitar-insolacao-nos-dias-mais-quentes-do-ano\/","og_locale":"pt_BR","og_type":"article","og_title":"Como evitar insola\u00e7\u00e3o nos dias mais quentes do ano - Correio Braziliense - Radar","og_description":"Insola\u00e7\u00e3o pode causar dor de cabe\u00e7a, v\u00f4mito e desidrata\u00e7\u00e3o. Aprenda a prevenir e identificar os sinais para aproveitar o ver\u00e3o com seguran\u00e7a.","og_url":"https:\/\/www.correiobraziliense.com.br\/cbradar\/como-evitar-insolacao-nos-dias-mais-quentes-do-ano\/","og_site_name":"Correio Braziliense - Radar","article_published_time":"2025-12-10T00:35:00+00:00","og_image":[{"width":1280,"height":720,"url":"https:\/\/www.correiobraziliense.com.br\/cbradar\/wp-content\/uploads\/2025\/12\/Insolacao_1765206352541.jpg","type":"image\/jpeg"}],"author":"guilherme_saude","twitter_card":"summary_large_image","twitter_misc":{"Escrito por":"guilherme_saude","Est. tempo de leitura":"4 minutos"},"schema":{"@context":"https:\/\/schema.org","@graph":[{"@type":"WebPage","@id":"https:\/\/www.correiobraziliense.com.br\/cbradar\/como-evitar-insolacao-nos-dias-mais-quentes-do-ano\/","url":"https:\/\/www.correiobraziliense.com.br\/cbradar\/como-evitar-insolacao-nos-dias-mais-quentes-do-ano\/","name":"Como evitar insola\u00e7\u00e3o nos dias mais quentes do ano - Correio Braziliense - Radar","isPartOf":{"@id":"https:\/\/www.correiobraziliense.com.br\/cbradar\/#website"},"primaryImageOfPage":{"@id":"https:\/\/www.correiobraziliense.com.br\/cbradar\/como-evitar-insolacao-nos-dias-mais-quentes-do-ano\/#primaryimage"},"image":{"@id":"https:\/\/www.correiobraziliense.com.br\/cbradar\/como-evitar-insolacao-nos-dias-mais-quentes-do-ano\/#primaryimage"},"thumbnailUrl":"https:\/\/www.correiobraziliense.com.br\/cbradar\/wp-content\/uploads\/2025\/12\/Insolacao_1765206352541.jpg","datePublished":"2025-12-10T00:35:00+00:00","author":{"@id":"https:\/\/www.correiobraziliense.com.br\/cbradar\/#\/schema\/person\/5aa4bf3c8fa699c267933611de12978b"},"description":"Insola\u00e7\u00e3o pode causar dor de cabe\u00e7a, v\u00f4mito e desidrata\u00e7\u00e3o. Aprenda a prevenir e identificar os sinais para aproveitar o ver\u00e3o com seguran\u00e7a.","breadcrumb":{"@id":"https:\/\/www.correiobraziliense.com.br\/cbradar\/como-evitar-insolacao-nos-dias-mais-quentes-do-ano\/#breadcrumb"},"inLanguage":"pt-BR","potentialAction":[{"@type":"ReadAction","target":["https:\/\/www.correiobraziliense.com.br\/cbradar\/como-evitar-insolacao-nos-dias-mais-quentes-do-ano\/"]}]},{"@type":"ImageObject","inLanguage":"pt-BR","@id":"https:\/\/www.correiobraziliense.com.br\/cbradar\/como-evitar-insolacao-nos-dias-mais-quentes-do-ano\/#primaryimage","url":"https:\/\/www.correiobraziliense.com.br\/cbradar\/wp-content\/uploads\/2025\/12\/Insolacao_1765206352541.jpg","contentUrl":"https:\/\/www.correiobraziliense.com.br\/cbradar\/wp-content\/uploads\/2025\/12\/Insolacao_1765206352541.jpg","width":1280,"height":720,"caption":"Insola\u00e7\u00e3o - Cr\u00e9ditos: depositphotos.com \/ rdrgraphe"},{"@type":"BreadcrumbList","@id":"https:\/\/www.correiobraziliense.com.br\/cbradar\/como-evitar-insolacao-nos-dias-mais-quentes-do-ano\/#breadcrumb","itemListElement":[{"@type":"ListItem","position":1,"name":"In\u00edcio","item":"https:\/\/www.correiobraziliense.com.br\/cbradar\/"},{"@type":"ListItem","position":2,"name":"Como evitar insola\u00e7\u00e3o nos dias mais quentes do ano"}]},{"@type":"WebSite","@id":"https:\/\/www.correiobraziliense.com.br\/cbradar\/#website","url":"https:\/\/www.correiobraziliense.com.br\/cbradar\/","name":"Correio Braziliense - Radar","description":"Acompanhe as \u00faltimas not\u00edcias e fique bem informado sobre tudo o que acontece no Brasil e no mundo.","potentialAction":[{"@type":"SearchAction","target":{"@type":"EntryPoint","urlTemplate":"https:\/\/www.correiobraziliense.com.br\/cbradar\/?s={search_term_string}"},"query-input":{"@type":"PropertyValueSpecification","valueRequired":true,"valueName":"search_term_string"}}],"inLanguage":"pt-BR"},{"@type":"Person","@id":"https:\/\/www.correiobraziliense.com.br\/cbradar\/#\/schema\/person\/5aa4bf3c8fa699c267933611de12978b","name":"guilherme_saude","image":{"@type":"ImageObject","inLanguage":"pt-BR","@id":"https:\/\/www.correiobraziliense.com.br\/cbradar\/#\/schema\/person\/image\/","url":"https:\/\/secure.gravatar.com\/avatar\/df9adfb835d344bc0af109d41756253f?s=96&d=mm&r=g","contentUrl":"https:\/\/secure.gravatar.com\/avatar\/df9adfb835d344bc0af109d41756253f?s=96&d=mm&r=g","caption":"guilherme_saude"},"url":"https:\/\/www.correiobraziliense.com.br\/cbradar\/author\/guilherme_saude\/"}]}},"_links":{"self":[{"href":"https:\/\/www.correiobraziliense.com.br\/cbradar\/wp-json\/wp\/v2\/posts\/152594","targetHints":{"allow":["GET"]}}],"collection":[{"href":"https:\/\/www.correiobraziliense.com.br\/cbradar\/wp-json\/wp\/v2\/posts"}],"about":[{"href":"https:\/\/www.correiobraziliense.com.br\/cbradar\/wp-json\/wp\/v2\/types\/post"}],"author":[{"embeddable":true,"href":"https:\/\/www.correiobraziliense.com.br\/cbradar\/wp-json\/wp\/v2\/users\/14"}],"replies":[{"embeddable":true,"href":"https:\/\/www.correiobraziliense.com.br\/cbradar\/wp-json\/wp\/v2\/comments?post=152594"}],"version-history":[{"count":1,"href":"https:\/\/www.correiobraziliense.com.br\/cbradar\/wp-json\/wp\/v2\/posts\/152594\/revisions"}],"predecessor-version":[{"id":152603,"href":"https:\/\/www.correiobraziliense.com.br\/cbradar\/wp-json\/wp\/v2\/posts\/152594\/revisions\/152603"}],"wp:featuredmedia":[{"embeddable":true,"href":"https:\/\/www.correiobraziliense.com.br\/cbradar\/wp-json\/wp\/v2\/media\/152600"}],"wp:attachment":[{"href":"https:\/\/www.correiobraziliense.com.br\/cbradar\/wp-json\/wp\/v2\/media?parent=152594"}],"wp:term":[{"taxonomy":"category","embeddable":true,"href":"https:\/\/www.correiobraziliense.com.br\/cbradar\/wp-json\/wp\/v2\/categories?post=152594"},{"taxonomy":"post_tag","embeddable":true,"href":"https:\/\/www.correiobraziliense.com.br\/cbradar\/wp-json\/wp\/v2\/tags?post=152594"}],"curies":[{"name":"wp","href":"https:\/\/api.w.org\/{rel}","templated":true}]}}