{"id":152636,"date":"2025-12-08T14:55:00","date_gmt":"2025-12-08T17:55:00","guid":{"rendered":"https:\/\/www.correiobraziliense.com.br\/cbradar\/?p=152636"},"modified":"2025-12-08T12:13:16","modified_gmt":"2025-12-08T15:13:16","slug":"o-que-significa-sempre-andar-olhando-para-baixo-segundo-a-psicologia","status":"publish","type":"post","link":"https:\/\/www.correiobraziliense.com.br\/cbradar\/o-que-significa-sempre-andar-olhando-para-baixo-segundo-a-psicologia\/","title":{"rendered":"O que significa sempre andar olhando para baixo, segundo a psicologia"},"content":{"rendered":"\n<p><strong>A maneira como caminhamos diz muito sobre nosso estado emocional, nossa autopercep\u00e7\u00e3o e at\u00e9 nossos padr\u00f5es de pensamento.<\/strong> Entre esses sinais corporais, <strong>andar olhando para baixo<\/strong> \u00e9 um comportamento observado com frequ\u00eancia e que, segundo a psicologia, pode revelar aspectos profundos do mundo interno de uma pessoa. Embora n\u00e3o tenha um \u00fanico significado universal, esse gesto comunica padr\u00f5es emocionais, cognitivos e sociais importantes.<\/p>\n\n\n\n<h2 class=\"wp-block-heading\">Por que a dire\u00e7\u00e3o do olhar importa ao caminhar?<\/h2>\n\n\n\n<p>A postura e o olhar fazem parte da comunica\u00e7\u00e3o n\u00e3o verbal, influenciando como nos vemos e como somos percebidos pelos outros. <strong><a href=\"https:\/\/pmc.ncbi.nlm.nih.gov\/articles\/PMC10623623\/\" target=\"_blank\" rel=\"noreferrer noopener\">Segundo estudos em comportamento humano<\/a>, caminhar com o olhar baixo pode refletir baixa autoconfian\u00e7a ou tentativa de reduzir a exposi\u00e7\u00e3o social.<\/strong><\/p>\n\n\n\n<p>Esse padr\u00e3o tamb\u00e9m pode indicar um mecanismo autom\u00e1tico de prote\u00e7\u00e3o: ao evitar o contato visual, a pessoa reduz est\u00edmulos externos e concentra energia emocional em si mesma.<\/p>\n\n\n<div class=\"wp-block-image\">\n<figure class=\"aligncenter size-large\"><img decoding=\"async\" width=\"1024\" height=\"576\" src=\"https:\/\/www.correiobraziliense.com.br\/cbradar\/wp-content\/uploads\/2025\/12\/G-2025-12-08T120826.566-1024x576.png\" alt=\"O que significa sempre andar olhando para baixo segundo a psicologia\" class=\"wp-image-152660\" srcset=\"https:\/\/www.correiobraziliense.com.br\/cbradar\/wp-content\/uploads\/2025\/12\/G-2025-12-08T120826.566-1024x576.png 1024w, https:\/\/www.correiobraziliense.com.br\/cbradar\/wp-content\/uploads\/2025\/12\/G-2025-12-08T120826.566-300x169.png 300w, https:\/\/www.correiobraziliense.com.br\/cbradar\/wp-content\/uploads\/2025\/12\/G-2025-12-08T120826.566-768x432.png 768w, https:\/\/www.correiobraziliense.com.br\/cbradar\/wp-content\/uploads\/2025\/12\/G-2025-12-08T120826.566-750x422.png 750w, https:\/\/www.correiobraziliense.com.br\/cbradar\/wp-content\/uploads\/2025\/12\/G-2025-12-08T120826.566-1140x641.png 1140w, https:\/\/www.correiobraziliense.com.br\/cbradar\/wp-content\/uploads\/2025\/12\/G-2025-12-08T120826.566.png 1280w\" sizes=\"(max-width: 1024px) 100vw, 1024px\" \/><figcaption class=\"wp-element-caption\">Postura curvada com olhar baixo sinaliza baixa autoestima ou processamento emocional, combinada a passos lentos e ombros contra\u00eddos.\u200b<\/figcaption><\/figure><\/div>\n\n\n<h2 class=\"wp-block-heading\">Quando significa inseguran\u00e7a ou baixa autoestima?<\/h2>\n\n\n\n<p>Em muitos casos, andar olhando para baixo est\u00e1 ligado a sentimentos de inadequa\u00e7\u00e3o ou retraimento. <strong>Pessoas com autoestima fragilizada tendem a limitar o contato visual e adotar postura de fechamento corporal<\/strong>, como ombros curvados e cabe\u00e7a baixa.<\/p>\n\n\n\n<p>Essa postura comunica hesita\u00e7\u00e3o, medo de julgamento e dificuldade em ocupar espa\u00e7o social, mesmo quando a pessoa n\u00e3o percebe conscientemente.<\/p>\n\n\n\n<h2 class=\"wp-block-heading\">Pode ser um sinal de ansiedade social?<\/h2>\n\n\n\n<p>Sim. A ansiedade social \u00e9 uma das causas mais comuns desse comportamento. <strong>Manter o olhar baixo reduz a chance de intera\u00e7\u00f5es inesperadas<\/strong>, que podem gerar desconforto, nervosismo ou sensa\u00e7\u00e3o de vulnerabilidade.<\/p>\n\n\n\n<p>A pessoa busca controlar o ambiente diminuindo est\u00edmulos, evitando trocas visuais e se focando em passos e movimento.<\/p>\n\n\n\n<h2 class=\"wp-block-heading\">Pode ser apenas concentra\u00e7\u00e3o ou h\u00e1bito?<\/h2>\n\n\n\n<p>Sim. Nem sempre olhar para baixo indica sofrimento emocional. <strong>Algumas pessoas caminham dessa forma por h\u00e1bito, distra\u00e7\u00e3o ou foco em pensamentos internos.<\/strong><\/p>\n\n\n\n<p>Outros fatores incluem:<\/p>\n\n\n\n<ul class=\"wp-block-list\">\n<li>an\u00e1lise do caminho por seguran\u00e7a;<\/li>\n\n\n\n<li>evitar trope\u00e7os em ambientes irregulares;<\/li>\n\n\n\n<li>preferir menos est\u00edmulos visuais externos.<\/li>\n<\/ul>\n\n\n\n<p>O contexto \u00e9 fundamental antes de interpretar o comportamento.<\/p>\n\n\n<div class=\"wp-block-image\">\n<figure class=\"aligncenter size-large\"><img decoding=\"async\" width=\"1024\" height=\"576\" src=\"https:\/\/www.correiobraziliense.com.br\/cbradar\/wp-content\/uploads\/2025\/11\/insecure_1762684761454-1024x576.jpg\" alt=\"O que significa sempre andar olhando para baixo segundo a psicologia\" class=\"wp-image-134713\" srcset=\"https:\/\/www.correiobraziliense.com.br\/cbradar\/wp-content\/uploads\/2025\/11\/insecure_1762684761454-1024x576.jpg 1024w, https:\/\/www.correiobraziliense.com.br\/cbradar\/wp-content\/uploads\/2025\/11\/insecure_1762684761454-300x169.jpg 300w, https:\/\/www.correiobraziliense.com.br\/cbradar\/wp-content\/uploads\/2025\/11\/insecure_1762684761454-768x432.jpg 768w, https:\/\/www.correiobraziliense.com.br\/cbradar\/wp-content\/uploads\/2025\/11\/insecure_1762684761454-750x422.jpg 750w, https:\/\/www.correiobraziliense.com.br\/cbradar\/wp-content\/uploads\/2025\/11\/insecure_1762684761454-1140x641.jpg 1140w, https:\/\/www.correiobraziliense.com.br\/cbradar\/wp-content\/uploads\/2025\/11\/insecure_1762684761454.jpg 1280w\" sizes=\"(max-width: 1024px) 100vw, 1024px\" \/><figcaption class=\"wp-element-caption\">\u00c0s vezes, olhar para baixo \u00e9 inevit\u00e1vel, mas um olhar mais alto traz mais aten\u00e7\u00e3o e seguran\u00e7a. \/\/ Cr\u00e9ditos: depositphotos.com \/ Krakenimages.com<\/figcaption><\/figure><\/div>\n\n\n<h2 class=\"wp-block-heading\">A personalidade tamb\u00e9m influencia esse padr\u00e3o?<\/h2>\n\n\n\n<p>Influ\u00eancia, sim. Pessoas introvertidas ou reflexivas podem preferir caminhar de modo discreto, evitando exposi\u00e7\u00e3o. <strong>Esse gesto pode refletir introspec\u00e7\u00e3o e foco interno<\/strong>, e n\u00e3o necessariamente inseguran\u00e7a.<\/p>\n\n\n\n<p>J\u00e1 indiv\u00edduos mais expansivos tendem a caminhar com postura aberta e olhar elevado.<\/p>\n\n\n\n<h2 class=\"wp-block-heading\">O que esse comportamento comunica socialmente?<\/h2>\n\n\n\n<p>Em ambientes sociais, o olhar baixo pode ser interpretado como:<\/p>\n\n\n\n<ul class=\"wp-block-list\">\n<li>falta de interesse na intera\u00e7\u00e3o;<\/li>\n\n\n\n<li>timidez;<\/li>\n\n\n\n<li>submiss\u00e3o ou retraimento;<\/li>\n\n\n\n<li>necessidade de privacidade.<\/li>\n<\/ul>\n\n\n\n<p><strong>A comunica\u00e7\u00e3o corporal afeta a forma como os outros respondem<\/strong>, podendo influenciar rela\u00e7\u00f5es pessoais e profissionais.<\/p>\n\n\n\n<p><strong>Leia tamb\u00e9m: <a href=\"https:\/\/www.correiobraziliense.com.br\/cbradar\/o-que-significa-quando-um-gato-aparece-do-nada-na-sua-casa\/\" target=\"_blank\" rel=\"noreferrer noopener\">O que significa quando um gato aparece do nada na sua casa?<\/a><\/strong><\/p>\n\n\n\n<h2 class=\"wp-block-heading\">Como esse padr\u00e3o pode ser modificado?<\/h2>\n\n\n\n<p>Quando o olhar baixo causa preju\u00edzo emocional ou social, pequenas mudan\u00e7as podem ajudar:<\/p>\n\n\n\n<ul class=\"wp-block-list\">\n<li>treinar postura ereta;<\/li>\n\n\n\n<li>praticar contato visual gradual;<\/li>\n\n\n\n<li>exerc\u00edcios de respira\u00e7\u00e3o para reduzir ansiedade;<\/li>\n\n\n\n<li>terapia cognitivo-comportamental para reestrutura\u00e7\u00e3o de padr\u00f5es emocionais.<\/li>\n<\/ul>\n\n\n\n<p>A meta n\u00e3o \u00e9 for\u00e7ar um estilo artificial, mas desenvolver conforto e seguran\u00e7a ao caminhar e interagir.<\/p>\n","protected":false},"excerpt":{"rendered":"<p>A maneira como caminhamos diz muito sobre nosso estado emocional, nossa autopercep\u00e7\u00e3o e at\u00e9 nossos padr\u00f5es de pensamento. Entre esses sinais corporais, andar olhando para baixo \u00e9 um comportamento observado com frequ\u00eancia e que, segundo a psicologia, pode revelar aspectos profundos do mundo interno de uma pessoa. Embora n\u00e3o tenha um \u00fanico significado universal, esse [&hellip;]<\/p>\n","protected":false},"author":8,"featured_media":152657,"comment_status":"open","ping_status":"open","sticky":false,"template":"","format":"standard","meta":{"_yoast_wpseo_focuskw":"andar olhando para baixo","_yoast_wpseo_title":"","_yoast_wpseo_metadesc":"Descubra o que andar olhando para baixo pode revelar sobre emo\u00e7\u00f5es e padr\u00f5es psicol\u00f3gicos segundo especialistas.","jnews-multi-image_gallery":[],"jnews_single_post":{"format":"standard"},"jnews_primary_category":[],"jnews_social_meta":[],"jnews_override_counter":[],"footnotes":""},"categories":[112],"tags":[12469,404],"class_list":["post-152636","post","type-post","status-publish","format-standard","has-post-thumbnail","hentry","category-curiosidades","tag-olhar-andando-pra-baixo","tag-psicologia"],"yoast_head":"<!-- This site is optimized with the Yoast SEO plugin v24.6 - https:\/\/yoast.com\/wordpress\/plugins\/seo\/ -->\n<title>O que significa sempre andar olhando para baixo, segundo a psicologia - Correio Braziliense - Radar<\/title>\n<meta name=\"description\" content=\"Descubra o que andar olhando para baixo pode revelar sobre emo\u00e7\u00f5es e padr\u00f5es psicol\u00f3gicos segundo especialistas.\" \/>\n<meta name=\"robots\" content=\"index, follow, max-snippet:-1, max-image-preview:large, max-video-preview:-1\" \/>\n<link rel=\"canonical\" href=\"https:\/\/www.correiobraziliense.com.br\/cbradar\/o-que-significa-sempre-andar-olhando-para-baixo-segundo-a-psicologia\/\" \/>\n<meta property=\"og:locale\" content=\"pt_BR\" \/>\n<meta property=\"og:type\" content=\"article\" \/>\n<meta property=\"og:title\" content=\"O que significa sempre andar olhando para baixo, segundo a psicologia - Correio Braziliense - Radar\" \/>\n<meta property=\"og:description\" content=\"Descubra o que andar olhando para baixo pode revelar sobre emo\u00e7\u00f5es e padr\u00f5es psicol\u00f3gicos segundo especialistas.\" \/>\n<meta property=\"og:url\" content=\"https:\/\/www.correiobraziliense.com.br\/cbradar\/o-que-significa-sempre-andar-olhando-para-baixo-segundo-a-psicologia\/\" \/>\n<meta property=\"og:site_name\" content=\"Correio Braziliense - Radar\" \/>\n<meta property=\"article:published_time\" content=\"2025-12-08T17:55:00+00:00\" \/>\n<meta property=\"og:image\" content=\"https:\/\/www.correiobraziliense.com.br\/cbradar\/wp-content\/uploads\/2025\/12\/G-2025-12-08T120257.386.png\" \/>\n\t<meta property=\"og:image:width\" content=\"1280\" \/>\n\t<meta property=\"og:image:height\" content=\"720\" \/>\n\t<meta property=\"og:image:type\" content=\"image\/png\" \/>\n<meta name=\"author\" content=\"Maura Pereira\" \/>\n<meta name=\"twitter:card\" content=\"summary_large_image\" \/>\n<meta name=\"twitter:label1\" content=\"Escrito por\" \/>\n\t<meta name=\"twitter:data1\" content=\"Maura Pereira\" \/>\n\t<meta name=\"twitter:label2\" content=\"Est. tempo de leitura\" \/>\n\t<meta name=\"twitter:data2\" content=\"4 minutos\" \/>\n<!-- \/ Yoast SEO plugin. -->","yoast_head_json":{"title":"O que significa sempre andar olhando para baixo, segundo a psicologia - Correio Braziliense - Radar","description":"Descubra o que andar olhando para baixo pode revelar sobre emo\u00e7\u00f5es e padr\u00f5es psicol\u00f3gicos segundo especialistas.","robots":{"index":"index","follow":"follow","max-snippet":"max-snippet:-1","max-image-preview":"max-image-preview:large","max-video-preview":"max-video-preview:-1"},"canonical":"https:\/\/www.correiobraziliense.com.br\/cbradar\/o-que-significa-sempre-andar-olhando-para-baixo-segundo-a-psicologia\/","og_locale":"pt_BR","og_type":"article","og_title":"O que significa sempre andar olhando para baixo, segundo a psicologia - Correio Braziliense - Radar","og_description":"Descubra o que andar olhando para baixo pode revelar sobre emo\u00e7\u00f5es e padr\u00f5es psicol\u00f3gicos segundo especialistas.","og_url":"https:\/\/www.correiobraziliense.com.br\/cbradar\/o-que-significa-sempre-andar-olhando-para-baixo-segundo-a-psicologia\/","og_site_name":"Correio Braziliense - Radar","article_published_time":"2025-12-08T17:55:00+00:00","og_image":[{"width":1280,"height":720,"url":"https:\/\/www.correiobraziliense.com.br\/cbradar\/wp-content\/uploads\/2025\/12\/G-2025-12-08T120257.386.png","type":"image\/png"}],"author":"Maura Pereira","twitter_card":"summary_large_image","twitter_misc":{"Escrito por":"Maura Pereira","Est. tempo de leitura":"4 minutos"},"schema":{"@context":"https:\/\/schema.org","@graph":[{"@type":"WebPage","@id":"https:\/\/www.correiobraziliense.com.br\/cbradar\/o-que-significa-sempre-andar-olhando-para-baixo-segundo-a-psicologia\/","url":"https:\/\/www.correiobraziliense.com.br\/cbradar\/o-que-significa-sempre-andar-olhando-para-baixo-segundo-a-psicologia\/","name":"O que significa sempre andar olhando para baixo, segundo a psicologia - Correio Braziliense - Radar","isPartOf":{"@id":"https:\/\/www.correiobraziliense.com.br\/cbradar\/#website"},"primaryImageOfPage":{"@id":"https:\/\/www.correiobraziliense.com.br\/cbradar\/o-que-significa-sempre-andar-olhando-para-baixo-segundo-a-psicologia\/#primaryimage"},"image":{"@id":"https:\/\/www.correiobraziliense.com.br\/cbradar\/o-que-significa-sempre-andar-olhando-para-baixo-segundo-a-psicologia\/#primaryimage"},"thumbnailUrl":"https:\/\/www.correiobraziliense.com.br\/cbradar\/wp-content\/uploads\/2025\/12\/G-2025-12-08T120257.386.png","datePublished":"2025-12-08T17:55:00+00:00","author":{"@id":"https:\/\/www.correiobraziliense.com.br\/cbradar\/#\/schema\/person\/4053c651a9bfc785afc6f4cbc9032fd3"},"description":"Descubra o que andar olhando para baixo pode revelar sobre emo\u00e7\u00f5es e padr\u00f5es psicol\u00f3gicos segundo especialistas.","breadcrumb":{"@id":"https:\/\/www.correiobraziliense.com.br\/cbradar\/o-que-significa-sempre-andar-olhando-para-baixo-segundo-a-psicologia\/#breadcrumb"},"inLanguage":"pt-BR","potentialAction":[{"@type":"ReadAction","target":["https:\/\/www.correiobraziliense.com.br\/cbradar\/o-que-significa-sempre-andar-olhando-para-baixo-segundo-a-psicologia\/"]}]},{"@type":"ImageObject","inLanguage":"pt-BR","@id":"https:\/\/www.correiobraziliense.com.br\/cbradar\/o-que-significa-sempre-andar-olhando-para-baixo-segundo-a-psicologia\/#primaryimage","url":"https:\/\/www.correiobraziliense.com.br\/cbradar\/wp-content\/uploads\/2025\/12\/G-2025-12-08T120257.386.png","contentUrl":"https:\/\/www.correiobraziliense.com.br\/cbradar\/wp-content\/uploads\/2025\/12\/G-2025-12-08T120257.386.png","width":1280,"height":720,"caption":"Olhar para baixo enquanto anda revela timidez ou inseguran\u00e7a, evitando contato visual para prote\u00e7\u00e3o emocional em espa\u00e7os p\u00fablicos.\u200b"},{"@type":"BreadcrumbList","@id":"https:\/\/www.correiobraziliense.com.br\/cbradar\/o-que-significa-sempre-andar-olhando-para-baixo-segundo-a-psicologia\/#breadcrumb","itemListElement":[{"@type":"ListItem","position":1,"name":"In\u00edcio","item":"https:\/\/www.correiobraziliense.com.br\/cbradar\/"},{"@type":"ListItem","position":2,"name":"O que significa sempre andar olhando para baixo, segundo a psicologia"}]},{"@type":"WebSite","@id":"https:\/\/www.correiobraziliense.com.br\/cbradar\/#website","url":"https:\/\/www.correiobraziliense.com.br\/cbradar\/","name":"Correio Braziliense - Radar","description":"Acompanhe as \u00faltimas not\u00edcias e fique bem informado sobre tudo o que acontece no Brasil e no mundo.","potentialAction":[{"@type":"SearchAction","target":{"@type":"EntryPoint","urlTemplate":"https:\/\/www.correiobraziliense.com.br\/cbradar\/?s={search_term_string}"},"query-input":{"@type":"PropertyValueSpecification","valueRequired":true,"valueName":"search_term_string"}}],"inLanguage":"pt-BR"},{"@type":"Person","@id":"https:\/\/www.correiobraziliense.com.br\/cbradar\/#\/schema\/person\/4053c651a9bfc785afc6f4cbc9032fd3","name":"Maura Pereira","image":{"@type":"ImageObject","inLanguage":"pt-BR","@id":"https:\/\/www.correiobraziliense.com.br\/cbradar\/#\/schema\/person\/image\/","url":"https:\/\/secure.gravatar.com\/avatar\/3effd6bdadfa447f15089c7f7144eaa6?s=96&d=mm&r=g","contentUrl":"https:\/\/secure.gravatar.com\/avatar\/3effd6bdadfa447f15089c7f7144eaa6?s=96&d=mm&r=g","caption":"Maura Pereira"},"sameAs":["https:\/\/www.correiobraziliense.com.br\/"],"url":"https:\/\/www.correiobraziliense.com.br\/cbradar\/author\/mauramyth\/"}]}},"_links":{"self":[{"href":"https:\/\/www.correiobraziliense.com.br\/cbradar\/wp-json\/wp\/v2\/posts\/152636","targetHints":{"allow":["GET"]}}],"collection":[{"href":"https:\/\/www.correiobraziliense.com.br\/cbradar\/wp-json\/wp\/v2\/posts"}],"about":[{"href":"https:\/\/www.correiobraziliense.com.br\/cbradar\/wp-json\/wp\/v2\/types\/post"}],"author":[{"embeddable":true,"href":"https:\/\/www.correiobraziliense.com.br\/cbradar\/wp-json\/wp\/v2\/users\/8"}],"replies":[{"embeddable":true,"href":"https:\/\/www.correiobraziliense.com.br\/cbradar\/wp-json\/wp\/v2\/comments?post=152636"}],"version-history":[{"count":10,"href":"https:\/\/www.correiobraziliense.com.br\/cbradar\/wp-json\/wp\/v2\/posts\/152636\/revisions"}],"predecessor-version":[{"id":152666,"href":"https:\/\/www.correiobraziliense.com.br\/cbradar\/wp-json\/wp\/v2\/posts\/152636\/revisions\/152666"}],"wp:featuredmedia":[{"embeddable":true,"href":"https:\/\/www.correiobraziliense.com.br\/cbradar\/wp-json\/wp\/v2\/media\/152657"}],"wp:attachment":[{"href":"https:\/\/www.correiobraziliense.com.br\/cbradar\/wp-json\/wp\/v2\/media?parent=152636"}],"wp:term":[{"taxonomy":"category","embeddable":true,"href":"https:\/\/www.correiobraziliense.com.br\/cbradar\/wp-json\/wp\/v2\/categories?post=152636"},{"taxonomy":"post_tag","embeddable":true,"href":"https:\/\/www.correiobraziliense.com.br\/cbradar\/wp-json\/wp\/v2\/tags?post=152636"}],"curies":[{"name":"wp","href":"https:\/\/api.w.org\/{rel}","templated":true}]}}