{"id":152638,"date":"2025-12-08T15:15:00","date_gmt":"2025-12-08T18:15:00","guid":{"rendered":"https:\/\/www.correiobraziliense.com.br\/cbradar\/?p=152638"},"modified":"2025-12-08T12:56:15","modified_gmt":"2025-12-08T15:56:15","slug":"as-8-palavras-com-g-que-muita-gente-ainda-escreve-com-j-por-engano-2","status":"publish","type":"post","link":"https:\/\/www.correiobraziliense.com.br\/cbradar\/as-8-palavras-com-g-que-muita-gente-ainda-escreve-com-j-por-engano-2\/","title":{"rendered":"As 8 palavras com G que muita gente ainda escreve com J por engano"},"content":{"rendered":"\n<p><strong>Erros de ortografia fazem parte da vida de qualquer falante de portugu\u00eas, mas algumas palavras parecem desafiar at\u00e9 quem escreve bem. <\/strong>Entre os deslizes mais comuns est\u00e3o os casos em que trocamos <strong>G<\/strong> por <strong>J<\/strong>, especialmente em palavras herdadas do latim ou que possuem som suave. A confus\u00e3o \u00e9 t\u00e3o recorrente que professores de l\u00edngua portuguesa costumam destacar essas palavras como campe\u00e3s de d\u00favida.<\/p>\n\n\n\n<h2 class=\"wp-block-heading\">Por que tantas palavras com G geram confus\u00e3o?<\/h2>\n\n\n\n<p>A troca entre G e J permanece uma das d\u00favidas ortogr\u00e1ficas mais comuns porque o som produzido pelo G diante de E e I \u00e9 id\u00eantico ao do J no portugu\u00eas brasileiro. Isso faz com que muitas pessoas escrevam pela fon\u00e9tica, n\u00e3o pela mem\u00f3ria visual. Al\u00e9m disso, v\u00e1rias dessas palavras v\u00eam do latim ou de outras l\u00ednguas, mantendo o G mesmo quando o som sugere J.<\/p>\n\n\n\n<p>A seguir, veja as oito palavras mais frequentemente escritas com <strong>J<\/strong>, quando o correto \u00e9 com <strong>G<\/strong>, al\u00e9m de explica\u00e7\u00f5es simples para nunca mais esquecer.<\/p>\n\n\n<div class=\"wp-block-image\">\n<figure class=\"aligncenter size-large\"><img decoding=\"async\" width=\"1024\" height=\"559\" src=\"https:\/\/www.correiobraziliense.com.br\/cbradar\/wp-content\/uploads\/2025\/12\/Google_AI_Studio_2025-12-08T15_48_46.106Z-1024x559.png\" alt=\"As 8 palavras com G que muita gente ainda escreve com J por engano\" class=\"wp-image-152671\" srcset=\"https:\/\/www.correiobraziliense.com.br\/cbradar\/wp-content\/uploads\/2025\/12\/Google_AI_Studio_2025-12-08T15_48_46.106Z-1024x559.png 1024w, https:\/\/www.correiobraziliense.com.br\/cbradar\/wp-content\/uploads\/2025\/12\/Google_AI_Studio_2025-12-08T15_48_46.106Z-300x164.png 300w, https:\/\/www.correiobraziliense.com.br\/cbradar\/wp-content\/uploads\/2025\/12\/Google_AI_Studio_2025-12-08T15_48_46.106Z-768x419.png 768w, https:\/\/www.correiobraziliense.com.br\/cbradar\/wp-content\/uploads\/2025\/12\/Google_AI_Studio_2025-12-08T15_48_46.106Z-750x409.png 750w, https:\/\/www.correiobraziliense.com.br\/cbradar\/wp-content\/uploads\/2025\/12\/Google_AI_Studio_2025-12-08T15_48_46.106Z-1140x622.png 1140w, https:\/\/www.correiobraziliense.com.br\/cbradar\/wp-content\/uploads\/2025\/12\/Google_AI_Studio_2025-12-08T15_48_46.106Z.png 1408w\" sizes=\"(max-width: 1024px) 100vw, 1024px\" \/><figcaption class=\"wp-element-caption\">Muita gente escreve &#8220;jeleia&#8221; com J por engano, mas correto \u00e9 &#8220;geleia&#8221; com G, confus\u00e3o comum antes de E\/I por som id\u00eantico.\u200b<\/figcaption><\/figure><\/div>\n\n\n<h2 class=\"wp-block-heading\">1. Geleia<\/h2>\n\n\n\n<p>Muita gente ainda escreve &#8220;jeleia&#8221;, mas a forma correta \u00e9 <strong>geleia<\/strong>. A palavra deriva de <em>gel\u00e9e<\/em>, no franc\u00eas, mantendo o G suave.<\/p>\n\n\n\n<h2 class=\"wp-block-heading\">2. Gesto<\/h2>\n\n\n\n<p>Outra grafia equivocada \u00e9 &#8220;jesto&#8221;. <strong>Gesto<\/strong> sempre foi escrito com G, pois vem do latim <em>gestus<\/em>, relacionado a movimento ou express\u00e3o.<\/p>\n\n\n\n<h2 class=\"wp-block-heading\">3. Gentileza<\/h2>\n\n\n\n<p>Apesar do som que lembra J, o correto \u00e9 <strong>gentileza<\/strong>, ligado a &#8220;gente&#8221; e &#8220;gentil&#8221; \u2014 tudo com G.<\/p>\n\n\n\n<h2 class=\"wp-block-heading\">4. Geringon\u00e7a<\/h2>\n\n\n\n<p>Comum no cotidiano, muitos escrevem &#8220;jeringon\u00e7a&#8221;. A forma certa \u00e9 <strong>geringon\u00e7a<\/strong>, termo popular para algo improvisado ou malconstru\u00eddo.<\/p>\n\n\n\n<h2 class=\"wp-block-heading\">5. G\u00edria<\/h2>\n\n\n\n<p>N\u00e3o existe &#8220;j\u00edria&#8221;. A grafia oficial \u00e9 <strong>g\u00edria<\/strong>, usada para indicar express\u00e3o t\u00edpica de um grupo ou regi\u00e3o.<\/p>\n\n\n\n<h2 class=\"wp-block-heading\">6. Engenho<\/h2>\n\n\n\n<p>\u00c9 frequente encontrar &#8220;enjenho&#8221;, mas o correto \u00e9 <strong>engenho<\/strong>. A origem est\u00e1 em palavras ligadas a &#8220;engenhar&#8221;, todas com G.<\/p>\n\n\n\n<h2 class=\"wp-block-heading\">7. \u00c0s gargalhadas<\/h2>\n\n\n\n<p>Alguns escrevem &#8220;jas gargalhadas&#8221;, mas a maneira certa \u00e9 <strong>gargalhadas<\/strong>, sempre com G, referindo-se a risos intensos.<\/p>\n\n\n\n<h2 class=\"wp-block-heading\">8. Congelar<\/h2>\n\n\n\n<p>Embora o som lembre J, o correto \u00e9 <strong>congelar<\/strong>. O verbo vem de &#8220;gelar&#8221; \u2014 e ambos mant\u00eam o G.<\/p>\n\n\n\n<p><strong>Leia tamb\u00e9m: <a href=\"https:\/\/www.correiobraziliense.com.br\/cbradar\/o-que-significa-quando-um-gato-aparece-do-nada-na-sua-casa\/\" target=\"_blank\" rel=\"noreferrer noopener\">O que significa quando um gato aparece do nada na sua casa?<\/a><\/strong><\/p>\n\n\n\n<h2 class=\"wp-block-heading\">Por que essa confus\u00e3o acontece?<\/h2>\n\n\n\n<p>A troca entre G e J ocorre principalmente porque, no portugu\u00eas brasileiro, <strong>o som do G diante de E e I \u00e9 id\u00eantico ao do J<\/strong>. Assim, o ouvido n\u00e3o ajuda muito, e a mem\u00f3ria visual acaba sendo o fator decisivo.<\/p>\n\n\n\n<p>Al\u00e9m disso, muitas palavras s\u00e3o aprendidas pela fala antes da escrita, facilitando erros persistentes.<\/p>\n\n\n\n<h2 class=\"wp-block-heading\">Como evitar essas trocas?<\/h2>\n\n\n\n<p>Algumas estrat\u00e9gias ajudam a memorizar:<\/p>\n\n\n\n<ul class=\"wp-block-list\">\n<li>ler com frequ\u00eancia para refor\u00e7ar mem\u00f3ria visual;<\/li>\n\n\n\n<li>observar palavras da mesma fam\u00edlia (gentil \u2192 gentileza);<\/li>\n\n\n\n<li>anotar d\u00favidas recorrentes;<\/li>\n\n\n\n<li>consultar dicion\u00e1rios sempre que necess\u00e1rio.<\/li>\n<\/ul>\n\n\n\n<p>As palavras com G que soam como J s\u00e3o armadilhas comuns, mas f\u00e1ceis de dominar com pr\u00e1tica e aten\u00e7\u00e3o. <strong>Dominar essas grafias aprimora a escrita e aumenta a clareza da comunica\u00e7\u00e3o<\/strong>, evitando mal-entendido e garantindo seguran\u00e7a no uso da l\u00edngua portuguesa.<\/p>\n","protected":false},"excerpt":{"rendered":"<p>Erros de ortografia fazem parte da vida de qualquer falante de portugu\u00eas, mas algumas palavras parecem desafiar at\u00e9 quem escreve bem. Entre os deslizes mais comuns est\u00e3o os casos em que trocamos G por J, especialmente em palavras herdadas do latim ou que possuem som suave. A confus\u00e3o \u00e9 t\u00e3o recorrente que professores de l\u00edngua [&hellip;]<\/p>\n","protected":false},"author":8,"featured_media":152670,"comment_status":"open","ping_status":"open","sticky":false,"template":"","format":"standard","meta":{"_yoast_wpseo_focuskw":"palavras com G","_yoast_wpseo_title":"","_yoast_wpseo_metadesc":"Descubra oito palavras com G que muita gente ainda escreve com J e veja por que esse erro \u00e9 t\u00e3o comum no dia a dia.","jnews-multi-image_gallery":[],"jnews_single_post":{"format":"standard"},"jnews_primary_category":[],"jnews_social_meta":[],"jnews_override_counter":[],"footnotes":""},"categories":[112],"post_tag":[12470,11284],"class_list":["post-152638","post","type-post","status-publish","format-standard","has-post-thumbnail","hentry","category-curiosidades","tag-g-e-j","tag-linguas-2"],"yoast_head":"<!-- This site is optimized with the Yoast SEO plugin v24.6 - https:\/\/yoast.com\/wordpress\/plugins\/seo\/ -->\n<title>As 8 palavras com G que muita gente ainda escreve com J por engano - Correio Braziliense - Radar<\/title>\n<meta name=\"description\" content=\"Descubra oito palavras com G que muita gente ainda escreve com J e veja por que esse erro \u00e9 t\u00e3o comum no dia a dia.\" \/>\n<meta name=\"robots\" content=\"index, follow, max-snippet:-1, max-image-preview:large, max-video-preview:-1\" \/>\n<link rel=\"canonical\" href=\"https:\/\/www.correiobraziliense.com.br\/cbradar\/as-8-palavras-com-g-que-muita-gente-ainda-escreve-com-j-por-engano-2\/\" \/>\n<meta property=\"og:locale\" content=\"pt_BR\" \/>\n<meta property=\"og:type\" content=\"article\" \/>\n<meta property=\"og:title\" content=\"As 8 palavras com G que muita gente ainda escreve com J por engano - Correio Braziliense - Radar\" \/>\n<meta property=\"og:description\" content=\"Descubra oito palavras com G que muita gente ainda escreve com J e veja por que esse erro \u00e9 t\u00e3o comum no dia a dia.\" \/>\n<meta property=\"og:url\" content=\"https:\/\/www.correiobraziliense.com.br\/cbradar\/as-8-palavras-com-g-que-muita-gente-ainda-escreve-com-j-por-engano-2\/\" \/>\n<meta property=\"og:site_name\" content=\"Correio Braziliense - Radar\" \/>\n<meta property=\"article:published_time\" content=\"2025-12-08T18:15:00+00:00\" \/>\n<meta property=\"og:image\" content=\"https:\/\/www.correiobraziliense.com.br\/cbradar\/wp-content\/uploads\/2025\/12\/G-2025-12-08T125106.429.png\" \/>\n\t<meta property=\"og:image:width\" content=\"1280\" \/>\n\t<meta property=\"og:image:height\" content=\"720\" \/>\n\t<meta property=\"og:image:type\" content=\"image\/png\" \/>\n<meta name=\"author\" content=\"Maura Pereira\" \/>\n<meta name=\"twitter:card\" content=\"summary_large_image\" \/>\n<meta name=\"twitter:label1\" content=\"Escrito por\" \/>\n\t<meta name=\"twitter:data1\" content=\"Maura Pereira\" \/>\n\t<meta name=\"twitter:label2\" content=\"Est. tempo de leitura\" \/>\n\t<meta name=\"twitter:data2\" content=\"4 minutos\" \/>\n<!-- \/ Yoast SEO plugin. -->","yoast_head_json":{"title":"As 8 palavras com G que muita gente ainda escreve com J por engano - Correio Braziliense - Radar","description":"Descubra oito palavras com G que muita gente ainda escreve com J e veja por que esse erro \u00e9 t\u00e3o comum no dia a dia.","robots":{"index":"index","follow":"follow","max-snippet":"max-snippet:-1","max-image-preview":"max-image-preview:large","max-video-preview":"max-video-preview:-1"},"canonical":"https:\/\/www.correiobraziliense.com.br\/cbradar\/as-8-palavras-com-g-que-muita-gente-ainda-escreve-com-j-por-engano-2\/","og_locale":"pt_BR","og_type":"article","og_title":"As 8 palavras com G que muita gente ainda escreve com J por engano - Correio Braziliense - Radar","og_description":"Descubra oito palavras com G que muita gente ainda escreve com J e veja por que esse erro \u00e9 t\u00e3o comum no dia a dia.","og_url":"https:\/\/www.correiobraziliense.com.br\/cbradar\/as-8-palavras-com-g-que-muita-gente-ainda-escreve-com-j-por-engano-2\/","og_site_name":"Correio Braziliense - Radar","article_published_time":"2025-12-08T18:15:00+00:00","og_image":[{"width":1280,"height":720,"url":"https:\/\/www.correiobraziliense.com.br\/cbradar\/wp-content\/uploads\/2025\/12\/G-2025-12-08T125106.429.png","type":"image\/png"}],"author":"Maura Pereira","twitter_card":"summary_large_image","twitter_misc":{"Escrito por":"Maura Pereira","Est. tempo de leitura":"4 minutos"},"schema":{"@context":"https:\/\/schema.org","@graph":[{"@type":"WebPage","@id":"https:\/\/www.correiobraziliense.com.br\/cbradar\/as-8-palavras-com-g-que-muita-gente-ainda-escreve-com-j-por-engano-2\/","url":"https:\/\/www.correiobraziliense.com.br\/cbradar\/as-8-palavras-com-g-que-muita-gente-ainda-escreve-com-j-por-engano-2\/","name":"As 8 palavras com G que muita gente ainda escreve com J por engano - Correio Braziliense - Radar","isPartOf":{"@id":"https:\/\/www.correiobraziliense.com.br\/cbradar\/#website"},"primaryImageOfPage":{"@id":"https:\/\/www.correiobraziliense.com.br\/cbradar\/as-8-palavras-com-g-que-muita-gente-ainda-escreve-com-j-por-engano-2\/#primaryimage"},"image":{"@id":"https:\/\/www.correiobraziliense.com.br\/cbradar\/as-8-palavras-com-g-que-muita-gente-ainda-escreve-com-j-por-engano-2\/#primaryimage"},"thumbnailUrl":"https:\/\/www.correiobraziliense.com.br\/cbradar\/wp-content\/uploads\/2025\/12\/G-2025-12-08T125106.429.png","datePublished":"2025-12-08T18:15:00+00:00","author":{"@id":"https:\/\/www.correiobraziliense.com.br\/cbradar\/#\/schema\/person\/4053c651a9bfc785afc6f4cbc9032fd3"},"description":"Descubra oito palavras com G que muita gente ainda escreve com J e veja por que esse erro \u00e9 t\u00e3o comum no dia a dia.","breadcrumb":{"@id":"https:\/\/www.correiobraziliense.com.br\/cbradar\/as-8-palavras-com-g-que-muita-gente-ainda-escreve-com-j-por-engano-2\/#breadcrumb"},"inLanguage":"pt-BR","potentialAction":[{"@type":"ReadAction","target":["https:\/\/www.correiobraziliense.com.br\/cbradar\/as-8-palavras-com-g-que-muita-gente-ainda-escreve-com-j-por-engano-2\/"]}]},{"@type":"ImageObject","inLanguage":"pt-BR","@id":"https:\/\/www.correiobraziliense.com.br\/cbradar\/as-8-palavras-com-g-que-muita-gente-ainda-escreve-com-j-por-engano-2\/#primaryimage","url":"https:\/\/www.correiobraziliense.com.br\/cbradar\/wp-content\/uploads\/2025\/12\/G-2025-12-08T125106.429.png","contentUrl":"https:\/\/www.correiobraziliense.com.br\/cbradar\/wp-content\/uploads\/2025\/12\/G-2025-12-08T125106.429.png","width":1280,"height":720,"caption":"Escreva \"g\u00eameo\" n\u00e3o \"j\u00eameo\" com calma: memorize padr\u00f5es simples para grafia natural sem estresse di\u00e1rio."},{"@type":"BreadcrumbList","@id":"https:\/\/www.correiobraziliense.com.br\/cbradar\/as-8-palavras-com-g-que-muita-gente-ainda-escreve-com-j-por-engano-2\/#breadcrumb","itemListElement":[{"@type":"ListItem","position":1,"name":"In\u00edcio","item":"https:\/\/www.correiobraziliense.com.br\/cbradar\/"},{"@type":"ListItem","position":2,"name":"As 8 palavras com G que muita gente ainda escreve com J por engano"}]},{"@type":"WebSite","@id":"https:\/\/www.correiobraziliense.com.br\/cbradar\/#website","url":"https:\/\/www.correiobraziliense.com.br\/cbradar\/","name":"Correio Braziliense - Radar","description":"Acompanhe as \u00faltimas not\u00edcias e fique bem informado sobre tudo o que acontece no Brasil e no mundo.","potentialAction":[{"@type":"SearchAction","target":{"@type":"EntryPoint","urlTemplate":"https:\/\/www.correiobraziliense.com.br\/cbradar\/?s={search_term_string}"},"query-input":{"@type":"PropertyValueSpecification","valueRequired":true,"valueName":"search_term_string"}}],"inLanguage":"pt-BR"},{"@type":"Person","@id":"https:\/\/www.correiobraziliense.com.br\/cbradar\/#\/schema\/person\/4053c651a9bfc785afc6f4cbc9032fd3","name":"Maura Pereira","image":{"@type":"ImageObject","inLanguage":"pt-BR","@id":"https:\/\/www.correiobraziliense.com.br\/cbradar\/#\/schema\/person\/image\/","url":"https:\/\/secure.gravatar.com\/avatar\/3effd6bdadfa447f15089c7f7144eaa6?s=96&d=mm&r=g","contentUrl":"https:\/\/secure.gravatar.com\/avatar\/3effd6bdadfa447f15089c7f7144eaa6?s=96&d=mm&r=g","caption":"Maura Pereira"},"sameAs":["https:\/\/www.correiobraziliense.com.br\/"],"url":"https:\/\/www.correiobraziliense.com.br\/cbradar\/author\/mauramyth\/"}]}},"_links":{"self":[{"href":"https:\/\/www.correiobraziliense.com.br\/cbradar\/wp-json\/wp\/v2\/posts\/152638","targetHints":{"allow":["GET"]}}],"collection":[{"href":"https:\/\/www.correiobraziliense.com.br\/cbradar\/wp-json\/wp\/v2\/posts"}],"about":[{"href":"https:\/\/www.correiobraziliense.com.br\/cbradar\/wp-json\/wp\/v2\/types\/post"}],"author":[{"embeddable":true,"href":"https:\/\/www.correiobraziliense.com.br\/cbradar\/wp-json\/wp\/v2\/users\/8"}],"replies":[{"embeddable":true,"href":"https:\/\/www.correiobraziliense.com.br\/cbradar\/wp-json\/wp\/v2\/comments?post=152638"}],"version-history":[{"count":9,"href":"https:\/\/www.correiobraziliense.com.br\/cbradar\/wp-json\/wp\/v2\/posts\/152638\/revisions"}],"predecessor-version":[{"id":152679,"href":"https:\/\/www.correiobraziliense.com.br\/cbradar\/wp-json\/wp\/v2\/posts\/152638\/revisions\/152679"}],"wp:featuredmedia":[{"embeddable":true,"href":"https:\/\/www.correiobraziliense.com.br\/cbradar\/wp-json\/wp\/v2\/media\/152670"}],"wp:attachment":[{"href":"https:\/\/www.correiobraziliense.com.br\/cbradar\/wp-json\/wp\/v2\/media?parent=152638"}],"wp:term":[{"taxonomy":"category","embeddable":true,"href":"https:\/\/www.correiobraziliense.com.br\/cbradar\/wp-json\/wp\/v2\/categories?post=152638"},{"taxonomy":"post_tag","embeddable":true,"href":"https:\/\/www.correiobraziliense.com.br\/cbradar\/wp-json\/wp\/v2\/post_tag?post=152638"}],"curies":[{"name":"wp","href":"https:\/\/api.w.org\/{rel}","templated":true}]}}