{"id":15276,"date":"2025-03-25T08:50:00","date_gmt":"2025-03-25T11:50:00","guid":{"rendered":"https:\/\/www.correiobraziliense.com.br\/cbradar\/?p=15276"},"modified":"2025-03-24T21:58:43","modified_gmt":"2025-03-25T00:58:43","slug":"dicas-essenciais-de-como-economizar-energia-com-seus-eletrodomesticos","status":"publish","type":"post","link":"https:\/\/www.correiobraziliense.com.br\/cbradar\/dicas-essenciais-de-como-economizar-energia-com-seus-eletrodomesticos\/","title":{"rendered":"Dicas essenciais de como economizar energia com seus eletrodom\u00e9sticos"},"content":{"rendered":"\n<p>Economizar energia el\u00e9trica em casa \u00e9 uma preocupa\u00e7\u00e3o crescente, especialmente quando se trata de reduzir os gastos com eletrodom\u00e9sticos. Pequenas mudan\u00e7as nos h\u00e1bitos di\u00e1rios podem resultar em economias significativas na conta de luz. Este artigo apresenta dicas pr\u00e1ticas para otimizar o uso de seis eletrodom\u00e9sticos comuns, ajudando a aliviar o peso no bolso sem sacrificar o conforto.<\/p>\n\n\n\n<p>Os eletrodom\u00e9sticos s\u00e3o parte essencial do cotidiano, mas tamb\u00e9m s\u00e3o respons\u00e1veis por uma parcela consider\u00e1vel do consumo de energia. Com algumas estrat\u00e9gias simples, \u00e9 poss\u00edvel utilizar esses aparelhos de forma mais eficiente, contribuindo para a economia de energia e a preserva\u00e7\u00e3o do meio ambiente.<\/p>\n\n\n\n<h2 class=\"wp-block-heading\">Quais s\u00e3o os eletrodom\u00e9sticos que mais consomem energia?<\/h2>\n\n\n\n<p>Entre os eletrodom\u00e9sticos que mais consomem energia est\u00e3o a geladeira, o fog\u00e3o el\u00e9trico, a lava-lou\u00e7as, a m\u00e1quina de lavar, a air fryer e o micro-ondas. Cada um deles possui caracter\u00edsticas espec\u00edficas que influenciam seu consumo, e entender essas particularidades \u00e9 o primeiro passo para otimizar seu uso.<\/p>\n\n\n\n<figure class=\"wp-block-image size-large\"><img decoding=\"async\" width=\"1024\" height=\"576\" src=\"https:\/\/www.correiobraziliense.com.br\/cbradar\/wp-content\/uploads\/2025\/03\/Economize-Energia_1742823987769-1024x576.jpg\" alt=\"Dicas essenciais de como economizar energia com seus eletrodom\u00e9sticos\" class=\"wp-image-15278\" srcset=\"https:\/\/www.correiobraziliense.com.br\/cbradar\/wp-content\/uploads\/2025\/03\/Economize-Energia_1742823987769-1024x576.jpg 1024w, https:\/\/www.correiobraziliense.com.br\/cbradar\/wp-content\/uploads\/2025\/03\/Economize-Energia_1742823987769-300x169.jpg 300w, https:\/\/www.correiobraziliense.com.br\/cbradar\/wp-content\/uploads\/2025\/03\/Economize-Energia_1742823987769-768x432.jpg 768w, https:\/\/www.correiobraziliense.com.br\/cbradar\/wp-content\/uploads\/2025\/03\/Economize-Energia_1742823987769-750x422.jpg 750w, https:\/\/www.correiobraziliense.com.br\/cbradar\/wp-content\/uploads\/2025\/03\/Economize-Energia_1742823987769-1140x641.jpg 1140w, https:\/\/www.correiobraziliense.com.br\/cbradar\/wp-content\/uploads\/2025\/03\/Economize-Energia_1742823987769.jpg 1280w\" sizes=\"(max-width: 1024px) 100vw, 1024px\" \/><figcaption class=\"wp-element-caption\">Economize Energia.Cr\u00e9ditos: depositphotos.com \/ EdZbarzhyvetsky<\/figcaption><\/figure>\n\n\n\n<h2 class=\"wp-block-heading\">Como economizar energia com a geladeira?<\/h2>\n\n\n\n<p>A geladeira \u00e9 um dos eletrodom\u00e9sticos que mais consomem energia em uma resid\u00eancia. Modelos mais modernos, equipados com tecnologia inverter, ajustam o consumo conforme a necessidade, evitando picos de energia. Para economizar, \u00e9 importante evitar abrir a porta sem necessidade e garantir que a borracha de veda\u00e7\u00e3o esteja em bom estado, impedindo a entrada de ar quente.<\/p>\n\n\n\n<p>Manter a geladeira limpa e realizar a manuten\u00e7\u00e3o regularmente tamb\u00e9m s\u00e3o pr\u00e1ticas recomendadas. O ac\u00famulo de gelo no freezer, por exemplo, pode prejudicar a efici\u00eancia do aparelho. Al\u00e9m disso, evitar sobrecarregar a geladeira com muitos itens facilita a circula\u00e7\u00e3o de ar e melhora o desempenho energ\u00e9tico.<\/p>\n\n\n\n<h2 class=\"wp-block-heading\">Como otimizar o uso do fog\u00e3o el\u00e9trico?<\/h2>\n\n\n\n<p>O fog\u00e3o el\u00e9trico pode ser uma alternativa ao uso de g\u00e1s, mas seu consumo de energia pode ser elevado. Escolher panelas com fundos planos ajuda na distribui\u00e7\u00e3o de calor, e cozinhar com a panela tampada reduz o tempo de preparo. O forno el\u00e9trico, por sua vez, pode ser desligado alguns minutos antes do t\u00e9rmino do cozimento, aproveitando o calor residual.<\/p>\n\n\n\n<p>Para economizar ainda mais, \u00e9 aconselh\u00e1vel evitar abrir o forno durante o uso, pois isso faz com que ele perca calor e consuma mais energia para recuperar a temperatura interna.<\/p>\n\n\n\n<h2 class=\"wp-block-heading\">Quais s\u00e3o as dicas para usar a lava-lou\u00e7as de forma eficiente?<\/h2>\n\n\n\n<p>A lava-lou\u00e7as pode ser uma aliada na economia de \u00e1gua, mas seu uso frequente e em ciclos longos pode aumentar o consumo de energia. Optar por ciclos r\u00e1pidos e acumular utens\u00edlios para lavar de uma s\u00f3 vez s\u00e3o estrat\u00e9gias eficazes. Al\u00e9m disso, utilizar a lava-lou\u00e7as em hor\u00e1rios de tarifa reduzida pode contribuir para a economia na conta de luz.<\/p>\n\n\n\n<h2 class=\"wp-block-heading\">Como economizar energia com a m\u00e1quina de lavar?<\/h2>\n\n\n\n<p>A m\u00e1quina de lavar, especialmente os modelos com fun\u00e7\u00e3o de secagem, pode ser um dos vil\u00f5es da conta de luz. Em dias quentes, \u00e9 prefer\u00edvel deixar as roupas secarem naturalmente. Al\u00e9m disso, utilizar a m\u00e1quina em hor\u00e1rios de tarifa reduzida pode ajudar a diminuir os custos.<\/p>\n\n\n\n<h2 class=\"wp-block-heading\">Como usar a air fryer de forma econ\u00f4mica?<\/h2>\n\n\n\n<p>A air fryer \u00e9 popular por sua praticidade, mas seu uso inadequado pode aumentar o consumo de energia. Evitar sobrecarregar o cesto e manter o aparelho limpo s\u00e3o pr\u00e1ticas que melhoram a efici\u00eancia. Desligar a air fryer imediatamente ap\u00f3s o ciclo e aproveitar o calor residual tamb\u00e9m s\u00e3o dicas \u00fateis.<\/p>\n\n\n\n<h2 class=\"wp-block-heading\">Quais s\u00e3o as melhores pr\u00e1ticas para o uso do micro-ondas?<\/h2>\n\n\n\n<p>O micro-ondas \u00e9 um aparelho pr\u00e1tico, mas seu uso frequente pode impactar a conta de luz. Retirar os alimentos do freezer com anteced\u00eancia e utilizar uma tampa adequada durante o aquecimento s\u00e3o formas de economizar energia. Para receitas de longa dura\u00e7\u00e3o, considerar o uso de outros aparelhos pode ser mais eficiente.<\/p>\n\n\n\n<p>Adotar essas pr\u00e1ticas no uso di\u00e1rio dos eletrodom\u00e9sticos n\u00e3o s\u00f3 contribui para a economia de energia, mas tamb\u00e9m para a sustentabilidade do planeta. Com pequenas mudan\u00e7as, \u00e9 poss\u00edvel fazer uma grande diferen\u00e7a no consumo energ\u00e9tico da sua casa.<\/p>\n","protected":false},"excerpt":{"rendered":"<p>Dicas praticas para otimizar o uso de eletrodom\u00e9sticos e reduzir o consumo de energia em sua casa, contribuindo para o meio ambiente.<\/p>\n","protected":false},"author":3,"featured_media":15277,"comment_status":"open","ping_status":"open","sticky":false,"template":"","format":"standard","meta":{"_yoast_wpseo_focuskw":"economizar energia","_yoast_wpseo_title":"%%title%%","_yoast_wpseo_metadesc":"Dicas praticas para otimizar o uso de eletrodom\u00e9sticos e reduzir o consumo de energia em sua casa, contribuindo para o meio ambiente.","jnews-multi-image_gallery":[],"jnews_single_post":{"format":"standard"},"jnews_primary_category":[],"jnews_social_meta":[],"jnews_override_counter":[],"footnotes":""},"categories":[112],"tags":[2384],"class_list":["post-15276","post","type-post","status-publish","format-standard","has-post-thumbnail","hentry","category-curiosidades","tag-energia-eletrica"],"yoast_head":"<!-- This site is optimized with the Yoast SEO plugin v24.6 - https:\/\/yoast.com\/wordpress\/plugins\/seo\/ -->\n<title>Dicas essenciais de como economizar energia com seus eletrodom\u00e9sticos<\/title>\n<meta name=\"description\" content=\"Dicas praticas para otimizar o uso de eletrodom\u00e9sticos e reduzir o consumo de energia em sua casa, contribuindo para o meio ambiente.\" \/>\n<meta name=\"robots\" content=\"index, follow, max-snippet:-1, max-image-preview:large, max-video-preview:-1\" \/>\n<link rel=\"canonical\" href=\"https:\/\/www.correiobraziliense.com.br\/cbradar\/dicas-essenciais-de-como-economizar-energia-com-seus-eletrodomesticos\/\" \/>\n<meta property=\"og:locale\" content=\"pt_BR\" \/>\n<meta property=\"og:type\" content=\"article\" \/>\n<meta property=\"og:title\" content=\"Dicas essenciais de como economizar energia com seus eletrodom\u00e9sticos\" \/>\n<meta property=\"og:description\" content=\"Dicas praticas para otimizar o uso de eletrodom\u00e9sticos e reduzir o consumo de energia em sua casa, contribuindo para o meio ambiente.\" \/>\n<meta property=\"og:url\" content=\"https:\/\/www.correiobraziliense.com.br\/cbradar\/dicas-essenciais-de-como-economizar-energia-com-seus-eletrodomesticos\/\" \/>\n<meta property=\"og:site_name\" content=\"Correio Braziliense - Radar\" \/>\n<meta property=\"article:published_time\" content=\"2025-03-25T11:50:00+00:00\" \/>\n<meta property=\"og:image\" content=\"https:\/\/www.correiobraziliense.com.br\/cbradar\/wp-content\/uploads\/2025\/03\/Economize-Energia_1742823874760.jpg\" \/>\n\t<meta property=\"og:image:width\" content=\"1280\" \/>\n\t<meta property=\"og:image:height\" content=\"720\" \/>\n\t<meta property=\"og:image:type\" content=\"image\/jpeg\" \/>\n<meta name=\"author\" content=\"Larissa Carvalho\" \/>\n<meta name=\"twitter:card\" content=\"summary_large_image\" \/>\n<meta name=\"twitter:label1\" content=\"Escrito por\" \/>\n\t<meta name=\"twitter:data1\" content=\"Larissa Carvalho\" \/>\n\t<meta name=\"twitter:label2\" content=\"Est. tempo de leitura\" \/>\n\t<meta name=\"twitter:data2\" content=\"4 minutos\" \/>\n<!-- \/ Yoast SEO plugin. -->","yoast_head_json":{"title":"Dicas essenciais de como economizar energia com seus eletrodom\u00e9sticos","description":"Dicas praticas para otimizar o uso de eletrodom\u00e9sticos e reduzir o consumo de energia em sua casa, contribuindo para o meio ambiente.","robots":{"index":"index","follow":"follow","max-snippet":"max-snippet:-1","max-image-preview":"max-image-preview:large","max-video-preview":"max-video-preview:-1"},"canonical":"https:\/\/www.correiobraziliense.com.br\/cbradar\/dicas-essenciais-de-como-economizar-energia-com-seus-eletrodomesticos\/","og_locale":"pt_BR","og_type":"article","og_title":"Dicas essenciais de como economizar energia com seus eletrodom\u00e9sticos","og_description":"Dicas praticas para otimizar o uso de eletrodom\u00e9sticos e reduzir o consumo de energia em sua casa, contribuindo para o meio ambiente.","og_url":"https:\/\/www.correiobraziliense.com.br\/cbradar\/dicas-essenciais-de-como-economizar-energia-com-seus-eletrodomesticos\/","og_site_name":"Correio Braziliense - Radar","article_published_time":"2025-03-25T11:50:00+00:00","og_image":[{"width":1280,"height":720,"url":"https:\/\/www.correiobraziliense.com.br\/cbradar\/wp-content\/uploads\/2025\/03\/Economize-Energia_1742823874760.jpg","type":"image\/jpeg"}],"author":"Larissa Carvalho","twitter_card":"summary_large_image","twitter_misc":{"Escrito por":"Larissa Carvalho","Est. tempo de leitura":"4 minutos"},"schema":{"@context":"https:\/\/schema.org","@graph":[{"@type":"WebPage","@id":"https:\/\/www.correiobraziliense.com.br\/cbradar\/dicas-essenciais-de-como-economizar-energia-com-seus-eletrodomesticos\/","url":"https:\/\/www.correiobraziliense.com.br\/cbradar\/dicas-essenciais-de-como-economizar-energia-com-seus-eletrodomesticos\/","name":"Dicas essenciais de como economizar energia com seus eletrodom\u00e9sticos","isPartOf":{"@id":"https:\/\/www.correiobraziliense.com.br\/cbradar\/#website"},"primaryImageOfPage":{"@id":"https:\/\/www.correiobraziliense.com.br\/cbradar\/dicas-essenciais-de-como-economizar-energia-com-seus-eletrodomesticos\/#primaryimage"},"image":{"@id":"https:\/\/www.correiobraziliense.com.br\/cbradar\/dicas-essenciais-de-como-economizar-energia-com-seus-eletrodomesticos\/#primaryimage"},"thumbnailUrl":"https:\/\/www.correiobraziliense.com.br\/cbradar\/wp-content\/uploads\/2025\/03\/Economize-Energia_1742823874760.jpg","datePublished":"2025-03-25T11:50:00+00:00","author":{"@id":"https:\/\/www.correiobraziliense.com.br\/cbradar\/#\/schema\/person\/58422787644df994b53a19d3e56c1513"},"description":"Dicas praticas para otimizar o uso de eletrodom\u00e9sticos e reduzir o consumo de energia em sua casa, contribuindo para o meio ambiente.","breadcrumb":{"@id":"https:\/\/www.correiobraziliense.com.br\/cbradar\/dicas-essenciais-de-como-economizar-energia-com-seus-eletrodomesticos\/#breadcrumb"},"inLanguage":"pt-BR","potentialAction":[{"@type":"ReadAction","target":["https:\/\/www.correiobraziliense.com.br\/cbradar\/dicas-essenciais-de-como-economizar-energia-com-seus-eletrodomesticos\/"]}]},{"@type":"ImageObject","inLanguage":"pt-BR","@id":"https:\/\/www.correiobraziliense.com.br\/cbradar\/dicas-essenciais-de-como-economizar-energia-com-seus-eletrodomesticos\/#primaryimage","url":"https:\/\/www.correiobraziliense.com.br\/cbradar\/wp-content\/uploads\/2025\/03\/Economize-Energia_1742823874760.jpg","contentUrl":"https:\/\/www.correiobraziliense.com.br\/cbradar\/wp-content\/uploads\/2025\/03\/Economize-Energia_1742823874760.jpg","width":1280,"height":720,"caption":"Economize Energia.Cr\u00e9ditos: depositphotos.com \/ EdZbarzhyvetsky"},{"@type":"BreadcrumbList","@id":"https:\/\/www.correiobraziliense.com.br\/cbradar\/dicas-essenciais-de-como-economizar-energia-com-seus-eletrodomesticos\/#breadcrumb","itemListElement":[{"@type":"ListItem","position":1,"name":"In\u00edcio","item":"https:\/\/www.correiobraziliense.com.br\/cbradar\/"},{"@type":"ListItem","position":2,"name":"Dicas essenciais de como economizar energia com seus eletrodom\u00e9sticos"}]},{"@type":"WebSite","@id":"https:\/\/www.correiobraziliense.com.br\/cbradar\/#website","url":"https:\/\/www.correiobraziliense.com.br\/cbradar\/","name":"Correio Braziliense - Radar","description":"Acompanhe as \u00faltimas not\u00edcias e fique bem informado sobre tudo o que acontece no Brasil e no mundo.","potentialAction":[{"@type":"SearchAction","target":{"@type":"EntryPoint","urlTemplate":"https:\/\/www.correiobraziliense.com.br\/cbradar\/?s={search_term_string}"},"query-input":{"@type":"PropertyValueSpecification","valueRequired":true,"valueName":"search_term_string"}}],"inLanguage":"pt-BR"},{"@type":"Person","@id":"https:\/\/www.correiobraziliense.com.br\/cbradar\/#\/schema\/person\/58422787644df994b53a19d3e56c1513","name":"Larissa Carvalho","image":{"@type":"ImageObject","inLanguage":"pt-BR","@id":"https:\/\/www.correiobraziliense.com.br\/cbradar\/#\/schema\/person\/image\/","url":"https:\/\/secure.gravatar.com\/avatar\/fe4f91a0de32b52a838d0d612abdc1aa?s=96&d=mm&r=g","contentUrl":"https:\/\/secure.gravatar.com\/avatar\/fe4f91a0de32b52a838d0d612abdc1aa?s=96&d=mm&r=g","caption":"Larissa Carvalho"},"url":"https:\/\/www.correiobraziliense.com.br\/cbradar\/author\/larissamyth\/"}]}},"_links":{"self":[{"href":"https:\/\/www.correiobraziliense.com.br\/cbradar\/wp-json\/wp\/v2\/posts\/15276","targetHints":{"allow":["GET"]}}],"collection":[{"href":"https:\/\/www.correiobraziliense.com.br\/cbradar\/wp-json\/wp\/v2\/posts"}],"about":[{"href":"https:\/\/www.correiobraziliense.com.br\/cbradar\/wp-json\/wp\/v2\/types\/post"}],"author":[{"embeddable":true,"href":"https:\/\/www.correiobraziliense.com.br\/cbradar\/wp-json\/wp\/v2\/users\/3"}],"replies":[{"embeddable":true,"href":"https:\/\/www.correiobraziliense.com.br\/cbradar\/wp-json\/wp\/v2\/comments?post=15276"}],"version-history":[{"count":2,"href":"https:\/\/www.correiobraziliense.com.br\/cbradar\/wp-json\/wp\/v2\/posts\/15276\/revisions"}],"predecessor-version":[{"id":15414,"href":"https:\/\/www.correiobraziliense.com.br\/cbradar\/wp-json\/wp\/v2\/posts\/15276\/revisions\/15414"}],"wp:featuredmedia":[{"embeddable":true,"href":"https:\/\/www.correiobraziliense.com.br\/cbradar\/wp-json\/wp\/v2\/media\/15277"}],"wp:attachment":[{"href":"https:\/\/www.correiobraziliense.com.br\/cbradar\/wp-json\/wp\/v2\/media?parent=15276"}],"wp:term":[{"taxonomy":"category","embeddable":true,"href":"https:\/\/www.correiobraziliense.com.br\/cbradar\/wp-json\/wp\/v2\/categories?post=15276"},{"taxonomy":"post_tag","embeddable":true,"href":"https:\/\/www.correiobraziliense.com.br\/cbradar\/wp-json\/wp\/v2\/tags?post=15276"}],"curies":[{"name":"wp","href":"https:\/\/api.w.org\/{rel}","templated":true}]}}