{"id":152837,"date":"2025-12-09T06:45:00","date_gmt":"2025-12-09T09:45:00","guid":{"rendered":"https:\/\/www.correiobraziliense.com.br\/cbradar\/?p=152837"},"modified":"2025-12-08T15:26:03","modified_gmt":"2025-12-08T18:26:03","slug":"o-significado-do-nome-valentina-explica-sucesso-entre-pais-pelo-mundo","status":"publish","type":"post","link":"https:\/\/www.correiobraziliense.com.br\/cbradar\/o-significado-do-nome-valentina-explica-sucesso-entre-pais-pelo-mundo\/","title":{"rendered":"O significado do nome Valentina explica sucesso entre pais pelo mundo"},"content":{"rendered":"\n<p>O nome <strong>Valentina<\/strong> continua entre os preferidos das fam\u00edlias brasileiras em 2025. Elegante, forte e associado a significados positivos, ele mant\u00e9m presen\u00e7a constante nos registros de cart\u00f3rios, especialmente em nomes femininos de rec\u00e9m-nascidos. A combina\u00e7\u00e3o entre tradi\u00e7\u00e3o e sonoridade suave contribui para sua popularidade crescente ao longo da \u00faltima d\u00e9cada.<\/p>\n\n\n\n<h2 class=\"wp-block-heading\">Qual a origem e significado do nome Valentina?<\/h2>\n\n\n\n<p>Valentina tem origem no latim <em>valens<\/em>, que significa \u201cforte\u201d, \u201cvigorosa\u201d ou \u201cvalente\u201d. Essa raiz lingu\u00edstica aparece em diferentes nomes da Antiguidade e est\u00e1 ligada a termos que expressam resist\u00eancia, coragem e sa\u00fade.<\/p>\n\n\n\n<p>O nome tamb\u00e9m se relaciona a tradi\u00e7\u00f5es crist\u00e3s por conta de S\u00e3o Valentim, figura hist\u00f3rica associada ao amor e \u00e0 dedica\u00e7\u00e3o, o que refor\u00e7a seu simbolismo positivo.<\/p>\n\n\n<div class=\"wp-block-image\">\n<figure class=\"aligncenter size-large\"><img decoding=\"async\" width=\"1024\" height=\"576\" src=\"https:\/\/www.correiobraziliense.com.br\/cbradar\/wp-content\/uploads\/2025\/12\/baby-boy_1764961167183-1024x576.jpg\" alt=\"O significado do nome Valentina explica sucesso entre pais pelo mundo\" class=\"wp-image-150614\" srcset=\"https:\/\/www.correiobraziliense.com.br\/cbradar\/wp-content\/uploads\/2025\/12\/baby-boy_1764961167183-1024x576.jpg 1024w, https:\/\/www.correiobraziliense.com.br\/cbradar\/wp-content\/uploads\/2025\/12\/baby-boy_1764961167183-300x169.jpg 300w, https:\/\/www.correiobraziliense.com.br\/cbradar\/wp-content\/uploads\/2025\/12\/baby-boy_1764961167183-768x432.jpg 768w, https:\/\/www.correiobraziliense.com.br\/cbradar\/wp-content\/uploads\/2025\/12\/baby-boy_1764961167183-750x422.jpg 750w, https:\/\/www.correiobraziliense.com.br\/cbradar\/wp-content\/uploads\/2025\/12\/baby-boy_1764961167183-1140x641.jpg 1140w, https:\/\/www.correiobraziliense.com.br\/cbradar\/wp-content\/uploads\/2025\/12\/baby-boy_1764961167183.jpg 1280w\" sizes=\"(max-width: 1024px) 100vw, 1024px\" \/><figcaption class=\"wp-element-caption\">Valentina tem origem no latim valens, que significa \u201cforte\u201d, \u201cvigorosa\u201d ou \u201cvalente\u201d &#8211; Cr\u00e9ditos: depositphotos.com \/ LenaMiloslavskaya<\/figcaption><\/figure><\/div>\n\n\n<h2 class=\"wp-block-heading\">Por que Valentina segue entre os nomes mais usados?<\/h2>\n\n\n\n<p>Em 2025, especialistas em linguagem e tend\u00eancias de nomes apontam alguns motivos para a perman\u00eancia de Valentina entre os mais escolhidos:<\/p>\n\n\n\n<p>\u2022 combina\u00e7\u00e3o de for\u00e7a e delicadeza na sonoridade;<br>\u2022 associa\u00e7\u00e3o cultural a coragem e vitalidade;<br>\u2022 presen\u00e7a frequente em novelas, produ\u00e7\u00f5es de streaming e redes sociais;<br>\u2022 prefer\u00eancia por nomes longos e cl\u00e1ssicos, uma tend\u00eancia forte dos \u00faltimos anos.<\/p>\n\n\n\n<p>O nome tamb\u00e9m \u00e9 comum em pa\u00edses europeus e latino-americanos, <a href=\"https:\/\/www.correiobraziliense.com.br\/cbradar\/quais-sao-os-principais-5-nomes-para-bebes-que-significam-luz\/\" target=\"_blank\" rel=\"noreferrer noopener\">o que contribui para sua circula\u00e7\u00e3o global <\/a>e influencia fam\u00edlias brasileiras conectadas a tend\u00eancias internacionais, <strong>nomesesiginificados <\/strong>mostra um pouco no TikTok:<\/p>\n\n\n\n<figure class=\"wp-block-embed is-type-video is-provider-tiktok wp-block-embed-tiktok\"><div class=\"wp-block-embed__wrapper\">\n<blockquote class=\"tiktok-embed\" cite=\"https:\/\/www.tiktok.com\/@nomesesiginificados\/video\/7357743552077614342\" data-video-id=\"7357743552077614342\" data-embed-from=\"oembed\" style=\"max-width:605px; min-width:325px;\"> <section> <a target=\"_blank\" title=\"@nomesesiginificados\" href=\"https:\/\/www.tiktok.com\/@nomesesiginificados?refer=embed\">@nomesesiginificados<\/a> <p>Respondendo a @valenthyna.noguei <a title=\"valentina\" target=\"_blank\" href=\"https:\/\/www.tiktok.com\/tag\/valentina?refer=embed\">#valentina<\/a> <a title=\"nomeesignificado\" target=\"_blank\" href=\"https:\/\/www.tiktok.com\/tag\/nomeesignificado?refer=embed\">#nomeesignificado<\/a> <a title=\"nomesesignificados\" target=\"_blank\" href=\"https:\/\/www.tiktok.com\/tag\/nomesesignificados?refer=embed\">#nomesesignificados<\/a> <a title=\"maedemenina\" target=\"_blank\" href=\"https:\/\/www.tiktok.com\/tag\/maedemenina?refer=embed\">#maedemenina<\/a> <a title=\"mundorosa\" target=\"_blank\" href=\"https:\/\/www.tiktok.com\/tag\/mundorosa?refer=embed\">#mundorosa<\/a> <a title=\"viral\" target=\"_blank\" href=\"https:\/\/www.tiktok.com\/tag\/viral?refer=embed\">#viral<\/a> <a title=\"fyp\u30b7\u309aviral\" target=\"_blank\" href=\"https:\/\/www.tiktok.com\/tag\/fyp%E3%82%B7%E3%82%9Aviral?refer=embed\">#fyp\u30b7\u309aviral<\/a> <a title=\"foryou\" target=\"_blank\" href=\"https:\/\/www.tiktok.com\/tag\/foryou?refer=embed\">#foryou<\/a> <a title=\"fyp\u30b7\" target=\"_blank\" href=\"https:\/\/www.tiktok.com\/tag\/fyp%E3%82%B7?refer=embed\">#fyp\u30b7<\/a> @TikTok <\/p> <a target=\"_blank\" title=\"\u266c Como \u00c9 Grande o Meu Amor - Cover - Maria Loka\" href=\"https:\/\/www.tiktok.com\/music\/Como-\u00c9-Grande-o-Meu-Amor-Cover-6879970758559270913?refer=embed\">\u266c Como \u00c9 Grande o Meu Amor &#8211; Cover &#8211; Maria Loka<\/a> <\/section> <\/blockquote> <script async src=\"https:\/\/www.tiktok.com\/embed.js\"><\/script>\n<\/div><\/figure>\n\n\n\n<h2 class=\"wp-block-heading\">Como o nome aparece em varia\u00e7\u00f5es e compostos?<\/h2>\n\n\n\n<p>Valentina \u00e9 utilizado tanto como nome principal quanto em composi\u00e7\u00f5es. Entre as combina\u00e7\u00f5es mais comuns est\u00e3o:<\/p>\n\n\n\n<p>\u2022 Valentina Sofia;<br>\u2022 Valentina Marie;<br>\u2022 Valentina Luiza;<br>\u2022 Ana Valentina.<\/p>\n\n\n\n<p>Por ser um nome longo e de pron\u00fancia marcante, costuma aparecer ao lado de segundos nomes curtos, criando equil\u00edbrio na leitura e na fala.<\/p>\n\n\n<div class=\"wp-block-image\">\n<figure class=\"aligncenter size-large\"><img decoding=\"async\" width=\"1024\" height=\"576\" src=\"https:\/\/www.correiobraziliense.com.br\/cbradar\/wp-content\/uploads\/2025\/12\/baby-girl_1764719737758-1024x576.jpg\" alt=\"O significado do nome Valentina explica sucesso entre pais pelo mundo\" class=\"wp-image-149052\" srcset=\"https:\/\/www.correiobraziliense.com.br\/cbradar\/wp-content\/uploads\/2025\/12\/baby-girl_1764719737758-1024x576.jpg 1024w, https:\/\/www.correiobraziliense.com.br\/cbradar\/wp-content\/uploads\/2025\/12\/baby-girl_1764719737758-300x169.jpg 300w, https:\/\/www.correiobraziliense.com.br\/cbradar\/wp-content\/uploads\/2025\/12\/baby-girl_1764719737758-768x432.jpg 768w, https:\/\/www.correiobraziliense.com.br\/cbradar\/wp-content\/uploads\/2025\/12\/baby-girl_1764719737758-750x422.jpg 750w, https:\/\/www.correiobraziliense.com.br\/cbradar\/wp-content\/uploads\/2025\/12\/baby-girl_1764719737758-1140x641.jpg 1140w, https:\/\/www.correiobraziliense.com.br\/cbradar\/wp-content\/uploads\/2025\/12\/baby-girl_1764719737758.jpg 1280w\" sizes=\"(max-width: 1024px) 100vw, 1024px\" \/><figcaption class=\"wp-element-caption\">Por ser um nome longo e de pron\u00fancia marcante, costuma aparecer ao lado de segundos nomes curtos, criando equil\u00edbrio na leitura e na fala &#8211; Cr\u00e9ditos: depositphotos.com \/ oksanka_2<\/figcaption><\/figure><\/div>\n\n\n<h2 class=\"wp-block-heading\">Qual a proje\u00e7\u00e3o do nome nos pr\u00f3ximos anos?<\/h2>\n\n\n\n<p>Levantamentos preliminares de 2025 indicam que Valentina deve continuar no topo dos nomes femininos mais registrados ao menos at\u00e9 2026. A tend\u00eancia reflete a busca por nomes que transmitam for\u00e7a emocional, ao mesmo tempo em que mant\u00eam suavidade est\u00e9tica, caracter\u00edsticas valorizadas por muitas fam\u00edlias na escolha do nome de uma filha.<\/p>\n","protected":false},"excerpt":{"rendered":"<p>O nome Valentina continua entre os preferidos das fam\u00edlias brasileiras em 2025. Elegante, forte e associado a significados positivos, ele mant\u00e9m presen\u00e7a constante nos registros de cart\u00f3rios, especialmente em nomes femininos de rec\u00e9m-nascidos. A combina\u00e7\u00e3o entre tradi\u00e7\u00e3o e sonoridade suave contribui para sua popularidade crescente ao longo da \u00faltima d\u00e9cada. Qual a origem e significado [&hellip;]<\/p>\n","protected":false},"author":18,"featured_media":152838,"comment_status":"open","ping_status":"open","sticky":false,"template":"","format":"standard","meta":{"_yoast_wpseo_focuskw":"qual o significado do nome Valentina","_yoast_wpseo_title":"","_yoast_wpseo_metadesc":"O nome Valentina segue entre os mais escolhidos no Brasil em 2025. Veja seu significado, origem e por que ele continua em alta.","jnews-multi-image_gallery":[],"jnews_single_post":{"format":"standard"},"jnews_primary_category":[],"jnews_social_meta":[],"jnews_override_counter":[],"footnotes":""},"categories":[112],"post_tag":[5202,4243,5812,12478],"class_list":["post-152837","post","type-post","status-publish","format-standard","has-post-thumbnail","hentry","category-curiosidades","tag-nomes","tag-origem","tag-significado","tag-valentina"],"yoast_head":"<!-- This site is optimized with the Yoast SEO plugin v24.6 - https:\/\/yoast.com\/wordpress\/plugins\/seo\/ -->\n<title>O significado do nome Valentina explica sucesso entre pais pelo mundo - Correio Braziliense - Radar<\/title>\n<meta name=\"description\" content=\"O nome Valentina segue entre os mais escolhidos no Brasil em 2025. Veja seu significado, origem e por que ele continua em alta.\" \/>\n<meta name=\"robots\" content=\"index, follow, max-snippet:-1, max-image-preview:large, max-video-preview:-1\" \/>\n<link rel=\"canonical\" href=\"https:\/\/www.correiobraziliense.com.br\/cbradar\/o-significado-do-nome-valentina-explica-sucesso-entre-pais-pelo-mundo\/\" \/>\n<meta property=\"og:locale\" content=\"pt_BR\" \/>\n<meta property=\"og:type\" content=\"article\" \/>\n<meta property=\"og:title\" content=\"O significado do nome Valentina explica sucesso entre pais pelo mundo - Correio Braziliense - Radar\" \/>\n<meta property=\"og:description\" content=\"O nome Valentina segue entre os mais escolhidos no Brasil em 2025. Veja seu significado, origem e por que ele continua em alta.\" \/>\n<meta property=\"og:url\" content=\"https:\/\/www.correiobraziliense.com.br\/cbradar\/o-significado-do-nome-valentina-explica-sucesso-entre-pais-pelo-mundo\/\" \/>\n<meta property=\"og:site_name\" content=\"Correio Braziliense - Radar\" \/>\n<meta property=\"article:published_time\" content=\"2025-12-09T09:45:00+00:00\" \/>\n<meta property=\"og:image\" content=\"https:\/\/www.correiobraziliense.com.br\/cbradar\/wp-content\/uploads\/2025\/12\/baby-girl_1765218051704.jpg\" \/>\n\t<meta property=\"og:image:width\" content=\"1280\" \/>\n\t<meta property=\"og:image:height\" content=\"720\" \/>\n\t<meta property=\"og:image:type\" content=\"image\/jpeg\" \/>\n<meta name=\"author\" content=\"Maria Eduarda Pacheco\" \/>\n<meta name=\"twitter:card\" content=\"summary_large_image\" \/>\n<meta name=\"twitter:label1\" content=\"Escrito por\" \/>\n\t<meta name=\"twitter:data1\" content=\"Maria Eduarda Pacheco\" \/>\n\t<meta name=\"twitter:label2\" content=\"Est. tempo de leitura\" \/>\n\t<meta name=\"twitter:data2\" content=\"3 minutos\" \/>\n<!-- \/ Yoast SEO plugin. -->","yoast_head_json":{"title":"O significado do nome Valentina explica sucesso entre pais pelo mundo - Correio Braziliense - Radar","description":"O nome Valentina segue entre os mais escolhidos no Brasil em 2025. Veja seu significado, origem e por que ele continua em alta.","robots":{"index":"index","follow":"follow","max-snippet":"max-snippet:-1","max-image-preview":"max-image-preview:large","max-video-preview":"max-video-preview:-1"},"canonical":"https:\/\/www.correiobraziliense.com.br\/cbradar\/o-significado-do-nome-valentina-explica-sucesso-entre-pais-pelo-mundo\/","og_locale":"pt_BR","og_type":"article","og_title":"O significado do nome Valentina explica sucesso entre pais pelo mundo - Correio Braziliense - Radar","og_description":"O nome Valentina segue entre os mais escolhidos no Brasil em 2025. Veja seu significado, origem e por que ele continua em alta.","og_url":"https:\/\/www.correiobraziliense.com.br\/cbradar\/o-significado-do-nome-valentina-explica-sucesso-entre-pais-pelo-mundo\/","og_site_name":"Correio Braziliense - Radar","article_published_time":"2025-12-09T09:45:00+00:00","og_image":[{"width":1280,"height":720,"url":"https:\/\/www.correiobraziliense.com.br\/cbradar\/wp-content\/uploads\/2025\/12\/baby-girl_1765218051704.jpg","type":"image\/jpeg"}],"author":"Maria Eduarda Pacheco","twitter_card":"summary_large_image","twitter_misc":{"Escrito por":"Maria Eduarda Pacheco","Est. tempo de leitura":"3 minutos"},"schema":{"@context":"https:\/\/schema.org","@graph":[{"@type":"WebPage","@id":"https:\/\/www.correiobraziliense.com.br\/cbradar\/o-significado-do-nome-valentina-explica-sucesso-entre-pais-pelo-mundo\/","url":"https:\/\/www.correiobraziliense.com.br\/cbradar\/o-significado-do-nome-valentina-explica-sucesso-entre-pais-pelo-mundo\/","name":"O significado do nome Valentina explica sucesso entre pais pelo mundo - Correio Braziliense - Radar","isPartOf":{"@id":"https:\/\/www.correiobraziliense.com.br\/cbradar\/#website"},"primaryImageOfPage":{"@id":"https:\/\/www.correiobraziliense.com.br\/cbradar\/o-significado-do-nome-valentina-explica-sucesso-entre-pais-pelo-mundo\/#primaryimage"},"image":{"@id":"https:\/\/www.correiobraziliense.com.br\/cbradar\/o-significado-do-nome-valentina-explica-sucesso-entre-pais-pelo-mundo\/#primaryimage"},"thumbnailUrl":"https:\/\/www.correiobraziliense.com.br\/cbradar\/wp-content\/uploads\/2025\/12\/baby-girl_1765218051704.jpg","datePublished":"2025-12-09T09:45:00+00:00","author":{"@id":"https:\/\/www.correiobraziliense.com.br\/cbradar\/#\/schema\/person\/6fdd694c4c0d658f15df15f390ddf066"},"description":"O nome Valentina segue entre os mais escolhidos no Brasil em 2025. Veja seu significado, origem e por que ele continua em alta.","breadcrumb":{"@id":"https:\/\/www.correiobraziliense.com.br\/cbradar\/o-significado-do-nome-valentina-explica-sucesso-entre-pais-pelo-mundo\/#breadcrumb"},"inLanguage":"pt-BR","potentialAction":[{"@type":"ReadAction","target":["https:\/\/www.correiobraziliense.com.br\/cbradar\/o-significado-do-nome-valentina-explica-sucesso-entre-pais-pelo-mundo\/"]}]},{"@type":"ImageObject","inLanguage":"pt-BR","@id":"https:\/\/www.correiobraziliense.com.br\/cbradar\/o-significado-do-nome-valentina-explica-sucesso-entre-pais-pelo-mundo\/#primaryimage","url":"https:\/\/www.correiobraziliense.com.br\/cbradar\/wp-content\/uploads\/2025\/12\/baby-girl_1765218051704.jpg","contentUrl":"https:\/\/www.correiobraziliense.com.br\/cbradar\/wp-content\/uploads\/2025\/12\/baby-girl_1765218051704.jpg","width":1280,"height":720,"caption":"O nome Valentina continua entre os preferidos das fam\u00edlias brasileiras em 2025 - Cr\u00e9ditos: depositphotos.com \/ IgorVetushko"},{"@type":"BreadcrumbList","@id":"https:\/\/www.correiobraziliense.com.br\/cbradar\/o-significado-do-nome-valentina-explica-sucesso-entre-pais-pelo-mundo\/#breadcrumb","itemListElement":[{"@type":"ListItem","position":1,"name":"In\u00edcio","item":"https:\/\/www.correiobraziliense.com.br\/cbradar\/"},{"@type":"ListItem","position":2,"name":"O significado do nome Valentina explica sucesso entre pais pelo mundo"}]},{"@type":"WebSite","@id":"https:\/\/www.correiobraziliense.com.br\/cbradar\/#website","url":"https:\/\/www.correiobraziliense.com.br\/cbradar\/","name":"Correio Braziliense - Radar","description":"Acompanhe as \u00faltimas not\u00edcias e fique bem informado sobre tudo o que acontece no Brasil e no mundo.","potentialAction":[{"@type":"SearchAction","target":{"@type":"EntryPoint","urlTemplate":"https:\/\/www.correiobraziliense.com.br\/cbradar\/?s={search_term_string}"},"query-input":{"@type":"PropertyValueSpecification","valueRequired":true,"valueName":"search_term_string"}}],"inLanguage":"pt-BR"},{"@type":"Person","@id":"https:\/\/www.correiobraziliense.com.br\/cbradar\/#\/schema\/person\/6fdd694c4c0d658f15df15f390ddf066","name":"Maria Eduarda Pacheco","image":{"@type":"ImageObject","inLanguage":"pt-BR","@id":"https:\/\/www.correiobraziliense.com.br\/cbradar\/#\/schema\/person\/image\/","url":"https:\/\/secure.gravatar.com\/avatar\/f72a487b26fdeec08ba4868875ea328e?s=96&d=mm&r=g","contentUrl":"https:\/\/secure.gravatar.com\/avatar\/f72a487b26fdeec08ba4868875ea328e?s=96&d=mm&r=g","caption":"Maria Eduarda Pacheco"},"sameAs":["https:\/\/www.correiobraziliense.com.br\/cbradar\/"],"url":"https:\/\/www.correiobraziliense.com.br\/cbradar\/author\/maria-eduarda\/"}]}},"_links":{"self":[{"href":"https:\/\/www.correiobraziliense.com.br\/cbradar\/wp-json\/wp\/v2\/posts\/152837","targetHints":{"allow":["GET"]}}],"collection":[{"href":"https:\/\/www.correiobraziliense.com.br\/cbradar\/wp-json\/wp\/v2\/posts"}],"about":[{"href":"https:\/\/www.correiobraziliense.com.br\/cbradar\/wp-json\/wp\/v2\/types\/post"}],"author":[{"embeddable":true,"href":"https:\/\/www.correiobraziliense.com.br\/cbradar\/wp-json\/wp\/v2\/users\/18"}],"replies":[{"embeddable":true,"href":"https:\/\/www.correiobraziliense.com.br\/cbradar\/wp-json\/wp\/v2\/comments?post=152837"}],"version-history":[{"count":1,"href":"https:\/\/www.correiobraziliense.com.br\/cbradar\/wp-json\/wp\/v2\/posts\/152837\/revisions"}],"predecessor-version":[{"id":152840,"href":"https:\/\/www.correiobraziliense.com.br\/cbradar\/wp-json\/wp\/v2\/posts\/152837\/revisions\/152840"}],"wp:featuredmedia":[{"embeddable":true,"href":"https:\/\/www.correiobraziliense.com.br\/cbradar\/wp-json\/wp\/v2\/media\/152838"}],"wp:attachment":[{"href":"https:\/\/www.correiobraziliense.com.br\/cbradar\/wp-json\/wp\/v2\/media?parent=152837"}],"wp:term":[{"taxonomy":"category","embeddable":true,"href":"https:\/\/www.correiobraziliense.com.br\/cbradar\/wp-json\/wp\/v2\/categories?post=152837"},{"taxonomy":"post_tag","embeddable":true,"href":"https:\/\/www.correiobraziliense.com.br\/cbradar\/wp-json\/wp\/v2\/post_tag?post=152837"}],"curies":[{"name":"wp","href":"https:\/\/api.w.org\/{rel}","templated":true}]}}