{"id":152849,"date":"2025-12-09T08:45:00","date_gmt":"2025-12-09T11:45:00","guid":{"rendered":"https:\/\/www.correiobraziliense.com.br\/cbradar\/?p=152849"},"modified":"2025-12-08T16:39:05","modified_gmt":"2025-12-08T19:39:05","slug":"essa-duvida-de-portugues-ainda-gera-erros-ate-entre-adultos-e-profissionais","status":"publish","type":"post","link":"https:\/\/www.correiobraziliense.com.br\/cbradar\/essa-duvida-de-portugues-ainda-gera-erros-ate-entre-adultos-e-profissionais\/","title":{"rendered":"Essa d\u00favida de portugu\u00eas ainda gera erros at\u00e9 entre adultos e profissionais"},"content":{"rendered":"\n<p>A d\u00favida entre escrever <strong>embaixo<\/strong> ou <strong>em baixo<\/strong> continua comum entre brasileiros em 2025. Embora as duas formas existam na l\u00edngua portuguesa, elas n\u00e3o significam a mesma coisa. Cada uma \u00e9 usada em contextos diferentes, e conhecer essa distin\u00e7\u00e3o <a href=\"https:\/\/www.correiobraziliense.com.br\/cbradar\/as-8-palavras-com-g-que-muita-gente-ainda-escreve-com-j-por-engano-2\/\" target=\"_blank\" rel=\"noreferrer noopener\">evita erros de escrita<\/a> em situa\u00e7\u00f5es do dia a dia.<\/p>\n\n\n\n<h2 class=\"wp-block-heading\">Quando usar \u201cembaixo\u201d?<\/h2>\n\n\n\n<p>A forma <strong>embaixo<\/strong>, escrita junto, \u00e9 um adv\u00e9rbio. Ela indica posi\u00e7\u00e3o inferior, algo localizado na parte de baixo de um objeto, lugar ou superf\u00edcie.<\/p>\n\n\n\n<p><strong>Exemplos corretos:<\/strong><\/p>\n\n\n\n<p>\u2022 O gato est\u00e1 <strong>embaixo<\/strong> da mesa.<br>\u2022 O documento ficou <strong>embaixo<\/strong> da gaveta.<br>\u2022 Ele deixou a chave <strong>embaixo<\/strong> do tapete.<\/p>\n\n\n\n<p>Por ser um adv\u00e9rbio, \u201cembaixo\u201d funciona como um termo \u00fanico e n\u00e3o deve ser separado.<\/p>\n\n\n<div class=\"wp-block-image\">\n<figure class=\"aligncenter size-large\"><img decoding=\"async\" width=\"1024\" height=\"576\" src=\"https:\/\/www.correiobraziliense.com.br\/cbradar\/wp-content\/uploads\/2025\/12\/redacao_1765222463266-1024x576.jpg\" alt=\"Essa d\u00favida de portugu\u00eas ainda gera erros at\u00e9 entre adultos e profissionais\" class=\"wp-image-152850\" srcset=\"https:\/\/www.correiobraziliense.com.br\/cbradar\/wp-content\/uploads\/2025\/12\/redacao_1765222463266-1024x576.jpg 1024w, https:\/\/www.correiobraziliense.com.br\/cbradar\/wp-content\/uploads\/2025\/12\/redacao_1765222463266-300x169.jpg 300w, https:\/\/www.correiobraziliense.com.br\/cbradar\/wp-content\/uploads\/2025\/12\/redacao_1765222463266-768x432.jpg 768w, https:\/\/www.correiobraziliense.com.br\/cbradar\/wp-content\/uploads\/2025\/12\/redacao_1765222463266-750x422.jpg 750w, https:\/\/www.correiobraziliense.com.br\/cbradar\/wp-content\/uploads\/2025\/12\/redacao_1765222463266-1140x641.jpg 1140w, https:\/\/www.correiobraziliense.com.br\/cbradar\/wp-content\/uploads\/2025\/12\/redacao_1765222463266.jpg 1280w\" sizes=\"(max-width: 1024px) 100vw, 1024px\" \/><figcaption class=\"wp-element-caption\">A forma embaixo, escrita junto, \u00e9 um adv\u00e9rbio &#8211; Cr\u00e9ditos: depositphotos.com \/ AndrewLozovyi<\/figcaption><\/figure><\/div>\n\n\n<h2 class=\"wp-block-heading\">Quando usar \u201cem baixo\u201d?<\/h2>\n\n\n\n<p>J\u00e1 a express\u00e3o <strong>em baixo<\/strong>, escrita separadamente, \u00e9 a preposi\u00e7\u00e3o \u201cem\u201d + adjetivo \u201cbaixo\u201d. Ela aparece quando \u201cbaixo\u201d funciona como caracter\u00edstica, n\u00e3o como adv\u00e9rbio de lugar.<\/p>\n\n\n\n<p><strong>Exemplos corretos:<\/strong><\/p>\n\n\n\n<p>\u2022 O volume est\u00e1 <strong>em baixo<\/strong> (em n\u00edvel baixo).<br>\u2022 Ele falou <strong>em baixo<\/strong> tom.<br>\u2022 A luz ficou <strong>em baixo<\/strong> brilho.<\/p>\n\n\n\n<p>Nesses casos, o sentido n\u00e3o \u00e9 de localiza\u00e7\u00e3o, e sim de intensidade ou qualidade, por isso a separa\u00e7\u00e3o \u00e9 obrigat\u00f3ria, como mostra <strong>profamaria_eduarda<\/strong> no TikTok:<\/p>\n\n\n\n<figure class=\"wp-block-embed is-type-video is-provider-tiktok wp-block-embed-tiktok\"><div class=\"wp-block-embed__wrapper\">\n<blockquote class=\"tiktok-embed\" cite=\"https:\/\/www.tiktok.com\/@profamaria_eduarda\/video\/7334353931843177734\" data-video-id=\"7334353931843177734\" data-embed-from=\"oembed\" style=\"max-width:605px; min-width:325px;\"> <section> <a target=\"_blank\" title=\"@profamaria_eduarda\" href=\"https:\/\/www.tiktok.com\/@profamaria_eduarda?refer=embed\">@profamaria_eduarda<\/a> <p>Respondendo a @mlnbs <a title=\"ortografia\" target=\"_blank\" href=\"https:\/\/www.tiktok.com\/tag\/ortografia?refer=embed\">#ortografia<\/a> <a title=\"gramatica\" target=\"_blank\" href=\"https:\/\/www.tiktok.com\/tag\/gramatica?refer=embed\">#gramatica<\/a> <a title=\"portugues\" target=\"_blank\" href=\"https:\/\/www.tiktok.com\/tag\/portugues?refer=embed\">#portugues<\/a> <a title=\"linguaportuguesa\" target=\"_blank\" href=\"https:\/\/www.tiktok.com\/tag\/linguaportuguesa?refer=embed\">#linguaportuguesa<\/a> <\/p> <a target=\"_blank\" title=\"\u266c Solas x Interstellar - Gabriel Albuquerq\u00fce\" href=\"https:\/\/www.tiktok.com\/music\/Solas-x-Interstellar-7193263843374532610?refer=embed\">\u266c Solas x Interstellar &#8211; Gabriel Albuquerq\u00fce<\/a> <\/section> <\/blockquote> <script async src=\"https:\/\/www.tiktok.com\/embed.js\"><\/script>\n<\/div><\/figure>\n\n\n\n<h2 class=\"wp-block-heading\">Por que a confus\u00e3o \u00e9 t\u00e3o comum?<\/h2>\n\n\n\n<p>Professores de l\u00edngua portuguesa explicam que a confus\u00e3o ocorre porque ambas as express\u00f5es possuem som id\u00eantico e compartilham a palavra \u201cbaixo\u201d. No entanto, a presen\u00e7a ou n\u00e3o da preposi\u00e7\u00e3o \u201cem\u201d altera a classe gramatical e, consequentemente, o sentido da frase.<\/p>\n\n\n\n<p>Al\u00e9m disso, o adv\u00e9rbio \u201cembaixo\u201d \u00e9 muito mais frequente na fala cotidiana, o que faz muitas pessoas acreditarem que ele serve para qualquer contexto, mesmo quando n\u00e3o indica posi\u00e7\u00e3o.<\/p>\n\n\n<div class=\"wp-block-image\">\n<figure class=\"aligncenter size-large\"><img decoding=\"async\" width=\"1024\" height=\"576\" src=\"https:\/\/www.correiobraziliense.com.br\/cbradar\/wp-content\/uploads\/2025\/12\/person-thinking_1765222513740-1024x576.jpg\" alt=\"Essa d\u00favida de portugu\u00eas ainda gera erros at\u00e9 entre adultos e profissionais\" class=\"wp-image-152852\" srcset=\"https:\/\/www.correiobraziliense.com.br\/cbradar\/wp-content\/uploads\/2025\/12\/person-thinking_1765222513740-1024x576.jpg 1024w, https:\/\/www.correiobraziliense.com.br\/cbradar\/wp-content\/uploads\/2025\/12\/person-thinking_1765222513740-300x169.jpg 300w, https:\/\/www.correiobraziliense.com.br\/cbradar\/wp-content\/uploads\/2025\/12\/person-thinking_1765222513740-768x432.jpg 768w, https:\/\/www.correiobraziliense.com.br\/cbradar\/wp-content\/uploads\/2025\/12\/person-thinking_1765222513740-750x422.jpg 750w, https:\/\/www.correiobraziliense.com.br\/cbradar\/wp-content\/uploads\/2025\/12\/person-thinking_1765222513740-1140x641.jpg 1140w, https:\/\/www.correiobraziliense.com.br\/cbradar\/wp-content\/uploads\/2025\/12\/person-thinking_1765222513740.jpg 1280w\" sizes=\"(max-width: 1024px) 100vw, 1024px\" \/><figcaption class=\"wp-element-caption\">Em 2025, plataformas de escrita e revis\u00e3o autom\u00e1tica j\u00e1 fazem a corre\u00e7\u00e3o desse tipo de erro &#8211; Cr\u00e9ditos: depositphotos.com \/ peshkova<\/figcaption><\/figure><\/div>\n\n\n<h2 class=\"wp-block-heading\">Como n\u00e3o errar na hora de escrever?<\/h2>\n\n\n\n<p>Uma regra pr\u00e1tica ajuda a evitar equ\u00edvocos:<\/p>\n\n\n\n<p>\u2022 Se indicar <strong>lugar<\/strong>, use <strong>embaixo<\/strong>.<br>\u2022 Se indicar <strong>intensidade<\/strong>, <strong>caracter\u00edstica<\/strong> ou <strong>qualidade<\/strong>, use <strong>em baixo<\/strong>.<\/p>\n\n\n\n<p>Em 2025, plataformas de escrita e revis\u00e3o autom\u00e1tica j\u00e1 fazem a corre\u00e7\u00e3o desse tipo de erro, mas especialistas lembram que compreender a l\u00f3gica por tr\u00e1s das express\u00f5es facilita a comunica\u00e7\u00e3o e evita interpreta\u00e7\u00f5es equivocadas.<\/p>\n","protected":false},"excerpt":{"rendered":"<p>A d\u00favida entre escrever embaixo ou em baixo continua comum entre brasileiros em 2025. Embora as duas formas existam na l\u00edngua portuguesa, elas n\u00e3o significam a mesma coisa. Cada uma \u00e9 usada em contextos diferentes, e conhecer essa distin\u00e7\u00e3o evita erros de escrita em situa\u00e7\u00f5es do dia a dia. Quando usar \u201cembaixo\u201d? A forma embaixo, [&hellip;]<\/p>\n","protected":false},"author":18,"featured_media":152851,"comment_status":"open","ping_status":"open","sticky":false,"template":"","format":"standard","meta":{"_yoast_wpseo_focuskw":"embaixo ou em baixo qual o certo","_yoast_wpseo_title":"","_yoast_wpseo_metadesc":"Embaixo \u00e9 adv\u00e9rbio, em baixo \u00e9 uma express\u00e3o com adjetivo. Veja exemplos e aprenda de vez como usar cada um.","jnews-multi-image_gallery":[],"jnews_single_post":{"format":"standard"},"jnews_primary_category":[],"jnews_social_meta":[],"jnews_override_counter":[],"footnotes":""},"categories":[112],"post_tag":[12482,12481,12480,10902],"class_list":["post-152849","post","type-post","status-publish","format-standard","has-post-thumbnail","hentry","category-curiosidades","tag-correto","tag-em-baixo","tag-embaixo","tag-lingua-portuguesa"],"yoast_head":"<!-- This site is optimized with the Yoast SEO plugin v24.6 - https:\/\/yoast.com\/wordpress\/plugins\/seo\/ -->\n<title>Essa d\u00favida de portugu\u00eas ainda gera erros at\u00e9 entre adultos e profissionais - Correio Braziliense - Radar<\/title>\n<meta name=\"description\" content=\"Embaixo \u00e9 adv\u00e9rbio, em baixo \u00e9 uma express\u00e3o com adjetivo. Veja exemplos e aprenda de vez como usar cada um.\" \/>\n<meta name=\"robots\" content=\"index, follow, max-snippet:-1, max-image-preview:large, max-video-preview:-1\" \/>\n<link rel=\"canonical\" href=\"https:\/\/www.correiobraziliense.com.br\/cbradar\/essa-duvida-de-portugues-ainda-gera-erros-ate-entre-adultos-e-profissionais\/\" \/>\n<meta property=\"og:locale\" content=\"pt_BR\" \/>\n<meta property=\"og:type\" content=\"article\" \/>\n<meta property=\"og:title\" content=\"Essa d\u00favida de portugu\u00eas ainda gera erros at\u00e9 entre adultos e profissionais - Correio Braziliense - Radar\" \/>\n<meta property=\"og:description\" content=\"Embaixo \u00e9 adv\u00e9rbio, em baixo \u00e9 uma express\u00e3o com adjetivo. Veja exemplos e aprenda de vez como usar cada um.\" \/>\n<meta property=\"og:url\" content=\"https:\/\/www.correiobraziliense.com.br\/cbradar\/essa-duvida-de-portugues-ainda-gera-erros-ate-entre-adultos-e-profissionais\/\" \/>\n<meta property=\"og:site_name\" content=\"Correio Braziliense - Radar\" \/>\n<meta property=\"article:published_time\" content=\"2025-12-09T11:45:00+00:00\" \/>\n<meta property=\"og:image\" content=\"https:\/\/www.correiobraziliense.com.br\/cbradar\/wp-content\/uploads\/2025\/12\/redacao_1765222473007.jpg\" \/>\n\t<meta property=\"og:image:width\" content=\"1280\" \/>\n\t<meta property=\"og:image:height\" content=\"720\" \/>\n\t<meta property=\"og:image:type\" content=\"image\/jpeg\" \/>\n<meta name=\"author\" content=\"Maria Eduarda Pacheco\" \/>\n<meta name=\"twitter:card\" content=\"summary_large_image\" \/>\n<meta name=\"twitter:label1\" content=\"Escrito por\" \/>\n\t<meta name=\"twitter:data1\" content=\"Maria Eduarda Pacheco\" \/>\n\t<meta name=\"twitter:label2\" content=\"Est. tempo de leitura\" \/>\n\t<meta name=\"twitter:data2\" content=\"3 minutos\" \/>\n<!-- \/ Yoast SEO plugin. -->","yoast_head_json":{"title":"Essa d\u00favida de portugu\u00eas ainda gera erros at\u00e9 entre adultos e profissionais - Correio Braziliense - Radar","description":"Embaixo \u00e9 adv\u00e9rbio, em baixo \u00e9 uma express\u00e3o com adjetivo. Veja exemplos e aprenda de vez como usar cada um.","robots":{"index":"index","follow":"follow","max-snippet":"max-snippet:-1","max-image-preview":"max-image-preview:large","max-video-preview":"max-video-preview:-1"},"canonical":"https:\/\/www.correiobraziliense.com.br\/cbradar\/essa-duvida-de-portugues-ainda-gera-erros-ate-entre-adultos-e-profissionais\/","og_locale":"pt_BR","og_type":"article","og_title":"Essa d\u00favida de portugu\u00eas ainda gera erros at\u00e9 entre adultos e profissionais - Correio Braziliense - Radar","og_description":"Embaixo \u00e9 adv\u00e9rbio, em baixo \u00e9 uma express\u00e3o com adjetivo. Veja exemplos e aprenda de vez como usar cada um.","og_url":"https:\/\/www.correiobraziliense.com.br\/cbradar\/essa-duvida-de-portugues-ainda-gera-erros-ate-entre-adultos-e-profissionais\/","og_site_name":"Correio Braziliense - Radar","article_published_time":"2025-12-09T11:45:00+00:00","og_image":[{"width":1280,"height":720,"url":"https:\/\/www.correiobraziliense.com.br\/cbradar\/wp-content\/uploads\/2025\/12\/redacao_1765222473007.jpg","type":"image\/jpeg"}],"author":"Maria Eduarda Pacheco","twitter_card":"summary_large_image","twitter_misc":{"Escrito por":"Maria Eduarda Pacheco","Est. tempo de leitura":"3 minutos"},"schema":{"@context":"https:\/\/schema.org","@graph":[{"@type":"WebPage","@id":"https:\/\/www.correiobraziliense.com.br\/cbradar\/essa-duvida-de-portugues-ainda-gera-erros-ate-entre-adultos-e-profissionais\/","url":"https:\/\/www.correiobraziliense.com.br\/cbradar\/essa-duvida-de-portugues-ainda-gera-erros-ate-entre-adultos-e-profissionais\/","name":"Essa d\u00favida de portugu\u00eas ainda gera erros at\u00e9 entre adultos e profissionais - Correio Braziliense - Radar","isPartOf":{"@id":"https:\/\/www.correiobraziliense.com.br\/cbradar\/#website"},"primaryImageOfPage":{"@id":"https:\/\/www.correiobraziliense.com.br\/cbradar\/essa-duvida-de-portugues-ainda-gera-erros-ate-entre-adultos-e-profissionais\/#primaryimage"},"image":{"@id":"https:\/\/www.correiobraziliense.com.br\/cbradar\/essa-duvida-de-portugues-ainda-gera-erros-ate-entre-adultos-e-profissionais\/#primaryimage"},"thumbnailUrl":"https:\/\/www.correiobraziliense.com.br\/cbradar\/wp-content\/uploads\/2025\/12\/redacao_1765222473007.jpg","datePublished":"2025-12-09T11:45:00+00:00","author":{"@id":"https:\/\/www.correiobraziliense.com.br\/cbradar\/#\/schema\/person\/6fdd694c4c0d658f15df15f390ddf066"},"description":"Embaixo \u00e9 adv\u00e9rbio, em baixo \u00e9 uma express\u00e3o com adjetivo. Veja exemplos e aprenda de vez como usar cada um.","breadcrumb":{"@id":"https:\/\/www.correiobraziliense.com.br\/cbradar\/essa-duvida-de-portugues-ainda-gera-erros-ate-entre-adultos-e-profissionais\/#breadcrumb"},"inLanguage":"pt-BR","potentialAction":[{"@type":"ReadAction","target":["https:\/\/www.correiobraziliense.com.br\/cbradar\/essa-duvida-de-portugues-ainda-gera-erros-ate-entre-adultos-e-profissionais\/"]}]},{"@type":"ImageObject","inLanguage":"pt-BR","@id":"https:\/\/www.correiobraziliense.com.br\/cbradar\/essa-duvida-de-portugues-ainda-gera-erros-ate-entre-adultos-e-profissionais\/#primaryimage","url":"https:\/\/www.correiobraziliense.com.br\/cbradar\/wp-content\/uploads\/2025\/12\/redacao_1765222473007.jpg","contentUrl":"https:\/\/www.correiobraziliense.com.br\/cbradar\/wp-content\/uploads\/2025\/12\/redacao_1765222473007.jpg","width":1280,"height":720,"caption":"Curiosamente, no texto original, ela n\u00e3o era uma regra de vida, mas parte de uma cr\u00edtica ao excesso de desejos das pessoas - Cr\u00e9ditos: depositphotos.com \/ IgorVetushko"},{"@type":"BreadcrumbList","@id":"https:\/\/www.correiobraziliense.com.br\/cbradar\/essa-duvida-de-portugues-ainda-gera-erros-ate-entre-adultos-e-profissionais\/#breadcrumb","itemListElement":[{"@type":"ListItem","position":1,"name":"In\u00edcio","item":"https:\/\/www.correiobraziliense.com.br\/cbradar\/"},{"@type":"ListItem","position":2,"name":"Essa d\u00favida de portugu\u00eas ainda gera erros at\u00e9 entre adultos e profissionais"}]},{"@type":"WebSite","@id":"https:\/\/www.correiobraziliense.com.br\/cbradar\/#website","url":"https:\/\/www.correiobraziliense.com.br\/cbradar\/","name":"Correio Braziliense - Radar","description":"Acompanhe as \u00faltimas not\u00edcias e fique bem informado sobre tudo o que acontece no Brasil e no mundo.","potentialAction":[{"@type":"SearchAction","target":{"@type":"EntryPoint","urlTemplate":"https:\/\/www.correiobraziliense.com.br\/cbradar\/?s={search_term_string}"},"query-input":{"@type":"PropertyValueSpecification","valueRequired":true,"valueName":"search_term_string"}}],"inLanguage":"pt-BR"},{"@type":"Person","@id":"https:\/\/www.correiobraziliense.com.br\/cbradar\/#\/schema\/person\/6fdd694c4c0d658f15df15f390ddf066","name":"Maria Eduarda Pacheco","image":{"@type":"ImageObject","inLanguage":"pt-BR","@id":"https:\/\/www.correiobraziliense.com.br\/cbradar\/#\/schema\/person\/image\/","url":"https:\/\/secure.gravatar.com\/avatar\/f72a487b26fdeec08ba4868875ea328e?s=96&d=mm&r=g","contentUrl":"https:\/\/secure.gravatar.com\/avatar\/f72a487b26fdeec08ba4868875ea328e?s=96&d=mm&r=g","caption":"Maria Eduarda Pacheco"},"sameAs":["https:\/\/www.correiobraziliense.com.br\/cbradar\/"],"url":"https:\/\/www.correiobraziliense.com.br\/cbradar\/author\/maria-eduarda\/"}]}},"_links":{"self":[{"href":"https:\/\/www.correiobraziliense.com.br\/cbradar\/wp-json\/wp\/v2\/posts\/152849","targetHints":{"allow":["GET"]}}],"collection":[{"href":"https:\/\/www.correiobraziliense.com.br\/cbradar\/wp-json\/wp\/v2\/posts"}],"about":[{"href":"https:\/\/www.correiobraziliense.com.br\/cbradar\/wp-json\/wp\/v2\/types\/post"}],"author":[{"embeddable":true,"href":"https:\/\/www.correiobraziliense.com.br\/cbradar\/wp-json\/wp\/v2\/users\/18"}],"replies":[{"embeddable":true,"href":"https:\/\/www.correiobraziliense.com.br\/cbradar\/wp-json\/wp\/v2\/comments?post=152849"}],"version-history":[{"count":2,"href":"https:\/\/www.correiobraziliense.com.br\/cbradar\/wp-json\/wp\/v2\/posts\/152849\/revisions"}],"predecessor-version":[{"id":152856,"href":"https:\/\/www.correiobraziliense.com.br\/cbradar\/wp-json\/wp\/v2\/posts\/152849\/revisions\/152856"}],"wp:featuredmedia":[{"embeddable":true,"href":"https:\/\/www.correiobraziliense.com.br\/cbradar\/wp-json\/wp\/v2\/media\/152851"}],"wp:attachment":[{"href":"https:\/\/www.correiobraziliense.com.br\/cbradar\/wp-json\/wp\/v2\/media?parent=152849"}],"wp:term":[{"taxonomy":"category","embeddable":true,"href":"https:\/\/www.correiobraziliense.com.br\/cbradar\/wp-json\/wp\/v2\/categories?post=152849"},{"taxonomy":"post_tag","embeddable":true,"href":"https:\/\/www.correiobraziliense.com.br\/cbradar\/wp-json\/wp\/v2\/post_tag?post=152849"}],"curies":[{"name":"wp","href":"https:\/\/api.w.org\/{rel}","templated":true}]}}