{"id":152900,"date":"2025-12-09T12:35:00","date_gmt":"2025-12-09T15:35:00","guid":{"rendered":"https:\/\/www.correiobraziliense.com.br\/cbradar\/?p=152900"},"modified":"2025-12-08T17:47:07","modified_gmt":"2025-12-08T20:47:07","slug":"theo-virou-o-queridinho-dos-pais-modernos-e-esta-dominando-os-cartorios","status":"publish","type":"post","link":"https:\/\/www.correiobraziliense.com.br\/cbradar\/theo-virou-o-queridinho-dos-pais-modernos-e-esta-dominando-os-cartorios\/","title":{"rendered":"Theo virou o queridinho dos pais modernos e est\u00e1 dominando os cart\u00f3rios"},"content":{"rendered":"\n<p>O nome <strong>Theo<\/strong> continua entre os preferidos das fam\u00edlias brasileiras em 2025. Curto, moderno e com forte presen\u00e7a em diferentes culturas, ele se destaca pela sonoridade simples e pelo significado ligado \u00e0 espiritualidade e \u00e0 prote\u00e7\u00e3o. Nos \u00faltimos anos, Theo passou a figurar com frequ\u00eancia nos registros de rec\u00e9m-nascidos, acompanhando a tend\u00eancia de nomes curtos e internacionais.<\/p>\n\n\n\n<h2 class=\"wp-block-heading\">Qual a origem e significado do nome Theo?<\/h2>\n\n\n\n<p>Theo tem origem no grego <em>the\u00f3s<\/em>, que significa \u201cDeus\u201d. Ele pode aparecer sozinho ou como forma abreviada de nomes mais longos, como Theodoro (significando \u201cpresente de Deus\u201d) e Theobaldo (\u201cousadia de Deus\u201d ou \u201cforte com o apoio de Deus\u201d).<\/p>\n\n\n\n<p>Por carregar uma raiz religiosa antiga e amplamente reconhecida, Theo \u00e9 associado a prote\u00e7\u00e3o, for\u00e7a espiritual e significado profundo, mesmo em sua vers\u00e3o curta.<\/p>\n\n\n<div class=\"wp-block-image\">\n<figure class=\"aligncenter size-large\"><img decoding=\"async\" width=\"1024\" height=\"576\" src=\"https:\/\/www.correiobraziliense.com.br\/cbradar\/wp-content\/uploads\/2025\/12\/baby_1765044697217-1024x576.jpg\" alt=\"Theo virou o queridinho dos pais modernos e est\u00e1 dominando os cart\u00f3rios\" class=\"wp-image-151132\" srcset=\"https:\/\/www.correiobraziliense.com.br\/cbradar\/wp-content\/uploads\/2025\/12\/baby_1765044697217-1024x576.jpg 1024w, https:\/\/www.correiobraziliense.com.br\/cbradar\/wp-content\/uploads\/2025\/12\/baby_1765044697217-300x169.jpg 300w, https:\/\/www.correiobraziliense.com.br\/cbradar\/wp-content\/uploads\/2025\/12\/baby_1765044697217-768x432.jpg 768w, https:\/\/www.correiobraziliense.com.br\/cbradar\/wp-content\/uploads\/2025\/12\/baby_1765044697217-750x422.jpg 750w, https:\/\/www.correiobraziliense.com.br\/cbradar\/wp-content\/uploads\/2025\/12\/baby_1765044697217-1140x641.jpg 1140w, https:\/\/www.correiobraziliense.com.br\/cbradar\/wp-content\/uploads\/2025\/12\/baby_1765044697217.jpg 1280w\" sizes=\"(max-width: 1024px) 100vw, 1024px\" \/><figcaption class=\"wp-element-caption\">Curto, moderno e com forte presen\u00e7a em diferentes culturas, ele se destaca pela sonoridade simples e pelo significado ligado \u00e0 espiritualidade e \u00e0 prote\u00e7\u00e3o &#8211; Cr\u00e9ditos: depositphotos.com \/ NatashaFedorova<\/figcaption><\/figure><\/div>\n\n\n<h2 class=\"wp-block-heading\">Por que Theo se tornou t\u00e3o popular?<\/h2>\n\n\n\n<p>Em 2025, <a href=\"https:\/\/www.correiobraziliense.com.br\/cbradar\/quais-sao-os-principais-5-nomes-para-bebes-que-significam-luz\/\" target=\"_blank\" rel=\"noreferrer noopener\">especialistas em tend\u00eancias de nomes apontam<\/a> v\u00e1rios motivos para o crescimento de Theo:<\/p>\n\n\n\n<p>\u2022 prefer\u00eancia por nomes curtos, diretos e f\u00e1ceis de pronunciar;<br>\u2022 influ\u00eancia internacional, j\u00e1 que Theo \u00e9 comum em pa\u00edses europeus;<br>\u2022 sonoridade moderna, percebida como leve e elegante;<br>\u2022 busca por nomes com significado forte, mas sem formalidade excessiva.<\/p>\n\n\n\n<p>A populariza\u00e7\u00e3o em novelas, filmes e redes sociais tamb\u00e9m contribuiu para o aumento do uso do nome no Brasil, abaixo, um v\u00eddeo por <strong>nomesesiginificados <\/strong>no TikTok:<\/p>\n\n\n\n<figure class=\"wp-block-embed is-type-video is-provider-tiktok wp-block-embed-tiktok\"><div class=\"wp-block-embed__wrapper\">\n<blockquote class=\"tiktok-embed\" cite=\"https:\/\/www.tiktok.com\/@nomesesiginificados\/video\/7357050725999987974\" data-video-id=\"7357050725999987974\" data-embed-from=\"oembed\" style=\"max-width:605px; min-width:325px;\"> <section> <a target=\"_blank\" title=\"@nomesesiginificados\" href=\"https:\/\/www.tiktok.com\/@nomesesiginificados?refer=embed\">@nomesesiginificados<\/a> <p>Respondendo a @alesantoss88 <a title=\"theo\" target=\"_blank\" href=\"https:\/\/www.tiktok.com\/tag\/theo?refer=embed\">#theo<\/a> <a title=\"nomes\" target=\"_blank\" href=\"https:\/\/www.tiktok.com\/tag\/nomes?refer=embed\">#nomes<\/a> <a title=\"nomeesignificado\" target=\"_blank\" href=\"https:\/\/www.tiktok.com\/tag\/nomeesignificado?refer=embed\">#nomeesignificado<\/a> <a title=\"nomesesignificados\" target=\"_blank\" href=\"https:\/\/www.tiktok.com\/tag\/nomesesignificados?refer=embed\">#nomesesignificados<\/a> <a title=\"mundoazul\" target=\"_blank\" href=\"https:\/\/www.tiktok.com\/tag\/mundoazul?refer=embed\">#mundoazul<\/a> <a title=\"foryou\" target=\"_blank\" href=\"https:\/\/www.tiktok.com\/tag\/foryou?refer=embed\">#foryou<\/a> <a title=\"fyp\" target=\"_blank\" href=\"https:\/\/www.tiktok.com\/tag\/fyp?refer=embed\">#fyp<\/a> <a title=\"fyp\u30b7\" target=\"_blank\" href=\"https:\/\/www.tiktok.com\/tag\/fyp%E3%82%B7?refer=embed\">#fyp\u30b7<\/a> <a title=\"viral\" target=\"_blank\" href=\"https:\/\/www.tiktok.com\/tag\/viral?refer=embed\">#viral<\/a> <a title=\"fyp\u30b7\u309aviral\" target=\"_blank\" href=\"https:\/\/www.tiktok.com\/tag\/fyp%E3%82%B7%E3%82%9Aviral?refer=embed\">#fyp\u30b7\u309aviral<\/a> @TikTok <\/p> <a target=\"_blank\" title=\"\u266c som original - Marina Aquino\" href=\"https:\/\/www.tiktok.com\/music\/som-original-7219106518917942021?refer=embed\">\u266c som original &#8211; Marina Aquino<\/a> <\/section> <\/blockquote> <script async src=\"https:\/\/www.tiktok.com\/embed.js\"><\/script>\n<\/div><\/figure>\n\n\n\n<h2 class=\"wp-block-heading\">Quais as varia\u00e7\u00f5es e nomes relacionados?<\/h2>\n\n\n\n<p>Theo pode aparecer sozinho ou integrado a nomes compostos, embora seja mais comum como nome simples. Al\u00e9m disso, possui varia\u00e7\u00f5es em diferentes idiomas:<\/p>\n\n\n\n<p>\u2022 Teo (vers\u00e3o simplificada em portugu\u00eas e espanhol);<br>\u2022 Th\u00e9o (grafia usada na Fran\u00e7a);<br>\u2022 Theo como diminutivo de Theodor, Theobald ou Theophilus.<\/p>\n\n\n\n<p>Tamb\u00e9m tem equivalentes pr\u00f3ximos, como Enzo e Leo, que seguem a mesma tend\u00eancia de nomes curtos e sonoros.<\/p>\n\n\n<div class=\"wp-block-image\">\n<figure class=\"aligncenter size-large\"><img decoding=\"async\" width=\"1024\" height=\"576\" src=\"https:\/\/www.correiobraziliense.com.br\/cbradar\/wp-content\/uploads\/2025\/12\/baby_1765044704315-1024x576.jpg\" alt=\"Theo virou o queridinho dos pais modernos e est\u00e1 dominando os cart\u00f3rios\" class=\"wp-image-151133\" srcset=\"https:\/\/www.correiobraziliense.com.br\/cbradar\/wp-content\/uploads\/2025\/12\/baby_1765044704315-1024x576.jpg 1024w, https:\/\/www.correiobraziliense.com.br\/cbradar\/wp-content\/uploads\/2025\/12\/baby_1765044704315-300x169.jpg 300w, https:\/\/www.correiobraziliense.com.br\/cbradar\/wp-content\/uploads\/2025\/12\/baby_1765044704315-768x432.jpg 768w, https:\/\/www.correiobraziliense.com.br\/cbradar\/wp-content\/uploads\/2025\/12\/baby_1765044704315-750x422.jpg 750w, https:\/\/www.correiobraziliense.com.br\/cbradar\/wp-content\/uploads\/2025\/12\/baby_1765044704315-1140x641.jpg 1140w, https:\/\/www.correiobraziliense.com.br\/cbradar\/wp-content\/uploads\/2025\/12\/baby_1765044704315.jpg 1280w\" sizes=\"(max-width: 1024px) 100vw, 1024px\" \/><figcaption class=\"wp-element-caption\">Theo pode aparecer sozinho ou integrado a nomes compostos, embora seja mais comum como nome simples &#8211; Cr\u00e9ditos: depositphotos.com \/ pavsie<\/figcaption><\/figure><\/div>\n\n\n<h2 class=\"wp-block-heading\">Qual a proje\u00e7\u00e3o do nome para os pr\u00f3ximos anos?<\/h2>\n\n\n\n<p>Dados preliminares de cart\u00f3rios em 2025 mostram que Theo deve continuar entre os nomes masculinos mais registrados no pa\u00eds. Sua combina\u00e7\u00e3o de modernidade, universalidade e significado forte garante ao nome uma popularidade est\u00e1vel.<\/p>\n\n\n\n<p>Para muitas fam\u00edlias, Theo representa a uni\u00e3o entre tradi\u00e7\u00e3o hist\u00f3rica e estilo contempor\u00e2neo, um nome curto, com personalidade e f\u00e1cil de lembrar.<\/p>\n","protected":false},"excerpt":{"rendered":"<p>O nome Theo continua entre os preferidos das fam\u00edlias brasileiras em 2025. Curto, moderno e com forte presen\u00e7a em diferentes culturas, ele se destaca pela sonoridade simples e pelo significado ligado \u00e0 espiritualidade e \u00e0 prote\u00e7\u00e3o. Nos \u00faltimos anos, Theo passou a figurar com frequ\u00eancia nos registros de rec\u00e9m-nascidos, acompanhando a tend\u00eancia de nomes curtos [&hellip;]<\/p>\n","protected":false},"author":18,"featured_media":152902,"comment_status":"open","ping_status":"open","sticky":false,"template":"","format":"standard","meta":{"_yoast_wpseo_focuskw":"significado do nome Theo","_yoast_wpseo_title":"","_yoast_wpseo_metadesc":"Um nome curto, forte e cheio de espiritualidade, Theo est\u00e1 entre os mais escolhidos do ano e carrega um significado que encanta.","jnews-multi-image_gallery":[],"jnews_single_post":{"format":"standard"},"jnews_primary_category":[],"jnews_social_meta":[],"jnews_override_counter":[],"footnotes":""},"categories":[112],"post_tag":[5202,12232,5812,12485],"class_list":["post-152900","post","type-post","status-publish","format-standard","has-post-thumbnail","hentry","category-curiosidades","tag-nomes","tag-popularidade","tag-significado","tag-theo"],"yoast_head":"<!-- This site is optimized with the Yoast SEO plugin v24.6 - https:\/\/yoast.com\/wordpress\/plugins\/seo\/ -->\n<title>Theo virou o queridinho dos pais modernos e est\u00e1 dominando os cart\u00f3rios - Correio Braziliense - Radar<\/title>\n<meta name=\"description\" content=\"Um nome curto, forte e cheio de espiritualidade, Theo est\u00e1 entre os mais escolhidos do ano e carrega um significado que encanta.\" \/>\n<meta name=\"robots\" content=\"index, follow, max-snippet:-1, max-image-preview:large, max-video-preview:-1\" \/>\n<link rel=\"canonical\" href=\"https:\/\/www.correiobraziliense.com.br\/cbradar\/theo-virou-o-queridinho-dos-pais-modernos-e-esta-dominando-os-cartorios\/\" \/>\n<meta property=\"og:locale\" content=\"pt_BR\" \/>\n<meta property=\"og:type\" content=\"article\" \/>\n<meta property=\"og:title\" content=\"Theo virou o queridinho dos pais modernos e est\u00e1 dominando os cart\u00f3rios - Correio Braziliense - Radar\" \/>\n<meta property=\"og:description\" content=\"Um nome curto, forte e cheio de espiritualidade, Theo est\u00e1 entre os mais escolhidos do ano e carrega um significado que encanta.\" \/>\n<meta property=\"og:url\" content=\"https:\/\/www.correiobraziliense.com.br\/cbradar\/theo-virou-o-queridinho-dos-pais-modernos-e-esta-dominando-os-cartorios\/\" \/>\n<meta property=\"og:site_name\" content=\"Correio Braziliense - Radar\" \/>\n<meta property=\"article:published_time\" content=\"2025-12-09T15:35:00+00:00\" \/>\n<meta property=\"og:image\" content=\"https:\/\/www.correiobraziliense.com.br\/cbradar\/wp-content\/uploads\/2025\/12\/baby-boy_1765226608355.jpg\" \/>\n\t<meta property=\"og:image:width\" content=\"1280\" \/>\n\t<meta property=\"og:image:height\" content=\"720\" \/>\n\t<meta property=\"og:image:type\" content=\"image\/jpeg\" \/>\n<meta name=\"author\" content=\"Maria Eduarda Pacheco\" \/>\n<meta name=\"twitter:card\" content=\"summary_large_image\" \/>\n<meta name=\"twitter:label1\" content=\"Escrito por\" \/>\n\t<meta name=\"twitter:data1\" content=\"Maria Eduarda Pacheco\" \/>\n\t<meta name=\"twitter:label2\" content=\"Est. tempo de leitura\" \/>\n\t<meta name=\"twitter:data2\" content=\"3 minutos\" \/>\n<!-- \/ Yoast SEO plugin. -->","yoast_head_json":{"title":"Theo virou o queridinho dos pais modernos e est\u00e1 dominando os cart\u00f3rios - Correio Braziliense - Radar","description":"Um nome curto, forte e cheio de espiritualidade, Theo est\u00e1 entre os mais escolhidos do ano e carrega um significado que encanta.","robots":{"index":"index","follow":"follow","max-snippet":"max-snippet:-1","max-image-preview":"max-image-preview:large","max-video-preview":"max-video-preview:-1"},"canonical":"https:\/\/www.correiobraziliense.com.br\/cbradar\/theo-virou-o-queridinho-dos-pais-modernos-e-esta-dominando-os-cartorios\/","og_locale":"pt_BR","og_type":"article","og_title":"Theo virou o queridinho dos pais modernos e est\u00e1 dominando os cart\u00f3rios - Correio Braziliense - Radar","og_description":"Um nome curto, forte e cheio de espiritualidade, Theo est\u00e1 entre os mais escolhidos do ano e carrega um significado que encanta.","og_url":"https:\/\/www.correiobraziliense.com.br\/cbradar\/theo-virou-o-queridinho-dos-pais-modernos-e-esta-dominando-os-cartorios\/","og_site_name":"Correio Braziliense - Radar","article_published_time":"2025-12-09T15:35:00+00:00","og_image":[{"width":1280,"height":720,"url":"https:\/\/www.correiobraziliense.com.br\/cbradar\/wp-content\/uploads\/2025\/12\/baby-boy_1765226608355.jpg","type":"image\/jpeg"}],"author":"Maria Eduarda Pacheco","twitter_card":"summary_large_image","twitter_misc":{"Escrito por":"Maria Eduarda Pacheco","Est. tempo de leitura":"3 minutos"},"schema":{"@context":"https:\/\/schema.org","@graph":[{"@type":"WebPage","@id":"https:\/\/www.correiobraziliense.com.br\/cbradar\/theo-virou-o-queridinho-dos-pais-modernos-e-esta-dominando-os-cartorios\/","url":"https:\/\/www.correiobraziliense.com.br\/cbradar\/theo-virou-o-queridinho-dos-pais-modernos-e-esta-dominando-os-cartorios\/","name":"Theo virou o queridinho dos pais modernos e est\u00e1 dominando os cart\u00f3rios - Correio Braziliense - Radar","isPartOf":{"@id":"https:\/\/www.correiobraziliense.com.br\/cbradar\/#website"},"primaryImageOfPage":{"@id":"https:\/\/www.correiobraziliense.com.br\/cbradar\/theo-virou-o-queridinho-dos-pais-modernos-e-esta-dominando-os-cartorios\/#primaryimage"},"image":{"@id":"https:\/\/www.correiobraziliense.com.br\/cbradar\/theo-virou-o-queridinho-dos-pais-modernos-e-esta-dominando-os-cartorios\/#primaryimage"},"thumbnailUrl":"https:\/\/www.correiobraziliense.com.br\/cbradar\/wp-content\/uploads\/2025\/12\/baby-boy_1765226608355.jpg","datePublished":"2025-12-09T15:35:00+00:00","author":{"@id":"https:\/\/www.correiobraziliense.com.br\/cbradar\/#\/schema\/person\/6fdd694c4c0d658f15df15f390ddf066"},"description":"Um nome curto, forte e cheio de espiritualidade, Theo est\u00e1 entre os mais escolhidos do ano e carrega um significado que encanta.","breadcrumb":{"@id":"https:\/\/www.correiobraziliense.com.br\/cbradar\/theo-virou-o-queridinho-dos-pais-modernos-e-esta-dominando-os-cartorios\/#breadcrumb"},"inLanguage":"pt-BR","potentialAction":[{"@type":"ReadAction","target":["https:\/\/www.correiobraziliense.com.br\/cbradar\/theo-virou-o-queridinho-dos-pais-modernos-e-esta-dominando-os-cartorios\/"]}]},{"@type":"ImageObject","inLanguage":"pt-BR","@id":"https:\/\/www.correiobraziliense.com.br\/cbradar\/theo-virou-o-queridinho-dos-pais-modernos-e-esta-dominando-os-cartorios\/#primaryimage","url":"https:\/\/www.correiobraziliense.com.br\/cbradar\/wp-content\/uploads\/2025\/12\/baby-boy_1765226608355.jpg","contentUrl":"https:\/\/www.correiobraziliense.com.br\/cbradar\/wp-content\/uploads\/2025\/12\/baby-boy_1765226608355.jpg","width":1280,"height":720,"caption":"No Brasil, pais escolhem Theo por causa da pron\u00fancia suave, da escrita curta e da popularidade crescente de nomes - Cr\u00e9ditos: depositphotos.com \/ LenaMiloslavskaya"},{"@type":"BreadcrumbList","@id":"https:\/\/www.correiobraziliense.com.br\/cbradar\/theo-virou-o-queridinho-dos-pais-modernos-e-esta-dominando-os-cartorios\/#breadcrumb","itemListElement":[{"@type":"ListItem","position":1,"name":"In\u00edcio","item":"https:\/\/www.correiobraziliense.com.br\/cbradar\/"},{"@type":"ListItem","position":2,"name":"Theo virou o queridinho dos pais modernos e est\u00e1 dominando os cart\u00f3rios"}]},{"@type":"WebSite","@id":"https:\/\/www.correiobraziliense.com.br\/cbradar\/#website","url":"https:\/\/www.correiobraziliense.com.br\/cbradar\/","name":"Correio Braziliense - Radar","description":"Acompanhe as \u00faltimas not\u00edcias e fique bem informado sobre tudo o que acontece no Brasil e no mundo.","potentialAction":[{"@type":"SearchAction","target":{"@type":"EntryPoint","urlTemplate":"https:\/\/www.correiobraziliense.com.br\/cbradar\/?s={search_term_string}"},"query-input":{"@type":"PropertyValueSpecification","valueRequired":true,"valueName":"search_term_string"}}],"inLanguage":"pt-BR"},{"@type":"Person","@id":"https:\/\/www.correiobraziliense.com.br\/cbradar\/#\/schema\/person\/6fdd694c4c0d658f15df15f390ddf066","name":"Maria Eduarda Pacheco","image":{"@type":"ImageObject","inLanguage":"pt-BR","@id":"https:\/\/www.correiobraziliense.com.br\/cbradar\/#\/schema\/person\/image\/","url":"https:\/\/secure.gravatar.com\/avatar\/f72a487b26fdeec08ba4868875ea328e?s=96&d=mm&r=g","contentUrl":"https:\/\/secure.gravatar.com\/avatar\/f72a487b26fdeec08ba4868875ea328e?s=96&d=mm&r=g","caption":"Maria Eduarda Pacheco"},"sameAs":["https:\/\/www.correiobraziliense.com.br\/cbradar\/"],"url":"https:\/\/www.correiobraziliense.com.br\/cbradar\/author\/maria-eduarda\/"}]}},"_links":{"self":[{"href":"https:\/\/www.correiobraziliense.com.br\/cbradar\/wp-json\/wp\/v2\/posts\/152900","targetHints":{"allow":["GET"]}}],"collection":[{"href":"https:\/\/www.correiobraziliense.com.br\/cbradar\/wp-json\/wp\/v2\/posts"}],"about":[{"href":"https:\/\/www.correiobraziliense.com.br\/cbradar\/wp-json\/wp\/v2\/types\/post"}],"author":[{"embeddable":true,"href":"https:\/\/www.correiobraziliense.com.br\/cbradar\/wp-json\/wp\/v2\/users\/18"}],"replies":[{"embeddable":true,"href":"https:\/\/www.correiobraziliense.com.br\/cbradar\/wp-json\/wp\/v2\/comments?post=152900"}],"version-history":[{"count":1,"href":"https:\/\/www.correiobraziliense.com.br\/cbradar\/wp-json\/wp\/v2\/posts\/152900\/revisions"}],"predecessor-version":[{"id":152903,"href":"https:\/\/www.correiobraziliense.com.br\/cbradar\/wp-json\/wp\/v2\/posts\/152900\/revisions\/152903"}],"wp:featuredmedia":[{"embeddable":true,"href":"https:\/\/www.correiobraziliense.com.br\/cbradar\/wp-json\/wp\/v2\/media\/152902"}],"wp:attachment":[{"href":"https:\/\/www.correiobraziliense.com.br\/cbradar\/wp-json\/wp\/v2\/media?parent=152900"}],"wp:term":[{"taxonomy":"category","embeddable":true,"href":"https:\/\/www.correiobraziliense.com.br\/cbradar\/wp-json\/wp\/v2\/categories?post=152900"},{"taxonomy":"post_tag","embeddable":true,"href":"https:\/\/www.correiobraziliense.com.br\/cbradar\/wp-json\/wp\/v2\/post_tag?post=152900"}],"curies":[{"name":"wp","href":"https:\/\/api.w.org\/{rel}","templated":true}]}}