{"id":15292,"date":"2025-03-25T16:10:00","date_gmt":"2025-03-25T19:10:00","guid":{"rendered":"https:\/\/www.correiobraziliense.com.br\/cbradar\/?p=15292"},"modified":"2025-03-24T21:55:08","modified_gmt":"2025-03-25T00:55:08","slug":"minha-casa-minha-vida-pode-ter-aumento-na-faixa-de-financiamento-entenda","status":"publish","type":"post","link":"https:\/\/www.correiobraziliense.com.br\/cbradar\/minha-casa-minha-vida-pode-ter-aumento-na-faixa-de-financiamento-entenda\/","title":{"rendered":"Minha casa, minha vida pode ter aumento na faixa de financiamento, entenda"},"content":{"rendered":"\n<p>O governo brasileiro, sob a administra\u00e7\u00e3o do presidente <strong>Lula<\/strong>, est\u00e1 promovendo uma reformula\u00e7\u00e3o no programa habitacional<strong><a href=\"https:\/\/www.caixa.gov.br\/voce\/habitacao\/minha-casa-minha-vida\/Paginas\/default.aspx\" target=\"_blank\" rel=\"noreferrer noopener\"> Minha Casa, Minha Vida<\/a><\/strong>. O objetivo \u00e9 ampliar o alcance do programa para incluir a classe m\u00e9dia, elevando o valor m\u00e1ximo dos im\u00f3veis financi\u00e1veis de R$ 350 mil para R$ 500 mil. Essa mudan\u00e7a visa atender fam\u00edlias com renda mensal entre R$ 8.000 e R$ 12.000, criando uma nova faixa de financiamento.<\/p>\n\n\n\n<p>Com a introdu\u00e7\u00e3o dessa nova faixa, os juros aplicados ser\u00e3o de aproximadamente 10% ao ano. Embora essa taxa seja mais alta do que as faixas voltadas para fam\u00edlias de menor renda, ainda \u00e9 competitiva em rela\u00e7\u00e3o ao mercado. A iniciativa busca aliviar a press\u00e3o financeira sobre as fam\u00edlias de classe m\u00e9dia que enfrentam dificuldades para adquirir im\u00f3veis devido \u00e0s limita\u00e7\u00f5es de financiamento.<\/p>\n\n\n\n<h2 class=\"wp-block-heading\"><strong>Fontes de financiamento para a nova faixa<\/strong><\/h2>\n\n\n\n<p>Para viabilizar a nova faixa do Minha Casa, Minha Vida, o governo planeja utilizar recursos do <strong>Fundo Social do Pr\u00e9-Sal,<\/strong> no valor de R$ 15 bilh\u00f5es, al\u00e9m de R$ 5 bilh\u00f5es provenientes da Caixa Econ\u00f4mica Federal. Essa estrat\u00e9gia tem como objetivo garantir a sustentabilidade financeira do programa, ampliando o acesso ao cr\u00e9dito habitacional para a classe m\u00e9dia.<\/p>\n\n\n\n<figure class=\"wp-block-image size-large\"><img decoding=\"async\" width=\"1024\" height=\"576\" src=\"https:\/\/www.correiobraziliense.com.br\/cbradar\/wp-content\/uploads\/2025\/03\/minha-casa-minha-vida_1742827971875-1024x576.jpg\" alt=\"Minha casa, minha vida pode ter aumento na faixa de financiamento, entenda\" class=\"wp-image-15294\" srcset=\"https:\/\/www.correiobraziliense.com.br\/cbradar\/wp-content\/uploads\/2025\/03\/minha-casa-minha-vida_1742827971875-1024x576.jpg 1024w, https:\/\/www.correiobraziliense.com.br\/cbradar\/wp-content\/uploads\/2025\/03\/minha-casa-minha-vida_1742827971875-300x169.jpg 300w, https:\/\/www.correiobraziliense.com.br\/cbradar\/wp-content\/uploads\/2025\/03\/minha-casa-minha-vida_1742827971875-768x432.jpg 768w, https:\/\/www.correiobraziliense.com.br\/cbradar\/wp-content\/uploads\/2025\/03\/minha-casa-minha-vida_1742827971875-750x422.jpg 750w, https:\/\/www.correiobraziliense.com.br\/cbradar\/wp-content\/uploads\/2025\/03\/minha-casa-minha-vida_1742827971875-1140x641.jpg 1140w, https:\/\/www.correiobraziliense.com.br\/cbradar\/wp-content\/uploads\/2025\/03\/minha-casa-minha-vida_1742827971875.jpg 1280w\" sizes=\"(max-width: 1024px) 100vw, 1024px\" \/><figcaption class=\"wp-element-caption\">minha casa minha vida.Cr\u00e9ditos: depositphotos.com \/ joasouza<\/figcaption><\/figure>\n\n\n\n<p>Atualmente, o programa possui tr\u00eas faixas, com o teto de financiamento limitado a R$ 350 mil. A faixa 1 \u00e9 destinada a fam\u00edlias de baixa renda e \u00e9 subsidiada com recursos do Or\u00e7amento. As faixas 2 e 3 oferecem juros mais baixos que os praticados no mercado, com recursos provenientes do FGTS.<\/p>\n\n\n\n<h2 class=\"wp-block-heading\"><strong>Desafios do mercado imobili\u00e1rio<\/strong><\/h2>\n\n\n\n<p>O mercado imobili\u00e1rio brasileiro enfrenta desafios significativos, especialmente no que diz respeito ao financiamento para a classe m\u00e9dia. A escassez de recursos da poupan\u00e7a, uma das principais fontes de financiamento, tem sido um obst\u00e1culo para a compra de im\u00f3veis. A Caixa Econ\u00f4mica Federal, maior financiadora de im\u00f3veis no pa\u00eds, teve que endurecer suas regras de cr\u00e9dito devido ao risco de esgotamento dos recursos.<\/p>\n\n\n\n<p>Para contornar essa situa\u00e7\u00e3o, a Caixa estabeleceu um cronograma mensal para a libera\u00e7\u00e3o de valores, mantendo o or\u00e7amento para empr\u00e9stimos em cerca de R$ 60 bilh\u00f5es. Essa medida visa garantir a continuidade do financiamento habitacional, apesar das restri\u00e7\u00f5es financeiras.<\/p>\n\n\n\n<h2 class=\"wp-block-heading\"><strong>Inova\u00e7\u00f5es no programa habitacional<\/strong><\/h2>\n\n\n\n<p>Al\u00e9m da cria\u00e7\u00e3o da nova faixa, o programa Minha Casa, Minha Vida deve incluir uma linha de cr\u00e9dito destinada \u00e0 reforma de im\u00f3veis. Essa iniciativa foi mencionada pelo presidente Lula durante um evento em Sorocaba, destacando a inten\u00e7\u00e3o do governo de apoiar fam\u00edlias que desejam realizar melhorias em suas resid\u00eancias.<\/p>\n\n\n\n<p>Essas mudan\u00e7as ocorrem em um momento de queda na popularidade do presidente, especialmente entre o eleitorado de classe m\u00e9dia. A amplia\u00e7\u00e3o do programa, com taxas de juros reduzidas, pode proporcionar um al\u00edvio significativo para essas fam\u00edlias, al\u00e9m de diminuir a competi\u00e7\u00e3o pelos recursos da poupan\u00e7a.<\/p>\n\n\n\n<h2 class=\"wp-block-heading\"><strong>Faixas do minha casa, minha vida Urbano<\/strong><\/h2>\n\n\n\n<ul class=\"wp-block-list\">\n<li><strong>Faixa 1:<\/strong>&nbsp;Renda bruta mensal familiar de at\u00e9 R$ 2.850, com subs\u00eddio de 95% e taxa de juros entre 4% e 5% ao ano.<\/li>\n\n\n\n<li><strong>Faixa 2:<\/strong>&nbsp;Renda bruta mensal familiar de R$ 2.850,01 at\u00e9 R$ 4.700, com subs\u00eddio de at\u00e9 R$ 55 mil e taxa de juros entre 4,75% e 7% ao ano.<\/li>\n\n\n\n<li><strong>Faixa 3:<\/strong>&nbsp;Renda bruta mensal familiar de R$ 4.700,01 at\u00e9 R$ 8.000, com taxa de juros de at\u00e9 8,16% ao ano.<\/li>\n<\/ul>\n\n\n\n<p>Com essas mudan\u00e7as, o governo espera fortalecer o programa Minha Casa, Minha Vida, tornando-o mais inclusivo e acess\u00edvel para um maior n\u00famero de fam\u00edlias brasileiras.<\/p>\n","protected":false},"excerpt":{"rendered":"<p>O governo Lula reformula o Minha Casa, Minha Vida para incluir a classe m\u00e9dia, aumentando o valor m\u00e1ximo de im\u00f3veis financi\u00e1veis.<\/p>\n","protected":false},"author":3,"featured_media":15293,"comment_status":"open","ping_status":"open","sticky":false,"template":"","format":"standard","meta":{"_yoast_wpseo_focuskw":"Minha Casa Minha Vida","_yoast_wpseo_title":"%%title%%","_yoast_wpseo_metadesc":"O governo Lula reformula o Minha Casa, Minha Vida para incluir a classe m\u00e9dia, aumentando o valor m\u00e1ximo de im\u00f3veis financi\u00e1veis.","jnews-multi-image_gallery":[],"jnews_single_post":{"format":"standard"},"jnews_primary_category":[],"jnews_social_meta":[],"jnews_override_counter":[],"footnotes":""},"categories":[112],"post_tag":[2376],"class_list":["post-15292","post","type-post","status-publish","format-standard","has-post-thumbnail","hentry","category-curiosidades","tag-minha-casa-minha-vida"],"yoast_head":"<!-- This site is optimized with the Yoast SEO plugin v24.6 - https:\/\/yoast.com\/wordpress\/plugins\/seo\/ -->\n<title>Minha casa, minha vida pode ter aumento na faixa de financiamento, entenda<\/title>\n<meta name=\"description\" content=\"O governo Lula reformula o Minha Casa, Minha Vida para incluir a classe m\u00e9dia, aumentando o valor m\u00e1ximo de im\u00f3veis financi\u00e1veis.\" \/>\n<meta name=\"robots\" content=\"index, follow, max-snippet:-1, max-image-preview:large, max-video-preview:-1\" \/>\n<link rel=\"canonical\" href=\"https:\/\/www.correiobraziliense.com.br\/cbradar\/minha-casa-minha-vida-pode-ter-aumento-na-faixa-de-financiamento-entenda\/\" \/>\n<meta property=\"og:locale\" content=\"pt_BR\" \/>\n<meta property=\"og:type\" content=\"article\" \/>\n<meta property=\"og:title\" content=\"Minha casa, minha vida pode ter aumento na faixa de financiamento, entenda\" \/>\n<meta property=\"og:description\" content=\"O governo Lula reformula o Minha Casa, Minha Vida para incluir a classe m\u00e9dia, aumentando o valor m\u00e1ximo de im\u00f3veis financi\u00e1veis.\" \/>\n<meta property=\"og:url\" content=\"https:\/\/www.correiobraziliense.com.br\/cbradar\/minha-casa-minha-vida-pode-ter-aumento-na-faixa-de-financiamento-entenda\/\" \/>\n<meta property=\"og:site_name\" content=\"Correio Braziliense - Radar\" \/>\n<meta property=\"article:published_time\" content=\"2025-03-25T19:10:00+00:00\" \/>\n<meta property=\"og:image\" content=\"https:\/\/www.correiobraziliense.com.br\/cbradar\/wp-content\/uploads\/2025\/03\/minha-casa-minha-vida_1742827880995.jpg\" \/>\n\t<meta property=\"og:image:width\" content=\"1280\" \/>\n\t<meta property=\"og:image:height\" content=\"720\" \/>\n\t<meta property=\"og:image:type\" content=\"image\/jpeg\" \/>\n<meta name=\"author\" content=\"Larissa Carvalho\" \/>\n<meta name=\"twitter:card\" content=\"summary_large_image\" \/>\n<meta name=\"twitter:label1\" content=\"Escrito por\" \/>\n\t<meta name=\"twitter:data1\" content=\"Larissa Carvalho\" \/>\n\t<meta name=\"twitter:label2\" content=\"Est. tempo de leitura\" \/>\n\t<meta name=\"twitter:data2\" content=\"4 minutos\" \/>\n<!-- \/ Yoast SEO plugin. -->","yoast_head_json":{"title":"Minha casa, minha vida pode ter aumento na faixa de financiamento, entenda","description":"O governo Lula reformula o Minha Casa, Minha Vida para incluir a classe m\u00e9dia, aumentando o valor m\u00e1ximo de im\u00f3veis financi\u00e1veis.","robots":{"index":"index","follow":"follow","max-snippet":"max-snippet:-1","max-image-preview":"max-image-preview:large","max-video-preview":"max-video-preview:-1"},"canonical":"https:\/\/www.correiobraziliense.com.br\/cbradar\/minha-casa-minha-vida-pode-ter-aumento-na-faixa-de-financiamento-entenda\/","og_locale":"pt_BR","og_type":"article","og_title":"Minha casa, minha vida pode ter aumento na faixa de financiamento, entenda","og_description":"O governo Lula reformula o Minha Casa, Minha Vida para incluir a classe m\u00e9dia, aumentando o valor m\u00e1ximo de im\u00f3veis financi\u00e1veis.","og_url":"https:\/\/www.correiobraziliense.com.br\/cbradar\/minha-casa-minha-vida-pode-ter-aumento-na-faixa-de-financiamento-entenda\/","og_site_name":"Correio Braziliense - Radar","article_published_time":"2025-03-25T19:10:00+00:00","og_image":[{"width":1280,"height":720,"url":"https:\/\/www.correiobraziliense.com.br\/cbradar\/wp-content\/uploads\/2025\/03\/minha-casa-minha-vida_1742827880995.jpg","type":"image\/jpeg"}],"author":"Larissa Carvalho","twitter_card":"summary_large_image","twitter_misc":{"Escrito por":"Larissa Carvalho","Est. tempo de leitura":"4 minutos"},"schema":{"@context":"https:\/\/schema.org","@graph":[{"@type":"WebPage","@id":"https:\/\/www.correiobraziliense.com.br\/cbradar\/minha-casa-minha-vida-pode-ter-aumento-na-faixa-de-financiamento-entenda\/","url":"https:\/\/www.correiobraziliense.com.br\/cbradar\/minha-casa-minha-vida-pode-ter-aumento-na-faixa-de-financiamento-entenda\/","name":"Minha casa, minha vida pode ter aumento na faixa de financiamento, entenda","isPartOf":{"@id":"https:\/\/www.correiobraziliense.com.br\/cbradar\/#website"},"primaryImageOfPage":{"@id":"https:\/\/www.correiobraziliense.com.br\/cbradar\/minha-casa-minha-vida-pode-ter-aumento-na-faixa-de-financiamento-entenda\/#primaryimage"},"image":{"@id":"https:\/\/www.correiobraziliense.com.br\/cbradar\/minha-casa-minha-vida-pode-ter-aumento-na-faixa-de-financiamento-entenda\/#primaryimage"},"thumbnailUrl":"https:\/\/www.correiobraziliense.com.br\/cbradar\/wp-content\/uploads\/2025\/03\/minha-casa-minha-vida_1742827880995.jpg","datePublished":"2025-03-25T19:10:00+00:00","author":{"@id":"https:\/\/www.correiobraziliense.com.br\/cbradar\/#\/schema\/person\/58422787644df994b53a19d3e56c1513"},"description":"O governo Lula reformula o Minha Casa, Minha Vida para incluir a classe m\u00e9dia, aumentando o valor m\u00e1ximo de im\u00f3veis financi\u00e1veis.","breadcrumb":{"@id":"https:\/\/www.correiobraziliense.com.br\/cbradar\/minha-casa-minha-vida-pode-ter-aumento-na-faixa-de-financiamento-entenda\/#breadcrumb"},"inLanguage":"pt-BR","potentialAction":[{"@type":"ReadAction","target":["https:\/\/www.correiobraziliense.com.br\/cbradar\/minha-casa-minha-vida-pode-ter-aumento-na-faixa-de-financiamento-entenda\/"]}]},{"@type":"ImageObject","inLanguage":"pt-BR","@id":"https:\/\/www.correiobraziliense.com.br\/cbradar\/minha-casa-minha-vida-pode-ter-aumento-na-faixa-de-financiamento-entenda\/#primaryimage","url":"https:\/\/www.correiobraziliense.com.br\/cbradar\/wp-content\/uploads\/2025\/03\/minha-casa-minha-vida_1742827880995.jpg","contentUrl":"https:\/\/www.correiobraziliense.com.br\/cbradar\/wp-content\/uploads\/2025\/03\/minha-casa-minha-vida_1742827880995.jpg","width":1280,"height":720,"caption":"minha casa minha vida.Cr\u00e9ditos: depositphotos.com \/ joasouza"},{"@type":"BreadcrumbList","@id":"https:\/\/www.correiobraziliense.com.br\/cbradar\/minha-casa-minha-vida-pode-ter-aumento-na-faixa-de-financiamento-entenda\/#breadcrumb","itemListElement":[{"@type":"ListItem","position":1,"name":"In\u00edcio","item":"https:\/\/www.correiobraziliense.com.br\/cbradar\/"},{"@type":"ListItem","position":2,"name":"Minha casa, minha vida pode ter aumento na faixa de financiamento, entenda"}]},{"@type":"WebSite","@id":"https:\/\/www.correiobraziliense.com.br\/cbradar\/#website","url":"https:\/\/www.correiobraziliense.com.br\/cbradar\/","name":"Correio Braziliense - Radar","description":"Acompanhe as \u00faltimas not\u00edcias e fique bem informado sobre tudo o que acontece no Brasil e no mundo.","potentialAction":[{"@type":"SearchAction","target":{"@type":"EntryPoint","urlTemplate":"https:\/\/www.correiobraziliense.com.br\/cbradar\/?s={search_term_string}"},"query-input":{"@type":"PropertyValueSpecification","valueRequired":true,"valueName":"search_term_string"}}],"inLanguage":"pt-BR"},{"@type":"Person","@id":"https:\/\/www.correiobraziliense.com.br\/cbradar\/#\/schema\/person\/58422787644df994b53a19d3e56c1513","name":"Larissa Carvalho","image":{"@type":"ImageObject","inLanguage":"pt-BR","@id":"https:\/\/www.correiobraziliense.com.br\/cbradar\/#\/schema\/person\/image\/","url":"https:\/\/secure.gravatar.com\/avatar\/fe4f91a0de32b52a838d0d612abdc1aa?s=96&d=mm&r=g","contentUrl":"https:\/\/secure.gravatar.com\/avatar\/fe4f91a0de32b52a838d0d612abdc1aa?s=96&d=mm&r=g","caption":"Larissa Carvalho"},"url":"https:\/\/www.correiobraziliense.com.br\/cbradar\/author\/larissamyth\/"}]}},"_links":{"self":[{"href":"https:\/\/www.correiobraziliense.com.br\/cbradar\/wp-json\/wp\/v2\/posts\/15292","targetHints":{"allow":["GET"]}}],"collection":[{"href":"https:\/\/www.correiobraziliense.com.br\/cbradar\/wp-json\/wp\/v2\/posts"}],"about":[{"href":"https:\/\/www.correiobraziliense.com.br\/cbradar\/wp-json\/wp\/v2\/types\/post"}],"author":[{"embeddable":true,"href":"https:\/\/www.correiobraziliense.com.br\/cbradar\/wp-json\/wp\/v2\/users\/3"}],"replies":[{"embeddable":true,"href":"https:\/\/www.correiobraziliense.com.br\/cbradar\/wp-json\/wp\/v2\/comments?post=15292"}],"version-history":[{"count":2,"href":"https:\/\/www.correiobraziliense.com.br\/cbradar\/wp-json\/wp\/v2\/posts\/15292\/revisions"}],"predecessor-version":[{"id":15420,"href":"https:\/\/www.correiobraziliense.com.br\/cbradar\/wp-json\/wp\/v2\/posts\/15292\/revisions\/15420"}],"wp:featuredmedia":[{"embeddable":true,"href":"https:\/\/www.correiobraziliense.com.br\/cbradar\/wp-json\/wp\/v2\/media\/15293"}],"wp:attachment":[{"href":"https:\/\/www.correiobraziliense.com.br\/cbradar\/wp-json\/wp\/v2\/media?parent=15292"}],"wp:term":[{"taxonomy":"category","embeddable":true,"href":"https:\/\/www.correiobraziliense.com.br\/cbradar\/wp-json\/wp\/v2\/categories?post=15292"},{"taxonomy":"post_tag","embeddable":true,"href":"https:\/\/www.correiobraziliense.com.br\/cbradar\/wp-json\/wp\/v2\/post_tag?post=15292"}],"curies":[{"name":"wp","href":"https:\/\/api.w.org\/{rel}","templated":true}]}}