{"id":152952,"date":"2025-12-09T20:05:00","date_gmt":"2025-12-09T23:05:00","guid":{"rendered":"https:\/\/www.correiobraziliense.com.br\/cbradar\/?p=152952"},"modified":"2025-12-08T19:33:10","modified_gmt":"2025-12-08T22:33:10","slug":"essa-frase-de-um-filosofo-da-grecia-antiga-esta-mexendo-com-a-mente-das-pessoas-hoje","status":"publish","type":"post","link":"https:\/\/www.correiobraziliense.com.br\/cbradar\/essa-frase-de-um-filosofo-da-grecia-antiga-esta-mexendo-com-a-mente-das-pessoas-hoje\/","title":{"rendered":"Essa frase de um fil\u00f3sofo da Gr\u00e9cia Antiga est\u00e1 mexendo com a mente das pessoas hoje"},"content":{"rendered":"\n<p>Tales de Mileto, considerado por muitos historiadores o primeiro fil\u00f3sofo da tradi\u00e7\u00e3o ocidental, voltou a ganhar destaque em 2025 por causa de uma frase frequentemente atribu\u00edda a ele: <strong>\u201cA coisa mais dif\u00edcil da vida \u00e9 conhecer a si mesmo; a mais f\u00e1cil, falar mal dos outros.\u201d<\/strong> Mesmo com mais de 2.500 anos, o pensamento continua circulando em debates sobre comportamento, \u00e9tica e autoconsci\u00eancia.<\/p>\n\n\n\n<h2 class=\"wp-block-heading\">Quem foi Tales de Mileto e por que suas ideias marcaram a filosofia?<\/h2>\n\n\n\n<p>Nascido no s\u00e9culo VI a.C. na regi\u00e3o da J\u00f4nia (atual Turquia), Tales \u00e9 considerado o primeiro pensador a tentar explicar o mundo por meio da raz\u00e3o, e n\u00e3o de mitos. Ele investigou fen\u00f4menos naturais, geometria, pol\u00edtica e comportamento humano, estabelecendo bases que influenciariam toda a <a href=\"https:\/\/www.correiobraziliense.com.br\/cbradar\/os-3-ensinamentos-de-nietzsche-sobre-ser-crianca-que-fazem-sentido-hoje\/\" target=\"_blank\" rel=\"noreferrer noopener\">filosofia posterior<\/a>.<\/p>\n\n\n\n<p>Entre seus ensinamentos, destaca-se a import\u00e2ncia de observar a si mesmo, um movimento intelectual que rompia com explica\u00e7\u00f5es m\u00e1gicas ou religiosas e inaugurava a reflex\u00e3o cr\u00edtica sobre a pr\u00f3pria conduta.<\/p>\n\n\n<div class=\"wp-block-image\">\n<figure class=\"aligncenter size-large\"><img decoding=\"async\" width=\"1024\" height=\"576\" src=\"https:\/\/www.correiobraziliense.com.br\/cbradar\/wp-content\/uploads\/2025\/12\/old-books_1765052160414-1024x576.jpg\" alt=\"Essa frase de um fil\u00f3sofo da Gr\u00e9cia Antiga est\u00e1 mexendo com a mente das pessoas hoje\" class=\"wp-image-151235\" srcset=\"https:\/\/www.correiobraziliense.com.br\/cbradar\/wp-content\/uploads\/2025\/12\/old-books_1765052160414-1024x576.jpg 1024w, https:\/\/www.correiobraziliense.com.br\/cbradar\/wp-content\/uploads\/2025\/12\/old-books_1765052160414-300x169.jpg 300w, https:\/\/www.correiobraziliense.com.br\/cbradar\/wp-content\/uploads\/2025\/12\/old-books_1765052160414-768x432.jpg 768w, https:\/\/www.correiobraziliense.com.br\/cbradar\/wp-content\/uploads\/2025\/12\/old-books_1765052160414-750x422.jpg 750w, https:\/\/www.correiobraziliense.com.br\/cbradar\/wp-content\/uploads\/2025\/12\/old-books_1765052160414-1140x641.jpg 1140w, https:\/\/www.correiobraziliense.com.br\/cbradar\/wp-content\/uploads\/2025\/12\/old-books_1765052160414.jpg 1280w\" sizes=\"(max-width: 1024px) 100vw, 1024px\" \/><figcaption class=\"wp-element-caption\">Entre seus ensinamentos, destaca-se a import\u00e2ncia de observar a si mesmo, um movimento intelectual que rompia com explica\u00e7\u00f5es m\u00e1gicas  &#8211; Cr\u00e9ditos: depositphotos.com \/ kvkirillov<\/figcaption><\/figure><\/div>\n\n\n<h2 class=\"wp-block-heading\">O que a frase realmente quer dizer?<\/h2>\n\n\n\n<p>A ideia central da frase atribu\u00edda a Tales \u00e9 que o <strong>autoconhecimento<\/strong> exige esfor\u00e7o, honestidade e disposi\u00e7\u00e3o para enfrentar aspectos internos que nem sempre s\u00e3o agrad\u00e1veis. Olhar para si mesmo implica reconhecer falhas, limites e padr\u00f5es de comportamento.<\/p>\n\n\n\n<p>Por outro lado, \u201cfalar mal dos outros\u201d \u00e9 f\u00e1cil porque n\u00e3o demanda reflex\u00e3o profunda: trata-se de uma forma de julgamento r\u00e1pido, muitas vezes usada para desviar a aten\u00e7\u00e3o de quest\u00f5es pessoais n\u00e3o resolvidas.<\/p>\n\n\n\n<p>A frase, portanto, n\u00e3o \u00e9 apenas uma cr\u00edtica ao h\u00e1bito da fofoca, mas uma chamada \u00e0 responsabilidade individual, abaixo, um v\u00eddeo por<strong> Deixa Eu Pensar <\/strong>no TikTok:<\/p>\n\n\n\n<figure class=\"wp-block-embed is-type-video is-provider-tiktok wp-block-embed-tiktok\"><div class=\"wp-block-embed__wrapper\">\n<blockquote class=\"tiktok-embed\" cite=\"https:\/\/www.tiktok.com\/@deixaeu.pensar\/video\/7385230667623206150\" data-video-id=\"7385230667623206150\" data-embed-from=\"oembed\" style=\"max-width:605px; min-width:325px;\"> <section> <a target=\"_blank\" title=\"@deixaeu.pensar\" href=\"https:\/\/www.tiktok.com\/@deixaeu.pensar?refer=embed\">@deixaeu.pensar<\/a> <p>Tales de Mileto em 1 minuto! <a title=\"filosofia\" target=\"_blank\" href=\"https:\/\/www.tiktok.com\/tag\/filosofia?refer=embed\">#filosofia<\/a>  <a title=\"talesdemileto\" target=\"_blank\" href=\"https:\/\/www.tiktok.com\/tag\/talesdemileto?refer=embed\">#talesdemileto<\/a>  <a title=\"pr\u00e9socraticos\" target=\"_blank\" href=\"https:\/\/www.tiktok.com\/tag\/pr%C3%A9socraticos?refer=embed\">#pr\u00e9socraticos<\/a>  <a title=\"greciaantiga\" target=\"_blank\" href=\"https:\/\/www.tiktok.com\/tag\/greciaantiga?refer=embed\">#greciaantiga<\/a>  <a title=\"deixaeupensar\" target=\"_blank\" href=\"https:\/\/www.tiktok.com\/tag\/deixaeupensar?refer=embed\">#deixaeupensar<\/a> <\/p> <a target=\"_blank\" title=\"\u266c som original - Deixa Eu Pensar\" href=\"https:\/\/www.tiktok.com\/music\/som-original-7385230682133826310?refer=embed\">\u266c som original &#8211; Deixa Eu Pensar<\/a> <\/section> <\/blockquote> <script async src=\"https:\/\/www.tiktok.com\/embed.js\"><\/script>\n<\/div><\/figure>\n\n\n\n<h2 class=\"wp-block-heading\">Por que a reflex\u00e3o continua atual em 2025?<\/h2>\n\n\n\n<p>Em um per\u00edodo marcado por redes sociais, julgamentos instant\u00e2neos e compara\u00e7\u00f5es constantes, especialistas destacam que o pensamento de Tales permanece especialmente relevante. A tend\u00eancia a comentar, criticar ou opinar sobre a vida alheia cresceu com os ambientes digitais, enquanto o autoconhecimento \u2014 que exige introspec\u00e7\u00e3o, se tornou um desafio maior.<\/p>\n\n\n\n<p>Profissionais de psicologia afirmam que a frase dialoga diretamente com quest\u00f5es contempor\u00e2neas como sa\u00fade mental, autoconsci\u00eancia, regula\u00e7\u00e3o emocional e tomada de decis\u00f5es. O excesso de proje\u00e7\u00e3o externa, comum na vida online, muitas vezes afasta as pessoas de olhar para si mesmas.<\/p>\n\n\n<div class=\"wp-block-image\">\n<figure class=\"aligncenter size-large\"><img decoding=\"async\" width=\"1024\" height=\"576\" src=\"https:\/\/www.correiobraziliense.com.br\/cbradar\/wp-content\/uploads\/2025\/12\/books_1765231160636-1024x576.jpg\" alt=\"Essa frase de um fil\u00f3sofo da Gr\u00e9cia Antiga est\u00e1 mexendo com a mente das pessoas hoje\" class=\"wp-image-152936\" srcset=\"https:\/\/www.correiobraziliense.com.br\/cbradar\/wp-content\/uploads\/2025\/12\/books_1765231160636-1024x576.jpg 1024w, https:\/\/www.correiobraziliense.com.br\/cbradar\/wp-content\/uploads\/2025\/12\/books_1765231160636-300x169.jpg 300w, https:\/\/www.correiobraziliense.com.br\/cbradar\/wp-content\/uploads\/2025\/12\/books_1765231160636-768x432.jpg 768w, https:\/\/www.correiobraziliense.com.br\/cbradar\/wp-content\/uploads\/2025\/12\/books_1765231160636-750x422.jpg 750w, https:\/\/www.correiobraziliense.com.br\/cbradar\/wp-content\/uploads\/2025\/12\/books_1765231160636-1140x641.jpg 1140w, https:\/\/www.correiobraziliense.com.br\/cbradar\/wp-content\/uploads\/2025\/12\/books_1765231160636.jpg 1280w\" sizes=\"(max-width: 1024px) 100vw, 1024px\" \/><figcaption class=\"wp-element-caption\">A ideia central da frase atribu\u00edda a Tales \u00e9 que o autoconhecimento exige esfor\u00e7o, honestidade e disposi\u00e7\u00e3o para enfrentar aspectos internos que nem sempre s\u00e3o agrad\u00e1veis &#8211; Cr\u00e9ditos: depositphotos.com \/ Ischukigor<\/figcaption><\/figure><\/div>\n\n\n<h2 class=\"wp-block-heading\">O que a filosofia sugere para aplicar essa ideia hoje?<\/h2>\n\n\n\n<p>Segundo estudiosos da filosofia antiga, buscar autoconhecimento n\u00e3o \u00e9 um ideal abstrato, mas um processo pr\u00e1tico. Isso inclui:<\/p>\n\n\n\n<p>\u2022 desenvolver consci\u00eancia sobre emo\u00e7\u00f5es e rea\u00e7\u00f5es;<br>\u2022 analisar padr\u00f5es de comportamento e escolhas recorrentes;<br>\u2022 refletir antes de criticar outras pessoas;<br>\u2022 observar a si mesmo com curiosidade, n\u00e3o com culpa.<\/p>\n\n\n\n<p>Em 2025, a frase atribu\u00edda a Tales de Mileto continua funcionando como lembrete de que a vida intelectual e emocional exige coragem \u2014 e que, apesar de ser mais f\u00e1cil olhar para os erros dos outros, o verdadeiro progresso come\u00e7a ao olhar para dentro.<\/p>\n","protected":false},"excerpt":{"rendered":"<p>Tales de Mileto, considerado por muitos historiadores o primeiro fil\u00f3sofo da tradi\u00e7\u00e3o ocidental, voltou a ganhar destaque em 2025 por causa de uma frase frequentemente atribu\u00edda a ele: \u201cA coisa mais dif\u00edcil da vida \u00e9 conhecer a si mesmo; a mais f\u00e1cil, falar mal dos outros.\u201d Mesmo com mais de 2.500 anos, o pensamento continua [&hellip;]<\/p>\n","protected":false},"author":18,"featured_media":152954,"comment_status":"open","ping_status":"open","sticky":false,"template":"","format":"standard","meta":{"_yoast_wpseo_focuskw":"quem foi Tales de Mileto e o que ele disse","_yoast_wpseo_title":"","_yoast_wpseo_metadesc":"Em meio a cr\u00edticas nas redes, a filosofia antiga reaparece com for\u00e7a A frase de Tales mostra por que \u00e9 t\u00e3o dif\u00edcil olhar para si mesmo.","jnews-multi-image_gallery":[],"jnews_single_post":{"format":"standard"},"jnews_primary_category":[],"jnews_social_meta":[],"jnews_override_counter":[],"footnotes":""},"categories":[112],"post_tag":[5078,5310,10058,12497],"class_list":["post-152952","post","type-post","status-publish","format-standard","has-post-thumbnail","hentry","category-curiosidades","tag-filosofia","tag-frases","tag-ideias","tag-tales-de-mileto"],"yoast_head":"<!-- This site is optimized with the Yoast SEO plugin v24.6 - https:\/\/yoast.com\/wordpress\/plugins\/seo\/ -->\n<title>Essa frase de um fil\u00f3sofo da Gr\u00e9cia Antiga est\u00e1 mexendo com a mente das pessoas hoje - Correio Braziliense - Radar<\/title>\n<meta name=\"description\" content=\"Em meio a cr\u00edticas nas redes, a filosofia antiga reaparece com for\u00e7a A frase de Tales mostra por que \u00e9 t\u00e3o dif\u00edcil olhar para si mesmo.\" \/>\n<meta name=\"robots\" content=\"index, follow, max-snippet:-1, max-image-preview:large, max-video-preview:-1\" \/>\n<link rel=\"canonical\" href=\"https:\/\/www.correiobraziliense.com.br\/cbradar\/essa-frase-de-um-filosofo-da-grecia-antiga-esta-mexendo-com-a-mente-das-pessoas-hoje\/\" \/>\n<meta property=\"og:locale\" content=\"pt_BR\" \/>\n<meta property=\"og:type\" content=\"article\" \/>\n<meta property=\"og:title\" content=\"Essa frase de um fil\u00f3sofo da Gr\u00e9cia Antiga est\u00e1 mexendo com a mente das pessoas hoje - Correio Braziliense - Radar\" \/>\n<meta property=\"og:description\" content=\"Em meio a cr\u00edticas nas redes, a filosofia antiga reaparece com for\u00e7a A frase de Tales mostra por que \u00e9 t\u00e3o dif\u00edcil olhar para si mesmo.\" \/>\n<meta property=\"og:url\" content=\"https:\/\/www.correiobraziliense.com.br\/cbradar\/essa-frase-de-um-filosofo-da-grecia-antiga-esta-mexendo-com-a-mente-das-pessoas-hoje\/\" \/>\n<meta property=\"og:site_name\" content=\"Correio Braziliense - Radar\" \/>\n<meta property=\"article:published_time\" content=\"2025-12-09T23:05:00+00:00\" \/>\n<meta property=\"og:image\" content=\"https:\/\/www.correiobraziliense.com.br\/cbradar\/wp-content\/uploads\/2025\/12\/tales-de-mileto_1765232824885.jpg\" \/>\n\t<meta property=\"og:image:width\" content=\"1280\" \/>\n\t<meta property=\"og:image:height\" content=\"720\" \/>\n\t<meta property=\"og:image:type\" content=\"image\/jpeg\" \/>\n<meta name=\"author\" content=\"Maria Eduarda Pacheco\" \/>\n<meta name=\"twitter:card\" content=\"summary_large_image\" \/>\n<meta name=\"twitter:label1\" content=\"Escrito por\" \/>\n\t<meta name=\"twitter:data1\" content=\"Maria Eduarda Pacheco\" \/>\n\t<meta name=\"twitter:label2\" content=\"Est. tempo de leitura\" \/>\n\t<meta name=\"twitter:data2\" content=\"4 minutos\" \/>\n<!-- \/ Yoast SEO plugin. -->","yoast_head_json":{"title":"Essa frase de um fil\u00f3sofo da Gr\u00e9cia Antiga est\u00e1 mexendo com a mente das pessoas hoje - Correio Braziliense - Radar","description":"Em meio a cr\u00edticas nas redes, a filosofia antiga reaparece com for\u00e7a A frase de Tales mostra por que \u00e9 t\u00e3o dif\u00edcil olhar para si mesmo.","robots":{"index":"index","follow":"follow","max-snippet":"max-snippet:-1","max-image-preview":"max-image-preview:large","max-video-preview":"max-video-preview:-1"},"canonical":"https:\/\/www.correiobraziliense.com.br\/cbradar\/essa-frase-de-um-filosofo-da-grecia-antiga-esta-mexendo-com-a-mente-das-pessoas-hoje\/","og_locale":"pt_BR","og_type":"article","og_title":"Essa frase de um fil\u00f3sofo da Gr\u00e9cia Antiga est\u00e1 mexendo com a mente das pessoas hoje - Correio Braziliense - Radar","og_description":"Em meio a cr\u00edticas nas redes, a filosofia antiga reaparece com for\u00e7a A frase de Tales mostra por que \u00e9 t\u00e3o dif\u00edcil olhar para si mesmo.","og_url":"https:\/\/www.correiobraziliense.com.br\/cbradar\/essa-frase-de-um-filosofo-da-grecia-antiga-esta-mexendo-com-a-mente-das-pessoas-hoje\/","og_site_name":"Correio Braziliense - Radar","article_published_time":"2025-12-09T23:05:00+00:00","og_image":[{"width":1280,"height":720,"url":"https:\/\/www.correiobraziliense.com.br\/cbradar\/wp-content\/uploads\/2025\/12\/tales-de-mileto_1765232824885.jpg","type":"image\/jpeg"}],"author":"Maria Eduarda Pacheco","twitter_card":"summary_large_image","twitter_misc":{"Escrito por":"Maria Eduarda Pacheco","Est. tempo de leitura":"4 minutos"},"schema":{"@context":"https:\/\/schema.org","@graph":[{"@type":"WebPage","@id":"https:\/\/www.correiobraziliense.com.br\/cbradar\/essa-frase-de-um-filosofo-da-grecia-antiga-esta-mexendo-com-a-mente-das-pessoas-hoje\/","url":"https:\/\/www.correiobraziliense.com.br\/cbradar\/essa-frase-de-um-filosofo-da-grecia-antiga-esta-mexendo-com-a-mente-das-pessoas-hoje\/","name":"Essa frase de um fil\u00f3sofo da Gr\u00e9cia Antiga est\u00e1 mexendo com a mente das pessoas hoje - Correio Braziliense - Radar","isPartOf":{"@id":"https:\/\/www.correiobraziliense.com.br\/cbradar\/#website"},"primaryImageOfPage":{"@id":"https:\/\/www.correiobraziliense.com.br\/cbradar\/essa-frase-de-um-filosofo-da-grecia-antiga-esta-mexendo-com-a-mente-das-pessoas-hoje\/#primaryimage"},"image":{"@id":"https:\/\/www.correiobraziliense.com.br\/cbradar\/essa-frase-de-um-filosofo-da-grecia-antiga-esta-mexendo-com-a-mente-das-pessoas-hoje\/#primaryimage"},"thumbnailUrl":"https:\/\/www.correiobraziliense.com.br\/cbradar\/wp-content\/uploads\/2025\/12\/tales-de-mileto_1765232824885.jpg","datePublished":"2025-12-09T23:05:00+00:00","author":{"@id":"https:\/\/www.correiobraziliense.com.br\/cbradar\/#\/schema\/person\/6fdd694c4c0d658f15df15f390ddf066"},"description":"Em meio a cr\u00edticas nas redes, a filosofia antiga reaparece com for\u00e7a A frase de Tales mostra por que \u00e9 t\u00e3o dif\u00edcil olhar para si mesmo.","breadcrumb":{"@id":"https:\/\/www.correiobraziliense.com.br\/cbradar\/essa-frase-de-um-filosofo-da-grecia-antiga-esta-mexendo-com-a-mente-das-pessoas-hoje\/#breadcrumb"},"inLanguage":"pt-BR","potentialAction":[{"@type":"ReadAction","target":["https:\/\/www.correiobraziliense.com.br\/cbradar\/essa-frase-de-um-filosofo-da-grecia-antiga-esta-mexendo-com-a-mente-das-pessoas-hoje\/"]}]},{"@type":"ImageObject","inLanguage":"pt-BR","@id":"https:\/\/www.correiobraziliense.com.br\/cbradar\/essa-frase-de-um-filosofo-da-grecia-antiga-esta-mexendo-com-a-mente-das-pessoas-hoje\/#primaryimage","url":"https:\/\/www.correiobraziliense.com.br\/cbradar\/wp-content\/uploads\/2025\/12\/tales-de-mileto_1765232824885.jpg","contentUrl":"https:\/\/www.correiobraziliense.com.br\/cbradar\/wp-content\/uploads\/2025\/12\/tales-de-mileto_1765232824885.jpg","width":1280,"height":720,"caption":"Tales de Mileto, considerado por muitos historiadores o primeiro fil\u00f3sofo da tradi\u00e7\u00e3o ocidental, voltou a ganhar destaque em 2025 - Cr\u00e9ditos: depositphotos.com \/ fogbird"},{"@type":"BreadcrumbList","@id":"https:\/\/www.correiobraziliense.com.br\/cbradar\/essa-frase-de-um-filosofo-da-grecia-antiga-esta-mexendo-com-a-mente-das-pessoas-hoje\/#breadcrumb","itemListElement":[{"@type":"ListItem","position":1,"name":"In\u00edcio","item":"https:\/\/www.correiobraziliense.com.br\/cbradar\/"},{"@type":"ListItem","position":2,"name":"Essa frase de um fil\u00f3sofo da Gr\u00e9cia Antiga est\u00e1 mexendo com a mente das pessoas hoje"}]},{"@type":"WebSite","@id":"https:\/\/www.correiobraziliense.com.br\/cbradar\/#website","url":"https:\/\/www.correiobraziliense.com.br\/cbradar\/","name":"Correio Braziliense - Radar","description":"Acompanhe as \u00faltimas not\u00edcias e fique bem informado sobre tudo o que acontece no Brasil e no mundo.","potentialAction":[{"@type":"SearchAction","target":{"@type":"EntryPoint","urlTemplate":"https:\/\/www.correiobraziliense.com.br\/cbradar\/?s={search_term_string}"},"query-input":{"@type":"PropertyValueSpecification","valueRequired":true,"valueName":"search_term_string"}}],"inLanguage":"pt-BR"},{"@type":"Person","@id":"https:\/\/www.correiobraziliense.com.br\/cbradar\/#\/schema\/person\/6fdd694c4c0d658f15df15f390ddf066","name":"Maria Eduarda Pacheco","image":{"@type":"ImageObject","inLanguage":"pt-BR","@id":"https:\/\/www.correiobraziliense.com.br\/cbradar\/#\/schema\/person\/image\/","url":"https:\/\/secure.gravatar.com\/avatar\/f72a487b26fdeec08ba4868875ea328e?s=96&d=mm&r=g","contentUrl":"https:\/\/secure.gravatar.com\/avatar\/f72a487b26fdeec08ba4868875ea328e?s=96&d=mm&r=g","caption":"Maria Eduarda Pacheco"},"sameAs":["https:\/\/www.correiobraziliense.com.br\/cbradar\/"],"url":"https:\/\/www.correiobraziliense.com.br\/cbradar\/author\/maria-eduarda\/"}]}},"_links":{"self":[{"href":"https:\/\/www.correiobraziliense.com.br\/cbradar\/wp-json\/wp\/v2\/posts\/152952","targetHints":{"allow":["GET"]}}],"collection":[{"href":"https:\/\/www.correiobraziliense.com.br\/cbradar\/wp-json\/wp\/v2\/posts"}],"about":[{"href":"https:\/\/www.correiobraziliense.com.br\/cbradar\/wp-json\/wp\/v2\/types\/post"}],"author":[{"embeddable":true,"href":"https:\/\/www.correiobraziliense.com.br\/cbradar\/wp-json\/wp\/v2\/users\/18"}],"replies":[{"embeddable":true,"href":"https:\/\/www.correiobraziliense.com.br\/cbradar\/wp-json\/wp\/v2\/comments?post=152952"}],"version-history":[{"count":1,"href":"https:\/\/www.correiobraziliense.com.br\/cbradar\/wp-json\/wp\/v2\/posts\/152952\/revisions"}],"predecessor-version":[{"id":152955,"href":"https:\/\/www.correiobraziliense.com.br\/cbradar\/wp-json\/wp\/v2\/posts\/152952\/revisions\/152955"}],"wp:featuredmedia":[{"embeddable":true,"href":"https:\/\/www.correiobraziliense.com.br\/cbradar\/wp-json\/wp\/v2\/media\/152954"}],"wp:attachment":[{"href":"https:\/\/www.correiobraziliense.com.br\/cbradar\/wp-json\/wp\/v2\/media?parent=152952"}],"wp:term":[{"taxonomy":"category","embeddable":true,"href":"https:\/\/www.correiobraziliense.com.br\/cbradar\/wp-json\/wp\/v2\/categories?post=152952"},{"taxonomy":"post_tag","embeddable":true,"href":"https:\/\/www.correiobraziliense.com.br\/cbradar\/wp-json\/wp\/v2\/post_tag?post=152952"}],"curies":[{"name":"wp","href":"https:\/\/api.w.org\/{rel}","templated":true}]}}