{"id":15296,"date":"2025-03-25T17:30:00","date_gmt":"2025-03-25T20:30:00","guid":{"rendered":"https:\/\/www.correiobraziliense.com.br\/cbradar\/?p=15296"},"modified":"2025-03-24T21:54:30","modified_gmt":"2025-03-25T00:54:30","slug":"produto-raro-e-encontrado-no-brasil-veja","status":"publish","type":"post","link":"https:\/\/www.correiobraziliense.com.br\/cbradar\/produto-raro-e-encontrado-no-brasil-veja\/","title":{"rendered":"Produto raro \u00e9 encontrado no Brasil, veja"},"content":{"rendered":"\n<p>O <strong>Brasil <\/strong>est\u00e1 se destacando como um importante participante no mercado global de&nbsp;<strong>terras raras<\/strong>, minerais que s\u00e3o fundamentais para a tecnologia moderna. Com uma das maiores reservas mundiais, o pa\u00eds tem a chance de se tornar um l\u00edder na extra\u00e7\u00e3o e produ\u00e7\u00e3o desses recursos, competindo com grandes na\u00e7\u00f5es como a China e o Vietn\u00e3. Embora a explora\u00e7\u00e3o atual seja modesta, h\u00e1 um crescente interesse em expandir essa ind\u00fastria, com foco na sustentabilidade e na prote\u00e7\u00e3o ambiental.<\/p>\n\n\n\n<p>Esses minerais s\u00e3o essenciais para a fabrica\u00e7\u00e3o de diversos produtos tecnol\u00f3gicos, desde dispositivos eletr\u00f4nicos at\u00e9 equipamentos de energia renov\u00e1vel. No Brasil, a extra\u00e7\u00e3o est\u00e1 concentrada em regi\u00f5es espec\u00edficas, como <strong>Buena<\/strong>, no <strong>Rio <\/strong>de<strong> Janeiro<\/strong>, onde a monazita \u00e9 o principal mineral extra\u00eddo. Estudos indicam que outras \u00e1reas, como <strong>Arax\u00e1 e Po\u00e7os de Caldas, <\/strong>tamb\u00e9m possuem grande potencial para uma produ\u00e7\u00e3o sustent\u00e1vel, gra\u00e7as a novas tecnologias que reduzem o impacto ambiental.<\/p>\n\n\n\n<h2 class=\"wp-block-heading\">Por que os minerais de terras raras s\u00e3o essenciais?<\/h2>\n\n\n\n<p>Os <strong>minerais <\/strong>de terras raras s\u00e3o altamente valorizados por sua aplica\u00e7\u00e3o em tecnologias avan\u00e7adas. Eles s\u00e3o componentes cr\u00edticos em produtos como smartphones, ve\u00edculos el\u00e9tricos e turbinas e\u00f3licas. O valor desses minerais no mercado \u00e9 elevado, refletindo sua import\u00e2ncia estrat\u00e9gica para economias que buscam inova\u00e7\u00e3o tecnol\u00f3gica e sustentabilidade. Al\u00e9m disso, o avan\u00e7o da tecnologia est\u00e1 aumentando a capacidade de reciclar e reutilizar esses minerais, ajudando a mitigar os desafios ambientais da minera\u00e7\u00e3o.<\/p>\n\n\n\n<p>O&nbsp;<strong>neod\u00edmio<\/strong>, por exemplo, \u00e9 um dos minerais mais valiosos, utilizado em \u00edm\u00e3s permanentes que s\u00e3o essenciais para motores el\u00e9tricos e geradores. A crescente demanda por tecnologias que utilizam terras raras est\u00e1 impulsionando o interesse por sua explora\u00e7\u00e3o e produ\u00e7\u00e3o, incentivando pesquisas para tornar essas opera\u00e7\u00f5es mais eficientes e menos prejudiciais ao meio ambiente.<\/p>\n\n\n\n<figure class=\"wp-block-image size-large\"><img decoding=\"async\" width=\"1024\" height=\"576\" src=\"https:\/\/www.correiobraziliense.com.br\/cbradar\/wp-content\/uploads\/2025\/03\/Brasil-_1742828710890-1024x576.jpg\" alt=\"Brasil e Terras Raras: O Novo Protagonista no Mercado Global\" class=\"wp-image-15298\" srcset=\"https:\/\/www.correiobraziliense.com.br\/cbradar\/wp-content\/uploads\/2025\/03\/Brasil-_1742828710890-1024x576.jpg 1024w, https:\/\/www.correiobraziliense.com.br\/cbradar\/wp-content\/uploads\/2025\/03\/Brasil-_1742828710890-300x169.jpg 300w, https:\/\/www.correiobraziliense.com.br\/cbradar\/wp-content\/uploads\/2025\/03\/Brasil-_1742828710890-768x432.jpg 768w, https:\/\/www.correiobraziliense.com.br\/cbradar\/wp-content\/uploads\/2025\/03\/Brasil-_1742828710890-750x422.jpg 750w, https:\/\/www.correiobraziliense.com.br\/cbradar\/wp-content\/uploads\/2025\/03\/Brasil-_1742828710890-1140x641.jpg 1140w, https:\/\/www.correiobraziliense.com.br\/cbradar\/wp-content\/uploads\/2025\/03\/Brasil-_1742828710890.jpg 1280w\" sizes=\"(max-width: 1024px) 100vw, 1024px\" \/><figcaption class=\"wp-element-caption\">Brasil .Cr\u00e9ditos: depositphotos.com \/ microgen<\/figcaption><\/figure>\n\n\n\n<h2 class=\"wp-block-heading\">Impacto econ\u00f4mico da ind\u00fastria de terras raras<\/h2>\n\n\n\n<p>Investimentos em projetos de terras raras, como o Projeto Caldeira em Po\u00e7os de Caldas, prometem gerar um impacto econ\u00f4mico significativo. Com investimentos substanciais, esses projetos t\u00eam o potencial de criar milhares de empregos diretos e indiretos, fortalecendo economias locais e contribuindo para o crescimento econ\u00f4mico nacional. A localiza\u00e7\u00e3o estrat\u00e9gica do Brasil tamb\u00e9m pode facilitar parcerias internacionais e a abertura de novos mercados para exporta\u00e7\u00e3o.<\/p>\n\n\n\n<p>O desenvolvimento da ind\u00fastria de terras raras no Brasil n\u00e3o apenas cria oportunidades de emprego, mas tamb\u00e9m posiciona o pa\u00eds como um fornecedor estrat\u00e9gico de minerais essenciais para a economia global. Isso pode resultar em um aumento nas receitas de exporta\u00e7\u00e3o e em uma maior influ\u00eancia no mercado internacional de minerais, especialmente se o pa\u00eds conseguir manter pr\u00e1ticas de minera\u00e7\u00e3o ambientalmente respons\u00e1veis que atendam aos r\u00edgidos padr\u00f5es internacionais.<\/p>\n\n\n\n<h2 class=\"wp-block-heading\">Perspectivas futuras para a minera\u00e7\u00e3o de terras raras no brasil<\/h2>\n\n\n\n<p>O futuro da minera\u00e7\u00e3o de terras raras no Brasil parece promissor, com o governo e o setor privado investindo em pesquisas e desenvolvimento para expandir a produ\u00e7\u00e3o. Autoridades destacam a import\u00e2ncia desses minerais para a diversifica\u00e7\u00e3o econ\u00f4mica e a transi\u00e7\u00e3o para energias renov\u00e1veis. Com pol\u00edticas adequadas e investimentos cont\u00ednuos, o Brasil pode se tornar um l\u00edder global na produ\u00e7\u00e3o de terras raras, abarcando tanto a inova\u00e7\u00e3o tecnol\u00f3gica quanto a responsabilidade ambiental.<\/p>\n\n\n\n<p>O sucesso nessa \u00e1rea pode colocar o Brasil em uma posi\u00e7\u00e3o de destaque no cen\u00e1rio mundial, compar\u00e1vel \u00e0 sua influ\u00eancia na exporta\u00e7\u00e3o de outros minerais. A explora\u00e7\u00e3o sustent\u00e1vel e eficiente desses recursos pode trazer benef\u00edcios econ\u00f4micos significativos, contribuindo para um futuro mais sustent\u00e1vel e tecnologicamente avan\u00e7ado, ao mesmo tempo que promove o desenvolvimento econ\u00f4mico e social das comunidades locais envolvidas na extra\u00e7\u00e3o.<\/p>\n","protected":false},"excerpt":{"rendered":"<p>O Brasil tem o potencial de se tornar um l\u00edder global na extra\u00e7\u00e3o de terras raras, minerais essenciais para tecnologias modernas.<\/p>\n","protected":false},"author":3,"featured_media":15297,"comment_status":"open","ping_status":"open","sticky":false,"template":"","format":"standard","meta":{"_yoast_wpseo_focuskw":"produto raro brasil","_yoast_wpseo_title":"%%title%%","_yoast_wpseo_metadesc":"O Brasil tem o potencial de se tornar um l\u00edder global na extra\u00e7\u00e3o de terras raras, minerais essenciais para tecnologias modernas.","jnews-multi-image_gallery":[],"jnews_single_post":{"format":"standard"},"jnews_primary_category":[],"jnews_social_meta":[],"jnews_override_counter":[],"footnotes":""},"categories":[112],"tags":[304],"class_list":["post-15296","post","type-post","status-publish","format-standard","has-post-thumbnail","hentry","category-curiosidades","tag-rio-de-janeiro"],"yoast_head":"<!-- This site is optimized with the Yoast SEO plugin v24.6 - https:\/\/yoast.com\/wordpress\/plugins\/seo\/ -->\n<title>Produto raro \u00e9 encontrado no Brasil, veja<\/title>\n<meta name=\"description\" content=\"O Brasil tem o potencial de se tornar um l\u00edder global na extra\u00e7\u00e3o de terras raras, minerais essenciais para tecnologias modernas.\" \/>\n<meta name=\"robots\" content=\"index, follow, max-snippet:-1, max-image-preview:large, max-video-preview:-1\" \/>\n<link rel=\"canonical\" href=\"https:\/\/www.correiobraziliense.com.br\/cbradar\/produto-raro-e-encontrado-no-brasil-veja\/\" \/>\n<meta property=\"og:locale\" content=\"pt_BR\" \/>\n<meta property=\"og:type\" content=\"article\" \/>\n<meta property=\"og:title\" content=\"Produto raro \u00e9 encontrado no Brasil, veja\" \/>\n<meta property=\"og:description\" content=\"O Brasil tem o potencial de se tornar um l\u00edder global na extra\u00e7\u00e3o de terras raras, minerais essenciais para tecnologias modernas.\" \/>\n<meta property=\"og:url\" content=\"https:\/\/www.correiobraziliense.com.br\/cbradar\/produto-raro-e-encontrado-no-brasil-veja\/\" \/>\n<meta property=\"og:site_name\" content=\"Correio Braziliense - Radar\" \/>\n<meta property=\"article:published_time\" content=\"2025-03-25T20:30:00+00:00\" \/>\n<meta property=\"og:image\" content=\"https:\/\/www.correiobraziliense.com.br\/cbradar\/wp-content\/uploads\/2025\/03\/Brasil-_1742828556333.jpg\" \/>\n\t<meta property=\"og:image:width\" content=\"1280\" \/>\n\t<meta property=\"og:image:height\" content=\"720\" \/>\n\t<meta property=\"og:image:type\" content=\"image\/jpeg\" \/>\n<meta name=\"author\" content=\"Larissa Carvalho\" \/>\n<meta name=\"twitter:card\" content=\"summary_large_image\" \/>\n<meta name=\"twitter:label1\" content=\"Escrito por\" \/>\n\t<meta name=\"twitter:data1\" content=\"Larissa Carvalho\" \/>\n\t<meta name=\"twitter:label2\" content=\"Est. tempo de leitura\" \/>\n\t<meta name=\"twitter:data2\" content=\"4 minutos\" \/>\n<!-- \/ Yoast SEO plugin. -->","yoast_head_json":{"title":"Produto raro \u00e9 encontrado no Brasil, veja","description":"O Brasil tem o potencial de se tornar um l\u00edder global na extra\u00e7\u00e3o de terras raras, minerais essenciais para tecnologias modernas.","robots":{"index":"index","follow":"follow","max-snippet":"max-snippet:-1","max-image-preview":"max-image-preview:large","max-video-preview":"max-video-preview:-1"},"canonical":"https:\/\/www.correiobraziliense.com.br\/cbradar\/produto-raro-e-encontrado-no-brasil-veja\/","og_locale":"pt_BR","og_type":"article","og_title":"Produto raro \u00e9 encontrado no Brasil, veja","og_description":"O Brasil tem o potencial de se tornar um l\u00edder global na extra\u00e7\u00e3o de terras raras, minerais essenciais para tecnologias modernas.","og_url":"https:\/\/www.correiobraziliense.com.br\/cbradar\/produto-raro-e-encontrado-no-brasil-veja\/","og_site_name":"Correio Braziliense - Radar","article_published_time":"2025-03-25T20:30:00+00:00","og_image":[{"width":1280,"height":720,"url":"https:\/\/www.correiobraziliense.com.br\/cbradar\/wp-content\/uploads\/2025\/03\/Brasil-_1742828556333.jpg","type":"image\/jpeg"}],"author":"Larissa Carvalho","twitter_card":"summary_large_image","twitter_misc":{"Escrito por":"Larissa Carvalho","Est. tempo de leitura":"4 minutos"},"schema":{"@context":"https:\/\/schema.org","@graph":[{"@type":"WebPage","@id":"https:\/\/www.correiobraziliense.com.br\/cbradar\/produto-raro-e-encontrado-no-brasil-veja\/","url":"https:\/\/www.correiobraziliense.com.br\/cbradar\/produto-raro-e-encontrado-no-brasil-veja\/","name":"Produto raro \u00e9 encontrado no Brasil, veja","isPartOf":{"@id":"https:\/\/www.correiobraziliense.com.br\/cbradar\/#website"},"primaryImageOfPage":{"@id":"https:\/\/www.correiobraziliense.com.br\/cbradar\/produto-raro-e-encontrado-no-brasil-veja\/#primaryimage"},"image":{"@id":"https:\/\/www.correiobraziliense.com.br\/cbradar\/produto-raro-e-encontrado-no-brasil-veja\/#primaryimage"},"thumbnailUrl":"https:\/\/www.correiobraziliense.com.br\/cbradar\/wp-content\/uploads\/2025\/03\/Brasil-_1742828556333.jpg","datePublished":"2025-03-25T20:30:00+00:00","author":{"@id":"https:\/\/www.correiobraziliense.com.br\/cbradar\/#\/schema\/person\/58422787644df994b53a19d3e56c1513"},"description":"O Brasil tem o potencial de se tornar um l\u00edder global na extra\u00e7\u00e3o de terras raras, minerais essenciais para tecnologias modernas.","breadcrumb":{"@id":"https:\/\/www.correiobraziliense.com.br\/cbradar\/produto-raro-e-encontrado-no-brasil-veja\/#breadcrumb"},"inLanguage":"pt-BR","potentialAction":[{"@type":"ReadAction","target":["https:\/\/www.correiobraziliense.com.br\/cbradar\/produto-raro-e-encontrado-no-brasil-veja\/"]}]},{"@type":"ImageObject","inLanguage":"pt-BR","@id":"https:\/\/www.correiobraziliense.com.br\/cbradar\/produto-raro-e-encontrado-no-brasil-veja\/#primaryimage","url":"https:\/\/www.correiobraziliense.com.br\/cbradar\/wp-content\/uploads\/2025\/03\/Brasil-_1742828556333.jpg","contentUrl":"https:\/\/www.correiobraziliense.com.br\/cbradar\/wp-content\/uploads\/2025\/03\/Brasil-_1742828556333.jpg","width":1280,"height":720,"caption":"Brasil .Cr\u00e9ditos: depositphotos.com \/ dabldy"},{"@type":"BreadcrumbList","@id":"https:\/\/www.correiobraziliense.com.br\/cbradar\/produto-raro-e-encontrado-no-brasil-veja\/#breadcrumb","itemListElement":[{"@type":"ListItem","position":1,"name":"In\u00edcio","item":"https:\/\/www.correiobraziliense.com.br\/cbradar\/"},{"@type":"ListItem","position":2,"name":"Produto raro \u00e9 encontrado no Brasil, veja"}]},{"@type":"WebSite","@id":"https:\/\/www.correiobraziliense.com.br\/cbradar\/#website","url":"https:\/\/www.correiobraziliense.com.br\/cbradar\/","name":"Correio Braziliense - Radar","description":"Acompanhe as \u00faltimas not\u00edcias e fique bem informado sobre tudo o que acontece no Brasil e no mundo.","potentialAction":[{"@type":"SearchAction","target":{"@type":"EntryPoint","urlTemplate":"https:\/\/www.correiobraziliense.com.br\/cbradar\/?s={search_term_string}"},"query-input":{"@type":"PropertyValueSpecification","valueRequired":true,"valueName":"search_term_string"}}],"inLanguage":"pt-BR"},{"@type":"Person","@id":"https:\/\/www.correiobraziliense.com.br\/cbradar\/#\/schema\/person\/58422787644df994b53a19d3e56c1513","name":"Larissa Carvalho","image":{"@type":"ImageObject","inLanguage":"pt-BR","@id":"https:\/\/www.correiobraziliense.com.br\/cbradar\/#\/schema\/person\/image\/","url":"https:\/\/secure.gravatar.com\/avatar\/fe4f91a0de32b52a838d0d612abdc1aa?s=96&d=mm&r=g","contentUrl":"https:\/\/secure.gravatar.com\/avatar\/fe4f91a0de32b52a838d0d612abdc1aa?s=96&d=mm&r=g","caption":"Larissa Carvalho"},"url":"https:\/\/www.correiobraziliense.com.br\/cbradar\/author\/larissamyth\/"}]}},"_links":{"self":[{"href":"https:\/\/www.correiobraziliense.com.br\/cbradar\/wp-json\/wp\/v2\/posts\/15296","targetHints":{"allow":["GET"]}}],"collection":[{"href":"https:\/\/www.correiobraziliense.com.br\/cbradar\/wp-json\/wp\/v2\/posts"}],"about":[{"href":"https:\/\/www.correiobraziliense.com.br\/cbradar\/wp-json\/wp\/v2\/types\/post"}],"author":[{"embeddable":true,"href":"https:\/\/www.correiobraziliense.com.br\/cbradar\/wp-json\/wp\/v2\/users\/3"}],"replies":[{"embeddable":true,"href":"https:\/\/www.correiobraziliense.com.br\/cbradar\/wp-json\/wp\/v2\/comments?post=15296"}],"version-history":[{"count":2,"href":"https:\/\/www.correiobraziliense.com.br\/cbradar\/wp-json\/wp\/v2\/posts\/15296\/revisions"}],"predecessor-version":[{"id":15421,"href":"https:\/\/www.correiobraziliense.com.br\/cbradar\/wp-json\/wp\/v2\/posts\/15296\/revisions\/15421"}],"wp:featuredmedia":[{"embeddable":true,"href":"https:\/\/www.correiobraziliense.com.br\/cbradar\/wp-json\/wp\/v2\/media\/15297"}],"wp:attachment":[{"href":"https:\/\/www.correiobraziliense.com.br\/cbradar\/wp-json\/wp\/v2\/media?parent=15296"}],"wp:term":[{"taxonomy":"category","embeddable":true,"href":"https:\/\/www.correiobraziliense.com.br\/cbradar\/wp-json\/wp\/v2\/categories?post=15296"},{"taxonomy":"post_tag","embeddable":true,"href":"https:\/\/www.correiobraziliense.com.br\/cbradar\/wp-json\/wp\/v2\/tags?post=15296"}],"curies":[{"name":"wp","href":"https:\/\/api.w.org\/{rel}","templated":true}]}}