{"id":152969,"date":"2025-12-09T21:35:00","date_gmt":"2025-12-10T00:35:00","guid":{"rendered":"https:\/\/www.correiobraziliense.com.br\/cbradar\/?p=152969"},"modified":"2025-12-08T20:05:18","modified_gmt":"2025-12-08T23:05:18","slug":"leonardo-continua-entre-os-preferidos-e-o-motivo-vai-alem-da-sonoridade","status":"publish","type":"post","link":"https:\/\/www.correiobraziliense.com.br\/cbradar\/leonardo-continua-entre-os-preferidos-e-o-motivo-vai-alem-da-sonoridade\/","title":{"rendered":"O que significa o nome Leonardo e por que ele segue popular em 2025"},"content":{"rendered":"\n<p>O nome <strong>Leonardo<\/strong> continua entre os preferidos das fam\u00edlias brasileiras em 2025. Tradicional, forte e associado a figuras hist\u00f3ricas marcantes, ele mant\u00e9m sua popularidade gra\u00e7as \u00e0 sonoridade imponente e aos significados ligados a coragem e lideran\u00e7a.<\/p>\n\n\n\n<h2 class=\"wp-block-heading\">Qual a origem e significado do nome Leonardo?<\/h2>\n\n\n\n<p>Leonardo tem origem no germ\u00e2nico <em>Leonhard<\/em> ou <em>Leonhardus<\/em>, formado pela jun\u00e7\u00e3o de dois elementos:<\/p>\n\n\n\n<p>\u2022 <strong>leon<\/strong> \u2014 \u201cle\u00e3o\u201d;<br>\u2022 <strong>hard<\/strong> \u2014 \u201cforte\u201d, \u201ccorajoso\u201d, \u201cvalente\u201d.<\/p>\n\n\n\n<p>Assim, o significado mais aceito para Leonardo \u00e9 <strong>\u201cle\u00e3o forte\u201d<\/strong> ou <strong>\u201caquele que \u00e9 valente como um le\u00e3o\u201d<\/strong>. Por isso, o nome carrega simbolismos de bravura, determina\u00e7\u00e3o e imposi\u00e7\u00e3o, qualidades valorizadas em diversas culturas.<\/p>\n\n\n<div class=\"wp-block-image\">\n<figure class=\"aligncenter size-large\"><img decoding=\"async\" width=\"1024\" height=\"576\" src=\"https:\/\/www.correiobraziliense.com.br\/cbradar\/wp-content\/uploads\/2025\/12\/baby-boy_1765226608355-1024x576.jpg\" alt=\"O que significa o nome Leonardo e por que ele segue popular em 2025\" class=\"wp-image-152902\" srcset=\"https:\/\/www.correiobraziliense.com.br\/cbradar\/wp-content\/uploads\/2025\/12\/baby-boy_1765226608355-1024x576.jpg 1024w, https:\/\/www.correiobraziliense.com.br\/cbradar\/wp-content\/uploads\/2025\/12\/baby-boy_1765226608355-300x169.jpg 300w, https:\/\/www.correiobraziliense.com.br\/cbradar\/wp-content\/uploads\/2025\/12\/baby-boy_1765226608355-768x432.jpg 768w, https:\/\/www.correiobraziliense.com.br\/cbradar\/wp-content\/uploads\/2025\/12\/baby-boy_1765226608355-750x422.jpg 750w, https:\/\/www.correiobraziliense.com.br\/cbradar\/wp-content\/uploads\/2025\/12\/baby-boy_1765226608355-1140x641.jpg 1140w, https:\/\/www.correiobraziliense.com.br\/cbradar\/wp-content\/uploads\/2025\/12\/baby-boy_1765226608355.jpg 1280w\" sizes=\"(max-width: 1024px) 100vw, 1024px\" \/><figcaption class=\"wp-element-caption\">Assim, o significado mais aceito para Leonardo \u00e9 \u201cle\u00e3o forte\u201d ou \u201caquele que \u00e9 valente como um le\u00e3o\u201d &#8211; Cr\u00e9ditos: depositphotos.com \/ LenaMiloslavskaya<\/figcaption><\/figure><\/div>\n\n\n<h2 class=\"wp-block-heading\">Por que Leonardo permanece t\u00e3o escolhido?<\/h2>\n\n\n\n<p>Em 2025, especialistas em tend\u00eancias de nomes destacam que Leonardo se mant\u00e9m relevante por combinar tradi\u00e7\u00e3o e modernidade. \u00c9 um nome comum h\u00e1 d\u00e9cadas no Brasil, mas sem perder for\u00e7a entre as novas gera\u00e7\u00f5es.<\/p>\n\n\n\n<p>Entre os principais motivos para a popularidade est\u00e3o:<\/p>\n\n\n\n<p>\u2022 associa\u00e7\u00e3o a personalidades hist\u00f3ricas, como Leonardo da Vinci;<br>\u2022 sonoridade firme e f\u00e1cil pron\u00fancia;<br>\u2022 significado forte e positivo;<br>\u2022 versatilidade em diferentes classes sociais e regi\u00f5es.<\/p>\n\n\n\n<p>O nome tamb\u00e9m aparece com frequ\u00eancia em produ\u00e7\u00f5es culturais, televis\u00e3o e redes sociais, o que refor\u00e7a sua presen\u00e7a nas escolhas atuais, abaixo, um v\u00eddeo por <strong>nomesesiginificados <\/strong>no TikTok:<\/p>\n\n\n\n\n\n<h2 class=\"wp-block-heading\">Varia\u00e7\u00f5es e nomes relacionados<\/h2>\n\n\n\n<p>Leonardo possui varia\u00e7\u00f5es internacionais amplamente usadas, como:<\/p>\n\n\n\n<p>\u2022 Leonard (ingl\u00eas e franc\u00eas);<br>\u2022 Leonardo (italiano, espanhol e portugu\u00eas);<br>\u2022 Leonhard (alem\u00e3o);<br>\u2022 Leandro e Leonel (nomes relacionados pela raiz \u201cleon\u201d).<\/p>\n\n\n\n<p>Al\u00e9m disso, muitos utilizam apelidos como Leo, Nardo ou L\u00e9o, este \u00faltimo, bastante popular entre crian\u00e7as e adolescentes.<\/p>\n\n\n<div class=\"wp-block-image\">\n<figure class=\"aligncenter size-large\"><img decoding=\"async\" width=\"1024\" height=\"576\" src=\"https:\/\/www.correiobraziliense.com.br\/cbradar\/wp-content\/uploads\/2025\/12\/baby_1765044697217-1024x576.jpg\" alt=\"O que significa o nome Leonardo e por que ele segue popular em 2025\" class=\"wp-image-151132\" srcset=\"https:\/\/www.correiobraziliense.com.br\/cbradar\/wp-content\/uploads\/2025\/12\/baby_1765044697217-1024x576.jpg 1024w, https:\/\/www.correiobraziliense.com.br\/cbradar\/wp-content\/uploads\/2025\/12\/baby_1765044697217-300x169.jpg 300w, https:\/\/www.correiobraziliense.com.br\/cbradar\/wp-content\/uploads\/2025\/12\/baby_1765044697217-768x432.jpg 768w, https:\/\/www.correiobraziliense.com.br\/cbradar\/wp-content\/uploads\/2025\/12\/baby_1765044697217-750x422.jpg 750w, https:\/\/www.correiobraziliense.com.br\/cbradar\/wp-content\/uploads\/2025\/12\/baby_1765044697217-1140x641.jpg 1140w, https:\/\/www.correiobraziliense.com.br\/cbradar\/wp-content\/uploads\/2025\/12\/baby_1765044697217.jpg 1280w\" sizes=\"(max-width: 1024px) 100vw, 1024px\" \/><figcaption class=\"wp-element-caption\">Em 2025, especialistas em tend\u00eancias de nomes destacam que Leonardo se mant\u00e9m relevante por combinar tradi\u00e7\u00e3o e modernidade &#8211; Cr\u00e9ditos: depositphotos.com \/ NatashaFedorova<\/figcaption><\/figure><\/div>\n\n\n<h2 class=\"wp-block-heading\">Qual a proje\u00e7\u00e3o do nome para os pr\u00f3ximos anos?<\/h2>\n\n\n\n<p>Dados de cart\u00f3rios e plataformas de registro em 2025 indicam que Leonardo <a href=\"https:\/\/www.correiobraziliense.com.br\/cbradar\/quais-sao-os-principais-5-nomes-para-bebes-que-significam-luz\/\" target=\"_blank\" rel=\"noreferrer noopener\">deve continuar entre os nomes masculinos mais usados no Brasil<\/a>. Sua combina\u00e7\u00e3o de tradi\u00e7\u00e3o, for\u00e7a simb\u00f3lica e boa sonoridade mant\u00e9m o nome est\u00e1vel nas listas de prefer\u00eancia das fam\u00edlias.<\/p>\n\n\n\n<p>Com apelo hist\u00f3rico e cultural, Leonardo segue como uma escolha s\u00f3lida para quem busca um nome cl\u00e1ssico, forte e de identidade marcante.<\/p>\n","protected":false},"excerpt":{"rendered":"<p>O nome Leonardo continua entre os preferidos das fam\u00edlias brasileiras em 2025. Tradicional, forte e associado a figuras hist\u00f3ricas marcantes, ele mant\u00e9m sua popularidade gra\u00e7as \u00e0 sonoridade imponente e aos significados ligados a coragem e lideran\u00e7a. Qual a origem e significado do nome Leonardo? Leonardo tem origem no germ\u00e2nico Leonhard ou Leonhardus, formado pela jun\u00e7\u00e3o [&hellip;]<\/p>\n","protected":false},"author":18,"featured_media":152972,"comment_status":"open","ping_status":"open","sticky":false,"template":"","format":"standard","meta":{"_yoast_wpseo_focuskw":"significado do nome Leonardo","_yoast_wpseo_title":"","_yoast_wpseo_metadesc":"Cl\u00e1ssico e atual, Leonardo permanece entre os nomes mais amados do Brasil em 2025 e o motivo est\u00e1 ligado \u00e0 sua hist\u00f3ria e simbologia.","jnews-multi-image_gallery":[],"jnews_single_post":{"format":"standard"},"jnews_primary_category":[],"jnews_social_meta":[],"jnews_override_counter":[],"footnotes":""},"categories":[112],"post_tag":[293,5202,4243,5812],"class_list":["post-152969","post","type-post","status-publish","format-standard","has-post-thumbnail","hentry","category-curiosidades","tag-leonardo","tag-nomes","tag-origem","tag-significado"],"yoast_head":"<!-- This site is optimized with the Yoast SEO plugin v24.6 - https:\/\/yoast.com\/wordpress\/plugins\/seo\/ -->\n<title>O que significa o nome Leonardo e por que ele segue popular em 2025 - Correio Braziliense - Radar<\/title>\n<meta name=\"description\" content=\"Cl\u00e1ssico e atual, Leonardo permanece entre os nomes mais amados do Brasil em 2025 e o motivo est\u00e1 ligado \u00e0 sua hist\u00f3ria e simbologia.\" \/>\n<meta name=\"robots\" content=\"index, follow, max-snippet:-1, max-image-preview:large, max-video-preview:-1\" \/>\n<link rel=\"canonical\" href=\"https:\/\/www.correiobraziliense.com.br\/cbradar\/leonardo-continua-entre-os-preferidos-e-o-motivo-vai-alem-da-sonoridade\/\" \/>\n<meta property=\"og:locale\" content=\"pt_BR\" \/>\n<meta property=\"og:type\" content=\"article\" \/>\n<meta property=\"og:title\" content=\"O que significa o nome Leonardo e por que ele segue popular em 2025 - Correio Braziliense - Radar\" \/>\n<meta property=\"og:description\" content=\"Cl\u00e1ssico e atual, Leonardo permanece entre os nomes mais amados do Brasil em 2025 e o motivo est\u00e1 ligado \u00e0 sua hist\u00f3ria e simbologia.\" \/>\n<meta property=\"og:url\" content=\"https:\/\/www.correiobraziliense.com.br\/cbradar\/leonardo-continua-entre-os-preferidos-e-o-motivo-vai-alem-da-sonoridade\/\" \/>\n<meta property=\"og:site_name\" content=\"Correio Braziliense - Radar\" \/>\n<meta property=\"article:published_time\" content=\"2025-12-10T00:35:00+00:00\" \/>\n<meta property=\"og:image\" content=\"https:\/\/www.correiobraziliense.com.br\/cbradar\/wp-content\/uploads\/2025\/12\/baby-boy_1765234943415.jpg\" \/>\n\t<meta property=\"og:image:width\" content=\"1280\" \/>\n\t<meta property=\"og:image:height\" content=\"720\" \/>\n\t<meta property=\"og:image:type\" content=\"image\/jpeg\" \/>\n<meta name=\"author\" content=\"Maria Eduarda Pacheco\" \/>\n<meta name=\"twitter:card\" content=\"summary_large_image\" \/>\n<meta name=\"twitter:label1\" content=\"Escrito por\" \/>\n\t<meta name=\"twitter:data1\" content=\"Maria Eduarda Pacheco\" \/>\n\t<meta name=\"twitter:label2\" content=\"Est. tempo de leitura\" \/>\n\t<meta name=\"twitter:data2\" content=\"3 minutos\" \/>\n<!-- \/ Yoast SEO plugin. -->","yoast_head_json":{"title":"O que significa o nome Leonardo e por que ele segue popular em 2025 - Correio Braziliense - Radar","description":"Cl\u00e1ssico e atual, Leonardo permanece entre os nomes mais amados do Brasil em 2025 e o motivo est\u00e1 ligado \u00e0 sua hist\u00f3ria e simbologia.","robots":{"index":"index","follow":"follow","max-snippet":"max-snippet:-1","max-image-preview":"max-image-preview:large","max-video-preview":"max-video-preview:-1"},"canonical":"https:\/\/www.correiobraziliense.com.br\/cbradar\/leonardo-continua-entre-os-preferidos-e-o-motivo-vai-alem-da-sonoridade\/","og_locale":"pt_BR","og_type":"article","og_title":"O que significa o nome Leonardo e por que ele segue popular em 2025 - Correio Braziliense - Radar","og_description":"Cl\u00e1ssico e atual, Leonardo permanece entre os nomes mais amados do Brasil em 2025 e o motivo est\u00e1 ligado \u00e0 sua hist\u00f3ria e simbologia.","og_url":"https:\/\/www.correiobraziliense.com.br\/cbradar\/leonardo-continua-entre-os-preferidos-e-o-motivo-vai-alem-da-sonoridade\/","og_site_name":"Correio Braziliense - Radar","article_published_time":"2025-12-10T00:35:00+00:00","og_image":[{"width":1280,"height":720,"url":"https:\/\/www.correiobraziliense.com.br\/cbradar\/wp-content\/uploads\/2025\/12\/baby-boy_1765234943415.jpg","type":"image\/jpeg"}],"author":"Maria Eduarda Pacheco","twitter_card":"summary_large_image","twitter_misc":{"Escrito por":"Maria Eduarda Pacheco","Est. tempo de leitura":"3 minutos"},"schema":{"@context":"https:\/\/schema.org","@graph":[{"@type":"WebPage","@id":"https:\/\/www.correiobraziliense.com.br\/cbradar\/leonardo-continua-entre-os-preferidos-e-o-motivo-vai-alem-da-sonoridade\/","url":"https:\/\/www.correiobraziliense.com.br\/cbradar\/leonardo-continua-entre-os-preferidos-e-o-motivo-vai-alem-da-sonoridade\/","name":"O que significa o nome Leonardo e por que ele segue popular em 2025 - Correio Braziliense - Radar","isPartOf":{"@id":"https:\/\/www.correiobraziliense.com.br\/cbradar\/#website"},"primaryImageOfPage":{"@id":"https:\/\/www.correiobraziliense.com.br\/cbradar\/leonardo-continua-entre-os-preferidos-e-o-motivo-vai-alem-da-sonoridade\/#primaryimage"},"image":{"@id":"https:\/\/www.correiobraziliense.com.br\/cbradar\/leonardo-continua-entre-os-preferidos-e-o-motivo-vai-alem-da-sonoridade\/#primaryimage"},"thumbnailUrl":"https:\/\/www.correiobraziliense.com.br\/cbradar\/wp-content\/uploads\/2025\/12\/baby-boy_1765234943415.jpg","datePublished":"2025-12-10T00:35:00+00:00","author":{"@id":"https:\/\/www.correiobraziliense.com.br\/cbradar\/#\/schema\/person\/6fdd694c4c0d658f15df15f390ddf066"},"description":"Cl\u00e1ssico e atual, Leonardo permanece entre os nomes mais amados do Brasil em 2025 e o motivo est\u00e1 ligado \u00e0 sua hist\u00f3ria e simbologia.","breadcrumb":{"@id":"https:\/\/www.correiobraziliense.com.br\/cbradar\/leonardo-continua-entre-os-preferidos-e-o-motivo-vai-alem-da-sonoridade\/#breadcrumb"},"inLanguage":"pt-BR","potentialAction":[{"@type":"ReadAction","target":["https:\/\/www.correiobraziliense.com.br\/cbradar\/leonardo-continua-entre-os-preferidos-e-o-motivo-vai-alem-da-sonoridade\/"]}]},{"@type":"ImageObject","inLanguage":"pt-BR","@id":"https:\/\/www.correiobraziliense.com.br\/cbradar\/leonardo-continua-entre-os-preferidos-e-o-motivo-vai-alem-da-sonoridade\/#primaryimage","url":"https:\/\/www.correiobraziliense.com.br\/cbradar\/wp-content\/uploads\/2025\/12\/baby-boy_1765234943415.jpg","contentUrl":"https:\/\/www.correiobraziliense.com.br\/cbradar\/wp-content\/uploads\/2025\/12\/baby-boy_1765234943415.jpg","width":1280,"height":720,"caption":"A sonoridade curta e moderna ajudou na sua perman\u00eancia entre os mais registrados no Brasil - Cr\u00e9ditos: depositphotos.com \/ AllaSerebrina"},{"@type":"BreadcrumbList","@id":"https:\/\/www.correiobraziliense.com.br\/cbradar\/leonardo-continua-entre-os-preferidos-e-o-motivo-vai-alem-da-sonoridade\/#breadcrumb","itemListElement":[{"@type":"ListItem","position":1,"name":"In\u00edcio","item":"https:\/\/www.correiobraziliense.com.br\/cbradar\/"},{"@type":"ListItem","position":2,"name":"O que significa o nome Leonardo e por que ele segue popular em 2025"}]},{"@type":"WebSite","@id":"https:\/\/www.correiobraziliense.com.br\/cbradar\/#website","url":"https:\/\/www.correiobraziliense.com.br\/cbradar\/","name":"Correio Braziliense - Radar","description":"Acompanhe as \u00faltimas not\u00edcias e fique bem informado sobre tudo o que acontece no Brasil e no mundo.","potentialAction":[{"@type":"SearchAction","target":{"@type":"EntryPoint","urlTemplate":"https:\/\/www.correiobraziliense.com.br\/cbradar\/?s={search_term_string}"},"query-input":{"@type":"PropertyValueSpecification","valueRequired":true,"valueName":"search_term_string"}}],"inLanguage":"pt-BR"},{"@type":"Person","@id":"https:\/\/www.correiobraziliense.com.br\/cbradar\/#\/schema\/person\/6fdd694c4c0d658f15df15f390ddf066","name":"Maria Eduarda Pacheco","image":{"@type":"ImageObject","inLanguage":"pt-BR","@id":"https:\/\/www.correiobraziliense.com.br\/cbradar\/#\/schema\/person\/image\/","url":"https:\/\/secure.gravatar.com\/avatar\/f72a487b26fdeec08ba4868875ea328e?s=96&d=mm&r=g","contentUrl":"https:\/\/secure.gravatar.com\/avatar\/f72a487b26fdeec08ba4868875ea328e?s=96&d=mm&r=g","caption":"Maria Eduarda Pacheco"},"sameAs":["https:\/\/www.correiobraziliense.com.br\/cbradar\/"],"url":"https:\/\/www.correiobraziliense.com.br\/cbradar\/author\/maria-eduarda\/"}]}},"_links":{"self":[{"href":"https:\/\/www.correiobraziliense.com.br\/cbradar\/wp-json\/wp\/v2\/posts\/152969","targetHints":{"allow":["GET"]}}],"collection":[{"href":"https:\/\/www.correiobraziliense.com.br\/cbradar\/wp-json\/wp\/v2\/posts"}],"about":[{"href":"https:\/\/www.correiobraziliense.com.br\/cbradar\/wp-json\/wp\/v2\/types\/post"}],"author":[{"embeddable":true,"href":"https:\/\/www.correiobraziliense.com.br\/cbradar\/wp-json\/wp\/v2\/users\/18"}],"replies":[{"embeddable":true,"href":"https:\/\/www.correiobraziliense.com.br\/cbradar\/wp-json\/wp\/v2\/comments?post=152969"}],"version-history":[{"count":2,"href":"https:\/\/www.correiobraziliense.com.br\/cbradar\/wp-json\/wp\/v2\/posts\/152969\/revisions"}],"predecessor-version":[{"id":152974,"href":"https:\/\/www.correiobraziliense.com.br\/cbradar\/wp-json\/wp\/v2\/posts\/152969\/revisions\/152974"}],"wp:featuredmedia":[{"embeddable":true,"href":"https:\/\/www.correiobraziliense.com.br\/cbradar\/wp-json\/wp\/v2\/media\/152972"}],"wp:attachment":[{"href":"https:\/\/www.correiobraziliense.com.br\/cbradar\/wp-json\/wp\/v2\/media?parent=152969"}],"wp:term":[{"taxonomy":"category","embeddable":true,"href":"https:\/\/www.correiobraziliense.com.br\/cbradar\/wp-json\/wp\/v2\/categories?post=152969"},{"taxonomy":"post_tag","embeddable":true,"href":"https:\/\/www.correiobraziliense.com.br\/cbradar\/wp-json\/wp\/v2\/post_tag?post=152969"}],"curies":[{"name":"wp","href":"https:\/\/api.w.org\/{rel}","templated":true}]}}