{"id":152975,"date":"2025-12-09T22:25:00","date_gmt":"2025-12-10T01:25:00","guid":{"rendered":"https:\/\/www.correiobraziliense.com.br\/cbradar\/?p=152975"},"modified":"2025-12-08T20:18:24","modified_gmt":"2025-12-08T23:18:24","slug":"o-chuveiro-eletrico-esta-em-quase-toda-casa-brasileira-e-vem-de-um-lugar-inesperado-conheca-a-historia","status":"publish","type":"post","link":"https:\/\/www.correiobraziliense.com.br\/cbradar\/o-chuveiro-eletrico-esta-em-quase-toda-casa-brasileira-e-vem-de-um-lugar-inesperado-conheca-a-historia\/","title":{"rendered":"O chuveiro el\u00e9trico est\u00e1 em quase toda casa brasileira e vem de um lugar inesperado, conhe\u00e7a a hist\u00f3ria"},"content":{"rendered":"\n<p>O chuveiro el\u00e9trico, presente na maioria das casas brasileiras em 2025, tem uma origem curiosa: ele foi criado no Brasil. Embora sistemas de aquecimento de \u00e1gua j\u00e1 existissem desde o final do s\u00e9culo XIX em outros pa\u00edses, o modelo el\u00e9trico compacto, barato e f\u00e1cil de instalar nasceu por iniciativa de engenheiros brasileiros que buscavam uma alternativa acess\u00edvel ao aquecimento a g\u00e1s.<\/p>\n\n\n\n<h2 class=\"wp-block-heading\">O surgimento da tecnologia no Brasil<\/h2>\n\n\n\n<p>A primeira vers\u00e3o do chuveiro el\u00e9trico surgiu nos anos 1930, <a href=\"https:\/\/scientiaplena.emnuvens.com.br\/sp\/article\/view\/607\" target=\"_blank\" rel=\"noreferrer noopener\">desenvolvida por pesquisadores<\/a> no estado do Paran\u00e1. A ideia era criar um aparelho que permitisse aquecer a \u00e1gua instantaneamente, sem a necessidade de tubula\u00e7\u00f5es espec\u00edficas, caldeiras ou grandes estruturas, comuns nos Estados Unidos e na Europa.<\/p>\n\n\n\n<p><a href=\"https:\/\/www.correiobraziliense.com.br\/cbradar\/poucos-sabem-que-a-ia-ja-resolve-80-das-tarefas-repetitivas-ignoradas\/\" target=\"_blank\" rel=\"noreferrer noopener\">O invento se popularizou<\/a> rapidamente devido ao clima tropical do pa\u00eds, ao custo baixo de produ\u00e7\u00e3o e \u00e0 facilidade de adapta\u00e7\u00e3o \u00e0s instala\u00e7\u00f5es el\u00e9tricas dom\u00e9sticas. Nas d\u00e9cadas seguintes, a tecnologia ganhou melhorias de seguran\u00e7a e pot\u00eancia.<\/p>\n\n\n\n<figure class=\"wp-block-image size-large\"><img decoding=\"async\" width=\"1024\" height=\"576\" src=\"https:\/\/www.correiobraziliense.com.br\/cbradar\/wp-content\/uploads\/2025\/12\/person-thinking_1765222513740-1024x576.jpg\" alt=\"O chuveiro el\u00e9trico est\u00e1 em quase toda casa brasileira e vem de um lugar inesperado, conhe\u00e7a a hist\u00f3ria\" class=\"wp-image-152852\" srcset=\"https:\/\/www.correiobraziliense.com.br\/cbradar\/wp-content\/uploads\/2025\/12\/person-thinking_1765222513740-1024x576.jpg 1024w, https:\/\/www.correiobraziliense.com.br\/cbradar\/wp-content\/uploads\/2025\/12\/person-thinking_1765222513740-300x169.jpg 300w, https:\/\/www.correiobraziliense.com.br\/cbradar\/wp-content\/uploads\/2025\/12\/person-thinking_1765222513740-768x432.jpg 768w, https:\/\/www.correiobraziliense.com.br\/cbradar\/wp-content\/uploads\/2025\/12\/person-thinking_1765222513740-750x422.jpg 750w, https:\/\/www.correiobraziliense.com.br\/cbradar\/wp-content\/uploads\/2025\/12\/person-thinking_1765222513740-1140x641.jpg 1140w, https:\/\/www.correiobraziliense.com.br\/cbradar\/wp-content\/uploads\/2025\/12\/person-thinking_1765222513740.jpg 1280w\" sizes=\"(max-width: 1024px) 100vw, 1024px\" \/><figcaption class=\"wp-element-caption\">A ideia era criar um aparelho que permitisse aquecer a \u00e1gua instantaneamente &#8211; Cr\u00e9ditos: depositphotos.com \/ peshkova<\/figcaption><\/figure>\n\n\n\n<h2 class=\"wp-block-heading\">Por que o chuveiro el\u00e9trico virou padr\u00e3o no Brasil?<\/h2>\n\n\n\n<p>Especialistas explicam que o chuveiro el\u00e9trico se tornou dominante por tr\u00eas motivos:<\/p>\n\n\n\n<p>\u2022 <strong>custo baixo<\/strong> \u2014 \u00e9 mais barato que sistemas de aquecimento a g\u00e1s ou solar;<br>\u2022 <strong>instala\u00e7\u00e3o simples<\/strong> \u2014 funciona mesmo em casas sem tubula\u00e7\u00e3o espec\u00edfica;<br>\u2022 <strong>imediatismo<\/strong> \u2014 aquece a \u00e1gua no momento do uso, sem desperd\u00edcio.<\/p>\n\n\n\n<p>Outro fator determinante foi a falta de infraestrutura para aquecimento central em boa parte das cidades brasileiras ao longo do s\u00e9culo XX. Como consequ\u00eancia, o pa\u00eds se tornou o maior mercado mundial desse tipo de equipamento.<\/p>\n\n\n\n<p>A curiosidade sobre o aparelho utilizado diariamente chegou na internet,<strong> Manual do Mundo <\/strong>mostra ent\u00e3o, a estrutura de um chuveiro no TikTok:<\/p>\n\n\n\n<figure class=\"wp-block-embed is-type-video is-provider-tiktok wp-block-embed-tiktok\"><div class=\"wp-block-embed__wrapper\">\n<blockquote class=\"tiktok-embed\" cite=\"https:\/\/www.tiktok.com\/@manualdomundo\/video\/7561183667549244683\" data-video-id=\"7561183667549244683\" data-embed-from=\"oembed\" style=\"max-width:605px; min-width:325px;\"> <section> <a target=\"_blank\" title=\"@manualdomundo\" href=\"https:\/\/www.tiktok.com\/@manualdomundo?refer=embed\">@manualdomundo<\/a> <p>O QUE TEM DENTRO do CHUVEIRO EL\u00c9TRICO? Voc\u00ea j\u00e1 parou pra pensar\u00a0como o chuveiro esquenta a \u00e1gua\u00a0sem precisar de interruptor? \ud83d\udca1\ud83d\udca7 Hoje, o Iber\u00ea vai\u00a0abrir um chuveiro el\u00e9trico\u00a0e mostrar tudo o que acontece l\u00e1 dentro \u2014 desde a\u00a0resist\u00eancia que ferve a \u00e1gua\u00a0at\u00e9 o\u00a0mecanismo que liga sozinho\u00a0quando voc\u00ea abre a torneira. E o melhor: voc\u00ea vai entender\u00a0por que a gente n\u00e3o leva choque tomando banho, mesmo com tanta energia passando por ali! \u26a1\ud83d\udebf Prepare-se para descobrir os segredos de um dos aparelhos mais comuns (e misteriosos) da sua casa \u2014 e ainda dar boas risadas no caminho.\u00a0\u00a0 <a title=\"eletricidade\" target=\"_blank\" href=\"https:\/\/www.tiktok.com\/tag\/eletricidade?refer=embed\">#eletricidade<\/a> <a title=\"choque\" target=\"_blank\" href=\"https:\/\/www.tiktok.com\/tag\/choque?refer=embed\">#choque<\/a> <a title=\"chuveiro\" target=\"_blank\" href=\"https:\/\/www.tiktok.com\/tag\/chuveiro?refer=embed\">#chuveiro<\/a> <a title=\"constru\u00e7\u00e3o\" target=\"_blank\" href=\"https:\/\/www.tiktok.com\/tag\/constru%C3%A7%C3%A3o?refer=embed\">#constru\u00e7\u00e3o<\/a> <a title=\"curiosidades\" target=\"_blank\" href=\"https:\/\/www.tiktok.com\/tag\/curiosidades?refer=embed\">#curiosidades<\/a> <\/p> <a target=\"_blank\" title=\"\u266c som original - Manual do Mundo\" href=\"https:\/\/www.tiktok.com\/music\/som-original-7561183733100088120?refer=embed\">\u266c som original &#8211; Manual do Mundo<\/a> <\/section> <\/blockquote> <script async src=\"https:\/\/www.tiktok.com\/embed.js\"><\/script>\n<\/div><\/figure>\n\n\n\n<h2 class=\"wp-block-heading\">Como o chuveiro el\u00e9trico evoluiu ao longo do tempo?<\/h2>\n\n\n\n<p>As primeiras vers\u00f5es eram rudimentares e exigiam aten\u00e7\u00e3o redobrada \u00e0 seguran\u00e7a. A partir dos anos 1970, fabricantes passaram a incorporar resist\u00eancias mais dur\u00e1veis, regulagem de temperatura e sistemas de aterramento.<\/p>\n\n\n\n<p>Em 2025, o mercado inclui modelos eletr\u00f4nicos que permitem ajustes finos de temperatura, maior economia de energia e instala\u00e7\u00e3o mais segura. A tecnologia se expandiu para \u00e1reas rurais e cidades pequenas, mantendo o chuveiro el\u00e9trico como um dos aparelhos mais caracter\u00edsticos da casa brasileira.<\/p>\n\n\n\n<figure class=\"wp-block-image size-large\"><img decoding=\"async\" width=\"1024\" height=\"576\" src=\"https:\/\/www.correiobraziliense.com.br\/cbradar\/wp-content\/uploads\/2025\/12\/electric-shower_1765235789112-1024x576.jpg\" alt=\"O chuveiro el\u00e9trico est\u00e1 em quase toda casa brasileira e vem de um lugar inesperado, conhe\u00e7a a hist\u00f3ria\" class=\"wp-image-152977\" srcset=\"https:\/\/www.correiobraziliense.com.br\/cbradar\/wp-content\/uploads\/2025\/12\/electric-shower_1765235789112-1024x576.jpg 1024w, https:\/\/www.correiobraziliense.com.br\/cbradar\/wp-content\/uploads\/2025\/12\/electric-shower_1765235789112-300x169.jpg 300w, https:\/\/www.correiobraziliense.com.br\/cbradar\/wp-content\/uploads\/2025\/12\/electric-shower_1765235789112-768x432.jpg 768w, https:\/\/www.correiobraziliense.com.br\/cbradar\/wp-content\/uploads\/2025\/12\/electric-shower_1765235789112-750x422.jpg 750w, https:\/\/www.correiobraziliense.com.br\/cbradar\/wp-content\/uploads\/2025\/12\/electric-shower_1765235789112-1140x641.jpg 1140w, https:\/\/www.correiobraziliense.com.br\/cbradar\/wp-content\/uploads\/2025\/12\/electric-shower_1765235789112.jpg 1280w\" sizes=\"(max-width: 1024px) 100vw, 1024px\" \/><figcaption class=\"wp-element-caption\">As primeiras vers\u00f5es eram rudimentares e exigiam aten\u00e7\u00e3o redobrada \u00e0 seguran\u00e7a &#8211; Cr\u00e9ditos: depositphotos.com \/ bermek<\/figcaption><\/figure>\n\n\n\n<h2 class=\"wp-block-heading\">A presen\u00e7a do chuveiro el\u00e9trico no cotidiano brasileiro<\/h2>\n\n\n\n<p>A inven\u00e7\u00e3o acabou moldando h\u00e1bitos culturais. Ao contr\u00e1rio de pa\u00edses que utilizam aquecimento central ou caldeiras, o Brasil adotou um sistema descentralizado, em que cada banheiro tem seu pr\u00f3prio equipamento. Isso influenciou desde o modo de construir resid\u00eancias at\u00e9 a rela\u00e7\u00e3o das fam\u00edlias com consumo de energia.<\/p>\n\n\n\n<p>Em 2025, pesquisadores destacam que o chuveiro el\u00e9trico permanece como uma solu\u00e7\u00e3o pr\u00e1tica e amplamente acess\u00edvel, apesar da expans\u00e3o de alternativas como energia solar e sistemas h\u00edbridos. Ainda assim, ele segue como um dos s\u00edmbolos da engenharia cotidiana brasileira.<\/p>\n","protected":false},"excerpt":{"rendered":"<p>O chuveiro el\u00e9trico, presente na maioria das casas brasileiras em 2025, tem uma origem curiosa: ele foi criado no Brasil. Embora sistemas de aquecimento de \u00e1gua j\u00e1 existissem desde o final do s\u00e9culo XIX em outros pa\u00edses, o modelo el\u00e9trico compacto, barato e f\u00e1cil de instalar nasceu por iniciativa de engenheiros brasileiros que buscavam uma [&hellip;]<\/p>\n","protected":false},"author":18,"featured_media":152976,"comment_status":"open","ping_status":"open","sticky":false,"template":"","format":"standard","meta":{"_yoast_wpseo_focuskw":"de onde vem o chuveiro el\u00e9trico","_yoast_wpseo_title":"","_yoast_wpseo_metadesc":"O chuveiro el\u00e9trico nasceu no Brasil e virou o item mais presente nos lares do pa\u00eds. Veja como ele se tornou padr\u00e3o at\u00e9 2025.","jnews-multi-image_gallery":[],"jnews_single_post":{"format":"standard"},"jnews_primary_category":[],"jnews_social_meta":[],"jnews_override_counter":[],"footnotes":""},"categories":[112],"post_tag":[4805,9403,320,4243],"class_list":["post-152975","post","type-post","status-publish","format-standard","has-post-thumbnail","hentry","category-curiosidades","tag-chuveiro-eletrico","tag-eletricidade","tag-historia","tag-origem"],"yoast_head":"<!-- This site is optimized with the Yoast SEO plugin v24.6 - https:\/\/yoast.com\/wordpress\/plugins\/seo\/ -->\n<title>O chuveiro el\u00e9trico est\u00e1 em quase toda casa brasileira e vem de um lugar inesperado, conhe\u00e7a a hist\u00f3ria - Correio Braziliense - Radar<\/title>\n<meta name=\"description\" content=\"O chuveiro el\u00e9trico nasceu no Brasil e virou o item mais presente nos lares do pa\u00eds. Veja como ele se tornou padr\u00e3o at\u00e9 2025.\" \/>\n<meta name=\"robots\" content=\"index, follow, max-snippet:-1, max-image-preview:large, max-video-preview:-1\" \/>\n<link rel=\"canonical\" href=\"https:\/\/www.correiobraziliense.com.br\/cbradar\/o-chuveiro-eletrico-esta-em-quase-toda-casa-brasileira-e-vem-de-um-lugar-inesperado-conheca-a-historia\/\" \/>\n<meta property=\"og:locale\" content=\"pt_BR\" \/>\n<meta property=\"og:type\" content=\"article\" \/>\n<meta property=\"og:title\" content=\"O chuveiro el\u00e9trico est\u00e1 em quase toda casa brasileira e vem de um lugar inesperado, conhe\u00e7a a hist\u00f3ria - Correio Braziliense - Radar\" \/>\n<meta property=\"og:description\" content=\"O chuveiro el\u00e9trico nasceu no Brasil e virou o item mais presente nos lares do pa\u00eds. Veja como ele se tornou padr\u00e3o at\u00e9 2025.\" \/>\n<meta property=\"og:url\" content=\"https:\/\/www.correiobraziliense.com.br\/cbradar\/o-chuveiro-eletrico-esta-em-quase-toda-casa-brasileira-e-vem-de-um-lugar-inesperado-conheca-a-historia\/\" \/>\n<meta property=\"og:site_name\" content=\"Correio Braziliense - Radar\" \/>\n<meta property=\"article:published_time\" content=\"2025-12-10T01:25:00+00:00\" \/>\n<meta property=\"og:image\" content=\"https:\/\/www.correiobraziliense.com.br\/cbradar\/wp-content\/uploads\/2025\/12\/electric-shower_1765235771213.jpg\" \/>\n\t<meta property=\"og:image:width\" content=\"1280\" \/>\n\t<meta property=\"og:image:height\" content=\"720\" \/>\n\t<meta property=\"og:image:type\" content=\"image\/jpeg\" \/>\n<meta name=\"author\" content=\"Maria Eduarda Pacheco\" \/>\n<meta name=\"twitter:card\" content=\"summary_large_image\" \/>\n<meta name=\"twitter:label1\" content=\"Escrito por\" \/>\n\t<meta name=\"twitter:data1\" content=\"Maria Eduarda Pacheco\" \/>\n\t<meta name=\"twitter:label2\" content=\"Est. tempo de leitura\" \/>\n\t<meta name=\"twitter:data2\" content=\"4 minutos\" \/>\n<!-- \/ Yoast SEO plugin. -->","yoast_head_json":{"title":"O chuveiro el\u00e9trico est\u00e1 em quase toda casa brasileira e vem de um lugar inesperado, conhe\u00e7a a hist\u00f3ria - Correio Braziliense - Radar","description":"O chuveiro el\u00e9trico nasceu no Brasil e virou o item mais presente nos lares do pa\u00eds. Veja como ele se tornou padr\u00e3o at\u00e9 2025.","robots":{"index":"index","follow":"follow","max-snippet":"max-snippet:-1","max-image-preview":"max-image-preview:large","max-video-preview":"max-video-preview:-1"},"canonical":"https:\/\/www.correiobraziliense.com.br\/cbradar\/o-chuveiro-eletrico-esta-em-quase-toda-casa-brasileira-e-vem-de-um-lugar-inesperado-conheca-a-historia\/","og_locale":"pt_BR","og_type":"article","og_title":"O chuveiro el\u00e9trico est\u00e1 em quase toda casa brasileira e vem de um lugar inesperado, conhe\u00e7a a hist\u00f3ria - Correio Braziliense - Radar","og_description":"O chuveiro el\u00e9trico nasceu no Brasil e virou o item mais presente nos lares do pa\u00eds. Veja como ele se tornou padr\u00e3o at\u00e9 2025.","og_url":"https:\/\/www.correiobraziliense.com.br\/cbradar\/o-chuveiro-eletrico-esta-em-quase-toda-casa-brasileira-e-vem-de-um-lugar-inesperado-conheca-a-historia\/","og_site_name":"Correio Braziliense - Radar","article_published_time":"2025-12-10T01:25:00+00:00","og_image":[{"width":1280,"height":720,"url":"https:\/\/www.correiobraziliense.com.br\/cbradar\/wp-content\/uploads\/2025\/12\/electric-shower_1765235771213.jpg","type":"image\/jpeg"}],"author":"Maria Eduarda Pacheco","twitter_card":"summary_large_image","twitter_misc":{"Escrito por":"Maria Eduarda Pacheco","Est. tempo de leitura":"4 minutos"},"schema":{"@context":"https:\/\/schema.org","@graph":[{"@type":"WebPage","@id":"https:\/\/www.correiobraziliense.com.br\/cbradar\/o-chuveiro-eletrico-esta-em-quase-toda-casa-brasileira-e-vem-de-um-lugar-inesperado-conheca-a-historia\/","url":"https:\/\/www.correiobraziliense.com.br\/cbradar\/o-chuveiro-eletrico-esta-em-quase-toda-casa-brasileira-e-vem-de-um-lugar-inesperado-conheca-a-historia\/","name":"O chuveiro el\u00e9trico est\u00e1 em quase toda casa brasileira e vem de um lugar inesperado, conhe\u00e7a a hist\u00f3ria - Correio Braziliense - Radar","isPartOf":{"@id":"https:\/\/www.correiobraziliense.com.br\/cbradar\/#website"},"primaryImageOfPage":{"@id":"https:\/\/www.correiobraziliense.com.br\/cbradar\/o-chuveiro-eletrico-esta-em-quase-toda-casa-brasileira-e-vem-de-um-lugar-inesperado-conheca-a-historia\/#primaryimage"},"image":{"@id":"https:\/\/www.correiobraziliense.com.br\/cbradar\/o-chuveiro-eletrico-esta-em-quase-toda-casa-brasileira-e-vem-de-um-lugar-inesperado-conheca-a-historia\/#primaryimage"},"thumbnailUrl":"https:\/\/www.correiobraziliense.com.br\/cbradar\/wp-content\/uploads\/2025\/12\/electric-shower_1765235771213.jpg","datePublished":"2025-12-10T01:25:00+00:00","author":{"@id":"https:\/\/www.correiobraziliense.com.br\/cbradar\/#\/schema\/person\/6fdd694c4c0d658f15df15f390ddf066"},"description":"O chuveiro el\u00e9trico nasceu no Brasil e virou o item mais presente nos lares do pa\u00eds. Veja como ele se tornou padr\u00e3o at\u00e9 2025.","breadcrumb":{"@id":"https:\/\/www.correiobraziliense.com.br\/cbradar\/o-chuveiro-eletrico-esta-em-quase-toda-casa-brasileira-e-vem-de-um-lugar-inesperado-conheca-a-historia\/#breadcrumb"},"inLanguage":"pt-BR","potentialAction":[{"@type":"ReadAction","target":["https:\/\/www.correiobraziliense.com.br\/cbradar\/o-chuveiro-eletrico-esta-em-quase-toda-casa-brasileira-e-vem-de-um-lugar-inesperado-conheca-a-historia\/"]}]},{"@type":"ImageObject","inLanguage":"pt-BR","@id":"https:\/\/www.correiobraziliense.com.br\/cbradar\/o-chuveiro-eletrico-esta-em-quase-toda-casa-brasileira-e-vem-de-um-lugar-inesperado-conheca-a-historia\/#primaryimage","url":"https:\/\/www.correiobraziliense.com.br\/cbradar\/wp-content\/uploads\/2025\/12\/electric-shower_1765235771213.jpg","contentUrl":"https:\/\/www.correiobraziliense.com.br\/cbradar\/wp-content\/uploads\/2025\/12\/electric-shower_1765235771213.jpg","width":1280,"height":720,"caption":"o modelo el\u00e9trico compacto, barato e f\u00e1cil de instalar nasceu por iniciativa de engenheiros brasileiros que buscavam uma alternativa acess\u00edvel ao aquecimento a g\u00e1s - Cr\u00e9ditos: depositphotos.com \/ Alisonnunes"},{"@type":"BreadcrumbList","@id":"https:\/\/www.correiobraziliense.com.br\/cbradar\/o-chuveiro-eletrico-esta-em-quase-toda-casa-brasileira-e-vem-de-um-lugar-inesperado-conheca-a-historia\/#breadcrumb","itemListElement":[{"@type":"ListItem","position":1,"name":"In\u00edcio","item":"https:\/\/www.correiobraziliense.com.br\/cbradar\/"},{"@type":"ListItem","position":2,"name":"O chuveiro el\u00e9trico est\u00e1 em quase toda casa brasileira e vem de um lugar inesperado, conhe\u00e7a a hist\u00f3ria"}]},{"@type":"WebSite","@id":"https:\/\/www.correiobraziliense.com.br\/cbradar\/#website","url":"https:\/\/www.correiobraziliense.com.br\/cbradar\/","name":"Correio Braziliense - Radar","description":"Acompanhe as \u00faltimas not\u00edcias e fique bem informado sobre tudo o que acontece no Brasil e no mundo.","potentialAction":[{"@type":"SearchAction","target":{"@type":"EntryPoint","urlTemplate":"https:\/\/www.correiobraziliense.com.br\/cbradar\/?s={search_term_string}"},"query-input":{"@type":"PropertyValueSpecification","valueRequired":true,"valueName":"search_term_string"}}],"inLanguage":"pt-BR"},{"@type":"Person","@id":"https:\/\/www.correiobraziliense.com.br\/cbradar\/#\/schema\/person\/6fdd694c4c0d658f15df15f390ddf066","name":"Maria Eduarda Pacheco","image":{"@type":"ImageObject","inLanguage":"pt-BR","@id":"https:\/\/www.correiobraziliense.com.br\/cbradar\/#\/schema\/person\/image\/","url":"https:\/\/secure.gravatar.com\/avatar\/f72a487b26fdeec08ba4868875ea328e?s=96&d=mm&r=g","contentUrl":"https:\/\/secure.gravatar.com\/avatar\/f72a487b26fdeec08ba4868875ea328e?s=96&d=mm&r=g","caption":"Maria Eduarda Pacheco"},"sameAs":["https:\/\/www.correiobraziliense.com.br\/cbradar\/"],"url":"https:\/\/www.correiobraziliense.com.br\/cbradar\/author\/maria-eduarda\/"}]}},"_links":{"self":[{"href":"https:\/\/www.correiobraziliense.com.br\/cbradar\/wp-json\/wp\/v2\/posts\/152975","targetHints":{"allow":["GET"]}}],"collection":[{"href":"https:\/\/www.correiobraziliense.com.br\/cbradar\/wp-json\/wp\/v2\/posts"}],"about":[{"href":"https:\/\/www.correiobraziliense.com.br\/cbradar\/wp-json\/wp\/v2\/types\/post"}],"author":[{"embeddable":true,"href":"https:\/\/www.correiobraziliense.com.br\/cbradar\/wp-json\/wp\/v2\/users\/18"}],"replies":[{"embeddable":true,"href":"https:\/\/www.correiobraziliense.com.br\/cbradar\/wp-json\/wp\/v2\/comments?post=152975"}],"version-history":[{"count":1,"href":"https:\/\/www.correiobraziliense.com.br\/cbradar\/wp-json\/wp\/v2\/posts\/152975\/revisions"}],"predecessor-version":[{"id":152978,"href":"https:\/\/www.correiobraziliense.com.br\/cbradar\/wp-json\/wp\/v2\/posts\/152975\/revisions\/152978"}],"wp:featuredmedia":[{"embeddable":true,"href":"https:\/\/www.correiobraziliense.com.br\/cbradar\/wp-json\/wp\/v2\/media\/152976"}],"wp:attachment":[{"href":"https:\/\/www.correiobraziliense.com.br\/cbradar\/wp-json\/wp\/v2\/media?parent=152975"}],"wp:term":[{"taxonomy":"category","embeddable":true,"href":"https:\/\/www.correiobraziliense.com.br\/cbradar\/wp-json\/wp\/v2\/categories?post=152975"},{"taxonomy":"post_tag","embeddable":true,"href":"https:\/\/www.correiobraziliense.com.br\/cbradar\/wp-json\/wp\/v2\/post_tag?post=152975"}],"curies":[{"name":"wp","href":"https:\/\/api.w.org\/{rel}","templated":true}]}}