{"id":153071,"date":"2025-12-09T11:45:00","date_gmt":"2025-12-09T14:45:00","guid":{"rendered":"https:\/\/www.correiobraziliense.com.br\/cbradar\/?p=153071"},"modified":"2025-12-09T01:07:14","modified_gmt":"2025-12-09T04:07:14","slug":"a-cidade-fluminense-pouco-conhecida-que-encanta-visitantes-com-sua-cultura-e-historia","status":"publish","type":"post","link":"https:\/\/www.correiobraziliense.com.br\/cbradar\/a-cidade-fluminense-pouco-conhecida-que-encanta-visitantes-com-sua-cultura-e-historia\/","title":{"rendered":"A cidade fluminense pouco conhecida que encanta visitantes com sua cultura e hist\u00f3ria"},"content":{"rendered":"\n<p>Planejar o <strong>turismo em Valen\u00e7a<\/strong> \u00e9 viajar para o glorioso passado do <strong>Ciclo do Caf\u00e9<\/strong>, no sul do estado do <strong>Rio de Janeiro<\/strong>. Localizada a cerca de 160 km da capital fluminense, a cidade \u00e9 conhecida como a &#8220;Princesinha da Serra&#8221; e destaca-se por preservar imponentes fazendas hist\u00f3ricas, uma forte tradi\u00e7\u00e3o musical de serestas e um clima de tranquilidade que atrai quem busca cultura e contato com a natureza na regi\u00e3o do Vale do Caf\u00e9.<\/p>\n\n\n\n<h2 class=\"wp-block-heading\">Por que Valen\u00e7a \u00e9 um destino hist\u00f3rico fascinante?<\/h2>\n\n\n\n<p><strong>A cidade foi um dos principais polos econ\u00f4micos do Imp\u00e9rio no s\u00e9culo XIX, e essa riqueza deixou um legado arquitet\u00f4nico impressionante.<\/strong> As <strong>fazendas de caf\u00e9<\/strong>, muitas ainda produtivas ou transformadas em hot\u00e9is-museu, permitem que o visitante vivencie a rotina dos bar\u00f5es, com visitas guiadas, saraus hist\u00f3ricos e gastronomia de \u00e9poca. \u00c9 uma imers\u00e3o cultural profunda que revela os detalhes da sociedade escravocrata e aristocr\u00e1tica da \u00e9poca.<\/p>\n\n\n\n<p>Al\u00e9m da hist\u00f3ria, Valen\u00e7a respira m\u00fasica. A tradi\u00e7\u00e3o da <strong>seresta<\/strong> e do chorinho \u00e9 mantida viva nas ruas e pra\u00e7as, conferindo \u00e0 cidade um ar bo\u00eamio e rom\u00e2ntico. O turismo religioso tamb\u00e9m \u00e9 forte, com igrejas centen\u00e1rias e mirantes que oferecem vistas panor\u00e2micas da Serra da Mantiqueira, criando um cen\u00e1rio perfeito para o descanso e a contempla\u00e7\u00e3o.<\/p>\n\n\n<div class=\"wp-block-image\">\n<figure class=\"aligncenter size-large\"><img decoding=\"async\" width=\"1024\" height=\"576\" src=\"https:\/\/www.correiobraziliense.com.br\/cbradar\/wp-content\/uploads\/2025\/10\/Design-sem-nome-24-1024x576.png\" alt=\"A beleza dessa cidade do Rio de Janeiro atrai visitantes de todo o pa\u00eds\" class=\"wp-image-115769\" srcset=\"https:\/\/www.correiobraziliense.com.br\/cbradar\/wp-content\/uploads\/2025\/10\/Design-sem-nome-24-1024x576.png 1024w, https:\/\/www.correiobraziliense.com.br\/cbradar\/wp-content\/uploads\/2025\/10\/Design-sem-nome-24-300x169.png 300w, https:\/\/www.correiobraziliense.com.br\/cbradar\/wp-content\/uploads\/2025\/10\/Design-sem-nome-24-768x432.png 768w, https:\/\/www.correiobraziliense.com.br\/cbradar\/wp-content\/uploads\/2025\/10\/Design-sem-nome-24-750x422.png 750w, https:\/\/www.correiobraziliense.com.br\/cbradar\/wp-content\/uploads\/2025\/10\/Design-sem-nome-24-1140x641.png 1140w, https:\/\/www.correiobraziliense.com.br\/cbradar\/wp-content\/uploads\/2025\/10\/Design-sem-nome-24.png 1280w\" sizes=\"(max-width: 1024px) 100vw, 1024px\" \/><figcaption class=\"wp-element-caption\">Entre montanhas e casar\u00f5es coloniais, Valen\u00e7a \u00e9 o ref\u00fagio perfeito para quem busca paz e conex\u00e3o com a natureza. \/\/ Cr\u00e9ditos: YouTube @IgorAlecsander<\/figcaption><\/figure><\/div>\n\n\n<h2 class=\"wp-block-heading\">Quais s\u00e3o as atra\u00e7\u00f5es imperd\u00edveis no Vale do Caf\u00e9?<\/h2>\n\n\n\n<p>As <strong>op\u00e7\u00f5es de lazer<\/strong> focam no turismo rural e hist\u00f3rico-cultural. \u00c9 essencial agendar visitas \u00e0s fazendas para garantir a experi\u00eancia completa e reservar um tempo para explorar o distrito de Conservat\u00f3ria, famoso mundialmente por suas m\u00fasicas de rua.<\/p>\n\n\n\n<p>Veja a seguir os pontos tur\u00edsticos que definem a experi\u00eancia valenciana:<\/p>\n\n\n\n<ul class=\"wp-block-list\">\n<li><strong>Fazenda Vista Alegre<\/strong>: Uma das mais importantes do s\u00e9culo XIX, famosa por ter hospedado a Fam\u00edlia Real e por seus saraus hist\u00f3ricos e jardins imperiais.<\/li>\n\n\n\n<li><strong>Catedral de Nossa Senhora da Gl\u00f3ria<\/strong>: O principal templo religioso do centro, com arquitetura imponente e um acervo sacro valioso.<\/li>\n\n\n\n<li><strong>Conservat\u00f3ria (Distrito)<\/strong>: Conhecida como a &#8220;Cidade das Serestas&#8221;, onde m\u00fasicos saem \u00e0s ruas nas noites de sexta e s\u00e1bado cantando sob as janelas.<\/li>\n\n\n\n<li><strong>Serra da Beleza<\/strong>: Um local m\u00edstico e de beleza natural singular, famoso por relatos de avistamentos de OVNIs e ideal para fotos de p\u00f4r do sol.<\/li>\n\n\n\n<li><strong>Mirante do Cruzeiro<\/strong>: Oferece uma vista panor\u00e2mica de toda a cidade e das montanhas ao redor, acess\u00edvel por uma escadaria que \u00e9 um desafio de f\u00e9.<\/li>\n<\/ul>\n\n\n\n<figure class=\"wp-block-embed is-type-video is-provider-youtube wp-block-embed-youtube wp-embed-aspect-16-9 wp-has-aspect-ratio\"><div class=\"wp-block-embed__wrapper\">\n<div class=\"jeg_video_container jeg_video_content\"><iframe loading=\"lazy\" title=\"CONHE\u00c7A VALEN\u00c7A RJ: Linda cidade ao lado de Vassouras e Barra do Pira\u00ed - Rio de Janeiro\" width=\"500\" height=\"281\" src=\"https:\/\/www.youtube.com\/embed\/DvZjtjuLVmE?feature=oembed\" frameborder=\"0\" allow=\"accelerometer; autoplay; clipboard-write; encrypted-media; gyroscope; picture-in-picture; web-share\" referrerpolicy=\"strict-origin-when-cross-origin\" allowfullscreen><\/iframe><\/div>\n<\/div><\/figure>\n\n\n\n<h2 class=\"wp-block-heading\">A gastronomia tropeira e o caf\u00e9 s\u00e3o destaques?<\/h2>\n\n\n\n<p>A culin\u00e1ria em <strong>Valen\u00e7a<\/strong> resgata os sabores das tropas que cruzavam a regi\u00e3o, com pratos fartos e reconfortantes. O feij\u00e3o tropeiro, a galinha caipira com quiabo e o angu s\u00e3o servidos em fog\u00f5es a lenha nas fazendas e restaurantes rurais, sempre acompanhados de doces caseiros de frutas da \u00e9poca.<\/p>\n\n\n\n<p>O <strong>caf\u00e9 especial<\/strong>, claro, \u00e9 a estrela. Muitas propriedades retomaram o cultivo de gr\u00e3os de alta qualidade, oferecendo experi\u00eancias de degusta\u00e7\u00e3o &#8220;do p\u00e9 \u00e0 x\u00edcara&#8221;. Em Conservat\u00f3ria, os restaurantes e caf\u00e9s coloniais completam o passeio, servindo bolos e quitutes enquanto se ouve uma boa m\u00fasica ao vivo.<\/p>\n\n\n\n<p><strong>Leia tamb\u00e9m: <a href=\"https:\/\/www.correiobraziliense.com.br\/cbradar\/quais-sao-os-beneficios-e-riscos-da-ressonancia-magnetica-de-corpo-inteiro-segundo-especialistas\/\" target=\"_blank\" rel=\"noreferrer noopener\">Quais s\u00e3o os benef\u00edcios e riscos da resson\u00e2ncia magn\u00e9tica de corpo inteiro, segundo especialistas?<\/a><\/strong><\/p>\n\n\n\n<h2 class=\"wp-block-heading\">Melhor \u00e9poca para visitar Valen\u00e7a?<\/h2>\n\n\n\n<p>O <strong>clima tropical de altitude<\/strong> garante dias agrad\u00e1veis e noites frescas, t\u00edpicas da regi\u00e3o serrana. Dados do <a href=\"https:\/\/www.climatempo.com.br\/previsao-do-tempo\/cidade\/1630\/valenca-rj\" target=\"_blank\" rel=\"noreferrer noopener\"><strong>Climatempo<\/strong> <\/a>indicam que o inverno \u00e9 a \u00e9poca mais charmosa, com frio que convida a vinhos e festivais culturais. O ver\u00e3o \u00e9 quente e chuvoso, o que deixa a vegeta\u00e7\u00e3o exuberante, mas exige aten\u00e7\u00e3o nas estradas de terra que levam \u00e0s fazendas.<\/p>\n\n\n\n<p>Confira abaixo o resumo das esta\u00e7\u00f5es e as atividades recomendadas para planejar sua viagem:<\/p>\n\n\n\n<figure class=\"wp-block-table\"><table class=\"has-fixed-layout\"><thead><tr><th>Per\u00edodo (meses)<\/th><th>Temperatura m\u00e9dia<\/th><th>Clima<\/th><th>Atividades recomendadas<\/th><\/tr><\/thead><tbody><tr><td>Maio a Agosto<\/td><td>18\u00b0C<\/td><td>Frio e seco<\/td><td>Serestas em Conservat\u00f3ria e turismo hist\u00f3rico<\/td><\/tr><tr><td>Setembro a Novembro<\/td><td>24\u00b0C<\/td><td>Ameno<\/td><td>Visitas a fazendas e Serra da Beleza<\/td><\/tr><tr><td>Dezembro a Mar\u00e7o<\/td><td>28\u00b0C<\/td><td>Quente e chuvoso<\/td><td>Cachoeiras da regi\u00e3o e descanso<\/td><\/tr><tr><td>Julho<\/td><td>15\u00b0C<\/td><td>Frio intenso<\/td><td>Festivais de Inverno e gastronomia<\/td><\/tr><\/tbody><\/table><\/figure>\n\n\n<div class=\"wp-block-image\">\n<figure class=\"aligncenter size-large\"><img decoding=\"async\" width=\"1024\" height=\"576\" src=\"https:\/\/www.correiobraziliense.com.br\/cbradar\/wp-content\/uploads\/2025\/10\/Design-sem-nome-22-1024x576.png\" alt=\"\" class=\"wp-image-115771\" srcset=\"https:\/\/www.correiobraziliense.com.br\/cbradar\/wp-content\/uploads\/2025\/10\/Design-sem-nome-22-1024x576.png 1024w, https:\/\/www.correiobraziliense.com.br\/cbradar\/wp-content\/uploads\/2025\/10\/Design-sem-nome-22-300x169.png 300w, https:\/\/www.correiobraziliense.com.br\/cbradar\/wp-content\/uploads\/2025\/10\/Design-sem-nome-22-768x432.png 768w, https:\/\/www.correiobraziliense.com.br\/cbradar\/wp-content\/uploads\/2025\/10\/Design-sem-nome-22-750x422.png 750w, https:\/\/www.correiobraziliense.com.br\/cbradar\/wp-content\/uploads\/2025\/10\/Design-sem-nome-22-1140x641.png 1140w, https:\/\/www.correiobraziliense.com.br\/cbradar\/wp-content\/uploads\/2025\/10\/Design-sem-nome-22.png 1280w\" sizes=\"(max-width: 1024px) 100vw, 1024px\" \/><figcaption class=\"wp-element-caption\">Valen\u00e7a vem atraindo novos moradores e turistas com seu ar hist\u00f3rico e estilo de vida mais calmo. \/\/ Cr\u00e9ditos: Wikimedia Commons<\/figcaption><\/figure><\/div>\n\n\n<h2 class=\"wp-block-heading\">Valen\u00e7a consolida-se como a capital cultural do Vale<\/h2>\n\n\n\n<p><strong>Barretos consolida-se como o cora\u00e7\u00e3o do interior paulista ao reunir tradi\u00e7\u00e3o<\/strong>, cultura e uma infraestrutura impressionante de lazer. O Parque do Pe\u00e3o, com sua grandiosidade e estrutura completa, impressiona mesmo fora da temporada de rodeios, posicionando a cidade como refer\u00eancia nacional em grandes eventos.<\/p>\n\n\n\n<p>A tradi\u00e7\u00e3o saborosa da Queima do Alho refor\u00e7a a identidade local e oferece uma experi\u00eancia gastron\u00f4mica aut\u00eantica, conectada \u00e0s ra\u00edzes do Brasil. Aliada \u00e0 excel\u00eancia em sa\u00fade e \u00e0 hospitalidade caracter\u00edstica dos barretenses, a cidade se mostra acolhedora e preparada para receber bem qualquer visitante.<\/p>\n","protected":false},"excerpt":{"rendered":"<p>Planejar o turismo em Valen\u00e7a \u00e9 viajar para o glorioso passado do Ciclo do Caf\u00e9, no sul do estado do Rio de Janeiro. Localizada a cerca de 160 km da capital fluminense, a cidade \u00e9 conhecida como a &#8220;Princesinha da Serra&#8221; e destaca-se por preservar imponentes fazendas hist\u00f3ricas, uma forte tradi\u00e7\u00e3o musical de serestas e [&hellip;]<\/p>\n","protected":false},"author":8,"featured_media":115768,"comment_status":"open","ping_status":"open","sticky":false,"template":"","format":"standard","meta":{"_yoast_wpseo_focuskw":"cidade fluminense","_yoast_wpseo_title":"","_yoast_wpseo_metadesc":"A cidade fluminense pouco conhecida encanta com cultura, hist\u00f3ria preservada e um charme que surpreende qualquer visitante.","jnews-multi-image_gallery":[],"jnews_single_post":{"format":"standard"},"jnews_primary_category":[],"jnews_social_meta":[],"jnews_override_counter":[],"footnotes":""},"categories":[108,111],"tags":[304,10701],"class_list":["post-153071","post","type-post","status-publish","format-standard","has-post-thumbnail","hentry","category-cidades","category-turismo","tag-rio-de-janeiro","tag-valenca"],"yoast_head":"<!-- This site is optimized with the Yoast SEO plugin v24.6 - https:\/\/yoast.com\/wordpress\/plugins\/seo\/ -->\n<title>A cidade fluminense pouco conhecida que encanta visitantes com sua cultura e hist\u00f3ria - Correio Braziliense - Radar<\/title>\n<meta name=\"description\" content=\"A cidade fluminense pouco conhecida encanta com cultura, hist\u00f3ria preservada e um charme que surpreende qualquer visitante.\" \/>\n<meta name=\"robots\" content=\"index, follow, max-snippet:-1, max-image-preview:large, max-video-preview:-1\" \/>\n<link rel=\"canonical\" href=\"https:\/\/www.correiobraziliense.com.br\/cbradar\/a-cidade-fluminense-pouco-conhecida-que-encanta-visitantes-com-sua-cultura-e-historia\/\" \/>\n<meta property=\"og:locale\" content=\"pt_BR\" \/>\n<meta property=\"og:type\" content=\"article\" \/>\n<meta property=\"og:title\" content=\"A cidade fluminense pouco conhecida que encanta visitantes com sua cultura e hist\u00f3ria - Correio Braziliense - Radar\" \/>\n<meta property=\"og:description\" content=\"A cidade fluminense pouco conhecida encanta com cultura, hist\u00f3ria preservada e um charme que surpreende qualquer visitante.\" \/>\n<meta property=\"og:url\" content=\"https:\/\/www.correiobraziliense.com.br\/cbradar\/a-cidade-fluminense-pouco-conhecida-que-encanta-visitantes-com-sua-cultura-e-historia\/\" \/>\n<meta property=\"og:site_name\" content=\"Correio Braziliense - Radar\" \/>\n<meta property=\"article:published_time\" content=\"2025-12-09T14:45:00+00:00\" \/>\n<meta property=\"og:image\" content=\"https:\/\/www.correiobraziliense.com.br\/cbradar\/wp-content\/uploads\/2025\/10\/Design-sem-nome-25.png\" \/>\n\t<meta property=\"og:image:width\" content=\"1280\" \/>\n\t<meta property=\"og:image:height\" content=\"720\" \/>\n\t<meta property=\"og:image:type\" content=\"image\/png\" \/>\n<meta name=\"author\" content=\"Maura Pereira\" \/>\n<meta name=\"twitter:card\" content=\"summary_large_image\" \/>\n<meta name=\"twitter:label1\" content=\"Escrito por\" \/>\n\t<meta name=\"twitter:data1\" content=\"Maura Pereira\" \/>\n\t<meta name=\"twitter:label2\" content=\"Est. tempo de leitura\" \/>\n\t<meta name=\"twitter:data2\" content=\"5 minutos\" \/>\n<!-- \/ Yoast SEO plugin. -->","yoast_head_json":{"title":"A cidade fluminense pouco conhecida que encanta visitantes com sua cultura e hist\u00f3ria - Correio Braziliense - Radar","description":"A cidade fluminense pouco conhecida encanta com cultura, hist\u00f3ria preservada e um charme que surpreende qualquer visitante.","robots":{"index":"index","follow":"follow","max-snippet":"max-snippet:-1","max-image-preview":"max-image-preview:large","max-video-preview":"max-video-preview:-1"},"canonical":"https:\/\/www.correiobraziliense.com.br\/cbradar\/a-cidade-fluminense-pouco-conhecida-que-encanta-visitantes-com-sua-cultura-e-historia\/","og_locale":"pt_BR","og_type":"article","og_title":"A cidade fluminense pouco conhecida que encanta visitantes com sua cultura e hist\u00f3ria - Correio Braziliense - Radar","og_description":"A cidade fluminense pouco conhecida encanta com cultura, hist\u00f3ria preservada e um charme que surpreende qualquer visitante.","og_url":"https:\/\/www.correiobraziliense.com.br\/cbradar\/a-cidade-fluminense-pouco-conhecida-que-encanta-visitantes-com-sua-cultura-e-historia\/","og_site_name":"Correio Braziliense - Radar","article_published_time":"2025-12-09T14:45:00+00:00","og_image":[{"width":1280,"height":720,"url":"https:\/\/www.correiobraziliense.com.br\/cbradar\/wp-content\/uploads\/2025\/10\/Design-sem-nome-25.png","type":"image\/png"}],"author":"Maura Pereira","twitter_card":"summary_large_image","twitter_misc":{"Escrito por":"Maura Pereira","Est. tempo de leitura":"5 minutos"},"schema":{"@context":"https:\/\/schema.org","@graph":[{"@type":"WebPage","@id":"https:\/\/www.correiobraziliense.com.br\/cbradar\/a-cidade-fluminense-pouco-conhecida-que-encanta-visitantes-com-sua-cultura-e-historia\/","url":"https:\/\/www.correiobraziliense.com.br\/cbradar\/a-cidade-fluminense-pouco-conhecida-que-encanta-visitantes-com-sua-cultura-e-historia\/","name":"A cidade fluminense pouco conhecida que encanta visitantes com sua cultura e hist\u00f3ria - Correio Braziliense - Radar","isPartOf":{"@id":"https:\/\/www.correiobraziliense.com.br\/cbradar\/#website"},"primaryImageOfPage":{"@id":"https:\/\/www.correiobraziliense.com.br\/cbradar\/a-cidade-fluminense-pouco-conhecida-que-encanta-visitantes-com-sua-cultura-e-historia\/#primaryimage"},"image":{"@id":"https:\/\/www.correiobraziliense.com.br\/cbradar\/a-cidade-fluminense-pouco-conhecida-que-encanta-visitantes-com-sua-cultura-e-historia\/#primaryimage"},"thumbnailUrl":"https:\/\/www.correiobraziliense.com.br\/cbradar\/wp-content\/uploads\/2025\/10\/Design-sem-nome-25.png","datePublished":"2025-12-09T14:45:00+00:00","author":{"@id":"https:\/\/www.correiobraziliense.com.br\/cbradar\/#\/schema\/person\/4053c651a9bfc785afc6f4cbc9032fd3"},"description":"A cidade fluminense pouco conhecida encanta com cultura, hist\u00f3ria preservada e um charme que surpreende qualquer visitante.","breadcrumb":{"@id":"https:\/\/www.correiobraziliense.com.br\/cbradar\/a-cidade-fluminense-pouco-conhecida-que-encanta-visitantes-com-sua-cultura-e-historia\/#breadcrumb"},"inLanguage":"pt-BR","potentialAction":[{"@type":"ReadAction","target":["https:\/\/www.correiobraziliense.com.br\/cbradar\/a-cidade-fluminense-pouco-conhecida-que-encanta-visitantes-com-sua-cultura-e-historia\/"]}]},{"@type":"ImageObject","inLanguage":"pt-BR","@id":"https:\/\/www.correiobraziliense.com.br\/cbradar\/a-cidade-fluminense-pouco-conhecida-que-encanta-visitantes-com-sua-cultura-e-historia\/#primaryimage","url":"https:\/\/www.correiobraziliense.com.br\/cbradar\/wp-content\/uploads\/2025\/10\/Design-sem-nome-25.png","contentUrl":"https:\/\/www.correiobraziliense.com.br\/cbradar\/wp-content\/uploads\/2025\/10\/Design-sem-nome-25.png","width":1280,"height":720,"caption":"Valen\u00e7a integra o Vale do Caf\u00e9, regi\u00e3o tur\u00edstica fluminense reconhecida pelo patrim\u00f4nio cultural e ecoturismo. \/\/ Cr\u00e9ditos: YouTube @IgorAlecsander"},{"@type":"BreadcrumbList","@id":"https:\/\/www.correiobraziliense.com.br\/cbradar\/a-cidade-fluminense-pouco-conhecida-que-encanta-visitantes-com-sua-cultura-e-historia\/#breadcrumb","itemListElement":[{"@type":"ListItem","position":1,"name":"In\u00edcio","item":"https:\/\/www.correiobraziliense.com.br\/cbradar\/"},{"@type":"ListItem","position":2,"name":"A cidade fluminense pouco conhecida que encanta visitantes com sua cultura e hist\u00f3ria"}]},{"@type":"WebSite","@id":"https:\/\/www.correiobraziliense.com.br\/cbradar\/#website","url":"https:\/\/www.correiobraziliense.com.br\/cbradar\/","name":"Correio Braziliense - Radar","description":"Acompanhe as \u00faltimas not\u00edcias e fique bem informado sobre tudo o que acontece no Brasil e no mundo.","potentialAction":[{"@type":"SearchAction","target":{"@type":"EntryPoint","urlTemplate":"https:\/\/www.correiobraziliense.com.br\/cbradar\/?s={search_term_string}"},"query-input":{"@type":"PropertyValueSpecification","valueRequired":true,"valueName":"search_term_string"}}],"inLanguage":"pt-BR"},{"@type":"Person","@id":"https:\/\/www.correiobraziliense.com.br\/cbradar\/#\/schema\/person\/4053c651a9bfc785afc6f4cbc9032fd3","name":"Maura Pereira","image":{"@type":"ImageObject","inLanguage":"pt-BR","@id":"https:\/\/www.correiobraziliense.com.br\/cbradar\/#\/schema\/person\/image\/","url":"https:\/\/secure.gravatar.com\/avatar\/3effd6bdadfa447f15089c7f7144eaa6?s=96&d=mm&r=g","contentUrl":"https:\/\/secure.gravatar.com\/avatar\/3effd6bdadfa447f15089c7f7144eaa6?s=96&d=mm&r=g","caption":"Maura Pereira"},"sameAs":["https:\/\/www.correiobraziliense.com.br\/"],"url":"https:\/\/www.correiobraziliense.com.br\/cbradar\/author\/mauramyth\/"}]}},"_links":{"self":[{"href":"https:\/\/www.correiobraziliense.com.br\/cbradar\/wp-json\/wp\/v2\/posts\/153071","targetHints":{"allow":["GET"]}}],"collection":[{"href":"https:\/\/www.correiobraziliense.com.br\/cbradar\/wp-json\/wp\/v2\/posts"}],"about":[{"href":"https:\/\/www.correiobraziliense.com.br\/cbradar\/wp-json\/wp\/v2\/types\/post"}],"author":[{"embeddable":true,"href":"https:\/\/www.correiobraziliense.com.br\/cbradar\/wp-json\/wp\/v2\/users\/8"}],"replies":[{"embeddable":true,"href":"https:\/\/www.correiobraziliense.com.br\/cbradar\/wp-json\/wp\/v2\/comments?post=153071"}],"version-history":[{"count":12,"href":"https:\/\/www.correiobraziliense.com.br\/cbradar\/wp-json\/wp\/v2\/posts\/153071\/revisions"}],"predecessor-version":[{"id":153135,"href":"https:\/\/www.correiobraziliense.com.br\/cbradar\/wp-json\/wp\/v2\/posts\/153071\/revisions\/153135"}],"wp:featuredmedia":[{"embeddable":true,"href":"https:\/\/www.correiobraziliense.com.br\/cbradar\/wp-json\/wp\/v2\/media\/115768"}],"wp:attachment":[{"href":"https:\/\/www.correiobraziliense.com.br\/cbradar\/wp-json\/wp\/v2\/media?parent=153071"}],"wp:term":[{"taxonomy":"category","embeddable":true,"href":"https:\/\/www.correiobraziliense.com.br\/cbradar\/wp-json\/wp\/v2\/categories?post=153071"},{"taxonomy":"post_tag","embeddable":true,"href":"https:\/\/www.correiobraziliense.com.br\/cbradar\/wp-json\/wp\/v2\/tags?post=153071"}],"curies":[{"name":"wp","href":"https:\/\/api.w.org\/{rel}","templated":true}]}}