{"id":153320,"date":"2025-12-10T06:45:00","date_gmt":"2025-12-10T09:45:00","guid":{"rendered":"https:\/\/www.correiobraziliense.com.br\/cbradar\/?p=153320"},"modified":"2025-12-09T14:32:11","modified_gmt":"2025-12-09T17:32:11","slug":"nomes-de-menina-com-3-letras-que-estao-bombando-em-2025-e-seus-significados","status":"publish","type":"post","link":"https:\/\/www.correiobraziliense.com.br\/cbradar\/nomes-de-menina-com-3-letras-que-estao-bombando-em-2025-e-seus-significados\/","title":{"rendered":"Nomes de menina com 3 letras que est\u00e3o bombando em 2025 e seus significados"},"content":{"rendered":"\n<p>Em 2025, nomes femininos curtos, especialmente os de <strong>tr\u00eas letras<\/strong>, aparecem entre os mais escolhidos nos cart\u00f3rios brasileiros. Eles s\u00e3o simples, sonoros, f\u00e1ceis de escrever e combinar, al\u00e9m de carregarem significados fortes e hist\u00f3ricos. Entre os destaques do ano est\u00e3o <strong>Ana, Lia e Eva<\/strong>, mas outros nomes curtos tamb\u00e9m ganharam espa\u00e7o pela modernidade e pela tend\u00eancia de escolhas minimalistas.<\/p>\n\n\n\n<h2 class=\"wp-block-heading\">Por que Ana \u00e9 o nome curto mais tradicional e continua entre os mais registrados?<\/h2>\n\n\n\n<p><strong>Ana<\/strong> segue sendo <a href=\"https:\/\/www.correiobraziliense.com.br\/cbradar\/o-significado-do-nome-valentina-explica-sucesso-entre-pais-pelo-mundo\/\" target=\"_blank\" rel=\"noreferrer noopener\">um dos nomes femininos mais usados no Brasil <\/a>em 2025. De origem hebraica, significa \u201c<strong>cheia de gra\u00e7a<\/strong>\u201d ou \u201c<strong>graciosa<\/strong>\u201d. \u00c9 um nome presente em diferentes culturas e aparece tanto sozinho quanto em composi\u00e7\u00f5es como Ana Clara, Ana J\u00falia e Ana Lu\u00edsa.<\/p>\n\n\n\n<p>O motivo de continuar t\u00e3o popular est\u00e1 na sua versatilidade, forte tradi\u00e7\u00e3o religiosa e equil\u00edbrio entre delicadeza e impacto sonoro. Al\u00e9m disso, nomes curtos t\u00eam se destacado por acompanhar a tend\u00eancia de simplifica\u00e7\u00e3o nos registros.<\/p>\n\n\n<div class=\"wp-block-image\">\n<figure class=\"aligncenter size-large\"><img decoding=\"async\" width=\"1024\" height=\"576\" src=\"https:\/\/www.correiobraziliense.com.br\/cbradar\/wp-content\/uploads\/2025\/12\/toddler-girl_1765301197830-1024x576.jpg\" alt=\"Nomes de menina com 3 letras que est\u00e3o bombando em 2025 e seus significados\" class=\"wp-image-153324\" srcset=\"https:\/\/www.correiobraziliense.com.br\/cbradar\/wp-content\/uploads\/2025\/12\/toddler-girl_1765301197830-1024x576.jpg 1024w, https:\/\/www.correiobraziliense.com.br\/cbradar\/wp-content\/uploads\/2025\/12\/toddler-girl_1765301197830-300x169.jpg 300w, https:\/\/www.correiobraziliense.com.br\/cbradar\/wp-content\/uploads\/2025\/12\/toddler-girl_1765301197830-768x432.jpg 768w, https:\/\/www.correiobraziliense.com.br\/cbradar\/wp-content\/uploads\/2025\/12\/toddler-girl_1765301197830-750x422.jpg 750w, https:\/\/www.correiobraziliense.com.br\/cbradar\/wp-content\/uploads\/2025\/12\/toddler-girl_1765301197830-1140x641.jpg 1140w, https:\/\/www.correiobraziliense.com.br\/cbradar\/wp-content\/uploads\/2025\/12\/toddler-girl_1765301197830.jpg 1280w\" sizes=\"(max-width: 1024px) 100vw, 1024px\" \/><figcaption class=\"wp-element-caption\"> \u00c9 um nome presente em diferentes culturas e aparece tanto sozinho quanto em composi\u00e7\u00f5es como Ana Clara, Ana J\u00falia e Ana Lu\u00edsa &#8211; Cr\u00e9ditos: depositphotos.com \/ HayDmitriy<\/figcaption><\/figure><\/div>\n\n\n<h2 class=\"wp-block-heading\">Lia cresce em popularidade por ser moderno, suave e b\u00edblico ao mesmo tempo<\/h2>\n\n\n\n<p>O nome <strong>Lia<\/strong> teve crescimento constante nos \u00faltimos anos e aparece entre os mais buscados por fam\u00edlias que querem algo curto, bonito e atual. Sua origem \u00e9 hebraica e geralmente \u00e9 interpretado como \u201c<strong>portadora de boas not\u00edcias<\/strong>\u201d ou \u201c<strong>vaca selvagem<\/strong>\u201d, dependendo da<a href=\"https:\/\/www.museudalinguaportuguesa.org.br\/wp-content\/uploads\/2017\/09\/Historia-das-palavras.pdf\" target=\"_blank\" rel=\"noreferrer noopener\"> raiz etimol\u00f3gica<\/a> considerada.<\/p>\n\n\n\n<p>Em 2025, \u00e9 um dos nomes favoritos por unir modernidade com refer\u00eancias b\u00edblicas conhecidas, al\u00e9m de ser f\u00e1cil de pronunciar em diferentes idiomas, algo valorizado em um pa\u00eds multicultural.<\/p>\n\n\n\n<h2 class=\"wp-block-heading\">Eva retoma for\u00e7a por simbolizar vida e renova\u00e7\u00e3o<\/h2>\n\n\n\n<p><strong>Eva<\/strong> \u00e9 um dos nomes curtos mais antigos do mundo e, em 2025, voltou a aparecer entre os mais usados. Tem origem hebraica e significa \u201c<strong>a que d\u00e1 vida<\/strong>\u201d ou \u201c<strong>vivente<\/strong>\u201d.<\/p>\n\n\n\n<p>A retomada da popularidade ocorre porque fam\u00edlias buscam nomes com significados positivos, ligados \u00e0 vitalidade e come\u00e7os. Al\u00e9m disso, Eva \u00e9 curto, forte e muito presente em diferentes tradi\u00e7\u00f5es culturais.<\/p>\n\n\n<div class=\"wp-block-image\">\n<figure class=\"aligncenter size-large\"><img decoding=\"async\" width=\"1024\" height=\"576\" src=\"https:\/\/www.correiobraziliense.com.br\/cbradar\/wp-content\/uploads\/2025\/12\/toddler-girl_1765301208023-1024x576.jpg\" alt=\"Nomes de menina com 3 letras que est\u00e3o bombando em 2025 e seus significados\" class=\"wp-image-153325\" srcset=\"https:\/\/www.correiobraziliense.com.br\/cbradar\/wp-content\/uploads\/2025\/12\/toddler-girl_1765301208023-1024x576.jpg 1024w, https:\/\/www.correiobraziliense.com.br\/cbradar\/wp-content\/uploads\/2025\/12\/toddler-girl_1765301208023-300x169.jpg 300w, https:\/\/www.correiobraziliense.com.br\/cbradar\/wp-content\/uploads\/2025\/12\/toddler-girl_1765301208023-768x432.jpg 768w, https:\/\/www.correiobraziliense.com.br\/cbradar\/wp-content\/uploads\/2025\/12\/toddler-girl_1765301208023-750x422.jpg 750w, https:\/\/www.correiobraziliense.com.br\/cbradar\/wp-content\/uploads\/2025\/12\/toddler-girl_1765301208023-1140x641.jpg 1140w, https:\/\/www.correiobraziliense.com.br\/cbradar\/wp-content\/uploads\/2025\/12\/toddler-girl_1765301208023.jpg 1280w\" sizes=\"(max-width: 1024px) 100vw, 1024px\" \/><figcaption class=\"wp-element-caption\">A retomada da popularidade ocorre porque fam\u00edlias buscam nomes com significados positivos, ligados \u00e0 vitalidade e come\u00e7os &#8211; Cr\u00e9ditos: depositphotos.com \/ pressmaster<\/figcaption><\/figure><\/div>\n\n\n<h2 class=\"wp-block-heading\">Quais os outros nomes de tr\u00eas letras que est\u00e3o em alta em 2025?<\/h2>\n\n\n\n<p>Al\u00e9m de Ana, Lia e Eva, outros nomes curtos tamb\u00e9m ganharam destaque no pa\u00eds:<\/p>\n\n\n\n<ul class=\"wp-block-list\">\n<li><strong>Mia<\/strong> \u2014 de origem hebraica ou diminutivo de Maria; significa \u201cminha\u201d ou \u201csenhora soberana\u201d. \u00c9 moderno e internacional.<\/li>\n\n\n\n<li><strong>Lua<\/strong> \u2014 associado ao astro; passou a ser usado por fam\u00edlias que preferem nomes naturais e po\u00e9ticos.<\/li>\n\n\n\n<li><strong>\u00cdris<\/strong> \u2014 de origem grega, significa \u201carco-\u00edris\u201d. Cresce pelo som delicado e pela simbologia de beleza e esperan\u00e7a.<\/li>\n\n\n\n<li><strong>Sol<\/strong> \u2014 simples e marcante, associado \u00e0 energia e luz.<\/li>\n\n\n\n<li><strong>Liz<\/strong> \u2014 deriva de Elizabeth; significa \u201cmeu Deus \u00e9 abund\u00e2ncia\u201d. Entre os mais modernos de 2025.<\/li>\n<\/ul>\n\n\n\n<p>Os nomes curtos viraram moda ao longo dos anos e gera discuss\u00f5es, <strong>ariannanutt <\/strong>fala sobre de maneira divertida no TikTok:<\/p>\n\n\n\n<figure class=\"wp-block-embed is-type-video is-provider-tiktok wp-block-embed-tiktok\"><div class=\"wp-block-embed__wrapper\">\n<blockquote class=\"tiktok-embed\" cite=\"https:\/\/www.tiktok.com\/@ariannanutt\/video\/7420034805783563525\" data-video-id=\"7420034805783563525\" data-embed-from=\"oembed\" style=\"max-width:605px; min-width:325px;\"> <section> <a target=\"_blank\" title=\"@ariannanutt\" href=\"https:\/\/www.tiktok.com\/@ariannanutt?refer=embed\">@ariannanutt<\/a> <p>Os nomes pr\u00f3prios est\u00e3o cada vez mais curtos <a title=\"anos80\" target=\"_blank\" href=\"https:\/\/www.tiktok.com\/tag\/anos80?refer=embed\">#anos80<\/a> <a title=\"anos90\" target=\"_blank\" href=\"https:\/\/www.tiktok.com\/tag\/anos90?refer=embed\">#anos90<\/a> <a title=\"fyp\" target=\"_blank\" href=\"https:\/\/www.tiktok.com\/tag\/fyp?refer=embed\">#fyp<\/a> <\/p> <a target=\"_blank\" title=\"\u266c som original - ariannanutt\" href=\"https:\/\/www.tiktok.com\/music\/som-original-7420034829735463685?refer=embed\">\u266c som original &#8211; ariannanutt<\/a> <\/section> <\/blockquote> <script async src=\"https:\/\/www.tiktok.com\/embed.js\"><\/script>\n<\/div><\/figure>\n\n\n\n<p>A busca por nomes minimalistas, f\u00e1ceis de escrever e com significados fortes explica o crescimento dessa categoria em 2025. Nomes curtos permanecem entre os mais escolhidos tanto pela est\u00e9tica quanto pela praticidade.<\/p>\n","protected":false},"excerpt":{"rendered":"<p>Em 2025, nomes femininos curtos, especialmente os de tr\u00eas letras, aparecem entre os mais escolhidos nos cart\u00f3rios brasileiros. Eles s\u00e3o simples, sonoros, f\u00e1ceis de escrever e combinar, al\u00e9m de carregarem significados fortes e hist\u00f3ricos. Entre os destaques do ano est\u00e3o Ana, Lia e Eva, mas outros nomes curtos tamb\u00e9m ganharam espa\u00e7o pela modernidade e pela [&hellip;]<\/p>\n","protected":false},"author":18,"featured_media":153323,"comment_status":"open","ping_status":"open","sticky":false,"template":"","format":"standard","meta":{"_yoast_wpseo_focuskw":"nomes com 3 letras e seus significados","_yoast_wpseo_title":"","_yoast_wpseo_metadesc":"Ana, Lia, Eva e outros nomes de menina com 3 letras viraram os favoritos de 2025. Eles carregam tradi\u00e7\u00e3o, beleza e significados poderosos.","jnews-multi-image_gallery":[],"jnews_single_post":{"format":"standard"},"jnews_primary_category":[],"jnews_social_meta":[],"jnews_override_counter":[],"footnotes":""},"categories":[112],"post_tag":[5202,12232,11110,5812],"class_list":["post-153320","post","type-post","status-publish","format-standard","has-post-thumbnail","hentry","category-curiosidades","tag-nomes","tag-popularidade","tag-registros","tag-significado"],"yoast_head":"<!-- This site is optimized with the Yoast SEO plugin v24.6 - https:\/\/yoast.com\/wordpress\/plugins\/seo\/ -->\n<title>Nomes de menina com 3 letras que est\u00e3o bombando em 2025 e seus significados - Correio Braziliense - Radar<\/title>\n<meta name=\"description\" content=\"Ana, Lia, Eva e outros nomes de menina com 3 letras viraram os favoritos de 2025. Eles carregam tradi\u00e7\u00e3o, beleza e significados poderosos.\" \/>\n<meta name=\"robots\" content=\"index, follow, max-snippet:-1, max-image-preview:large, max-video-preview:-1\" \/>\n<link rel=\"canonical\" href=\"https:\/\/www.correiobraziliense.com.br\/cbradar\/nomes-de-menina-com-3-letras-que-estao-bombando-em-2025-e-seus-significados\/\" \/>\n<meta property=\"og:locale\" content=\"pt_BR\" \/>\n<meta property=\"og:type\" content=\"article\" \/>\n<meta property=\"og:title\" content=\"Nomes de menina com 3 letras que est\u00e3o bombando em 2025 e seus significados - Correio Braziliense - Radar\" \/>\n<meta property=\"og:description\" content=\"Ana, Lia, Eva e outros nomes de menina com 3 letras viraram os favoritos de 2025. Eles carregam tradi\u00e7\u00e3o, beleza e significados poderosos.\" \/>\n<meta property=\"og:url\" content=\"https:\/\/www.correiobraziliense.com.br\/cbradar\/nomes-de-menina-com-3-letras-que-estao-bombando-em-2025-e-seus-significados\/\" \/>\n<meta property=\"og:site_name\" content=\"Correio Braziliense - Radar\" \/>\n<meta property=\"article:published_time\" content=\"2025-12-10T09:45:00+00:00\" \/>\n<meta property=\"og:image\" content=\"https:\/\/www.correiobraziliense.com.br\/cbradar\/wp-content\/uploads\/2025\/12\/toddler-girl_1765301190150.jpg\" \/>\n\t<meta property=\"og:image:width\" content=\"1280\" \/>\n\t<meta property=\"og:image:height\" content=\"720\" \/>\n\t<meta property=\"og:image:type\" content=\"image\/jpeg\" \/>\n<meta name=\"author\" content=\"Maria Eduarda Pacheco\" \/>\n<meta name=\"twitter:card\" content=\"summary_large_image\" \/>\n<meta name=\"twitter:label1\" content=\"Escrito por\" \/>\n\t<meta name=\"twitter:data1\" content=\"Maria Eduarda Pacheco\" \/>\n\t<meta name=\"twitter:label2\" content=\"Est. tempo de leitura\" \/>\n\t<meta name=\"twitter:data2\" content=\"4 minutos\" \/>\n<!-- \/ Yoast SEO plugin. -->","yoast_head_json":{"title":"Nomes de menina com 3 letras que est\u00e3o bombando em 2025 e seus significados - Correio Braziliense - Radar","description":"Ana, Lia, Eva e outros nomes de menina com 3 letras viraram os favoritos de 2025. Eles carregam tradi\u00e7\u00e3o, beleza e significados poderosos.","robots":{"index":"index","follow":"follow","max-snippet":"max-snippet:-1","max-image-preview":"max-image-preview:large","max-video-preview":"max-video-preview:-1"},"canonical":"https:\/\/www.correiobraziliense.com.br\/cbradar\/nomes-de-menina-com-3-letras-que-estao-bombando-em-2025-e-seus-significados\/","og_locale":"pt_BR","og_type":"article","og_title":"Nomes de menina com 3 letras que est\u00e3o bombando em 2025 e seus significados - Correio Braziliense - Radar","og_description":"Ana, Lia, Eva e outros nomes de menina com 3 letras viraram os favoritos de 2025. Eles carregam tradi\u00e7\u00e3o, beleza e significados poderosos.","og_url":"https:\/\/www.correiobraziliense.com.br\/cbradar\/nomes-de-menina-com-3-letras-que-estao-bombando-em-2025-e-seus-significados\/","og_site_name":"Correio Braziliense - Radar","article_published_time":"2025-12-10T09:45:00+00:00","og_image":[{"width":1280,"height":720,"url":"https:\/\/www.correiobraziliense.com.br\/cbradar\/wp-content\/uploads\/2025\/12\/toddler-girl_1765301190150.jpg","type":"image\/jpeg"}],"author":"Maria Eduarda Pacheco","twitter_card":"summary_large_image","twitter_misc":{"Escrito por":"Maria Eduarda Pacheco","Est. tempo de leitura":"4 minutos"},"schema":{"@context":"https:\/\/schema.org","@graph":[{"@type":"WebPage","@id":"https:\/\/www.correiobraziliense.com.br\/cbradar\/nomes-de-menina-com-3-letras-que-estao-bombando-em-2025-e-seus-significados\/","url":"https:\/\/www.correiobraziliense.com.br\/cbradar\/nomes-de-menina-com-3-letras-que-estao-bombando-em-2025-e-seus-significados\/","name":"Nomes de menina com 3 letras que est\u00e3o bombando em 2025 e seus significados - Correio Braziliense - Radar","isPartOf":{"@id":"https:\/\/www.correiobraziliense.com.br\/cbradar\/#website"},"primaryImageOfPage":{"@id":"https:\/\/www.correiobraziliense.com.br\/cbradar\/nomes-de-menina-com-3-letras-que-estao-bombando-em-2025-e-seus-significados\/#primaryimage"},"image":{"@id":"https:\/\/www.correiobraziliense.com.br\/cbradar\/nomes-de-menina-com-3-letras-que-estao-bombando-em-2025-e-seus-significados\/#primaryimage"},"thumbnailUrl":"https:\/\/www.correiobraziliense.com.br\/cbradar\/wp-content\/uploads\/2025\/12\/toddler-girl_1765301190150.jpg","datePublished":"2025-12-10T09:45:00+00:00","author":{"@id":"https:\/\/www.correiobraziliense.com.br\/cbradar\/#\/schema\/person\/6fdd694c4c0d658f15df15f390ddf066"},"description":"Ana, Lia, Eva e outros nomes de menina com 3 letras viraram os favoritos de 2025. Eles carregam tradi\u00e7\u00e3o, beleza e significados poderosos.","breadcrumb":{"@id":"https:\/\/www.correiobraziliense.com.br\/cbradar\/nomes-de-menina-com-3-letras-que-estao-bombando-em-2025-e-seus-significados\/#breadcrumb"},"inLanguage":"pt-BR","potentialAction":[{"@type":"ReadAction","target":["https:\/\/www.correiobraziliense.com.br\/cbradar\/nomes-de-menina-com-3-letras-que-estao-bombando-em-2025-e-seus-significados\/"]}]},{"@type":"ImageObject","inLanguage":"pt-BR","@id":"https:\/\/www.correiobraziliense.com.br\/cbradar\/nomes-de-menina-com-3-letras-que-estao-bombando-em-2025-e-seus-significados\/#primaryimage","url":"https:\/\/www.correiobraziliense.com.br\/cbradar\/wp-content\/uploads\/2025\/12\/toddler-girl_1765301190150.jpg","contentUrl":"https:\/\/www.correiobraziliense.com.br\/cbradar\/wp-content\/uploads\/2025\/12\/toddler-girl_1765301190150.jpg","width":1280,"height":720,"caption":"Em 2025, nomes femininos curtos, especialmente os de tr\u00eas letras, aparecem entre os mais escolhidos nos cart\u00f3rios brasileiros - Cr\u00e9ditos: depositphotos.com \/ beatabecla"},{"@type":"BreadcrumbList","@id":"https:\/\/www.correiobraziliense.com.br\/cbradar\/nomes-de-menina-com-3-letras-que-estao-bombando-em-2025-e-seus-significados\/#breadcrumb","itemListElement":[{"@type":"ListItem","position":1,"name":"In\u00edcio","item":"https:\/\/www.correiobraziliense.com.br\/cbradar\/"},{"@type":"ListItem","position":2,"name":"Nomes de menina com 3 letras que est\u00e3o bombando em 2025 e seus significados"}]},{"@type":"WebSite","@id":"https:\/\/www.correiobraziliense.com.br\/cbradar\/#website","url":"https:\/\/www.correiobraziliense.com.br\/cbradar\/","name":"Correio Braziliense - Radar","description":"Acompanhe as \u00faltimas not\u00edcias e fique bem informado sobre tudo o que acontece no Brasil e no mundo.","potentialAction":[{"@type":"SearchAction","target":{"@type":"EntryPoint","urlTemplate":"https:\/\/www.correiobraziliense.com.br\/cbradar\/?s={search_term_string}"},"query-input":{"@type":"PropertyValueSpecification","valueRequired":true,"valueName":"search_term_string"}}],"inLanguage":"pt-BR"},{"@type":"Person","@id":"https:\/\/www.correiobraziliense.com.br\/cbradar\/#\/schema\/person\/6fdd694c4c0d658f15df15f390ddf066","name":"Maria Eduarda Pacheco","image":{"@type":"ImageObject","inLanguage":"pt-BR","@id":"https:\/\/www.correiobraziliense.com.br\/cbradar\/#\/schema\/person\/image\/","url":"https:\/\/secure.gravatar.com\/avatar\/f72a487b26fdeec08ba4868875ea328e?s=96&d=mm&r=g","contentUrl":"https:\/\/secure.gravatar.com\/avatar\/f72a487b26fdeec08ba4868875ea328e?s=96&d=mm&r=g","caption":"Maria Eduarda Pacheco"},"sameAs":["https:\/\/www.correiobraziliense.com.br\/cbradar\/"],"url":"https:\/\/www.correiobraziliense.com.br\/cbradar\/author\/maria-eduarda\/"}]}},"_links":{"self":[{"href":"https:\/\/www.correiobraziliense.com.br\/cbradar\/wp-json\/wp\/v2\/posts\/153320","targetHints":{"allow":["GET"]}}],"collection":[{"href":"https:\/\/www.correiobraziliense.com.br\/cbradar\/wp-json\/wp\/v2\/posts"}],"about":[{"href":"https:\/\/www.correiobraziliense.com.br\/cbradar\/wp-json\/wp\/v2\/types\/post"}],"author":[{"embeddable":true,"href":"https:\/\/www.correiobraziliense.com.br\/cbradar\/wp-json\/wp\/v2\/users\/18"}],"replies":[{"embeddable":true,"href":"https:\/\/www.correiobraziliense.com.br\/cbradar\/wp-json\/wp\/v2\/comments?post=153320"}],"version-history":[{"count":1,"href":"https:\/\/www.correiobraziliense.com.br\/cbradar\/wp-json\/wp\/v2\/posts\/153320\/revisions"}],"predecessor-version":[{"id":153326,"href":"https:\/\/www.correiobraziliense.com.br\/cbradar\/wp-json\/wp\/v2\/posts\/153320\/revisions\/153326"}],"wp:featuredmedia":[{"embeddable":true,"href":"https:\/\/www.correiobraziliense.com.br\/cbradar\/wp-json\/wp\/v2\/media\/153323"}],"wp:attachment":[{"href":"https:\/\/www.correiobraziliense.com.br\/cbradar\/wp-json\/wp\/v2\/media?parent=153320"}],"wp:term":[{"taxonomy":"category","embeddable":true,"href":"https:\/\/www.correiobraziliense.com.br\/cbradar\/wp-json\/wp\/v2\/categories?post=153320"},{"taxonomy":"post_tag","embeddable":true,"href":"https:\/\/www.correiobraziliense.com.br\/cbradar\/wp-json\/wp\/v2\/post_tag?post=153320"}],"curies":[{"name":"wp","href":"https:\/\/api.w.org\/{rel}","templated":true}]}}