{"id":153328,"date":"2025-12-10T06:55:00","date_gmt":"2025-12-10T09:55:00","guid":{"rendered":"https:\/\/www.correiobraziliense.com.br\/cbradar\/?p=153328"},"modified":"2025-12-09T14:46:22","modified_gmt":"2025-12-09T17:46:22","slug":"o-que-a-ciencia-descobriu-sobre-o-intestino-vai-mexer-com-sua-cabeca","status":"publish","type":"post","link":"https:\/\/www.correiobraziliense.com.br\/cbradar\/o-que-a-ciencia-descobriu-sobre-o-intestino-vai-mexer-com-sua-cabeca\/","title":{"rendered":"O que a ci\u00eancia descobriu sobre o intestino vai mexer com sua cabe\u00e7a"},"content":{"rendered":"\n<p>Nos \u00faltimos anos, estudos cient\u00edficos refor\u00e7aram uma ideia que muita gente j\u00e1 sentia na pr\u00e1tica: <strong>o intestino influencia diretamente a cabe\u00e7a<\/strong>. Em 2025, revis\u00f5es atualizadas mostram que a microbiota intestinal, o conjunto de bact\u00e9rias que vivem no nosso sistema digestivo, tem papel ativo no humor, na ansiedade e at\u00e9 em quadros de depress\u00e3o. A explica\u00e7\u00e3o est\u00e1 na comunica\u00e7\u00e3o constante entre intestino e c\u00e9rebro, conhecida como <strong>eixo intestino-c\u00e9rebro<\/strong>.<\/p>\n\n\n\n<h2 class=\"wp-block-heading\">A microbiota intestinal conversa com o c\u00e9rebro o tempo todo?<\/h2>\n\n\n\n<p>O intestino n\u00e3o \u00e9 s\u00f3 um \u00f3rg\u00e3o digestivo. Ele possui milh\u00f5es de neur\u00f4nios e se comunica continuamente com o sistema nervoso central por vias qu\u00edmicas e el\u00e9tricas. <a href=\"https:\/\/bdta.abcd.usp.br\/item\/003250498?utm\" target=\"_blank\" rel=\"noreferrer noopener\">Pesquisas recentes apontam<\/a> que desequil\u00edbrios na microbiota podem alterar essa comunica\u00e7\u00e3o.<\/p>\n\n\n\n<p>Quando h\u00e1 redu\u00e7\u00e3o de bact\u00e9rias ben\u00e9ficas ou excesso de esp\u00e9cies inflamat\u00f3rias, subst\u00e2ncias como citocinas podem circular pelo organismo e afetar \u00e1reas do c\u00e9rebro ligadas \u00e0s emo\u00e7\u00f5es. Por isso, quadros de estresse prolongado, m\u00e1 alimenta\u00e7\u00e3o ou uso excessivo de antibi\u00f3ticos <a href=\"https:\/\/www.correiobraziliense.com.br\/cbradar\/o-que-comer-apos-o-treino-para-recuperar-as-energias\/\" target=\"_blank\" rel=\"noreferrer noopener\">podem refletir diretamente no humor<\/a>.<\/p>\n\n\n<div class=\"wp-block-image\">\n<figure class=\"aligncenter size-large\"><img decoding=\"async\" width=\"1024\" height=\"576\" src=\"https:\/\/www.correiobraziliense.com.br\/cbradar\/wp-content\/uploads\/2025\/12\/intestine_1765301899235-1024x576.jpg\" alt=\"O que a ci\u00eancia descobriu sobre o intestino vai mexer com sua cabe\u00e7a\" class=\"wp-image-153331\" srcset=\"https:\/\/www.correiobraziliense.com.br\/cbradar\/wp-content\/uploads\/2025\/12\/intestine_1765301899235-1024x576.jpg 1024w, https:\/\/www.correiobraziliense.com.br\/cbradar\/wp-content\/uploads\/2025\/12\/intestine_1765301899235-300x169.jpg 300w, https:\/\/www.correiobraziliense.com.br\/cbradar\/wp-content\/uploads\/2025\/12\/intestine_1765301899235-768x432.jpg 768w, https:\/\/www.correiobraziliense.com.br\/cbradar\/wp-content\/uploads\/2025\/12\/intestine_1765301899235-750x422.jpg 750w, https:\/\/www.correiobraziliense.com.br\/cbradar\/wp-content\/uploads\/2025\/12\/intestine_1765301899235-1140x641.jpg 1140w, https:\/\/www.correiobraziliense.com.br\/cbradar\/wp-content\/uploads\/2025\/12\/intestine_1765301899235.jpg 1280w\" sizes=\"(max-width: 1024px) 100vw, 1024px\" \/><figcaption class=\"wp-element-caption\">Ele possui milh\u00f5es de neur\u00f4nios e se comunica continuamente com o sistema nervoso central por vias qu\u00edmicas e el\u00e9tricas &#8211; Cr\u00e9ditos: depositphotos.com \/ Tharakorn<\/figcaption><\/figure><\/div>\n\n\n<h2 class=\"wp-block-heading\">O intestino produz neurotransmissores que regulam emo\u00e7\u00f5es!<\/h2>\n\n\n\n<p>Um dos pontos mais conhecidos da ci\u00eancia atual \u00e9 que o intestino produz boa parte dos neurotransmissores envolvidos no bem-estar. Cerca de 90% da <strong>serotonina<\/strong>, associada ao humor e \u00e0 sensa\u00e7\u00e3o de calma, \u00e9 fabricada no trato gastrointestinal.<\/p>\n\n\n\n<p>Al\u00e9m dela, a microbiota tamb\u00e9m participa da produ\u00e7\u00e3o de <strong>GABA<\/strong>, um neurotransmissor que reduz a ansiedade e ajuda a regular o sistema nervoso. Quando a flora intestinal est\u00e1 equilibrada, essas subst\u00e2ncias s\u00e3o produzidas de forma mais eficiente, contribuindo para estabilidade emocional.<\/p>\n\n\n\n<p>A alimenta\u00e7\u00e3o tem um papel importante na regula\u00e7\u00e3o do intestino, abaixo, dicas de como manter o intestino saud\u00e1vel por <strong>isabellalacerda_nutri <\/strong>no TikTok:<\/p>\n\n\n\n<figure class=\"wp-block-embed is-type-video is-provider-tiktok wp-block-embed-tiktok\"><div class=\"wp-block-embed__wrapper\">\n<blockquote class=\"tiktok-embed\" cite=\"https:\/\/www.tiktok.com\/@isabellalacerda_nutri\/video\/7389245911177776390\" data-video-id=\"7389245911177776390\" data-embed-from=\"oembed\" style=\"max-width:605px; min-width:325px;\"> <section> <a target=\"_blank\" title=\"@isabellalacerda_nutri\" href=\"https:\/\/www.tiktok.com\/@isabellalacerda_nutri?refer=embed\">@isabellalacerda_nutri<\/a> <p>Algumas orienta\u00e7\u00f5es para voc\u00ea que sofre de constipa\u00e7\u00e3o: \ud83d\udca9 Aumente a quantidade de \u00e1gua do seu dia! M\u00ednimo de dois litros e meio para ajudar na lubrifica\u00e7\u00e3o do bolo fecal; \ud83d\udca9 Aumente o consumo de fibras! Isso significa que voc\u00ea precisa consumir mais frutas, legumes e verduras durante o seu dia. Uma banana no caf\u00e9 da manh\u00e3, salada e br\u00f3colis no almo\u00e7o, uma ameixana parte da tarde e mais legumes na janta j\u00e1 v\u00e3o ajudar demais no seu dia; \ud83d\udca9 Acrescente uma gordura boa na sua alimenta\u00e7\u00e3o, de forma natural! Um fio de azeite de oliva extra virgem na salada vai ajudar bastante a conseguir gorduras boas que v\u00e3o para o seu intestino e consequentemente, seu cocozinho; \ud83d\udca9 Nada que um mam\u00e3o com aveia n\u00e3o resolva; \ud83d\udca9 Dependendo do seu caso, talvez precise de uma suplementa\u00e7\u00e3o de fibras! Lembrando que nenhuma dessas orienta\u00e7\u00f5es substitui um acompanhamento profissional. E s\u00f3 para voc\u00ea saber, j\u00e1 tem pessoas perdendo mais de 20kg com o meu m\u00e9todo exclusivo de emagrecimento dentro da Comunidade GG. S\u00f3 clicar no link da bio \ud83c\udf51 . . . . . . <a title=\"fy\" target=\"_blank\" href=\"https:\/\/www.tiktok.com\/tag\/fy?refer=embed\">#fy<\/a> <a title=\"fyp\" target=\"_blank\" href=\"https:\/\/www.tiktok.com\/tag\/fyp?refer=embed\">#fyp<\/a> <a title=\"nutricionista\" target=\"_blank\" href=\"https:\/\/www.tiktok.com\/tag\/nutricionista?refer=embed\">#nutricionista<\/a> <\/p> <a target=\"_blank\" title=\"\u266c som original - Isabella Lacerda\" href=\"https:\/\/www.tiktok.com\/music\/som-original-7389246008770693894?refer=embed\">\u266c som original &#8211; Isabella Lacerda<\/a> <\/section> <\/blockquote> <script async src=\"https:\/\/www.tiktok.com\/embed.js\"><\/script>\n<\/div><\/figure>\n\n\n\n<h2 class=\"wp-block-heading\">A alimenta\u00e7\u00e3o e estilo de vida modulam diretamente a microbiota?<\/h2>\n\n\n\n<p>Os estudos de 2025 refor\u00e7am que pequenas mudan\u00e7as no dia a dia t\u00eam impacto real na sa\u00fade mental. Dietas ricas em fibras, frutas, verduras, gr\u00e3os integrais e alimentos fermentados favorecem a diversidade de bact\u00e9rias boas.<\/p>\n\n\n\n<p>Por outro lado, alimentos ultraprocessados, a\u00e7\u00facar em excesso, \u00e1lcool frequente e noites mal dormidas prejudicam o equil\u00edbrio da microbiota. Isso significa que o cuidado com a alimenta\u00e7\u00e3o e o sono n\u00e3o \u00e9 apenas f\u00edsico, tamb\u00e9m \u00e9 emocional.<\/p>\n\n\n<div class=\"wp-block-image\">\n<figure class=\"aligncenter size-large\"><img decoding=\"async\" width=\"1024\" height=\"576\" src=\"https:\/\/www.correiobraziliense.com.br\/cbradar\/wp-content\/uploads\/2025\/12\/intestine_1765301907292-1024x576.jpg\" alt=\"O que a ci\u00eancia descobriu sobre o intestino vai mexer com sua cabe\u00e7a\" class=\"wp-image-153332\" srcset=\"https:\/\/www.correiobraziliense.com.br\/cbradar\/wp-content\/uploads\/2025\/12\/intestine_1765301907292-1024x576.jpg 1024w, https:\/\/www.correiobraziliense.com.br\/cbradar\/wp-content\/uploads\/2025\/12\/intestine_1765301907292-300x169.jpg 300w, https:\/\/www.correiobraziliense.com.br\/cbradar\/wp-content\/uploads\/2025\/12\/intestine_1765301907292-768x432.jpg 768w, https:\/\/www.correiobraziliense.com.br\/cbradar\/wp-content\/uploads\/2025\/12\/intestine_1765301907292-750x422.jpg 750w, https:\/\/www.correiobraziliense.com.br\/cbradar\/wp-content\/uploads\/2025\/12\/intestine_1765301907292-1140x641.jpg 1140w, https:\/\/www.correiobraziliense.com.br\/cbradar\/wp-content\/uploads\/2025\/12\/intestine_1765301907292.jpg 1280w\" sizes=\"(max-width: 1024px) 100vw, 1024px\" \/><figcaption class=\"wp-element-caption\">Os estudos de 2025 refor\u00e7am que pequenas mudan\u00e7as no dia a dia t\u00eam impacto real na sa\u00fade mental &#8211; Cr\u00e9ditos: depositphotos.com \/ photographer.moskova<\/figcaption><\/figure><\/div>\n\n\n<h2 class=\"wp-block-heading\">Por que entender essa conex\u00e3o ajuda a reduzir o estigma sobre sa\u00fade mental?<\/h2>\n\n\n\n<p>Ao mostrar que humor, ansiedade e depress\u00e3o tamb\u00e9m t\u00eam componentes biol\u00f3gicos ligados ao intestino, a ci\u00eancia ajuda a desfazer a ideia de que esses temas s\u00e3o apenas \u201ccoisa da cabe\u00e7a\u201d.<\/p>\n\n\n\n<p>Isso n\u00e3o substitui tratamentos m\u00e9dicos quando necess\u00e1rios, mas amplia a compreens\u00e3o sobre o corpo como um sistema interligado. E, para muitas pessoas, entender essa rela\u00e7\u00e3o j\u00e1 \u00e9 um passo importante para buscar h\u00e1bitos mais equilibrados e reconhecer sinais de que algo n\u00e3o vai bem.<\/p>\n","protected":false},"excerpt":{"rendered":"<p>Nos \u00faltimos anos, estudos cient\u00edficos refor\u00e7aram uma ideia que muita gente j\u00e1 sentia na pr\u00e1tica: o intestino influencia diretamente a cabe\u00e7a. Em 2025, revis\u00f5es atualizadas mostram que a microbiota intestinal, o conjunto de bact\u00e9rias que vivem no nosso sistema digestivo, tem papel ativo no humor, na ansiedade e at\u00e9 em quadros de depress\u00e3o. A explica\u00e7\u00e3o [&hellip;]<\/p>\n","protected":false},"author":18,"featured_media":153334,"comment_status":"open","ping_status":"open","sticky":false,"template":"","format":"standard","meta":{"_yoast_wpseo_focuskw":"como o intestino afeta o c\u00e9rebro","_yoast_wpseo_title":"","_yoast_wpseo_metadesc":"Seu bem-estar emocional pode estar ligado ao intestino. Entenda a conex\u00e3o revelada por estudos recentes e como cuidar disso no dia a dia.","jnews-multi-image_gallery":[],"jnews_single_post":{"format":"standard"},"jnews_primary_category":[],"jnews_social_meta":[],"jnews_override_counter":[],"footnotes":""},"categories":[112],"post_tag":[698,3559,1422,7405],"class_list":["post-153328","post","type-post","status-publish","format-standard","has-post-thumbnail","hentry","category-curiosidades","tag-cerebro","tag-corpo-humano","tag-intestino","tag-microbiota"],"yoast_head":"<!-- This site is optimized with the Yoast SEO plugin v24.6 - https:\/\/yoast.com\/wordpress\/plugins\/seo\/ -->\n<title>O que a ci\u00eancia descobriu sobre o intestino vai mexer com sua cabe\u00e7a - Correio Braziliense - Radar<\/title>\n<meta name=\"description\" content=\"Seu bem-estar emocional pode estar ligado ao intestino. Entenda a conex\u00e3o revelada por estudos recentes e como cuidar disso no dia a dia.\" \/>\n<meta name=\"robots\" content=\"index, follow, max-snippet:-1, max-image-preview:large, max-video-preview:-1\" \/>\n<link rel=\"canonical\" href=\"https:\/\/www.correiobraziliense.com.br\/cbradar\/o-que-a-ciencia-descobriu-sobre-o-intestino-vai-mexer-com-sua-cabeca\/\" \/>\n<meta property=\"og:locale\" content=\"pt_BR\" \/>\n<meta property=\"og:type\" content=\"article\" \/>\n<meta property=\"og:title\" content=\"O que a ci\u00eancia descobriu sobre o intestino vai mexer com sua cabe\u00e7a - Correio Braziliense - Radar\" \/>\n<meta property=\"og:description\" content=\"Seu bem-estar emocional pode estar ligado ao intestino. Entenda a conex\u00e3o revelada por estudos recentes e como cuidar disso no dia a dia.\" \/>\n<meta property=\"og:url\" content=\"https:\/\/www.correiobraziliense.com.br\/cbradar\/o-que-a-ciencia-descobriu-sobre-o-intestino-vai-mexer-com-sua-cabeca\/\" \/>\n<meta property=\"og:site_name\" content=\"Correio Braziliense - Radar\" \/>\n<meta property=\"article:published_time\" content=\"2025-12-10T09:55:00+00:00\" \/>\n<meta property=\"og:image\" content=\"https:\/\/www.correiobraziliense.com.br\/cbradar\/wp-content\/uploads\/2025\/12\/mosaico_1765302315043.jpg\" \/>\n\t<meta property=\"og:image:width\" content=\"1280\" \/>\n\t<meta property=\"og:image:height\" content=\"720\" \/>\n\t<meta property=\"og:image:type\" content=\"image\/jpeg\" \/>\n<meta name=\"author\" content=\"Maria Eduarda Pacheco\" \/>\n<meta name=\"twitter:card\" content=\"summary_large_image\" \/>\n<meta name=\"twitter:label1\" content=\"Escrito por\" \/>\n\t<meta name=\"twitter:data1\" content=\"Maria Eduarda Pacheco\" \/>\n\t<meta name=\"twitter:label2\" content=\"Est. tempo de leitura\" \/>\n\t<meta name=\"twitter:data2\" content=\"4 minutos\" \/>\n<!-- \/ Yoast SEO plugin. -->","yoast_head_json":{"title":"O que a ci\u00eancia descobriu sobre o intestino vai mexer com sua cabe\u00e7a - Correio Braziliense - Radar","description":"Seu bem-estar emocional pode estar ligado ao intestino. Entenda a conex\u00e3o revelada por estudos recentes e como cuidar disso no dia a dia.","robots":{"index":"index","follow":"follow","max-snippet":"max-snippet:-1","max-image-preview":"max-image-preview:large","max-video-preview":"max-video-preview:-1"},"canonical":"https:\/\/www.correiobraziliense.com.br\/cbradar\/o-que-a-ciencia-descobriu-sobre-o-intestino-vai-mexer-com-sua-cabeca\/","og_locale":"pt_BR","og_type":"article","og_title":"O que a ci\u00eancia descobriu sobre o intestino vai mexer com sua cabe\u00e7a - Correio Braziliense - Radar","og_description":"Seu bem-estar emocional pode estar ligado ao intestino. Entenda a conex\u00e3o revelada por estudos recentes e como cuidar disso no dia a dia.","og_url":"https:\/\/www.correiobraziliense.com.br\/cbradar\/o-que-a-ciencia-descobriu-sobre-o-intestino-vai-mexer-com-sua-cabeca\/","og_site_name":"Correio Braziliense - Radar","article_published_time":"2025-12-10T09:55:00+00:00","og_image":[{"width":1280,"height":720,"url":"https:\/\/www.correiobraziliense.com.br\/cbradar\/wp-content\/uploads\/2025\/12\/mosaico_1765302315043.jpg","type":"image\/jpeg"}],"author":"Maria Eduarda Pacheco","twitter_card":"summary_large_image","twitter_misc":{"Escrito por":"Maria Eduarda Pacheco","Est. tempo de leitura":"4 minutos"},"schema":{"@context":"https:\/\/schema.org","@graph":[{"@type":"WebPage","@id":"https:\/\/www.correiobraziliense.com.br\/cbradar\/o-que-a-ciencia-descobriu-sobre-o-intestino-vai-mexer-com-sua-cabeca\/","url":"https:\/\/www.correiobraziliense.com.br\/cbradar\/o-que-a-ciencia-descobriu-sobre-o-intestino-vai-mexer-com-sua-cabeca\/","name":"O que a ci\u00eancia descobriu sobre o intestino vai mexer com sua cabe\u00e7a - Correio Braziliense - Radar","isPartOf":{"@id":"https:\/\/www.correiobraziliense.com.br\/cbradar\/#website"},"primaryImageOfPage":{"@id":"https:\/\/www.correiobraziliense.com.br\/cbradar\/o-que-a-ciencia-descobriu-sobre-o-intestino-vai-mexer-com-sua-cabeca\/#primaryimage"},"image":{"@id":"https:\/\/www.correiobraziliense.com.br\/cbradar\/o-que-a-ciencia-descobriu-sobre-o-intestino-vai-mexer-com-sua-cabeca\/#primaryimage"},"thumbnailUrl":"https:\/\/www.correiobraziliense.com.br\/cbradar\/wp-content\/uploads\/2025\/12\/mosaico_1765302315043.jpg","datePublished":"2025-12-10T09:55:00+00:00","author":{"@id":"https:\/\/www.correiobraziliense.com.br\/cbradar\/#\/schema\/person\/6fdd694c4c0d658f15df15f390ddf066"},"description":"Seu bem-estar emocional pode estar ligado ao intestino. Entenda a conex\u00e3o revelada por estudos recentes e como cuidar disso no dia a dia.","breadcrumb":{"@id":"https:\/\/www.correiobraziliense.com.br\/cbradar\/o-que-a-ciencia-descobriu-sobre-o-intestino-vai-mexer-com-sua-cabeca\/#breadcrumb"},"inLanguage":"pt-BR","potentialAction":[{"@type":"ReadAction","target":["https:\/\/www.correiobraziliense.com.br\/cbradar\/o-que-a-ciencia-descobriu-sobre-o-intestino-vai-mexer-com-sua-cabeca\/"]}]},{"@type":"ImageObject","inLanguage":"pt-BR","@id":"https:\/\/www.correiobraziliense.com.br\/cbradar\/o-que-a-ciencia-descobriu-sobre-o-intestino-vai-mexer-com-sua-cabeca\/#primaryimage","url":"https:\/\/www.correiobraziliense.com.br\/cbradar\/wp-content\/uploads\/2025\/12\/mosaico_1765302315043.jpg","contentUrl":"https:\/\/www.correiobraziliense.com.br\/cbradar\/wp-content\/uploads\/2025\/12\/mosaico_1765302315043.jpg","width":1280,"height":720,"caption":"Nos \u00faltimos anos, estudos cient\u00edficos refor\u00e7aram uma ideia que muita gente j\u00e1 sentia na pr\u00e1tica: o intestino influencia diretamente a cabe\u00e7a - Cr\u00e9ditos: depositphotos.com \/ IgorVetushko Cr\u00e9ditos: depositphotos.com \/ KostyaKlimenko"},{"@type":"BreadcrumbList","@id":"https:\/\/www.correiobraziliense.com.br\/cbradar\/o-que-a-ciencia-descobriu-sobre-o-intestino-vai-mexer-com-sua-cabeca\/#breadcrumb","itemListElement":[{"@type":"ListItem","position":1,"name":"In\u00edcio","item":"https:\/\/www.correiobraziliense.com.br\/cbradar\/"},{"@type":"ListItem","position":2,"name":"O que a ci\u00eancia descobriu sobre o intestino vai mexer com sua cabe\u00e7a"}]},{"@type":"WebSite","@id":"https:\/\/www.correiobraziliense.com.br\/cbradar\/#website","url":"https:\/\/www.correiobraziliense.com.br\/cbradar\/","name":"Correio Braziliense - Radar","description":"Acompanhe as \u00faltimas not\u00edcias e fique bem informado sobre tudo o que acontece no Brasil e no mundo.","potentialAction":[{"@type":"SearchAction","target":{"@type":"EntryPoint","urlTemplate":"https:\/\/www.correiobraziliense.com.br\/cbradar\/?s={search_term_string}"},"query-input":{"@type":"PropertyValueSpecification","valueRequired":true,"valueName":"search_term_string"}}],"inLanguage":"pt-BR"},{"@type":"Person","@id":"https:\/\/www.correiobraziliense.com.br\/cbradar\/#\/schema\/person\/6fdd694c4c0d658f15df15f390ddf066","name":"Maria Eduarda Pacheco","image":{"@type":"ImageObject","inLanguage":"pt-BR","@id":"https:\/\/www.correiobraziliense.com.br\/cbradar\/#\/schema\/person\/image\/","url":"https:\/\/secure.gravatar.com\/avatar\/f72a487b26fdeec08ba4868875ea328e?s=96&d=mm&r=g","contentUrl":"https:\/\/secure.gravatar.com\/avatar\/f72a487b26fdeec08ba4868875ea328e?s=96&d=mm&r=g","caption":"Maria Eduarda Pacheco"},"sameAs":["https:\/\/www.correiobraziliense.com.br\/cbradar\/"],"url":"https:\/\/www.correiobraziliense.com.br\/cbradar\/author\/maria-eduarda\/"}]}},"_links":{"self":[{"href":"https:\/\/www.correiobraziliense.com.br\/cbradar\/wp-json\/wp\/v2\/posts\/153328","targetHints":{"allow":["GET"]}}],"collection":[{"href":"https:\/\/www.correiobraziliense.com.br\/cbradar\/wp-json\/wp\/v2\/posts"}],"about":[{"href":"https:\/\/www.correiobraziliense.com.br\/cbradar\/wp-json\/wp\/v2\/types\/post"}],"author":[{"embeddable":true,"href":"https:\/\/www.correiobraziliense.com.br\/cbradar\/wp-json\/wp\/v2\/users\/18"}],"replies":[{"embeddable":true,"href":"https:\/\/www.correiobraziliense.com.br\/cbradar\/wp-json\/wp\/v2\/comments?post=153328"}],"version-history":[{"count":1,"href":"https:\/\/www.correiobraziliense.com.br\/cbradar\/wp-json\/wp\/v2\/posts\/153328\/revisions"}],"predecessor-version":[{"id":153335,"href":"https:\/\/www.correiobraziliense.com.br\/cbradar\/wp-json\/wp\/v2\/posts\/153328\/revisions\/153335"}],"wp:featuredmedia":[{"embeddable":true,"href":"https:\/\/www.correiobraziliense.com.br\/cbradar\/wp-json\/wp\/v2\/media\/153334"}],"wp:attachment":[{"href":"https:\/\/www.correiobraziliense.com.br\/cbradar\/wp-json\/wp\/v2\/media?parent=153328"}],"wp:term":[{"taxonomy":"category","embeddable":true,"href":"https:\/\/www.correiobraziliense.com.br\/cbradar\/wp-json\/wp\/v2\/categories?post=153328"},{"taxonomy":"post_tag","embeddable":true,"href":"https:\/\/www.correiobraziliense.com.br\/cbradar\/wp-json\/wp\/v2\/post_tag?post=153328"}],"curies":[{"name":"wp","href":"https:\/\/api.w.org\/{rel}","templated":true}]}}