{"id":153339,"date":"2025-12-10T08:45:00","date_gmt":"2025-12-10T11:45:00","guid":{"rendered":"https:\/\/www.correiobraziliense.com.br\/cbradar\/?p=153339"},"modified":"2025-12-09T15:20:39","modified_gmt":"2025-12-09T18:20:39","slug":"a-chocante-origem-da-sigla-cdf-que-ninguem-te-contou-na-escola","status":"publish","type":"post","link":"https:\/\/www.correiobraziliense.com.br\/cbradar\/a-chocante-origem-da-sigla-cdf-que-ninguem-te-contou-na-escola\/","title":{"rendered":"Por que chamamos um aluno dedicado de CDF e de onde veio essa express\u00e3o"},"content":{"rendered":"\n<p>Em 2025, a sigla <strong>CDF<\/strong> continua presente no vocabul\u00e1rio escolar brasileiro para se referir ao aluno muito estudioso, dedicado e que tira boas notas. Apesar de ser usada de forma bem-humorada, muita gente n\u00e3o sabe de onde veio o termo, e sua origem revela curiosidades lingu\u00edsticas e culturais que atravessaram gera\u00e7\u00f5es.<\/p>\n\n\n\n<h2 class=\"wp-block-heading\">Qual a origem mais aceita para o termo CDF?<\/h2>\n\n\n\n<p><a href=\"https:\/\/www.correiobraziliense.com.br\/cbradar\/essa-duvida-de-portugues-ainda-gera-erros-ate-entre-adultos-e-profissionais\/\" target=\"_blank\" rel=\"noreferrer noopener\">A explica\u00e7\u00e3o mais difundida entre linguistas<\/a> e historiadores da linguagem \u00e9 que <strong>CDF<\/strong> surgiu como abrevia\u00e7\u00e3o de uma express\u00e3o popular usada por estudantes no Brasil a partir da d\u00e9cada de 1970: <strong>\u201cc# de ferro\u201d<\/strong>. O apelido, inicialmente pejorativo, era direcionado a quem conseguia \u201cficar sentado estudando por horas\u201d, sem reclamar e sem dispers\u00e3o.<\/p>\n\n\n\n<p>Com o tempo, a sigla passou a ser usada de forma mais neutra e at\u00e9 carinhosa, perdendo o peso original da express\u00e3o completa. A vers\u00e3o abreviada se popularizou exatamente porque permitia usar o termo em p\u00fablico<a href=\"https:\/\/www.gov.br\/mec\/pt-br\/escola-que-protege\/bullying-e-convivencia-escolar-_-entendendo.pdf\" target=\"_blank\" rel=\"noreferrer noopener\"> sem causar constrangimentos<\/a>.<\/p>\n\n\n<div class=\"wp-block-image\">\n<figure class=\"aligncenter size-large\"><img decoding=\"async\" width=\"1024\" height=\"576\" src=\"https:\/\/www.correiobraziliense.com.br\/cbradar\/wp-content\/uploads\/2025\/12\/bullying_1765304272680-1024x576.jpg\" alt=\"Com o tempo, a sigla passou a ser usada de forma mais neutra e at\u00e9 carinhosa, perdendo o peso original da express\u00e3o completa\" class=\"wp-image-153342\" srcset=\"https:\/\/www.correiobraziliense.com.br\/cbradar\/wp-content\/uploads\/2025\/12\/bullying_1765304272680-1024x576.jpg 1024w, https:\/\/www.correiobraziliense.com.br\/cbradar\/wp-content\/uploads\/2025\/12\/bullying_1765304272680-300x169.jpg 300w, https:\/\/www.correiobraziliense.com.br\/cbradar\/wp-content\/uploads\/2025\/12\/bullying_1765304272680-768x432.jpg 768w, https:\/\/www.correiobraziliense.com.br\/cbradar\/wp-content\/uploads\/2025\/12\/bullying_1765304272680-750x422.jpg 750w, https:\/\/www.correiobraziliense.com.br\/cbradar\/wp-content\/uploads\/2025\/12\/bullying_1765304272680-1140x641.jpg 1140w, https:\/\/www.correiobraziliense.com.br\/cbradar\/wp-content\/uploads\/2025\/12\/bullying_1765304272680.jpg 1280w\" sizes=\"(max-width: 1024px) 100vw, 1024px\" \/><figcaption class=\"wp-element-caption\">Apesar de ser usada de forma bem-humorada, muita gente n\u00e3o sabe de onde veio o termo &#8211; Cr\u00e9ditos: depositphotos.com \/ HayDmitriy<\/figcaption><\/figure><\/div>\n\n\n<h2 class=\"wp-block-heading\">Como o termo se espalhou pelas escolas brasileiras?<\/h2>\n\n\n\n<p>A ado\u00e7\u00e3o r\u00e1pida da sigla ocorreu principalmente entre adolescentes no ambiente escolar. O humor t\u00edpico das salas de aula transformou a express\u00e3o em uma esp\u00e9cie de \u201ct\u00edtulo\u201d para o aluno dedicado, aquele que sempre tinha o caderno organizado, fazia todas as tarefas e normalmente ia bem nas provas.<\/p>\n\n\n\n<p>Nos anos 1990 e 2000, com a expans\u00e3o da internet, a sigla se consolidou ainda mais. F\u00f3runs, blogs e redes sociais refor\u00e7aram o uso, ajudando a transformar CDF em um marcador cultural reconhecido em todo o pa\u00eds.<\/p>\n\n\n\n<p>O assunto chega na internet com uma lembran\u00e7a ruim para alguns, lembrando um pouco sobre o assunto, a <strong>neuropsi.bialorenzon <\/strong>fala sobre o assunto:<\/p>\n\n\n\n<figure class=\"wp-block-embed is-type-video is-provider-tiktok wp-block-embed-tiktok\"><div class=\"wp-block-embed__wrapper\">\n<blockquote class=\"tiktok-embed\" cite=\"https:\/\/www.tiktok.com\/@neuropsi.bialorenzon\/video\/7579602579500420360\" data-video-id=\"7579602579500420360\" data-embed-from=\"oembed\" style=\"max-width:605px; min-width:325px;\"> <section> <a target=\"_blank\" title=\"@neuropsi.bialorenzon\" href=\"https:\/\/www.tiktok.com\/@neuropsi.bialorenzon?refer=embed\">@neuropsi.bialorenzon<\/a> <p>Conhe\u00e7a os impactos psicol\u00f3gicos do bullying  <a title=\"psicologia\" target=\"_blank\" href=\"https:\/\/www.tiktok.com\/tag\/psicologia?refer=embed\">#psicologia<\/a> <a title=\"bullyng\" target=\"_blank\" href=\"https:\/\/www.tiktok.com\/tag\/bullyng?refer=embed\">#bullyng<\/a> <a title=\"neuropsicologaonline\" target=\"_blank\" href=\"https:\/\/www.tiktok.com\/tag\/neuropsicologaonline?refer=embed\">#neuropsicologaonline<\/a> <\/p> <a target=\"_blank\" title=\"\u266c som original - Neuropsic\u00f3loga | Beatriz L.\" href=\"https:\/\/www.tiktok.com\/music\/som-original-7579602705849568017?refer=embed\">\u266c som original &#8211; Neuropsic\u00f3loga | Beatriz L.<\/a> <\/section> <\/blockquote> <script async src=\"https:\/\/www.tiktok.com\/embed.js\"><\/script>\n<\/div><\/figure>\n\n\n\n<h2 class=\"wp-block-heading\">Qual a evolu\u00e7\u00e3o do significado ao longo do tempo?<\/h2>\n\n\n\n<p>Embora tenha nascido como brincadeira, o termo ganhou outras camadas ao longo das d\u00e9cadas. Em muitas escolas, ser chamado de CDF deixou de ser um insulto e passou a ser um elogio, uma forma de valorizar disciplina, foco e desempenho acad\u00eamico.<\/p>\n\n\n\n<p>Essa mudan\u00e7a acompanhou transforma\u00e7\u00f5es sociais, como a amplia\u00e7\u00e3o do acesso ao ensino e a valoriza\u00e7\u00e3o da educa\u00e7\u00e3o como forma de ascens\u00e3o profissional no Brasil. Em 2025, a sigla aparece tanto em tom carinhoso quanto humor\u00edstico, dependendo do contexto.<\/p>\n\n\n<div class=\"wp-block-image\">\n<figure class=\"aligncenter size-large\"><img decoding=\"async\" width=\"1024\" height=\"576\" src=\"https:\/\/www.correiobraziliense.com.br\/cbradar\/wp-content\/uploads\/2025\/12\/nerd_1765304236140-1024x576.jpg\" alt=\"Por que chamamos um aluno dedicado de CDF e de onde veio essa express\u00e3o\" class=\"wp-image-153341\" srcset=\"https:\/\/www.correiobraziliense.com.br\/cbradar\/wp-content\/uploads\/2025\/12\/nerd_1765304236140-1024x576.jpg 1024w, https:\/\/www.correiobraziliense.com.br\/cbradar\/wp-content\/uploads\/2025\/12\/nerd_1765304236140-300x169.jpg 300w, https:\/\/www.correiobraziliense.com.br\/cbradar\/wp-content\/uploads\/2025\/12\/nerd_1765304236140-768x432.jpg 768w, https:\/\/www.correiobraziliense.com.br\/cbradar\/wp-content\/uploads\/2025\/12\/nerd_1765304236140-750x422.jpg 750w, https:\/\/www.correiobraziliense.com.br\/cbradar\/wp-content\/uploads\/2025\/12\/nerd_1765304236140-1140x641.jpg 1140w, https:\/\/www.correiobraziliense.com.br\/cbradar\/wp-content\/uploads\/2025\/12\/nerd_1765304236140.jpg 1280w\" sizes=\"(max-width: 1024px) 100vw, 1024px\" \/><figcaption class=\"wp-element-caption\">Embora tenha nascido como brincadeira, o termo ganhou outras camadas ao longo das d\u00e9cadas &#8211; Cr\u00e9ditos: depositphotos.com \/ IgorVetushko<\/figcaption><\/figure><\/div>\n\n\n<h2 class=\"wp-block-heading\">Curiosidades lingu\u00edsticas sobre o termo<\/h2>\n\n\n\n<p>\u2022 Express\u00f5es formadas por siglas ofensivas \u201csuavizadas\u201d s\u00e3o comuns na l\u00edngua portuguesa, e CDF \u00e9 um exemplo t\u00edpico desse fen\u00f4meno.<br>\u2022 O termo n\u00e3o possui registro formal em dicion\u00e1rios hist\u00f3ricos anteriores \u00e0 d\u00e9cada de 1970, refor\u00e7ando a ideia de que nasceu na cultura estudantil brasileira.<br>\u2022 Mesmo com origem informal, a sigla \u00e9 hoje amplamente entendida por diferentes gera\u00e7\u00f5es, algo raro em g\u00edrias.<\/p>\n","protected":false},"excerpt":{"rendered":"<p>Em 2025, a sigla CDF continua presente no vocabul\u00e1rio escolar brasileiro para se referir ao aluno muito estudioso, dedicado e que tira boas notas. Apesar de ser usada de forma bem-humorada, muita gente n\u00e3o sabe de onde veio o termo, e sua origem revela curiosidades lingu\u00edsticas e culturais que atravessaram gera\u00e7\u00f5es. Qual a origem mais [&hellip;]<\/p>\n","protected":false},"author":18,"featured_media":153340,"comment_status":"open","ping_status":"open","sticky":false,"template":"","format":"standard","meta":{"_yoast_wpseo_focuskw":"de onde vem a sigla CDF","_yoast_wpseo_title":"","_yoast_wpseo_metadesc":"CDF ainda \u00e9 usado em 2025, mas poucos sabem de onde vem essa express\u00e3o. A resposta pode surpreender quem passou pela escola.","jnews-multi-image_gallery":[],"jnews_single_post":{"format":"standard"},"jnews_primary_category":[],"jnews_social_meta":[],"jnews_override_counter":[],"footnotes":""},"categories":[112],"post_tag":[12515,12516,4243,5812],"class_list":["post-153339","post","type-post","status-publish","format-standard","has-post-thumbnail","hentry","category-curiosidades","tag-cdf","tag-escolas","tag-origem","tag-significado"],"yoast_head":"<!-- This site is optimized with the Yoast SEO plugin v24.6 - https:\/\/yoast.com\/wordpress\/plugins\/seo\/ -->\n<title>Por que chamamos um aluno dedicado de CDF e de onde veio essa express\u00e3o - Correio Braziliense - Radar<\/title>\n<meta name=\"description\" content=\"CDF ainda \u00e9 usado em 2025, mas poucos sabem de onde vem essa express\u00e3o. A resposta pode surpreender quem passou pela escola.\" \/>\n<meta name=\"robots\" content=\"index, follow, max-snippet:-1, max-image-preview:large, max-video-preview:-1\" \/>\n<link rel=\"canonical\" href=\"https:\/\/www.correiobraziliense.com.br\/cbradar\/a-chocante-origem-da-sigla-cdf-que-ninguem-te-contou-na-escola\/\" \/>\n<meta property=\"og:locale\" content=\"pt_BR\" \/>\n<meta property=\"og:type\" content=\"article\" \/>\n<meta property=\"og:title\" content=\"Por que chamamos um aluno dedicado de CDF e de onde veio essa express\u00e3o - Correio Braziliense - Radar\" \/>\n<meta property=\"og:description\" content=\"CDF ainda \u00e9 usado em 2025, mas poucos sabem de onde vem essa express\u00e3o. A resposta pode surpreender quem passou pela escola.\" \/>\n<meta property=\"og:url\" content=\"https:\/\/www.correiobraziliense.com.br\/cbradar\/a-chocante-origem-da-sigla-cdf-que-ninguem-te-contou-na-escola\/\" \/>\n<meta property=\"og:site_name\" content=\"Correio Braziliense - Radar\" \/>\n<meta property=\"article:published_time\" content=\"2025-12-10T11:45:00+00:00\" \/>\n<meta property=\"og:image\" content=\"https:\/\/www.correiobraziliense.com.br\/cbradar\/wp-content\/uploads\/2025\/12\/nerd_1765304225843.jpg\" \/>\n\t<meta property=\"og:image:width\" content=\"1280\" \/>\n\t<meta property=\"og:image:height\" content=\"720\" \/>\n\t<meta property=\"og:image:type\" content=\"image\/jpeg\" \/>\n<meta name=\"author\" content=\"Maria Eduarda Pacheco\" \/>\n<meta name=\"twitter:card\" content=\"summary_large_image\" \/>\n<meta name=\"twitter:label1\" content=\"Escrito por\" \/>\n\t<meta name=\"twitter:data1\" content=\"Maria Eduarda Pacheco\" \/>\n\t<meta name=\"twitter:label2\" content=\"Est. tempo de leitura\" \/>\n\t<meta name=\"twitter:data2\" content=\"4 minutos\" \/>\n<!-- \/ Yoast SEO plugin. -->","yoast_head_json":{"title":"Por que chamamos um aluno dedicado de CDF e de onde veio essa express\u00e3o - Correio Braziliense - Radar","description":"CDF ainda \u00e9 usado em 2025, mas poucos sabem de onde vem essa express\u00e3o. A resposta pode surpreender quem passou pela escola.","robots":{"index":"index","follow":"follow","max-snippet":"max-snippet:-1","max-image-preview":"max-image-preview:large","max-video-preview":"max-video-preview:-1"},"canonical":"https:\/\/www.correiobraziliense.com.br\/cbradar\/a-chocante-origem-da-sigla-cdf-que-ninguem-te-contou-na-escola\/","og_locale":"pt_BR","og_type":"article","og_title":"Por que chamamos um aluno dedicado de CDF e de onde veio essa express\u00e3o - Correio Braziliense - Radar","og_description":"CDF ainda \u00e9 usado em 2025, mas poucos sabem de onde vem essa express\u00e3o. A resposta pode surpreender quem passou pela escola.","og_url":"https:\/\/www.correiobraziliense.com.br\/cbradar\/a-chocante-origem-da-sigla-cdf-que-ninguem-te-contou-na-escola\/","og_site_name":"Correio Braziliense - Radar","article_published_time":"2025-12-10T11:45:00+00:00","og_image":[{"width":1280,"height":720,"url":"https:\/\/www.correiobraziliense.com.br\/cbradar\/wp-content\/uploads\/2025\/12\/nerd_1765304225843.jpg","type":"image\/jpeg"}],"author":"Maria Eduarda Pacheco","twitter_card":"summary_large_image","twitter_misc":{"Escrito por":"Maria Eduarda Pacheco","Est. tempo de leitura":"4 minutos"},"schema":{"@context":"https:\/\/schema.org","@graph":[{"@type":"WebPage","@id":"https:\/\/www.correiobraziliense.com.br\/cbradar\/a-chocante-origem-da-sigla-cdf-que-ninguem-te-contou-na-escola\/","url":"https:\/\/www.correiobraziliense.com.br\/cbradar\/a-chocante-origem-da-sigla-cdf-que-ninguem-te-contou-na-escola\/","name":"Por que chamamos um aluno dedicado de CDF e de onde veio essa express\u00e3o - Correio Braziliense - Radar","isPartOf":{"@id":"https:\/\/www.correiobraziliense.com.br\/cbradar\/#website"},"primaryImageOfPage":{"@id":"https:\/\/www.correiobraziliense.com.br\/cbradar\/a-chocante-origem-da-sigla-cdf-que-ninguem-te-contou-na-escola\/#primaryimage"},"image":{"@id":"https:\/\/www.correiobraziliense.com.br\/cbradar\/a-chocante-origem-da-sigla-cdf-que-ninguem-te-contou-na-escola\/#primaryimage"},"thumbnailUrl":"https:\/\/www.correiobraziliense.com.br\/cbradar\/wp-content\/uploads\/2025\/12\/nerd_1765304225843.jpg","datePublished":"2025-12-10T11:45:00+00:00","author":{"@id":"https:\/\/www.correiobraziliense.com.br\/cbradar\/#\/schema\/person\/6fdd694c4c0d658f15df15f390ddf066"},"description":"CDF ainda \u00e9 usado em 2025, mas poucos sabem de onde vem essa express\u00e3o. A resposta pode surpreender quem passou pela escola.","breadcrumb":{"@id":"https:\/\/www.correiobraziliense.com.br\/cbradar\/a-chocante-origem-da-sigla-cdf-que-ninguem-te-contou-na-escola\/#breadcrumb"},"inLanguage":"pt-BR","potentialAction":[{"@type":"ReadAction","target":["https:\/\/www.correiobraziliense.com.br\/cbradar\/a-chocante-origem-da-sigla-cdf-que-ninguem-te-contou-na-escola\/"]}]},{"@type":"ImageObject","inLanguage":"pt-BR","@id":"https:\/\/www.correiobraziliense.com.br\/cbradar\/a-chocante-origem-da-sigla-cdf-que-ninguem-te-contou-na-escola\/#primaryimage","url":"https:\/\/www.correiobraziliense.com.br\/cbradar\/wp-content\/uploads\/2025\/12\/nerd_1765304225843.jpg","contentUrl":"https:\/\/www.correiobraziliense.com.br\/cbradar\/wp-content\/uploads\/2025\/12\/nerd_1765304225843.jpg","width":1280,"height":720,"caption":"Em 2025, a sigla CDF continua presente no vocabul\u00e1rio escolar brasileiro para se referir ao aluno muito estudioso, dedicado e que tira boas notas - Cr\u00e9ditos: depositphotos.com \/ IgorVetushko"},{"@type":"BreadcrumbList","@id":"https:\/\/www.correiobraziliense.com.br\/cbradar\/a-chocante-origem-da-sigla-cdf-que-ninguem-te-contou-na-escola\/#breadcrumb","itemListElement":[{"@type":"ListItem","position":1,"name":"In\u00edcio","item":"https:\/\/www.correiobraziliense.com.br\/cbradar\/"},{"@type":"ListItem","position":2,"name":"Por que chamamos um aluno dedicado de CDF e de onde veio essa express\u00e3o"}]},{"@type":"WebSite","@id":"https:\/\/www.correiobraziliense.com.br\/cbradar\/#website","url":"https:\/\/www.correiobraziliense.com.br\/cbradar\/","name":"Correio Braziliense - Radar","description":"Acompanhe as \u00faltimas not\u00edcias e fique bem informado sobre tudo o que acontece no Brasil e no mundo.","potentialAction":[{"@type":"SearchAction","target":{"@type":"EntryPoint","urlTemplate":"https:\/\/www.correiobraziliense.com.br\/cbradar\/?s={search_term_string}"},"query-input":{"@type":"PropertyValueSpecification","valueRequired":true,"valueName":"search_term_string"}}],"inLanguage":"pt-BR"},{"@type":"Person","@id":"https:\/\/www.correiobraziliense.com.br\/cbradar\/#\/schema\/person\/6fdd694c4c0d658f15df15f390ddf066","name":"Maria Eduarda Pacheco","image":{"@type":"ImageObject","inLanguage":"pt-BR","@id":"https:\/\/www.correiobraziliense.com.br\/cbradar\/#\/schema\/person\/image\/","url":"https:\/\/secure.gravatar.com\/avatar\/f72a487b26fdeec08ba4868875ea328e?s=96&d=mm&r=g","contentUrl":"https:\/\/secure.gravatar.com\/avatar\/f72a487b26fdeec08ba4868875ea328e?s=96&d=mm&r=g","caption":"Maria Eduarda Pacheco"},"sameAs":["https:\/\/www.correiobraziliense.com.br\/cbradar\/"],"url":"https:\/\/www.correiobraziliense.com.br\/cbradar\/author\/maria-eduarda\/"}]}},"_links":{"self":[{"href":"https:\/\/www.correiobraziliense.com.br\/cbradar\/wp-json\/wp\/v2\/posts\/153339","targetHints":{"allow":["GET"]}}],"collection":[{"href":"https:\/\/www.correiobraziliense.com.br\/cbradar\/wp-json\/wp\/v2\/posts"}],"about":[{"href":"https:\/\/www.correiobraziliense.com.br\/cbradar\/wp-json\/wp\/v2\/types\/post"}],"author":[{"embeddable":true,"href":"https:\/\/www.correiobraziliense.com.br\/cbradar\/wp-json\/wp\/v2\/users\/18"}],"replies":[{"embeddable":true,"href":"https:\/\/www.correiobraziliense.com.br\/cbradar\/wp-json\/wp\/v2\/comments?post=153339"}],"version-history":[{"count":1,"href":"https:\/\/www.correiobraziliense.com.br\/cbradar\/wp-json\/wp\/v2\/posts\/153339\/revisions"}],"predecessor-version":[{"id":153346,"href":"https:\/\/www.correiobraziliense.com.br\/cbradar\/wp-json\/wp\/v2\/posts\/153339\/revisions\/153346"}],"wp:featuredmedia":[{"embeddable":true,"href":"https:\/\/www.correiobraziliense.com.br\/cbradar\/wp-json\/wp\/v2\/media\/153340"}],"wp:attachment":[{"href":"https:\/\/www.correiobraziliense.com.br\/cbradar\/wp-json\/wp\/v2\/media?parent=153339"}],"wp:term":[{"taxonomy":"category","embeddable":true,"href":"https:\/\/www.correiobraziliense.com.br\/cbradar\/wp-json\/wp\/v2\/categories?post=153339"},{"taxonomy":"post_tag","embeddable":true,"href":"https:\/\/www.correiobraziliense.com.br\/cbradar\/wp-json\/wp\/v2\/post_tag?post=153339"}],"curies":[{"name":"wp","href":"https:\/\/api.w.org\/{rel}","templated":true}]}}