{"id":153411,"date":"2025-12-10T12:15:00","date_gmt":"2025-12-10T15:15:00","guid":{"rendered":"https:\/\/www.correiobraziliense.com.br\/cbradar\/?p=153411"},"modified":"2025-12-09T17:40:34","modified_gmt":"2025-12-09T20:40:34","slug":"o-que-significa-lagom-e-por-que-esse-conceito-sueco-virou-alerta-para-a-vida-moderna","status":"publish","type":"post","link":"https:\/\/www.correiobraziliense.com.br\/cbradar\/o-que-significa-lagom-e-por-que-esse-conceito-sueco-virou-alerta-para-a-vida-moderna\/","title":{"rendered":"O que significa &#8220;Lagom&#8221; e por que esse conceito sueco virou alerta para a vida moderna"},"content":{"rendered":"\n<p>Em 2025, a palavra sueca <strong>\u201cLagom\u201d<\/strong> voltou a ganhar espa\u00e7o em debates sobre bem-estar e limites pessoais, especialmente ap\u00f3s ser citada em reflex\u00f5es atribu\u00eddas a figuras hist\u00f3ricas como John D. Rockefeller, usadas frequentemente como met\u00e1fora para a busca de equil\u00edbrio. O termo carrega uma filosofia simples e profunda: <strong>\u201cnem demais, nem de menos , apenas o suficiente\u201d<\/strong>. Ele funciona como contraponto ao ritmo acelerado e \u00e0 busca incessante por \u201cmais\u201d que marcam o cotidiano contempor\u00e2neo.<\/p>\n\n\n\n<h2 class=\"wp-block-heading\">O que significa Lagom e por que ele se tornou s\u00edmbolo de equil\u00edbrio?<\/h2>\n\n\n\n<p>\u201cLagom\u201d vem do sueco arcaico e expressa a ideia de modera\u00e7\u00e3o inteligente: viver com aquilo que basta, evitando excessos e car\u00eancias. N\u00e3o \u00e9 sobre minimalismo radical ou ren\u00fancia, e sim sobre encontrar o ponto de harmonia na rotina, no consumo, no trabalho e nas rela\u00e7\u00f5es.<\/p>\n\n\n\n<p>Na Su\u00e9cia, o termo est\u00e1 profundamente ligado \u00e0<a href=\"https:\/\/www.gov.br\/cultura\/pt-br\" target=\"_blank\" rel=\"noreferrer noopener\"> cultura social<\/a>, ao estilo de vida e at\u00e9 ao ambiente corporativo. Ao contr\u00e1rio de express\u00f5es de performance m\u00e1xima, Lagom prop\u00f5e um ritmo sustent\u00e1vel, em que o bem-estar e a satisfa\u00e7\u00e3o contam tanto quanto produtividade e meta.<\/p>\n\n\n<div class=\"wp-block-image\">\n<figure class=\"aligncenter size-large\"><img decoding=\"async\" width=\"1024\" height=\"576\" src=\"https:\/\/www.correiobraziliense.com.br\/cbradar\/wp-content\/uploads\/2025\/12\/balance_1765312595990-1024x576.jpg\" alt=\"O que significa &quot;Lagom&quot; e por que esse conceito sueco virou alerta para a vida moderna\" class=\"wp-image-153415\" srcset=\"https:\/\/www.correiobraziliense.com.br\/cbradar\/wp-content\/uploads\/2025\/12\/balance_1765312595990-1024x576.jpg 1024w, https:\/\/www.correiobraziliense.com.br\/cbradar\/wp-content\/uploads\/2025\/12\/balance_1765312595990-300x169.jpg 300w, https:\/\/www.correiobraziliense.com.br\/cbradar\/wp-content\/uploads\/2025\/12\/balance_1765312595990-768x432.jpg 768w, https:\/\/www.correiobraziliense.com.br\/cbradar\/wp-content\/uploads\/2025\/12\/balance_1765312595990-750x422.jpg 750w, https:\/\/www.correiobraziliense.com.br\/cbradar\/wp-content\/uploads\/2025\/12\/balance_1765312595990-1140x641.jpg 1140w, https:\/\/www.correiobraziliense.com.br\/cbradar\/wp-content\/uploads\/2025\/12\/balance_1765312595990.jpg 1280w\" sizes=\"(max-width: 1024px) 100vw, 1024px\" \/><figcaption class=\"wp-element-caption\">Na Su\u00e9cia, o termo est\u00e1 profundamente ligado \u00e0 cultura social, ao estilo de vida e at\u00e9 ao ambiente corporativo &#8211; Cr\u00e9ditos: depositphotos.com \/ IgorVetushko<\/figcaption><\/figure><\/div>\n\n\n<h2 class=\"wp-block-heading\">Como o conceito virou alerta para a vida moderna e para o excesso de ambi\u00e7\u00e3o?<\/h2>\n\n\n\n<p>Nos \u00faltimos anos, \u201cLagom\u201d <a href=\"https:\/\/www.correiobraziliense.com.br\/cbradar\/o-significado-do-proverbio-chines-que-ensina-a-transformar-crises-em-oportunidade-em-2025\/\" target=\"_blank\" rel=\"noreferrer noopener\">passou a ser usado como refer\u00eancia em discuss\u00f5es sobre sa\u00fade mental<\/a>, burnout e hipercompetitividade. A ideia surge como resposta a um s\u00e9culo marcado por velocidade, ac\u00famulo e esgotamento.<\/p>\n\n\n\n<p>\u00c9 nesse contexto que frases atribu\u00eddas a Rockefeller aparecem como recurso interpretativo: apesar de ter sido um dos homens mais ricos da hist\u00f3ria, reflex\u00f5es sobre limites, prop\u00f3sito e satisfa\u00e7\u00e3o s\u00e3o frequentemente associadas a ele, n\u00e3o como origem do termo, mas como <strong>exemplos de que nem todo crescimento ilimitado traz bem-estar<\/strong>. Assim, Lagom se encaixa como um alerta moderno: saber parar \u00e9 t\u00e3o importante quanto saber avan\u00e7ar.<\/p>\n\n\n\n<p>O conceito \u00e9 utilizado no dia a dia por pessoas ao redor do mundo, <strong>Analice Martinsson<\/strong> fala um pouco sobre no TikTok:<\/p>\n\n\n\n<figure class=\"wp-block-embed is-type-video is-provider-tiktok wp-block-embed-tiktok\"><div class=\"wp-block-embed__wrapper\">\n<blockquote class=\"tiktok-embed\" cite=\"https:\/\/www.tiktok.com\/@analicemartinsson\/video\/7406423488157846816\" data-video-id=\"7406423488157846816\" data-embed-from=\"oembed\" style=\"max-width:605px; min-width:325px;\"> <section> <a target=\"_blank\" title=\"@analicemartinsson\" href=\"https:\/\/www.tiktok.com\/@analicemartinsson?refer=embed\">@analicemartinsson<\/a> <p>Os suecos s\u00e3o conhecidos por sua natureza reservada, modesta e equilibrada, refletindo o conceito de *lagom* \u2013 &#8220;nem demais, nem de menos, apenas o suficiente&#8221;.  Esse princ\u00edpio guia suas escolhas di\u00e1rias e rela\u00e7\u00f5es sociais, promovendo um estilo de vida onde o equil\u00edbrio \u00e9 essencial. A tend\u00eancia atual de &#8220;very demure, very mindful&#8221; captura bem esse esp\u00edrito sueco. Ser discreto, consciente e equilibrado est\u00e1 no cora\u00e7\u00e3o do *lagom*.  J\u00e1 pensou em adotar um pouco mais de *lagom* na sua vida? . . . The Swedish are known for being reserved, modest, and balanced\u2014traits that reflect their deep connection to the concept of *lagom*, which means &#8220;not too much, not too little, just right.&#8221; This principle shapes their daily choices and social interactions, emphasizing the importance of balance. The current trend of being &#8220;very demure, very mindful&#8221; perfectly captures this Swedish spirit. Being discreet, conscious, and balanced is at the heart of *lagom*. Have you considered bringing a bit more *lagom* into your life? . <a title=\"lagom\" target=\"_blank\" href=\"https:\/\/www.tiktok.com\/tag\/lagom?refer=embed\">#lagom<\/a> <a title=\"demure\" target=\"_blank\" href=\"https:\/\/www.tiktok.com\/tag\/demure?refer=embed\">#demure<\/a> <a title=\"mindful\" target=\"_blank\" href=\"https:\/\/www.tiktok.com\/tag\/mindful?refer=embed\">#mindful<\/a> <a title=\"verydemure\" target=\"_blank\" href=\"https:\/\/www.tiktok.com\/tag\/verydemure?refer=embed\">#verydemure<\/a> <a title=\"swedes\" target=\"_blank\" href=\"https:\/\/www.tiktok.com\/tag\/swedes?refer=embed\">#swedes<\/a> <a title=\"verydemure\" target=\"_blank\" href=\"https:\/\/www.tiktok.com\/tag\/verydemure?refer=embed\">#verydemure<\/a> <\/p> <a target=\"_blank\" title=\"\u266c som original - Analice Martinsson\" href=\"https:\/\/www.tiktok.com\/music\/som-original-7406423505145105184?refer=embed\">\u266c som original &#8211; Analice Martinsson<\/a> <\/section> <\/blockquote> <script async src=\"https:\/\/www.tiktok.com\/embed.js\"><\/script>\n<\/div><\/figure>\n\n\n\n<h2 class=\"wp-block-heading\">O que a psicologia v\u00ea no conceito de Lagom?<\/h2>\n\n\n\n<p>Pesquisas recentes mostram que estilos de vida baseados em modera\u00e7\u00e3o e autoconsci\u00eancia contribuem para menor estresse, melhor percep\u00e7\u00e3o de bem-estar e maior clareza nas decis\u00f5es. O equil\u00edbrio entre esfor\u00e7o e descanso favorece o funcionamento emocional e cognitivo, reduzindo a sensa\u00e7\u00e3o de sobrecarga constante.<\/p>\n\n\n\n<p>Lagom se aproxima dessas conclus\u00f5es ao propor um ritmo \u201csuficiente para ser saud\u00e1vel\u201d, evitando extremos. Por isso, o conceito ganhou for\u00e7a entre psic\u00f3logos, profissionais de sa\u00fade e estudiosos de comportamento que buscam alternativas realistas para o estilo de vida moderno.<\/p>\n\n\n<div class=\"wp-block-image\">\n<figure class=\"aligncenter size-large\"><img decoding=\"async\" width=\"1024\" height=\"576\" src=\"https:\/\/www.correiobraziliense.com.br\/cbradar\/wp-content\/uploads\/2025\/12\/balance_1765312604288-1024x576.jpg\" alt=\"O que significa &quot;Lagom&quot; e por que esse conceito sueco virou alerta para a vida moderna\" class=\"wp-image-153416\" srcset=\"https:\/\/www.correiobraziliense.com.br\/cbradar\/wp-content\/uploads\/2025\/12\/balance_1765312604288-1024x576.jpg 1024w, https:\/\/www.correiobraziliense.com.br\/cbradar\/wp-content\/uploads\/2025\/12\/balance_1765312604288-300x169.jpg 300w, https:\/\/www.correiobraziliense.com.br\/cbradar\/wp-content\/uploads\/2025\/12\/balance_1765312604288-768x432.jpg 768w, https:\/\/www.correiobraziliense.com.br\/cbradar\/wp-content\/uploads\/2025\/12\/balance_1765312604288-750x422.jpg 750w, https:\/\/www.correiobraziliense.com.br\/cbradar\/wp-content\/uploads\/2025\/12\/balance_1765312604288-1140x641.jpg 1140w, https:\/\/www.correiobraziliense.com.br\/cbradar\/wp-content\/uploads\/2025\/12\/balance_1765312604288.jpg 1280w\" sizes=\"(max-width: 1024px) 100vw, 1024px\" \/><figcaption class=\"wp-element-caption\">Nos \u00faltimos anos, \u201cLagom\u201d passou a ser usado como refer\u00eancia em discuss\u00f5es sobre sa\u00fade mental &#8211; Cr\u00e9ditos: depositphotos.com \/ juanjo39<\/figcaption><\/figure><\/div>\n\n\n<h2 class=\"wp-block-heading\">Como aplicar Lagom na vida pr\u00e1tica?<\/h2>\n\n\n\n<p>O conceito sueco pode ser incorporado ao dia a dia em pequenos gestos. Ele n\u00e3o exige mudan\u00e7as dr\u00e1sticas, apenas ajustes conscientes:<\/p>\n\n\n\n<ul class=\"wp-block-list\">\n<li>Estabelecer limites saud\u00e1veis no trabalho.<\/li>\n\n\n\n<li>Consumir com prop\u00f3sito, evitando excessos.<\/li>\n\n\n\n<li>Valorizar tempo de descanso como parte essencial da produtividade.<\/li>\n\n\n\n<li>Praticar gratid\u00e3o pelo que j\u00e1 se tem.<\/li>\n\n\n\n<li>Evitar compara\u00e7\u00f5es constantes, focando no pr\u00f3prio ritmo.<\/li>\n<\/ul>\n\n\n\n<p>No fundo, Lagom \u00e9 um lembrete contempor\u00e2neo: equil\u00edbrio n\u00e3o \u00e9 falta de ambi\u00e7\u00e3o, mas maturidade para reconhecer <strong>o ponto em que o \u201csuficiente\u201d \u00e9, de fato, o melhor caminho.<\/strong><\/p>\n","protected":false},"excerpt":{"rendered":"<p>Em 2025, a palavra sueca \u201cLagom\u201d voltou a ganhar espa\u00e7o em debates sobre bem-estar e limites pessoais, especialmente ap\u00f3s ser citada em reflex\u00f5es atribu\u00eddas a figuras hist\u00f3ricas como John D. Rockefeller, usadas frequentemente como met\u00e1fora para a busca de equil\u00edbrio. O termo carrega uma filosofia simples e profunda: \u201cnem demais, nem de menos , apenas [&hellip;]<\/p>\n","protected":false},"author":18,"featured_media":153414,"comment_status":"open","ping_status":"open","sticky":false,"template":"","format":"standard","meta":{"_yoast_wpseo_focuskw":"o que significa lagom e como se tornou s\u00edmbolo","_yoast_wpseo_title":"","_yoast_wpseo_metadesc":"Lagom \u00e9 o conceito sueco que est\u00e1 inspirando um novo estilo de vida em 2025. Entenda por que equil\u00edbrio virou o novo luxo.","jnews-multi-image_gallery":[],"jnews_single_post":{"format":"standard"},"jnews_primary_category":[],"jnews_social_meta":[],"jnews_override_counter":[],"footnotes":""},"categories":[112],"post_tag":[7118,12521,5812,12522],"class_list":["post-153411","post","type-post","status-publish","format-standard","has-post-thumbnail","hentry","category-curiosidades","tag-equilibrio-2","tag-lagom","tag-significado","tag-simbolo"],"yoast_head":"<!-- This site is optimized with the Yoast SEO plugin v24.6 - https:\/\/yoast.com\/wordpress\/plugins\/seo\/ -->\n<title>O que significa &quot;Lagom&quot; e por que esse conceito sueco virou alerta para a vida moderna - Correio Braziliense - Radar<\/title>\n<meta name=\"description\" content=\"Lagom \u00e9 o conceito sueco que est\u00e1 inspirando um novo estilo de vida em 2025. Entenda por que equil\u00edbrio virou o novo luxo.\" \/>\n<meta name=\"robots\" content=\"index, follow, max-snippet:-1, max-image-preview:large, max-video-preview:-1\" \/>\n<link rel=\"canonical\" href=\"https:\/\/www.correiobraziliense.com.br\/cbradar\/o-que-significa-lagom-e-por-que-esse-conceito-sueco-virou-alerta-para-a-vida-moderna\/\" \/>\n<meta property=\"og:locale\" content=\"pt_BR\" \/>\n<meta property=\"og:type\" content=\"article\" \/>\n<meta property=\"og:title\" content=\"O que significa &quot;Lagom&quot; e por que esse conceito sueco virou alerta para a vida moderna - Correio Braziliense - Radar\" \/>\n<meta property=\"og:description\" content=\"Lagom \u00e9 o conceito sueco que est\u00e1 inspirando um novo estilo de vida em 2025. Entenda por que equil\u00edbrio virou o novo luxo.\" \/>\n<meta property=\"og:url\" content=\"https:\/\/www.correiobraziliense.com.br\/cbradar\/o-que-significa-lagom-e-por-que-esse-conceito-sueco-virou-alerta-para-a-vida-moderna\/\" \/>\n<meta property=\"og:site_name\" content=\"Correio Braziliense - Radar\" \/>\n<meta property=\"article:published_time\" content=\"2025-12-10T15:15:00+00:00\" \/>\n<meta property=\"og:image\" content=\"https:\/\/www.correiobraziliense.com.br\/cbradar\/wp-content\/uploads\/2025\/12\/balance_1765312582555.jpg\" \/>\n\t<meta property=\"og:image:width\" content=\"1280\" \/>\n\t<meta property=\"og:image:height\" content=\"720\" \/>\n\t<meta property=\"og:image:type\" content=\"image\/jpeg\" \/>\n<meta name=\"author\" content=\"Maria Eduarda Pacheco\" \/>\n<meta name=\"twitter:card\" content=\"summary_large_image\" \/>\n<meta name=\"twitter:label1\" content=\"Escrito por\" \/>\n\t<meta name=\"twitter:data1\" content=\"Maria Eduarda Pacheco\" \/>\n\t<meta name=\"twitter:label2\" content=\"Est. tempo de leitura\" \/>\n\t<meta name=\"twitter:data2\" content=\"4 minutos\" \/>\n<!-- \/ Yoast SEO plugin. -->","yoast_head_json":{"title":"O que significa \"Lagom\" e por que esse conceito sueco virou alerta para a vida moderna - Correio Braziliense - Radar","description":"Lagom \u00e9 o conceito sueco que est\u00e1 inspirando um novo estilo de vida em 2025. Entenda por que equil\u00edbrio virou o novo luxo.","robots":{"index":"index","follow":"follow","max-snippet":"max-snippet:-1","max-image-preview":"max-image-preview:large","max-video-preview":"max-video-preview:-1"},"canonical":"https:\/\/www.correiobraziliense.com.br\/cbradar\/o-que-significa-lagom-e-por-que-esse-conceito-sueco-virou-alerta-para-a-vida-moderna\/","og_locale":"pt_BR","og_type":"article","og_title":"O que significa \"Lagom\" e por que esse conceito sueco virou alerta para a vida moderna - Correio Braziliense - Radar","og_description":"Lagom \u00e9 o conceito sueco que est\u00e1 inspirando um novo estilo de vida em 2025. Entenda por que equil\u00edbrio virou o novo luxo.","og_url":"https:\/\/www.correiobraziliense.com.br\/cbradar\/o-que-significa-lagom-e-por-que-esse-conceito-sueco-virou-alerta-para-a-vida-moderna\/","og_site_name":"Correio Braziliense - Radar","article_published_time":"2025-12-10T15:15:00+00:00","og_image":[{"width":1280,"height":720,"url":"https:\/\/www.correiobraziliense.com.br\/cbradar\/wp-content\/uploads\/2025\/12\/balance_1765312582555.jpg","type":"image\/jpeg"}],"author":"Maria Eduarda Pacheco","twitter_card":"summary_large_image","twitter_misc":{"Escrito por":"Maria Eduarda Pacheco","Est. tempo de leitura":"4 minutos"},"schema":{"@context":"https:\/\/schema.org","@graph":[{"@type":"WebPage","@id":"https:\/\/www.correiobraziliense.com.br\/cbradar\/o-que-significa-lagom-e-por-que-esse-conceito-sueco-virou-alerta-para-a-vida-moderna\/","url":"https:\/\/www.correiobraziliense.com.br\/cbradar\/o-que-significa-lagom-e-por-que-esse-conceito-sueco-virou-alerta-para-a-vida-moderna\/","name":"O que significa \"Lagom\" e por que esse conceito sueco virou alerta para a vida moderna - Correio Braziliense - Radar","isPartOf":{"@id":"https:\/\/www.correiobraziliense.com.br\/cbradar\/#website"},"primaryImageOfPage":{"@id":"https:\/\/www.correiobraziliense.com.br\/cbradar\/o-que-significa-lagom-e-por-que-esse-conceito-sueco-virou-alerta-para-a-vida-moderna\/#primaryimage"},"image":{"@id":"https:\/\/www.correiobraziliense.com.br\/cbradar\/o-que-significa-lagom-e-por-que-esse-conceito-sueco-virou-alerta-para-a-vida-moderna\/#primaryimage"},"thumbnailUrl":"https:\/\/www.correiobraziliense.com.br\/cbradar\/wp-content\/uploads\/2025\/12\/balance_1765312582555.jpg","datePublished":"2025-12-10T15:15:00+00:00","author":{"@id":"https:\/\/www.correiobraziliense.com.br\/cbradar\/#\/schema\/person\/6fdd694c4c0d658f15df15f390ddf066"},"description":"Lagom \u00e9 o conceito sueco que est\u00e1 inspirando um novo estilo de vida em 2025. Entenda por que equil\u00edbrio virou o novo luxo.","breadcrumb":{"@id":"https:\/\/www.correiobraziliense.com.br\/cbradar\/o-que-significa-lagom-e-por-que-esse-conceito-sueco-virou-alerta-para-a-vida-moderna\/#breadcrumb"},"inLanguage":"pt-BR","potentialAction":[{"@type":"ReadAction","target":["https:\/\/www.correiobraziliense.com.br\/cbradar\/o-que-significa-lagom-e-por-que-esse-conceito-sueco-virou-alerta-para-a-vida-moderna\/"]}]},{"@type":"ImageObject","inLanguage":"pt-BR","@id":"https:\/\/www.correiobraziliense.com.br\/cbradar\/o-que-significa-lagom-e-por-que-esse-conceito-sueco-virou-alerta-para-a-vida-moderna\/#primaryimage","url":"https:\/\/www.correiobraziliense.com.br\/cbradar\/wp-content\/uploads\/2025\/12\/balance_1765312582555.jpg","contentUrl":"https:\/\/www.correiobraziliense.com.br\/cbradar\/wp-content\/uploads\/2025\/12\/balance_1765312582555.jpg","width":1280,"height":720,"caption":"Em 2025, a palavra sueca \u201cLagom\u201d voltou a ganhar espa\u00e7o em debates sobre bem-estar e limites pessoais - Cr\u00e9ditos: depositphotos.com \/ Joingate"},{"@type":"BreadcrumbList","@id":"https:\/\/www.correiobraziliense.com.br\/cbradar\/o-que-significa-lagom-e-por-que-esse-conceito-sueco-virou-alerta-para-a-vida-moderna\/#breadcrumb","itemListElement":[{"@type":"ListItem","position":1,"name":"In\u00edcio","item":"https:\/\/www.correiobraziliense.com.br\/cbradar\/"},{"@type":"ListItem","position":2,"name":"O que significa &#8220;Lagom&#8221; e por que esse conceito sueco virou alerta para a vida moderna"}]},{"@type":"WebSite","@id":"https:\/\/www.correiobraziliense.com.br\/cbradar\/#website","url":"https:\/\/www.correiobraziliense.com.br\/cbradar\/","name":"Correio Braziliense - Radar","description":"Acompanhe as \u00faltimas not\u00edcias e fique bem informado sobre tudo o que acontece no Brasil e no mundo.","potentialAction":[{"@type":"SearchAction","target":{"@type":"EntryPoint","urlTemplate":"https:\/\/www.correiobraziliense.com.br\/cbradar\/?s={search_term_string}"},"query-input":{"@type":"PropertyValueSpecification","valueRequired":true,"valueName":"search_term_string"}}],"inLanguage":"pt-BR"},{"@type":"Person","@id":"https:\/\/www.correiobraziliense.com.br\/cbradar\/#\/schema\/person\/6fdd694c4c0d658f15df15f390ddf066","name":"Maria Eduarda Pacheco","image":{"@type":"ImageObject","inLanguage":"pt-BR","@id":"https:\/\/www.correiobraziliense.com.br\/cbradar\/#\/schema\/person\/image\/","url":"https:\/\/secure.gravatar.com\/avatar\/f72a487b26fdeec08ba4868875ea328e?s=96&d=mm&r=g","contentUrl":"https:\/\/secure.gravatar.com\/avatar\/f72a487b26fdeec08ba4868875ea328e?s=96&d=mm&r=g","caption":"Maria Eduarda Pacheco"},"sameAs":["https:\/\/www.correiobraziliense.com.br\/cbradar\/"],"url":"https:\/\/www.correiobraziliense.com.br\/cbradar\/author\/maria-eduarda\/"}]}},"_links":{"self":[{"href":"https:\/\/www.correiobraziliense.com.br\/cbradar\/wp-json\/wp\/v2\/posts\/153411","targetHints":{"allow":["GET"]}}],"collection":[{"href":"https:\/\/www.correiobraziliense.com.br\/cbradar\/wp-json\/wp\/v2\/posts"}],"about":[{"href":"https:\/\/www.correiobraziliense.com.br\/cbradar\/wp-json\/wp\/v2\/types\/post"}],"author":[{"embeddable":true,"href":"https:\/\/www.correiobraziliense.com.br\/cbradar\/wp-json\/wp\/v2\/users\/18"}],"replies":[{"embeddable":true,"href":"https:\/\/www.correiobraziliense.com.br\/cbradar\/wp-json\/wp\/v2\/comments?post=153411"}],"version-history":[{"count":1,"href":"https:\/\/www.correiobraziliense.com.br\/cbradar\/wp-json\/wp\/v2\/posts\/153411\/revisions"}],"predecessor-version":[{"id":153417,"href":"https:\/\/www.correiobraziliense.com.br\/cbradar\/wp-json\/wp\/v2\/posts\/153411\/revisions\/153417"}],"wp:featuredmedia":[{"embeddable":true,"href":"https:\/\/www.correiobraziliense.com.br\/cbradar\/wp-json\/wp\/v2\/media\/153414"}],"wp:attachment":[{"href":"https:\/\/www.correiobraziliense.com.br\/cbradar\/wp-json\/wp\/v2\/media?parent=153411"}],"wp:term":[{"taxonomy":"category","embeddable":true,"href":"https:\/\/www.correiobraziliense.com.br\/cbradar\/wp-json\/wp\/v2\/categories?post=153411"},{"taxonomy":"post_tag","embeddable":true,"href":"https:\/\/www.correiobraziliense.com.br\/cbradar\/wp-json\/wp\/v2\/post_tag?post=153411"}],"curies":[{"name":"wp","href":"https:\/\/api.w.org\/{rel}","templated":true}]}}