{"id":153425,"date":"2025-12-10T14:15:00","date_gmt":"2025-12-10T17:15:00","guid":{"rendered":"https:\/\/www.correiobraziliense.com.br\/cbradar\/?p=153425"},"modified":"2025-12-09T18:07:19","modified_gmt":"2025-12-09T21:07:19","slug":"esse-habito-comum-pode-estar-danificando-suas-tacas-e-talheres-sem-que-voce-perceba","status":"publish","type":"post","link":"https:\/\/www.correiobraziliense.com.br\/cbradar\/esse-habito-comum-pode-estar-danificando-suas-tacas-e-talheres-sem-que-voce-perceba\/","title":{"rendered":"Esse h\u00e1bito comum pode estar danificando suas ta\u00e7as e talheres sem que voc\u00ea perceba"},"content":{"rendered":"\n<p>Muita gente tem o h\u00e1bito de abrir a lava-lou\u00e7as assim que o ciclo termina, mas em 2025 especialistas refor\u00e7am que isso pode <strong>danificar vidros, talheres e at\u00e9 a estrutura interna do aparelho<\/strong>. O motivo \u00e9 simples: o interior da m\u00e1quina permanece extremamente quente nos segundos ap\u00f3s o t\u00e9rmino da lavagem, e o choque t\u00e9rmico causado pelo contato imediato com o ar frio pode comprometer suas pe\u00e7as.<\/p>\n\n\n\n<h2 class=\"wp-block-heading\">Por que abrir a lava-lou\u00e7as logo ap\u00f3s o ciclo \u00e9 um erro?<\/h2>\n\n\n\n<p>Durante a lavagem, a lava-lou\u00e7as utiliza \u00e1gua em alta temperatura e libera grande quantidade de vapor. Quando o ciclo termina, esse vapor ainda est\u00e1 preso dentro da m\u00e1quina, mantendo o ambiente interno muito quente e \u00famido.<\/p>\n\n\n\n<p>Se voc\u00ea abre a porta imediatamente, o ar frio da cozinha entra em choque com os utens\u00edlios superquentes. Esse choque t\u00e9rmico pode:<\/p>\n\n\n\n<ul class=\"wp-block-list\">\n<li><strong>trincar ou opacificar vidros<\/strong> mais finos;<\/li>\n\n\n\n<li><strong>deformar pl\u00e1sticos sens\u00edveis ao calor<\/strong>;<\/li>\n\n\n\n<li><strong>manchar talheres met\u00e1licos<\/strong> rec\u00e9m-aquecidos;<\/li>\n\n\n\n<li>reduzir a vida \u00fatil de pe\u00e7as internas da lava-lou\u00e7as.<\/li>\n<\/ul>\n\n\n\n<p>Al\u00e9m disso, o vapor quente pode escapar rapidamente e causar <strong>pequenas queimaduras<\/strong> em quem estiver por perto.<\/p>\n\n\n<div class=\"wp-block-image\">\n<figure class=\"aligncenter size-large\"><img decoding=\"async\" width=\"1024\" height=\"576\" src=\"https:\/\/www.correiobraziliense.com.br\/cbradar\/wp-content\/uploads\/2025\/12\/dishwasher_1765314222238-1024x576.jpg\" alt=\"Esse h\u00e1bito comum pode estar danificando suas ta\u00e7as e talheres sem que voc\u00ea perceba\" class=\"wp-image-153430\" srcset=\"https:\/\/www.correiobraziliense.com.br\/cbradar\/wp-content\/uploads\/2025\/12\/dishwasher_1765314222238-1024x576.jpg 1024w, https:\/\/www.correiobraziliense.com.br\/cbradar\/wp-content\/uploads\/2025\/12\/dishwasher_1765314222238-300x169.jpg 300w, https:\/\/www.correiobraziliense.com.br\/cbradar\/wp-content\/uploads\/2025\/12\/dishwasher_1765314222238-768x432.jpg 768w, https:\/\/www.correiobraziliense.com.br\/cbradar\/wp-content\/uploads\/2025\/12\/dishwasher_1765314222238-750x422.jpg 750w, https:\/\/www.correiobraziliense.com.br\/cbradar\/wp-content\/uploads\/2025\/12\/dishwasher_1765314222238-1140x641.jpg 1140w, https:\/\/www.correiobraziliense.com.br\/cbradar\/wp-content\/uploads\/2025\/12\/dishwasher_1765314222238.jpg 1280w\" sizes=\"(max-width: 1024px) 100vw, 1024px\" \/><figcaption class=\"wp-element-caption\">Se voc\u00ea abre a porta imediatamente, o ar frio da cozinha entra em choque com os utens\u00edlios superquentes &#8211; Cr\u00e9ditos: depositphotos.com \/ REDPIXEL<\/figcaption><\/figure><\/div>\n\n\n<h2 class=\"wp-block-heading\">O vapor \u00e9 o respons\u00e1vel pela maior parte dos danos!<\/h2>\n\n\n\n<p>Quando a m\u00e1quina termina o ciclo, as lou\u00e7as permanecem molhadas e quentes, envolvidas por vapor em alta press\u00e3o. Essa combina\u00e7\u00e3o deixa o material mais vulner\u00e1vel.<\/p>\n\n\n\n<p>Vidros, por exemplo, podem sofrer microfraturas ao serem expostos abruptamente ao ar frio, enquanto talheres podem sofrer altera\u00e7\u00f5es de brilho. Em modelos com secagem por calor, o risco \u00e9 ainda maior, j\u00e1 que a temperatura interna pode ultrapassar 60 \u00b0C.<\/p>\n\n\n\n<h2 class=\"wp-block-heading\">Qual \u00e9 o tempo ideal para esperar antes de abrir a lava-lou\u00e7as?<\/h2>\n\n\n\n<p>Especialistas recomendam aguardar <strong>10 a 20 minutos<\/strong> ap\u00f3s o fim do ciclo. Esse intervalo permite que:<\/p>\n\n\n\n<ul class=\"wp-block-list\">\n<li>a temperatura interna diminua gradualmente;<\/li>\n\n\n\n<li>o vapor se condense, reduzindo o impacto t\u00e9rmico;<\/li>\n\n\n\n<li>as lou\u00e7as sequem melhor de forma natural.<\/li>\n<\/ul>\n\n\n\n<p>Em alguns aparelhos, o painel indica quando a abertura j\u00e1 \u00e9 segura, mas, quando isso n\u00e3o acontece, esperar alguns minutos \u00e9 suficiente para evitar danos.<\/p>\n\n\n<div class=\"wp-block-image\">\n<figure class=\"aligncenter size-large\"><img decoding=\"async\" width=\"1024\" height=\"576\" src=\"https:\/\/www.correiobraziliense.com.br\/cbradar\/wp-content\/uploads\/2025\/12\/wah_1765314250153-1024x576.jpg\" alt=\"Esse h\u00e1bito comum pode estar danificando suas ta\u00e7as e talheres sem que voc\u00ea perceba\" class=\"wp-image-153431\" srcset=\"https:\/\/www.correiobraziliense.com.br\/cbradar\/wp-content\/uploads\/2025\/12\/wah_1765314250153-1024x576.jpg 1024w, https:\/\/www.correiobraziliense.com.br\/cbradar\/wp-content\/uploads\/2025\/12\/wah_1765314250153-300x169.jpg 300w, https:\/\/www.correiobraziliense.com.br\/cbradar\/wp-content\/uploads\/2025\/12\/wah_1765314250153-768x432.jpg 768w, https:\/\/www.correiobraziliense.com.br\/cbradar\/wp-content\/uploads\/2025\/12\/wah_1765314250153-750x422.jpg 750w, https:\/\/www.correiobraziliense.com.br\/cbradar\/wp-content\/uploads\/2025\/12\/wah_1765314250153-1140x641.jpg 1140w, https:\/\/www.correiobraziliense.com.br\/cbradar\/wp-content\/uploads\/2025\/12\/wah_1765314250153.jpg 1280w\" sizes=\"(max-width: 1024px) 100vw, 1024px\" \/><figcaption class=\"wp-element-caption\">Vidros, por exemplo, podem sofrer microfraturas ao serem expostos abruptamente ao ar frio, enquanto talheres podem sofrer altera\u00e7\u00f5es de brilho &#8211; Cr\u00e9ditos: depositphotos.com \/ brizmaker<\/figcaption><\/figure><\/div>\n\n\n<h2 class=\"wp-block-heading\">Dicas para abrir a lava-lou\u00e7as sem risco:<\/h2>\n\n\n\n<p>Para reduzir impactos e prolongar a vida \u00fatil das suas lou\u00e7as, siga algumas boas pr\u00e1ticas:<\/p>\n\n\n\n<ul class=\"wp-block-list\">\n<li><strong>Abra a porta apenas alguns cent\u00edmetros<\/strong> primeiro, permitindo que o vapor escape devagar.<\/li>\n\n\n\n<li><strong>Evite colocar o rosto pr\u00f3ximo<\/strong> \u00e0 abertura, protegendo-se do vapor quente.<\/li>\n\n\n\n<li><strong>Retire primeiro itens menos sens\u00edveis<\/strong>, como talheres e pratos, deixando vidros e copos por \u00faltimo.<\/li>\n\n\n\n<li><strong>Use sempre o ciclo adequado<\/strong> ao tipo de material, evitando temperaturas excessivas para pe\u00e7as delicadas.<\/li>\n<\/ul>\n\n\n\n<p>A maioria dos danos pode ser evitada com o uso correto do aparelho, <strong>babscaricol <\/strong>ensina como usar a m\u00e1quina em casa no TikTok:<\/p>\n\n\n\n<figure class=\"wp-block-embed is-type-video is-provider-tiktok wp-block-embed-tiktok\"><div class=\"wp-block-embed__wrapper\">\n<blockquote class=\"tiktok-embed\" cite=\"https:\/\/www.tiktok.com\/@babscaricol\/video\/7352945290967567621\" data-video-id=\"7352945290967567621\" data-embed-from=\"oembed\" style=\"max-width:605px; min-width:325px;\"> <section> <a target=\"_blank\" title=\"@babscaricol\" href=\"https:\/\/www.tiktok.com\/@babscaricol?refer=embed\">@babscaricol<\/a> <p>Eu descobri isso esse ano, depois de usar errado por uns 20 anos kkkkk  <a title=\"fy\" target=\"_blank\" href=\"https:\/\/www.tiktok.com\/tag\/fy?refer=embed\">#fy<\/a> <a title=\"fyp\" target=\"_blank\" href=\"https:\/\/www.tiktok.com\/tag\/fyp?refer=embed\">#fyp<\/a> <a title=\"dicas\" target=\"_blank\" href=\"https:\/\/www.tiktok.com\/tag\/dicas?refer=embed\">#dicas<\/a> <a title=\"utilidadepublica\" target=\"_blank\" href=\"https:\/\/www.tiktok.com\/tag\/utilidadepublica?refer=embed\">#utilidadepublica<\/a> <a title=\"utilidades\" target=\"_blank\" href=\"https:\/\/www.tiktok.com\/tag\/utilidades?refer=embed\">#utilidades<\/a> <a title=\"lavalou\u00e7as\" target=\"_blank\" href=\"https:\/\/www.tiktok.com\/tag\/lavalou%C3%A7as?refer=embed\">#lavalou\u00e7as<\/a> <a title=\"brastemp\" target=\"_blank\" href=\"https:\/\/www.tiktok.com\/tag\/brastemp?refer=embed\">#brastemp<\/a> <\/p> <a target=\"_blank\" title=\"\u266c Walking Around - Instrumental Version - Eldar Kedem\" href=\"https:\/\/www.tiktok.com\/music\/Walking-Around-Instrumental-Version-6982541212746008578?refer=embed\">\u266c Walking Around &#8211; Instrumental Version &#8211; Eldar Kedem<\/a> <\/section> <\/blockquote> <script async src=\"https:\/\/www.tiktok.com\/embed.js\"><\/script>\n<\/div><\/figure>\n\n\n\n<p><a href=\"https:\/\/www.correiobraziliense.com.br\/cbradar\/esse-pequeno-erro-no-corte-da-carne-pode-arruinar-sua-refeicao-veja-como-evita-lo\/\" target=\"_blank\" rel=\"noreferrer noopener\">Com esses cuidados simples<\/a>, a lava-lou\u00e7as funciona melhor, as pe\u00e7as duram mais e acidentes s\u00e3o evitados, tudo sem esfor\u00e7o extra na rotina.<\/p>\n","protected":false},"excerpt":{"rendered":"<p>Muita gente tem o h\u00e1bito de abrir a lava-lou\u00e7as assim que o ciclo termina, mas em 2025 especialistas refor\u00e7am que isso pode danificar vidros, talheres e at\u00e9 a estrutura interna do aparelho. O motivo \u00e9 simples: o interior da m\u00e1quina permanece extremamente quente nos segundos ap\u00f3s o t\u00e9rmino da lavagem, e o choque t\u00e9rmico causado [&hellip;]<\/p>\n","protected":false},"author":18,"featured_media":153432,"comment_status":"open","ping_status":"open","sticky":false,"template":"","format":"standard","meta":{"_yoast_wpseo_focuskw":"perigos de abrir a lava lou\u00e7a antes da hora","_yoast_wpseo_title":"","_yoast_wpseo_metadesc":"Um h\u00e1bito comum pode estar encurtando a vida \u00fatil das suas lou\u00e7as. Saiba como evitar o choque t\u00e9rmico causado pela lava-lou\u00e7as.","jnews-multi-image_gallery":[],"jnews_single_post":{"format":"standard"},"jnews_primary_category":[],"jnews_social_meta":[],"jnews_override_counter":[],"footnotes":""},"categories":[112],"tags":[1101,12524,12523,12525],"class_list":["post-153425","post","type-post","status-publish","format-standard","has-post-thumbnail","hentry","category-curiosidades","tag-cuidados","tag-danos","tag-lava-loucas-2","tag-vapor"],"yoast_head":"<!-- This site is optimized with the Yoast SEO plugin v24.6 - https:\/\/yoast.com\/wordpress\/plugins\/seo\/ -->\n<title>Esse h\u00e1bito comum pode estar danificando suas ta\u00e7as e talheres sem que voc\u00ea perceba - Correio Braziliense - Radar<\/title>\n<meta name=\"description\" content=\"Um h\u00e1bito comum pode estar encurtando a vida \u00fatil das suas lou\u00e7as. Saiba como evitar o choque t\u00e9rmico causado pela lava-lou\u00e7as.\" \/>\n<meta name=\"robots\" content=\"index, follow, max-snippet:-1, max-image-preview:large, max-video-preview:-1\" \/>\n<link rel=\"canonical\" href=\"https:\/\/www.correiobraziliense.com.br\/cbradar\/esse-habito-comum-pode-estar-danificando-suas-tacas-e-talheres-sem-que-voce-perceba\/\" \/>\n<meta property=\"og:locale\" content=\"pt_BR\" \/>\n<meta property=\"og:type\" content=\"article\" \/>\n<meta property=\"og:title\" content=\"Esse h\u00e1bito comum pode estar danificando suas ta\u00e7as e talheres sem que voc\u00ea perceba - Correio Braziliense - Radar\" \/>\n<meta property=\"og:description\" content=\"Um h\u00e1bito comum pode estar encurtando a vida \u00fatil das suas lou\u00e7as. Saiba como evitar o choque t\u00e9rmico causado pela lava-lou\u00e7as.\" \/>\n<meta property=\"og:url\" content=\"https:\/\/www.correiobraziliense.com.br\/cbradar\/esse-habito-comum-pode-estar-danificando-suas-tacas-e-talheres-sem-que-voce-perceba\/\" \/>\n<meta property=\"og:site_name\" content=\"Correio Braziliense - Radar\" \/>\n<meta property=\"article:published_time\" content=\"2025-12-10T17:15:00+00:00\" \/>\n<meta property=\"og:image\" content=\"https:\/\/www.correiobraziliense.com.br\/cbradar\/wp-content\/uploads\/2025\/12\/washing-dishes_1765314276027.jpg\" \/>\n\t<meta property=\"og:image:width\" content=\"1280\" \/>\n\t<meta property=\"og:image:height\" content=\"720\" \/>\n\t<meta property=\"og:image:type\" content=\"image\/jpeg\" \/>\n<meta name=\"author\" content=\"Maria Eduarda Pacheco\" \/>\n<meta name=\"twitter:card\" content=\"summary_large_image\" \/>\n<meta name=\"twitter:label1\" content=\"Escrito por\" \/>\n\t<meta name=\"twitter:data1\" content=\"Maria Eduarda Pacheco\" \/>\n\t<meta name=\"twitter:label2\" content=\"Est. tempo de leitura\" \/>\n\t<meta name=\"twitter:data2\" content=\"4 minutos\" \/>\n<!-- \/ Yoast SEO plugin. -->","yoast_head_json":{"title":"Esse h\u00e1bito comum pode estar danificando suas ta\u00e7as e talheres sem que voc\u00ea perceba - Correio Braziliense - Radar","description":"Um h\u00e1bito comum pode estar encurtando a vida \u00fatil das suas lou\u00e7as. Saiba como evitar o choque t\u00e9rmico causado pela lava-lou\u00e7as.","robots":{"index":"index","follow":"follow","max-snippet":"max-snippet:-1","max-image-preview":"max-image-preview:large","max-video-preview":"max-video-preview:-1"},"canonical":"https:\/\/www.correiobraziliense.com.br\/cbradar\/esse-habito-comum-pode-estar-danificando-suas-tacas-e-talheres-sem-que-voce-perceba\/","og_locale":"pt_BR","og_type":"article","og_title":"Esse h\u00e1bito comum pode estar danificando suas ta\u00e7as e talheres sem que voc\u00ea perceba - Correio Braziliense - Radar","og_description":"Um h\u00e1bito comum pode estar encurtando a vida \u00fatil das suas lou\u00e7as. Saiba como evitar o choque t\u00e9rmico causado pela lava-lou\u00e7as.","og_url":"https:\/\/www.correiobraziliense.com.br\/cbradar\/esse-habito-comum-pode-estar-danificando-suas-tacas-e-talheres-sem-que-voce-perceba\/","og_site_name":"Correio Braziliense - Radar","article_published_time":"2025-12-10T17:15:00+00:00","og_image":[{"width":1280,"height":720,"url":"https:\/\/www.correiobraziliense.com.br\/cbradar\/wp-content\/uploads\/2025\/12\/washing-dishes_1765314276027.jpg","type":"image\/jpeg"}],"author":"Maria Eduarda Pacheco","twitter_card":"summary_large_image","twitter_misc":{"Escrito por":"Maria Eduarda Pacheco","Est. tempo de leitura":"4 minutos"},"schema":{"@context":"https:\/\/schema.org","@graph":[{"@type":"WebPage","@id":"https:\/\/www.correiobraziliense.com.br\/cbradar\/esse-habito-comum-pode-estar-danificando-suas-tacas-e-talheres-sem-que-voce-perceba\/","url":"https:\/\/www.correiobraziliense.com.br\/cbradar\/esse-habito-comum-pode-estar-danificando-suas-tacas-e-talheres-sem-que-voce-perceba\/","name":"Esse h\u00e1bito comum pode estar danificando suas ta\u00e7as e talheres sem que voc\u00ea perceba - Correio Braziliense - Radar","isPartOf":{"@id":"https:\/\/www.correiobraziliense.com.br\/cbradar\/#website"},"primaryImageOfPage":{"@id":"https:\/\/www.correiobraziliense.com.br\/cbradar\/esse-habito-comum-pode-estar-danificando-suas-tacas-e-talheres-sem-que-voce-perceba\/#primaryimage"},"image":{"@id":"https:\/\/www.correiobraziliense.com.br\/cbradar\/esse-habito-comum-pode-estar-danificando-suas-tacas-e-talheres-sem-que-voce-perceba\/#primaryimage"},"thumbnailUrl":"https:\/\/www.correiobraziliense.com.br\/cbradar\/wp-content\/uploads\/2025\/12\/washing-dishes_1765314276027.jpg","datePublished":"2025-12-10T17:15:00+00:00","author":{"@id":"https:\/\/www.correiobraziliense.com.br\/cbradar\/#\/schema\/person\/6fdd694c4c0d658f15df15f390ddf066"},"description":"Um h\u00e1bito comum pode estar encurtando a vida \u00fatil das suas lou\u00e7as. Saiba como evitar o choque t\u00e9rmico causado pela lava-lou\u00e7as.","breadcrumb":{"@id":"https:\/\/www.correiobraziliense.com.br\/cbradar\/esse-habito-comum-pode-estar-danificando-suas-tacas-e-talheres-sem-que-voce-perceba\/#breadcrumb"},"inLanguage":"pt-BR","potentialAction":[{"@type":"ReadAction","target":["https:\/\/www.correiobraziliense.com.br\/cbradar\/esse-habito-comum-pode-estar-danificando-suas-tacas-e-talheres-sem-que-voce-perceba\/"]}]},{"@type":"ImageObject","inLanguage":"pt-BR","@id":"https:\/\/www.correiobraziliense.com.br\/cbradar\/esse-habito-comum-pode-estar-danificando-suas-tacas-e-talheres-sem-que-voce-perceba\/#primaryimage","url":"https:\/\/www.correiobraziliense.com.br\/cbradar\/wp-content\/uploads\/2025\/12\/washing-dishes_1765314276027.jpg","contentUrl":"https:\/\/www.correiobraziliense.com.br\/cbradar\/wp-content\/uploads\/2025\/12\/washing-dishes_1765314276027.jpg","width":1280,"height":720,"caption":"Muita gente tem o h\u00e1bito de abrir a lava-lou\u00e7as assim que o ciclo termina, mas em 2025 especialistas refor\u00e7am que isso pode danificar vidros, talheres e at\u00e9 a estrutura interna do aparelho - Cr\u00e9ditos: depositphotos.com \/ IgorVetushko"},{"@type":"BreadcrumbList","@id":"https:\/\/www.correiobraziliense.com.br\/cbradar\/esse-habito-comum-pode-estar-danificando-suas-tacas-e-talheres-sem-que-voce-perceba\/#breadcrumb","itemListElement":[{"@type":"ListItem","position":1,"name":"In\u00edcio","item":"https:\/\/www.correiobraziliense.com.br\/cbradar\/"},{"@type":"ListItem","position":2,"name":"Esse h\u00e1bito comum pode estar danificando suas ta\u00e7as e talheres sem que voc\u00ea perceba"}]},{"@type":"WebSite","@id":"https:\/\/www.correiobraziliense.com.br\/cbradar\/#website","url":"https:\/\/www.correiobraziliense.com.br\/cbradar\/","name":"Correio Braziliense - Radar","description":"Acompanhe as \u00faltimas not\u00edcias e fique bem informado sobre tudo o que acontece no Brasil e no mundo.","potentialAction":[{"@type":"SearchAction","target":{"@type":"EntryPoint","urlTemplate":"https:\/\/www.correiobraziliense.com.br\/cbradar\/?s={search_term_string}"},"query-input":{"@type":"PropertyValueSpecification","valueRequired":true,"valueName":"search_term_string"}}],"inLanguage":"pt-BR"},{"@type":"Person","@id":"https:\/\/www.correiobraziliense.com.br\/cbradar\/#\/schema\/person\/6fdd694c4c0d658f15df15f390ddf066","name":"Maria Eduarda Pacheco","image":{"@type":"ImageObject","inLanguage":"pt-BR","@id":"https:\/\/www.correiobraziliense.com.br\/cbradar\/#\/schema\/person\/image\/","url":"https:\/\/secure.gravatar.com\/avatar\/f72a487b26fdeec08ba4868875ea328e?s=96&d=mm&r=g","contentUrl":"https:\/\/secure.gravatar.com\/avatar\/f72a487b26fdeec08ba4868875ea328e?s=96&d=mm&r=g","caption":"Maria Eduarda Pacheco"},"sameAs":["https:\/\/www.correiobraziliense.com.br\/cbradar\/"],"url":"https:\/\/www.correiobraziliense.com.br\/cbradar\/author\/maria-eduarda\/"}]}},"_links":{"self":[{"href":"https:\/\/www.correiobraziliense.com.br\/cbradar\/wp-json\/wp\/v2\/posts\/153425","targetHints":{"allow":["GET"]}}],"collection":[{"href":"https:\/\/www.correiobraziliense.com.br\/cbradar\/wp-json\/wp\/v2\/posts"}],"about":[{"href":"https:\/\/www.correiobraziliense.com.br\/cbradar\/wp-json\/wp\/v2\/types\/post"}],"author":[{"embeddable":true,"href":"https:\/\/www.correiobraziliense.com.br\/cbradar\/wp-json\/wp\/v2\/users\/18"}],"replies":[{"embeddable":true,"href":"https:\/\/www.correiobraziliense.com.br\/cbradar\/wp-json\/wp\/v2\/comments?post=153425"}],"version-history":[{"count":1,"href":"https:\/\/www.correiobraziliense.com.br\/cbradar\/wp-json\/wp\/v2\/posts\/153425\/revisions"}],"predecessor-version":[{"id":153435,"href":"https:\/\/www.correiobraziliense.com.br\/cbradar\/wp-json\/wp\/v2\/posts\/153425\/revisions\/153435"}],"wp:featuredmedia":[{"embeddable":true,"href":"https:\/\/www.correiobraziliense.com.br\/cbradar\/wp-json\/wp\/v2\/media\/153432"}],"wp:attachment":[{"href":"https:\/\/www.correiobraziliense.com.br\/cbradar\/wp-json\/wp\/v2\/media?parent=153425"}],"wp:term":[{"taxonomy":"category","embeddable":true,"href":"https:\/\/www.correiobraziliense.com.br\/cbradar\/wp-json\/wp\/v2\/categories?post=153425"},{"taxonomy":"post_tag","embeddable":true,"href":"https:\/\/www.correiobraziliense.com.br\/cbradar\/wp-json\/wp\/v2\/tags?post=153425"}],"curies":[{"name":"wp","href":"https:\/\/api.w.org\/{rel}","templated":true}]}}