{"id":153495,"date":"2025-12-10T21:35:00","date_gmt":"2025-12-11T00:35:00","guid":{"rendered":"https:\/\/www.correiobraziliense.com.br\/cbradar\/?p=153495"},"modified":"2025-12-09T20:31:01","modified_gmt":"2025-12-09T23:31:01","slug":"os-4-nomes-curtos-e-raros-que-soam-modernos-e-tem-significados-lindos","status":"publish","type":"post","link":"https:\/\/www.correiobraziliense.com.br\/cbradar\/os-4-nomes-curtos-e-raros-que-soam-modernos-e-tem-significados-lindos\/","title":{"rendered":"Os 4 nomes curtos e raros que soam modernos e t\u00eam significados lindos"},"content":{"rendered":"\n<p>Em 2025, cresce a busca por <strong>nomes curtos, raros e com sonoridade moderna<\/strong>, escolhas que unem estilo, simplicidade e significados profundos. Entre as tend\u00eancias est\u00e3o nomes ex\u00f3ticos, de origem internacional, com apenas duas ou tr\u00eas s\u00edlabas. Aqui est\u00e3o cinco deles que se destacam pela beleza e pela for\u00e7a.<\/p>\n\n\n\n<h2 class=\"wp-block-heading\">Noa \u00e9 curto, suave e carrega uma simbologia de descanso e harmonia<\/h2>\n\n\n\n<p><strong>Noa<\/strong> \u00e9 um nome unissex muito usado em pa\u00edses como Israel, Jap\u00e3o e Nova Zel\u00e2ndia. De origem hebraica, significa <strong>\u201cmovimento\u201d<\/strong> ou <strong>\u201cdescanso\u201d<\/strong> dependendo da interpreta\u00e7\u00e3o b\u00edblica.<\/p>\n\n\n\n<p>O nome Noah \u00e9 um dos preferidos atualmente, o significado foi explicado por <strong>Rodrigo Gambini,<\/strong> escritor, no TikTok:<\/p>\n\n\n\n<figure class=\"wp-block-embed is-type-video is-provider-tiktok wp-block-embed-tiktok\"><div class=\"wp-block-embed__wrapper\">\n<blockquote class=\"tiktok-embed\" cite=\"https:\/\/www.tiktok.com\/@rgambini\/video\/7159906535362055430\" data-video-id=\"7159906535362055430\" data-embed-from=\"oembed\" style=\"max-width:605px; min-width:325px;\"> <section> <a target=\"_blank\" title=\"@rgambini\" href=\"https:\/\/www.tiktok.com\/@rgambini?refer=embed\">@rgambini<\/a> <p>Respondendo a @c0smic0 <a title=\"noah\" target=\"_blank\" href=\"https:\/\/www.tiktok.com\/tag\/noah?refer=embed\">#noah<\/a> <a title=\"noe\" target=\"_blank\" href=\"https:\/\/www.tiktok.com\/tag\/noe?refer=embed\">#noe<\/a> <a title=\"namechallenge\" target=\"_blank\" href=\"https:\/\/www.tiktok.com\/tag\/namechallenge?refer=embed\">#namechallenge<\/a> <a title=\"nome\" target=\"_blank\" href=\"https:\/\/www.tiktok.com\/tag\/nome?refer=embed\">#nome<\/a> <a title=\"humor\" target=\"_blank\" href=\"https:\/\/www.tiktok.com\/tag\/humor?refer=embed\">#humor<\/a> <a title=\"fyp\" target=\"_blank\" href=\"https:\/\/www.tiktok.com\/tag\/fyp?refer=embed\">#fyp<\/a> <\/p> <a target=\"_blank\" title=\"\u266c Aesthetic - Tollan Kim\" href=\"https:\/\/www.tiktok.com\/music\/Aesthetic-7072513628145977346?refer=embed\">\u266c Aesthetic &#8211; Tollan Kim<\/a> <\/section> <\/blockquote> <script async src=\"https:\/\/www.tiktok.com\/embed.js\"><\/script>\n<\/div><\/figure>\n\n\n\n<p>Al\u00e9m da escrita minimalista, Noa <a href=\"https:\/\/www.correiobraziliense.com.br\/cbradar\/theo-virou-o-queridinho-dos-pais-modernos-e-esta-dominando-os-cartorios\/\" target=\"_blank\" rel=\"noreferrer noopener\">ganhou popularidade recente<\/a> pela sonoridade internacional e moderna, perfeito para fam\u00edlias que querem algo delicado, forte e raro no Brasil.<\/p>\n\n\n<div class=\"wp-block-image\">\n<figure class=\"aligncenter size-large\"><img decoding=\"async\" width=\"1024\" height=\"576\" src=\"https:\/\/www.correiobraziliense.com.br\/cbradar\/wp-content\/uploads\/2025\/12\/baby_1765313132916-1024x576.jpg\" alt=\"Os 4 nomes curtos e raros que soam modernos e t\u00eam significados lindos\" class=\"wp-image-153419\" srcset=\"https:\/\/www.correiobraziliense.com.br\/cbradar\/wp-content\/uploads\/2025\/12\/baby_1765313132916-1024x576.jpg 1024w, https:\/\/www.correiobraziliense.com.br\/cbradar\/wp-content\/uploads\/2025\/12\/baby_1765313132916-300x169.jpg 300w, https:\/\/www.correiobraziliense.com.br\/cbradar\/wp-content\/uploads\/2025\/12\/baby_1765313132916-768x432.jpg 768w, https:\/\/www.correiobraziliense.com.br\/cbradar\/wp-content\/uploads\/2025\/12\/baby_1765313132916-750x422.jpg 750w, https:\/\/www.correiobraziliense.com.br\/cbradar\/wp-content\/uploads\/2025\/12\/baby_1765313132916-1140x641.jpg 1140w, https:\/\/www.correiobraziliense.com.br\/cbradar\/wp-content\/uploads\/2025\/12\/baby_1765313132916.jpg 1280w\" sizes=\"(max-width: 1024px) 100vw, 1024px\" \/><figcaption class=\"wp-element-caption\">Noa ganhou popularidade recente pela sonoridade internacional e moderna, perfeito para fam\u00edlias que querem algo delicado, forte e raro no Brasil &#8211; Cr\u00e9ditos: depositphotos.com \/ AntonLozovoy<\/figcaption><\/figure><\/div>\n\n\n<h2 class=\"wp-block-heading\">Zyan tem um visual marcante e lembra nomes futuristas<\/h2>\n\n\n\n<p><strong>Zyan<\/strong> \u00e9 um nome curto associado a modernidade e energia. Sua origem \u00e9 debatida: em algumas tradi\u00e7\u00f5es, deriva de <em>Zayn<\/em>, que significa <strong>\u201cgra\u00e7a\u201d<\/strong> ou <strong>\u201cbeleza\u201d<\/strong> no \u00e1rabe; em outras, tem liga\u00e7\u00e3o com nomes persas ligados a luz.<\/p>\n\n\n\n<p>A combina\u00e7\u00e3o de letras com Z e Y d\u00e1 ao nome uma est\u00e9tica contempor\u00e2nea, muito procurada por quem deseja uma identidade \u00fanica para o beb\u00ea.<\/p>\n\n\n\n<h2 class=\"wp-block-heading\">Ema \u00e9 minimalista e combina delicadeza com for\u00e7a hist\u00f3rica<\/h2>\n\n\n\n<p><strong>Ema<\/strong> \u00e9 uma vers\u00e3o curta de nomes como Emma e Emilia, comum em l\u00ednguas germ\u00e2nicas. Significa <strong>\u201cuniversal\u201d<\/strong> ou <strong>\u201ca que \u00e9 completa\u201d<\/strong>.<\/p>\n\n\n\n<p>Por ser simples, r\u00e1pido de pronunciar e visualmente elegante, Ema se tornou queridinho entre pais que gostam de nomes cl\u00e1ssicos, por\u00e9m raros e atuais.<\/p>\n\n\n<div class=\"wp-block-image\">\n<figure class=\"aligncenter size-large\"><img decoding=\"async\" width=\"1024\" height=\"576\" src=\"https:\/\/www.correiobraziliense.com.br\/cbradar\/wp-content\/uploads\/2025\/12\/toddler-girl_1765301208023-1024x576.jpg\" alt=\"Os 4 nomes curtos e raros que soam modernos e t\u00eam significados lindos\" class=\"wp-image-153325\" srcset=\"https:\/\/www.correiobraziliense.com.br\/cbradar\/wp-content\/uploads\/2025\/12\/toddler-girl_1765301208023-1024x576.jpg 1024w, https:\/\/www.correiobraziliense.com.br\/cbradar\/wp-content\/uploads\/2025\/12\/toddler-girl_1765301208023-300x169.jpg 300w, https:\/\/www.correiobraziliense.com.br\/cbradar\/wp-content\/uploads\/2025\/12\/toddler-girl_1765301208023-768x432.jpg 768w, https:\/\/www.correiobraziliense.com.br\/cbradar\/wp-content\/uploads\/2025\/12\/toddler-girl_1765301208023-750x422.jpg 750w, https:\/\/www.correiobraziliense.com.br\/cbradar\/wp-content\/uploads\/2025\/12\/toddler-girl_1765301208023-1140x641.jpg 1140w, https:\/\/www.correiobraziliense.com.br\/cbradar\/wp-content\/uploads\/2025\/12\/toddler-girl_1765301208023.jpg 1280w\" sizes=\"(max-width: 1024px) 100vw, 1024px\" \/><figcaption class=\"wp-element-caption\">Por ser simples, r\u00e1pido de pronunciar e visualmente elegante, Ema se tornou queridinho entre pais que gostam de nomes cl\u00e1ssicos &#8211; Cr\u00e9ditos: depositphotos.com \/ pressmaster<\/figcaption><\/figure><\/div>\n\n\n<h2 class=\"wp-block-heading\">Aru \u00e9 raro no Brasil e tem significado ligado \u00e0 luz<\/h2>\n\n\n\n<p><strong>Aru<\/strong> aparece em tradi\u00e7\u00f5es ind\u00edgenas e asi\u00e1ticas com significados que remetem a <strong>\u201csol\u201d<\/strong>, <strong>\u201cclaridade\u201d<\/strong> ou <strong>\u201cesp\u00edrito luminoso\u201d<\/strong>. \u00c9 um nome extremamente curto, suave e com profundidade simb\u00f3lica.<\/p>\n\n\n\n<p>Sua raridade o torna especial para fam\u00edlias que buscam identidade cultural ou espiritual em nomes curtos.<\/p>\n","protected":false},"excerpt":{"rendered":"<p>Em 2025, cresce a busca por nomes curtos, raros e com sonoridade moderna, escolhas que unem estilo, simplicidade e significados profundos. Entre as tend\u00eancias est\u00e3o nomes ex\u00f3ticos, de origem internacional, com apenas duas ou tr\u00eas s\u00edlabas. Aqui est\u00e3o cinco deles que se destacam pela beleza e pela for\u00e7a. Noa \u00e9 curto, suave e carrega uma [&hellip;]<\/p>\n","protected":false},"author":18,"featured_media":153499,"comment_status":"open","ping_status":"open","sticky":false,"template":"","format":"standard","meta":{"_yoast_wpseo_focuskw":"4 nomes curtos e modernos","_yoast_wpseo_title":"","_yoast_wpseo_metadesc":"Estes 4 nomes curtos e modernos t\u00eam significados surpreendentes e est\u00e3o virando tend\u00eancia entre pais que buscam originalidade.","jnews-multi-image_gallery":[],"jnews_single_post":{"format":"standard"},"jnews_primary_category":[],"jnews_social_meta":[],"jnews_override_counter":[],"footnotes":""},"categories":[112],"post_tag":[5170,5202,4243,5812],"class_list":["post-153495","post","type-post","status-publish","format-standard","has-post-thumbnail","hentry","category-curiosidades","tag-modernidade","tag-nomes","tag-origem","tag-significado"],"yoast_head":"<!-- This site is optimized with the Yoast SEO plugin v24.6 - https:\/\/yoast.com\/wordpress\/plugins\/seo\/ -->\n<title>Os 4 nomes curtos e raros que soam modernos e t\u00eam significados lindos - Correio Braziliense - Radar<\/title>\n<meta name=\"description\" content=\"Estes 4 nomes curtos e modernos t\u00eam significados surpreendentes e est\u00e3o virando tend\u00eancia entre pais que buscam originalidade.\" \/>\n<meta name=\"robots\" content=\"index, follow, max-snippet:-1, max-image-preview:large, max-video-preview:-1\" \/>\n<link rel=\"canonical\" href=\"https:\/\/www.correiobraziliense.com.br\/cbradar\/os-4-nomes-curtos-e-raros-que-soam-modernos-e-tem-significados-lindos\/\" \/>\n<meta property=\"og:locale\" content=\"pt_BR\" \/>\n<meta property=\"og:type\" content=\"article\" \/>\n<meta property=\"og:title\" content=\"Os 4 nomes curtos e raros que soam modernos e t\u00eam significados lindos - Correio Braziliense - Radar\" \/>\n<meta property=\"og:description\" content=\"Estes 4 nomes curtos e modernos t\u00eam significados surpreendentes e est\u00e3o virando tend\u00eancia entre pais que buscam originalidade.\" \/>\n<meta property=\"og:url\" content=\"https:\/\/www.correiobraziliense.com.br\/cbradar\/os-4-nomes-curtos-e-raros-que-soam-modernos-e-tem-significados-lindos\/\" \/>\n<meta property=\"og:site_name\" content=\"Correio Braziliense - Radar\" \/>\n<meta property=\"article:published_time\" content=\"2025-12-11T00:35:00+00:00\" \/>\n<meta property=\"og:image\" content=\"https:\/\/www.correiobraziliense.com.br\/cbradar\/wp-content\/uploads\/2025\/12\/babies_1765322587756.jpg\" \/>\n\t<meta property=\"og:image:width\" content=\"1280\" \/>\n\t<meta property=\"og:image:height\" content=\"720\" \/>\n\t<meta property=\"og:image:type\" content=\"image\/jpeg\" \/>\n<meta name=\"author\" content=\"Maria Eduarda Pacheco\" \/>\n<meta name=\"twitter:card\" content=\"summary_large_image\" \/>\n<meta name=\"twitter:label1\" content=\"Escrito por\" \/>\n\t<meta name=\"twitter:data1\" content=\"Maria Eduarda Pacheco\" \/>\n\t<meta name=\"twitter:label2\" content=\"Est. tempo de leitura\" \/>\n\t<meta name=\"twitter:data2\" content=\"3 minutos\" \/>\n<!-- \/ Yoast SEO plugin. -->","yoast_head_json":{"title":"Os 4 nomes curtos e raros que soam modernos e t\u00eam significados lindos - Correio Braziliense - Radar","description":"Estes 4 nomes curtos e modernos t\u00eam significados surpreendentes e est\u00e3o virando tend\u00eancia entre pais que buscam originalidade.","robots":{"index":"index","follow":"follow","max-snippet":"max-snippet:-1","max-image-preview":"max-image-preview:large","max-video-preview":"max-video-preview:-1"},"canonical":"https:\/\/www.correiobraziliense.com.br\/cbradar\/os-4-nomes-curtos-e-raros-que-soam-modernos-e-tem-significados-lindos\/","og_locale":"pt_BR","og_type":"article","og_title":"Os 4 nomes curtos e raros que soam modernos e t\u00eam significados lindos - Correio Braziliense - Radar","og_description":"Estes 4 nomes curtos e modernos t\u00eam significados surpreendentes e est\u00e3o virando tend\u00eancia entre pais que buscam originalidade.","og_url":"https:\/\/www.correiobraziliense.com.br\/cbradar\/os-4-nomes-curtos-e-raros-que-soam-modernos-e-tem-significados-lindos\/","og_site_name":"Correio Braziliense - Radar","article_published_time":"2025-12-11T00:35:00+00:00","og_image":[{"width":1280,"height":720,"url":"https:\/\/www.correiobraziliense.com.br\/cbradar\/wp-content\/uploads\/2025\/12\/babies_1765322587756.jpg","type":"image\/jpeg"}],"author":"Maria Eduarda Pacheco","twitter_card":"summary_large_image","twitter_misc":{"Escrito por":"Maria Eduarda Pacheco","Est. tempo de leitura":"3 minutos"},"schema":{"@context":"https:\/\/schema.org","@graph":[{"@type":"WebPage","@id":"https:\/\/www.correiobraziliense.com.br\/cbradar\/os-4-nomes-curtos-e-raros-que-soam-modernos-e-tem-significados-lindos\/","url":"https:\/\/www.correiobraziliense.com.br\/cbradar\/os-4-nomes-curtos-e-raros-que-soam-modernos-e-tem-significados-lindos\/","name":"Os 4 nomes curtos e raros que soam modernos e t\u00eam significados lindos - Correio Braziliense - Radar","isPartOf":{"@id":"https:\/\/www.correiobraziliense.com.br\/cbradar\/#website"},"primaryImageOfPage":{"@id":"https:\/\/www.correiobraziliense.com.br\/cbradar\/os-4-nomes-curtos-e-raros-que-soam-modernos-e-tem-significados-lindos\/#primaryimage"},"image":{"@id":"https:\/\/www.correiobraziliense.com.br\/cbradar\/os-4-nomes-curtos-e-raros-que-soam-modernos-e-tem-significados-lindos\/#primaryimage"},"thumbnailUrl":"https:\/\/www.correiobraziliense.com.br\/cbradar\/wp-content\/uploads\/2025\/12\/babies_1765322587756.jpg","datePublished":"2025-12-11T00:35:00+00:00","author":{"@id":"https:\/\/www.correiobraziliense.com.br\/cbradar\/#\/schema\/person\/6fdd694c4c0d658f15df15f390ddf066"},"description":"Estes 4 nomes curtos e modernos t\u00eam significados surpreendentes e est\u00e3o virando tend\u00eancia entre pais que buscam originalidade.","breadcrumb":{"@id":"https:\/\/www.correiobraziliense.com.br\/cbradar\/os-4-nomes-curtos-e-raros-que-soam-modernos-e-tem-significados-lindos\/#breadcrumb"},"inLanguage":"pt-BR","potentialAction":[{"@type":"ReadAction","target":["https:\/\/www.correiobraziliense.com.br\/cbradar\/os-4-nomes-curtos-e-raros-que-soam-modernos-e-tem-significados-lindos\/"]}]},{"@type":"ImageObject","inLanguage":"pt-BR","@id":"https:\/\/www.correiobraziliense.com.br\/cbradar\/os-4-nomes-curtos-e-raros-que-soam-modernos-e-tem-significados-lindos\/#primaryimage","url":"https:\/\/www.correiobraziliense.com.br\/cbradar\/wp-content\/uploads\/2025\/12\/babies_1765322587756.jpg","contentUrl":"https:\/\/www.correiobraziliense.com.br\/cbradar\/wp-content\/uploads\/2025\/12\/babies_1765322587756.jpg","width":1280,"height":720,"caption":"Esses nomes mostram como poucas letras podem carregar personalidade, beleza e significado profundo - Cr\u00e9ditos: depositphotos.com \/ IuliiaVerstaBO"},{"@type":"BreadcrumbList","@id":"https:\/\/www.correiobraziliense.com.br\/cbradar\/os-4-nomes-curtos-e-raros-que-soam-modernos-e-tem-significados-lindos\/#breadcrumb","itemListElement":[{"@type":"ListItem","position":1,"name":"In\u00edcio","item":"https:\/\/www.correiobraziliense.com.br\/cbradar\/"},{"@type":"ListItem","position":2,"name":"Os 4 nomes curtos e raros que soam modernos e t\u00eam significados lindos"}]},{"@type":"WebSite","@id":"https:\/\/www.correiobraziliense.com.br\/cbradar\/#website","url":"https:\/\/www.correiobraziliense.com.br\/cbradar\/","name":"Correio Braziliense - Radar","description":"Acompanhe as \u00faltimas not\u00edcias e fique bem informado sobre tudo o que acontece no Brasil e no mundo.","potentialAction":[{"@type":"SearchAction","target":{"@type":"EntryPoint","urlTemplate":"https:\/\/www.correiobraziliense.com.br\/cbradar\/?s={search_term_string}"},"query-input":{"@type":"PropertyValueSpecification","valueRequired":true,"valueName":"search_term_string"}}],"inLanguage":"pt-BR"},{"@type":"Person","@id":"https:\/\/www.correiobraziliense.com.br\/cbradar\/#\/schema\/person\/6fdd694c4c0d658f15df15f390ddf066","name":"Maria Eduarda Pacheco","image":{"@type":"ImageObject","inLanguage":"pt-BR","@id":"https:\/\/www.correiobraziliense.com.br\/cbradar\/#\/schema\/person\/image\/","url":"https:\/\/secure.gravatar.com\/avatar\/f72a487b26fdeec08ba4868875ea328e?s=96&d=mm&r=g","contentUrl":"https:\/\/secure.gravatar.com\/avatar\/f72a487b26fdeec08ba4868875ea328e?s=96&d=mm&r=g","caption":"Maria Eduarda Pacheco"},"sameAs":["https:\/\/www.correiobraziliense.com.br\/cbradar\/"],"url":"https:\/\/www.correiobraziliense.com.br\/cbradar\/author\/maria-eduarda\/"}]}},"_links":{"self":[{"href":"https:\/\/www.correiobraziliense.com.br\/cbradar\/wp-json\/wp\/v2\/posts\/153495","targetHints":{"allow":["GET"]}}],"collection":[{"href":"https:\/\/www.correiobraziliense.com.br\/cbradar\/wp-json\/wp\/v2\/posts"}],"about":[{"href":"https:\/\/www.correiobraziliense.com.br\/cbradar\/wp-json\/wp\/v2\/types\/post"}],"author":[{"embeddable":true,"href":"https:\/\/www.correiobraziliense.com.br\/cbradar\/wp-json\/wp\/v2\/users\/18"}],"replies":[{"embeddable":true,"href":"https:\/\/www.correiobraziliense.com.br\/cbradar\/wp-json\/wp\/v2\/comments?post=153495"}],"version-history":[{"count":1,"href":"https:\/\/www.correiobraziliense.com.br\/cbradar\/wp-json\/wp\/v2\/posts\/153495\/revisions"}],"predecessor-version":[{"id":153505,"href":"https:\/\/www.correiobraziliense.com.br\/cbradar\/wp-json\/wp\/v2\/posts\/153495\/revisions\/153505"}],"wp:featuredmedia":[{"embeddable":true,"href":"https:\/\/www.correiobraziliense.com.br\/cbradar\/wp-json\/wp\/v2\/media\/153499"}],"wp:attachment":[{"href":"https:\/\/www.correiobraziliense.com.br\/cbradar\/wp-json\/wp\/v2\/media?parent=153495"}],"wp:term":[{"taxonomy":"category","embeddable":true,"href":"https:\/\/www.correiobraziliense.com.br\/cbradar\/wp-json\/wp\/v2\/categories?post=153495"},{"taxonomy":"post_tag","embeddable":true,"href":"https:\/\/www.correiobraziliense.com.br\/cbradar\/wp-json\/wp\/v2\/post_tag?post=153495"}],"curies":[{"name":"wp","href":"https:\/\/api.w.org\/{rel}","templated":true}]}}