{"id":153535,"date":"2025-12-10T18:25:00","date_gmt":"2025-12-10T21:25:00","guid":{"rendered":"https:\/\/www.correiobraziliense.com.br\/cbradar\/?p=153535"},"modified":"2025-12-09T20:50:33","modified_gmt":"2025-12-09T23:50:33","slug":"como-aliviar-a-dor-da-amigdalite-em-casa","status":"publish","type":"post","link":"https:\/\/www.correiobraziliense.com.br\/cbradar\/como-aliviar-a-dor-da-amigdalite-em-casa\/","title":{"rendered":"Como aliviar a dor da amigdalite em casa"},"content":{"rendered":"\n<p>A <strong>Amigdalite<\/strong>, uma inflama\u00e7\u00e3o das am\u00edgdalas, apresenta-se como um problema comum, manifestando-se com sintomas como dor de garganta, vermelhid\u00e3o, incha\u00e7o, dificuldade para engolir e febre. Esta condi\u00e7\u00e3o pode ser causada tanto por v\u00edrus quanto por bact\u00e9rias e requer tratamento m\u00e9dico especializado. Embora o otorrinolaringologista seja o profissional indicado para orientar o paciente, algumas medidas caseiras podem auxiliar na recupera\u00e7\u00e3o.<\/p>\n\n\n\n<h2 class=\"wp-block-heading\">Quais s\u00e3o os principais tratamentos para a Amigdalite?<\/h2>\n\n\n\n<p>Ao tratar a Amigdalite, o repouso destaca-se como uma abordagem crucial, ajudando o sistema imunol\u00f3gico a combater agentes infecciosos. Atividades f\u00edsicas devem ser evitadas, pois podem retardar a cura e aumentar o risco de exposi\u00e7\u00e3o a novos pat\u00f3genos. Al\u00e9m disso, manter-se hidratado \u00e9 essencial, especialmente se houver febre, para evitar a desidrata\u00e7\u00e3o e ajudar a acalmar a irrita\u00e7\u00e3o da garganta.<\/p>\n\n\n\n<p>Os anti-inflamat\u00f3rios, como ibuprofeno e naproxeno, s\u00e3o frequentemente prescritos, especialmente em casos de Amigdalite viral, para reduzir o incha\u00e7o e a dor. J\u00e1 em casos de infec\u00e7\u00e3o bacteriana, os antibi\u00f3ticos, como a amoxicilina, podem ser necess\u00e1rios para eliminar as bact\u00e9rias respons\u00e1veis pela inflama\u00e7\u00e3o. \u00c9 crucial seguir o tratamento indicado at\u00e9 o final para evitar a resist\u00eancia bacteriana.<\/p>\n\n\n\n<h2 class=\"wp-block-heading\">O uso de antibi\u00f3ticos \u00e9 sempre necess\u00e1rio?<\/h2>\n\n\n\n<p>A necessidade de antibi\u00f3ticos surge principalmente em casos de Amigdalite bacteriana. Medicamentos como amoxicilina e azitromicina s\u00e3o comumente usados para combater bact\u00e9rias do tipo Streptococcus e Pneumococos. Para aqueles que s\u00e3o al\u00e9rgicos \u00e0 penicilina, op\u00e7\u00f5es alternativas est\u00e3o dispon\u00edveis, mas \u00e9 importante completar o ciclo de medica\u00e7\u00e3o prescrito. Em casos de Amigdalite viral, por outro lado, os antibi\u00f3ticos n\u00e3o t\u00eam efeito e os tratamentos se baseiam em aliviar os <a href=\"https:\/\/www.correiobraziliense.com.br\/cbradar\/essa-comida-coreana-fortalece-a-imunidade-e-o-intestino\/\" target=\"_blank\" rel=\"noreferrer noopener\">sintomas<\/a>.<\/p>\n\n\n\n<h2 class=\"wp-block-heading\">Quando a cirurgia \u00e9 uma op\u00e7\u00e3o para a Amigdalite?<\/h2>\n\n\n\n<p>A cirurgia, conhecida como amigdalectomia, \u00e9 considerada em situa\u00e7\u00f5es de Amigdalite cr\u00f4nica ou quando h\u00e1 epis\u00f3dios recorrentes que n\u00e3o respondem ao tratamento convencional. Geralmente, mais de cinco ocorr\u00eancias anuais podem levar \u00e0 indica\u00e7\u00e3o cir\u00fargica. A recupera\u00e7\u00e3o ap\u00f3s a opera\u00e7\u00e3o pode ser longa, com recomenda\u00e7\u00f5es para dieta de alimentos pastosos que facilitam a ingest\u00e3o e reduzem a dor durante a recupera\u00e7\u00e3o.<\/p>\n\n\n\n<h2 class=\"wp-block-heading\">Existem tratamentos naturais para a Amigdalite?<\/h2>\n\n\n\n<p>Al\u00e9m do tratamento m\u00e9dico, pr\u00e1ticas caseiras como gargarejos com \u00e1gua morna e sal podem oferecer al\u00edvio. Este m\u00e9todo ajuda a reduzir a inflama\u00e7\u00e3o e eliminar bact\u00e9rias na garganta. Consumo de alimentos ricos em vitamina C, como laranjas e morangos, tamb\u00e9m pode fortalecer o sistema imunol\u00f3gico. Ch\u00e1s mornos, como os de lim\u00e3o e mel, s\u00e3o recomendados por suas propriedades anti-inflamat\u00f3rias e calmantes.<\/p>\n\n\n\n<p>Em rela\u00e7\u00e3o \u00e0 alimenta\u00e7\u00e3o, alimentos pastosos como pur\u00eas e mingaus s\u00e3o recomendados para facilitar a ingest\u00e3o sem causar dor. O zinco, presente em carnes e feij\u00f5es, tamb\u00e9m \u00e9 \u00fatil por fortalecer as defesas do corpo contra infec\u00e7\u00f5es. Na gravidez, qualquer tratamento deve ser cuidadosamente avaliado pelo m\u00e9dico devido aos riscos potenciais para o feto, priorizando op\u00e7\u00f5es seguras como o uso controlado de penicilina.<\/p>\n\n\n\n<p>Complica\u00e7\u00f5es da Amigdalite, como febre reum\u00e1tica e inflama\u00e7\u00e3o nos rins, podem surgir. Portanto, \u00e9 imprescind\u00edvel consultar um especialista para diagn\u00f3stico e tratamento adequados, garantindo uma recupera\u00e7\u00e3o eficaz e evitando consequ\u00eancias mais severas.<\/p>\n\n\n<a href=\"https:\/\/www.instagram.com\/dra.annaluisabf\/\" target=\"_blank\" rel=\"noopener\" style=\"text-decoration: none; color: inherit;\">\n    <span style=\"display: inline-block; border: 1px solid #ccc; border-radius: 10px; padding: 15px; max-width: 550px; font-family: sans-serif; box-shadow: 0 2px 5px rgba(0,0,0,0.1); width: 100%;\">\n\n      <!-- T\u00edtulo -->\n      <span style=\"display: block; margin: 0 0 15px 0; font-weight: bold; color: #2c3e50; text-align: center;\">\n        Entre em contato:\n      <\/span>\n\n      <!-- Linha do perfil -->\n      <span style=\"display: flex; align-items: center; gap: 15px;\">\n        <img decoding=\"async\"\n          src=\"https:\/\/www.correiobraziliense.com.br\/cbradar\/wp-content\/uploads\/2025\/08\/dra_anna_luisa.jpeg\"\n          alt=\"Foto da Dra. Anna Lu\u00edsa\"\n          style=\"border-radius: 50%; width: 80px; height: 80px; object-fit: cover;\"\n        \/>\n        <span style=\"display: flex; flex-direction: column;\">\n          <span style=\"font-size: 18px; font-weight: 700; color: #2c3e50;\">Dra. Anna Lu\u00edsa Barbosa Fernandes<\/span>\n          <span style=\"color: #555;\">CRM-GO 33.271<\/span>\n        <\/span>\n      <\/span>\n\n      <!-- Redes -->\n      <span style=\"display: flex; align-items: center; gap: 10px; margin-top: 12px;\">\n        <img decoding=\"async\" src=\"https:\/\/cdn-icons-png.flaticon.com\/24\/1384\/1384063.png\" alt=\"Instagram\" width=\"24\" height=\"24\" \/>\n        <span style=\"text-decoration: underline; color: #2c3e50;\">@dra.annaluisabf<\/span>\n      <\/span>\n\n    <\/span>\n  <\/a>","protected":false},"excerpt":{"rendered":"<p>A Amigdalite, uma inflama\u00e7\u00e3o das am\u00edgdalas, apresenta-se como um problema comum, manifestando-se com sintomas como dor de garganta, vermelhid\u00e3o, incha\u00e7o, dificuldade para engolir e febre. Esta condi\u00e7\u00e3o pode ser causada tanto por v\u00edrus quanto por bact\u00e9rias e requer tratamento m\u00e9dico especializado. Embora o otorrinolaringologista seja o profissional indicado para orientar o paciente, algumas medidas caseiras [&hellip;]<\/p>\n","protected":false},"author":14,"featured_media":0,"comment_status":"open","ping_status":"open","sticky":false,"template":"","format":"standard","meta":{"_yoast_wpseo_focuskw":"Amigdalite","_yoast_wpseo_title":"","_yoast_wpseo_metadesc":"Saiba tudo sobre a amigdalite: sintomas, tratamento com antibi\u00f3ticos e como os gargarejos podem ajudar.","jnews-multi-image_gallery":[],"jnews_single_post":{"format":"standard"},"jnews_primary_category":[],"jnews_social_meta":[],"jnews_override_counter":[],"footnotes":""},"categories":[4404],"tags":[12542,120,1318],"class_list":["post-153535","post","type-post","status-publish","format-standard","hentry","category-saude","tag-amigdalite","tag-bem-estar","tag-saude-2"],"yoast_head":"<!-- This site is optimized with the Yoast SEO plugin v24.6 - https:\/\/yoast.com\/wordpress\/plugins\/seo\/ -->\n<title>Como aliviar a dor da amigdalite em casa - Correio Braziliense - Radar<\/title>\n<meta name=\"description\" content=\"Saiba tudo sobre a amigdalite: sintomas, tratamento com antibi\u00f3ticos e como os gargarejos podem ajudar.\" \/>\n<meta name=\"robots\" content=\"index, follow, max-snippet:-1, max-image-preview:large, max-video-preview:-1\" \/>\n<link rel=\"canonical\" href=\"https:\/\/www.correiobraziliense.com.br\/cbradar\/como-aliviar-a-dor-da-amigdalite-em-casa\/\" \/>\n<meta property=\"og:locale\" content=\"pt_BR\" \/>\n<meta property=\"og:type\" content=\"article\" \/>\n<meta property=\"og:title\" content=\"Como aliviar a dor da amigdalite em casa - Correio Braziliense - Radar\" \/>\n<meta property=\"og:description\" content=\"Saiba tudo sobre a amigdalite: sintomas, tratamento com antibi\u00f3ticos e como os gargarejos podem ajudar.\" \/>\n<meta property=\"og:url\" content=\"https:\/\/www.correiobraziliense.com.br\/cbradar\/como-aliviar-a-dor-da-amigdalite-em-casa\/\" \/>\n<meta property=\"og:site_name\" content=\"Correio Braziliense - Radar\" \/>\n<meta property=\"article:published_time\" content=\"2025-12-10T21:25:00+00:00\" \/>\n<meta name=\"author\" content=\"guilherme_saude\" \/>\n<meta name=\"twitter:card\" content=\"summary_large_image\" \/>\n<meta name=\"twitter:label1\" content=\"Escrito por\" \/>\n\t<meta name=\"twitter:data1\" content=\"guilherme_saude\" \/>\n\t<meta name=\"twitter:label2\" content=\"Est. tempo de leitura\" \/>\n\t<meta name=\"twitter:data2\" content=\"4 minutos\" \/>\n<!-- \/ Yoast SEO plugin. -->","yoast_head_json":{"title":"Como aliviar a dor da amigdalite em casa - Correio Braziliense - Radar","description":"Saiba tudo sobre a amigdalite: sintomas, tratamento com antibi\u00f3ticos e como os gargarejos podem ajudar.","robots":{"index":"index","follow":"follow","max-snippet":"max-snippet:-1","max-image-preview":"max-image-preview:large","max-video-preview":"max-video-preview:-1"},"canonical":"https:\/\/www.correiobraziliense.com.br\/cbradar\/como-aliviar-a-dor-da-amigdalite-em-casa\/","og_locale":"pt_BR","og_type":"article","og_title":"Como aliviar a dor da amigdalite em casa - Correio Braziliense - Radar","og_description":"Saiba tudo sobre a amigdalite: sintomas, tratamento com antibi\u00f3ticos e como os gargarejos podem ajudar.","og_url":"https:\/\/www.correiobraziliense.com.br\/cbradar\/como-aliviar-a-dor-da-amigdalite-em-casa\/","og_site_name":"Correio Braziliense - Radar","article_published_time":"2025-12-10T21:25:00+00:00","author":"guilherme_saude","twitter_card":"summary_large_image","twitter_misc":{"Escrito por":"guilherme_saude","Est. tempo de leitura":"4 minutos"},"schema":{"@context":"https:\/\/schema.org","@graph":[{"@type":"WebPage","@id":"https:\/\/www.correiobraziliense.com.br\/cbradar\/como-aliviar-a-dor-da-amigdalite-em-casa\/","url":"https:\/\/www.correiobraziliense.com.br\/cbradar\/como-aliviar-a-dor-da-amigdalite-em-casa\/","name":"Como aliviar a dor da amigdalite em casa - Correio Braziliense - Radar","isPartOf":{"@id":"https:\/\/www.correiobraziliense.com.br\/cbradar\/#website"},"datePublished":"2025-12-10T21:25:00+00:00","author":{"@id":"https:\/\/www.correiobraziliense.com.br\/cbradar\/#\/schema\/person\/5aa4bf3c8fa699c267933611de12978b"},"description":"Saiba tudo sobre a amigdalite: sintomas, tratamento com antibi\u00f3ticos e como os gargarejos podem ajudar.","breadcrumb":{"@id":"https:\/\/www.correiobraziliense.com.br\/cbradar\/como-aliviar-a-dor-da-amigdalite-em-casa\/#breadcrumb"},"inLanguage":"pt-BR","potentialAction":[{"@type":"ReadAction","target":["https:\/\/www.correiobraziliense.com.br\/cbradar\/como-aliviar-a-dor-da-amigdalite-em-casa\/"]}]},{"@type":"BreadcrumbList","@id":"https:\/\/www.correiobraziliense.com.br\/cbradar\/como-aliviar-a-dor-da-amigdalite-em-casa\/#breadcrumb","itemListElement":[{"@type":"ListItem","position":1,"name":"In\u00edcio","item":"https:\/\/www.correiobraziliense.com.br\/cbradar\/"},{"@type":"ListItem","position":2,"name":"Como aliviar a dor da amigdalite em casa"}]},{"@type":"WebSite","@id":"https:\/\/www.correiobraziliense.com.br\/cbradar\/#website","url":"https:\/\/www.correiobraziliense.com.br\/cbradar\/","name":"Correio Braziliense - Radar","description":"Acompanhe as \u00faltimas not\u00edcias e fique bem informado sobre tudo o que acontece no Brasil e no mundo.","potentialAction":[{"@type":"SearchAction","target":{"@type":"EntryPoint","urlTemplate":"https:\/\/www.correiobraziliense.com.br\/cbradar\/?s={search_term_string}"},"query-input":{"@type":"PropertyValueSpecification","valueRequired":true,"valueName":"search_term_string"}}],"inLanguage":"pt-BR"},{"@type":"Person","@id":"https:\/\/www.correiobraziliense.com.br\/cbradar\/#\/schema\/person\/5aa4bf3c8fa699c267933611de12978b","name":"guilherme_saude","image":{"@type":"ImageObject","inLanguage":"pt-BR","@id":"https:\/\/www.correiobraziliense.com.br\/cbradar\/#\/schema\/person\/image\/","url":"https:\/\/secure.gravatar.com\/avatar\/df9adfb835d344bc0af109d41756253f?s=96&d=mm&r=g","contentUrl":"https:\/\/secure.gravatar.com\/avatar\/df9adfb835d344bc0af109d41756253f?s=96&d=mm&r=g","caption":"guilherme_saude"},"url":"https:\/\/www.correiobraziliense.com.br\/cbradar\/author\/guilherme_saude\/"}]}},"_links":{"self":[{"href":"https:\/\/www.correiobraziliense.com.br\/cbradar\/wp-json\/wp\/v2\/posts\/153535","targetHints":{"allow":["GET"]}}],"collection":[{"href":"https:\/\/www.correiobraziliense.com.br\/cbradar\/wp-json\/wp\/v2\/posts"}],"about":[{"href":"https:\/\/www.correiobraziliense.com.br\/cbradar\/wp-json\/wp\/v2\/types\/post"}],"author":[{"embeddable":true,"href":"https:\/\/www.correiobraziliense.com.br\/cbradar\/wp-json\/wp\/v2\/users\/14"}],"replies":[{"embeddable":true,"href":"https:\/\/www.correiobraziliense.com.br\/cbradar\/wp-json\/wp\/v2\/comments?post=153535"}],"version-history":[{"count":1,"href":"https:\/\/www.correiobraziliense.com.br\/cbradar\/wp-json\/wp\/v2\/posts\/153535\/revisions"}],"predecessor-version":[{"id":153536,"href":"https:\/\/www.correiobraziliense.com.br\/cbradar\/wp-json\/wp\/v2\/posts\/153535\/revisions\/153536"}],"wp:attachment":[{"href":"https:\/\/www.correiobraziliense.com.br\/cbradar\/wp-json\/wp\/v2\/media?parent=153535"}],"wp:term":[{"taxonomy":"category","embeddable":true,"href":"https:\/\/www.correiobraziliense.com.br\/cbradar\/wp-json\/wp\/v2\/categories?post=153535"},{"taxonomy":"post_tag","embeddable":true,"href":"https:\/\/www.correiobraziliense.com.br\/cbradar\/wp-json\/wp\/v2\/tags?post=153535"}],"curies":[{"name":"wp","href":"https:\/\/api.w.org\/{rel}","templated":true}]}}