{"id":153573,"date":"2025-12-11T17:45:00","date_gmt":"2025-12-11T20:45:00","guid":{"rendered":"https:\/\/www.correiobraziliense.com.br\/cbradar\/?p=153573"},"modified":"2025-12-10T10:15:49","modified_gmt":"2025-12-10T13:15:49","slug":"o-motivo-cientifico-que-faz-do-mel-um-dos-antibioticos-naturais-mais-poderosos","status":"publish","type":"post","link":"https:\/\/www.correiobraziliense.com.br\/cbradar\/o-motivo-cientifico-que-faz-do-mel-um-dos-antibioticos-naturais-mais-poderosos\/","title":{"rendered":"O motivo cient\u00edfico que faz do mel um dos antibi\u00f3ticos naturais mais poderosos"},"content":{"rendered":"\n<p>O <strong>mel<\/strong> (subst\u00e2ncia produzida pelas abelhas, comumente associada \u00e0 bot\u00e2nica pela fonte do n\u00e9ctar, como a <em>Apis mellifera<\/em> que coleta de diversas flores) \u00e9 um produto natural complexo, utilizado h\u00e1 mil\u00eanios como alimento e medicamento, com vastas <strong>propriedades curativas<\/strong>. Sua composi\u00e7\u00e3o, que inclui a\u00e7\u00facares, \u00e1gua, amino\u00e1cidos, vitaminas e <strong>compostos fen\u00f3licos<\/strong>, confere <strong>benef\u00edcios terap\u00eauticos<\/strong> not\u00e1veis, principalmente sua capacidade de atuar como um <strong>antibi\u00f3tico natural<\/strong> e um agente cicatrizante eficaz.<\/p>\n\n\n\n<ul class=\"wp-block-list\">\n<li>Possui <strong>a\u00e7\u00e3o antibacteriana<\/strong> de amplo espectro, devido ao per\u00f3xido de hidrog\u00eanio e baixo pH.<\/li>\n\n\n\n<li>Acelera a <strong>cicatriza\u00e7\u00e3o de feridas<\/strong> e \u00falceras, gra\u00e7as \u00e0s suas propriedades regenerativas.<\/li>\n\n\n\n<li>Contribui para o <strong>al\u00edvio da tosse<\/strong> e sintomas de infec\u00e7\u00f5es do trato respirat\u00f3rio superior.<\/li>\n<\/ul>\n\n\n\n<h2 class=\"wp-block-heading\">A\u00e7\u00e3o antibacteriana e efeito antibi\u00f3tico natural<\/h2>\n\n\n\n<p>Uma das mais importantes <strong>propriedades curativas<\/strong> do <strong>mel<\/strong> \u00e9 sua efic\u00e1cia como um <strong>antibi\u00f3tico natural<\/strong> de amplo espectro. Sua atividade antimicrobiana \u00e9 multifatorial, incluindo alta osmolaridade (o alto teor de a\u00e7\u00facar &#8216;suga&#8217; a \u00e1gua das bact\u00e9rias), baixo pH e, crucialmente, a produ\u00e7\u00e3o de <strong>per\u00f3xido de hidrog\u00eanio<\/strong>. A enzima glicose oxidase, presente no mel, gera lentamente esse poderoso agente antibacteriano, inibindo o crescimento de diversos microrganismos, inclusive cepas resistentes.<\/p>\n\n\n\n<blockquote class=\"wp-block-quote is-layout-flow wp-block-quote-is-layout-flow\">\n<p><em>&#8220;O mel \u00e9 reconhecido por sua poderosa a\u00e7\u00e3o bactericida e bacteriost\u00e1tica, sendo eficaz contra bact\u00e9rias gram-positivas e gram-negativas. O per\u00f3xido de hidrog\u00eanio, gerado enzimaticamente, e a alta osmolaridade s\u00e3o os principais fatores que contribuem para o seu extenso espectro antibacteriano.&#8221;<\/em> (MANSHA et al., 2011).<\/p>\n<\/blockquote>\n\n\n<div class=\"wp-block-image\">\n<figure class=\"aligncenter size-large\"><img decoding=\"async\" width=\"1024\" height=\"576\" src=\"https:\/\/www.correiobraziliense.com.br\/cbradar\/wp-content\/uploads\/2025\/09\/mel_1757349085935-1024x576.jpg\" alt=\"\" class=\"wp-image-100737\" srcset=\"https:\/\/www.correiobraziliense.com.br\/cbradar\/wp-content\/uploads\/2025\/09\/mel_1757349085935-1024x576.jpg 1024w, https:\/\/www.correiobraziliense.com.br\/cbradar\/wp-content\/uploads\/2025\/09\/mel_1757349085935-300x169.jpg 300w, https:\/\/www.correiobraziliense.com.br\/cbradar\/wp-content\/uploads\/2025\/09\/mel_1757349085935-768x432.jpg 768w, https:\/\/www.correiobraziliense.com.br\/cbradar\/wp-content\/uploads\/2025\/09\/mel_1757349085935-750x422.jpg 750w, https:\/\/www.correiobraziliense.com.br\/cbradar\/wp-content\/uploads\/2025\/09\/mel_1757349085935-1140x641.jpg 1140w, https:\/\/www.correiobraziliense.com.br\/cbradar\/wp-content\/uploads\/2025\/09\/mel_1757349085935.jpg 1280w\" sizes=\"(max-width: 1024px) 100vw, 1024px\" \/><figcaption class=\"wp-element-caption\">Uma das mais importantes propriedades curativas do mel \u00e9 sua efic\u00e1cia como um antibi\u00f3tico natural  &#8211; Cr\u00e9ditos: depositphotos.com \/ Aishun<\/figcaption><\/figure><\/div>\n\n\n<p>Leia tamb\u00e9m: <a href=\"https:\/\/www.correiobraziliense.com.br\/cbradar\/a-planta-antiga-que-desincha-ajuda-a-digerir-melhor-e-ainda-tem-efeito-vermifugo-natural\/\" target=\"_blank\" rel=\"noreferrer noopener\">A planta antiga que desincha, ajuda a digerir melhor e ainda tem efeito verm\u00edfugo natural<\/a><\/p>\n\n\n\n<h2 class=\"wp-block-heading\">Acelera\u00e7\u00e3o da cicatriza\u00e7\u00e3o de feridas e \u00falceras<\/h2>\n\n\n\n<p>O uso t\u00f3pico do <strong>mel<\/strong> para tratar feridas e queimaduras \u00e9 uma pr\u00e1tica milenar que tem sido amplamente validada pela medicina moderna. Al\u00e9m de suas <strong>propriedades antibi\u00f3ticas<\/strong>, o mel promove a <strong>cicatriza\u00e7\u00e3o<\/strong> atrav\u00e9s de v\u00e1rios mecanismos. Ele mant\u00e9m um ambiente \u00famido ideal para a regenera\u00e7\u00e3o do tecido, reduz a inflama\u00e7\u00e3o e fornece nutrientes para as c\u00e9lulas. O <strong>efeito anti-inflamat\u00f3rio<\/strong> do mel ajuda a diminuir o edema e a dor local.<\/p>\n\n\n\n<blockquote class=\"wp-block-quote is-layout-flow wp-block-quote-is-layout-flow\">\n<p><em>&#8220;O mel facilita o processo de cura da ferida por promover um ambiente \u00famido, estimular o crescimento de novo tecido (granula\u00e7\u00e3o) e exercer uma a\u00e7\u00e3o anti-inflamat\u00f3ria local. Esta combina\u00e7\u00e3o de fatores o torna um curativo biol\u00f3gico superior em muitos casos de \u00falceras e feridas cr\u00f4nicas.&#8221;<\/em> (MOLAN, 2001).<\/p>\n<\/blockquote>\n\n\n\n<h2 class=\"wp-block-heading\">Al\u00edvio da tosse e suporte ao trato respirat\u00f3rio<\/h2>\n\n\n\n<p>No tratamento de infec\u00e7\u00f5es do trato respirat\u00f3rio superior, o <strong>mel<\/strong> oferece <strong>benef\u00edcios terap\u00eauticos<\/strong> devido \u00e0s suas <strong>propriedades curativas<\/strong> demulcentes (que acalmam a irrita\u00e7\u00e3o) e leves. O mel reveste a garganta, reduzindo a irrita\u00e7\u00e3o que provoca a tosse, sendo considerado pela literatura m\u00e9dica mais eficaz do que alguns medicamentos antituss\u00edgenos de venda livre em crian\u00e7as. Essa <strong>a\u00e7\u00e3o calmante<\/strong> \u00e9 \u00fatil no manejo sintom\u00e1tico de resfriados e gripes.<\/p>\n\n\n\n<blockquote class=\"wp-block-quote is-layout-flow wp-block-quote-is-layout-flow\">\n<p><em>&#8220;Estudos comparativos demonstraram que o mel \u00e9 mais eficaz do que o dextrometorfano (um supressor de tosse comum) na redu\u00e7\u00e3o da frequ\u00eancia e da gravidade da tosse noturna e na melhoria da qualidade do sono em crian\u00e7as com infec\u00e7\u00f5es respirat\u00f3rias superiores.&#8221;<\/em> (PAUL et al., 2007).<\/p>\n<\/blockquote>\n\n\n\n<p>Para aprofundar essa t\u00e9cnica, selecionamos o conte\u00fado do canal <a href=\"https:\/\/www.youtube.com\/@planeta_intestino\" target=\"_blank\" rel=\"noreferrer noopener\">Dr. Fernando Lemos<\/a>, que j\u00e1 conta com mais de 7 milh\u00f5es de inscritos. No v\u00eddeo a seguir, o m\u00e9dico detalha outros benef\u00edcios do pr\u00f3polis na sa\u00fade:<\/p>\n\n\n\n<figure class=\"wp-block-embed is-type-video is-provider-youtube wp-block-embed-youtube wp-embed-aspect-16-9 wp-has-aspect-ratio\"><div class=\"wp-block-embed__wrapper\">\n<div class=\"jeg_video_container jeg_video_content\"><iframe loading=\"lazy\" title=\"\ud83d\udc1d\ud83c\udf6f PR\u00d3POLIS! Para que serve? Dr. Fernando Lemos - Planeta Intestino\" width=\"500\" height=\"281\" src=\"https:\/\/www.youtube.com\/embed\/LbTFWkplHrY?feature=oembed\" frameborder=\"0\" allow=\"accelerometer; autoplay; clipboard-write; encrypted-media; gyroscope; picture-in-picture; web-share\" referrerpolicy=\"strict-origin-when-cross-origin\" allowfullscreen><\/iframe><\/div>\n<\/div><\/figure>\n\n\n\n<p><strong>Importante:<\/strong> Nunca ofere\u00e7a <strong>mel<\/strong> para crian\u00e7as com menos de um ano de idade devido ao risco de botulismo infantil.<\/p>\n\n\n\n<h2 class=\"wp-block-heading\">Um rem\u00e9dio natural de efic\u00e1cia cient\u00edfica<\/h2>\n\n\n\n<p>O <strong>mel<\/strong> \u00e9 um dos <strong>compostos bioativos<\/strong> mais completos da natureza, com <strong>propriedades curativas<\/strong> que abrangem a sa\u00fade interna e externa. Sua <strong>a\u00e7\u00e3o antibi\u00f3tica natural<\/strong>, derivada da produ\u00e7\u00e3o de per\u00f3xido de hidrog\u00eanio, e sua capacidade de acelerar a <strong>cicatriza\u00e7\u00e3o de feridas<\/strong> e aliviar a tosse, s\u00e3o amplamente suportadas pela pesquisa cient\u00edfica. A riqueza em <strong>fitoqu\u00edmicos<\/strong> antioxidantes apenas refor\u00e7a o seu valor como um nutrac\u00eautico essencial e um dos rem\u00e9dios naturais mais antigos e confi\u00e1veis.<\/p>\n\n\n\n<ul class=\"wp-block-list\">\n<li>O <strong>mel<\/strong> atua como um <strong>antibi\u00f3tico natural<\/strong> devido \u00e0 alta osmolaridade e \u00e0 produ\u00e7\u00e3o enzim\u00e1tica de per\u00f3xido de hidrog\u00eanio.<\/li>\n\n\n\n<li>Seu uso t\u00f3pico \u00e9 comprovadamente eficaz na <strong>cicatriza\u00e7\u00e3o<\/strong> e regenera\u00e7\u00e3o de tecidos cut\u00e2neos.<\/li>\n\n\n\n<li>\u00c9 um demulcente natural que proporciona <strong>al\u00edvio da tosse<\/strong> em infec\u00e7\u00f5es respirat\u00f3rias.<\/li>\n<\/ul>\n\n\n\n<h2 class=\"wp-block-heading\">Refer\u00eancias Bibliogr\u00e1ficas<\/h2>\n\n\n\n<ul class=\"wp-block-list\">\n<li>MANSHA, S. et al. Honey: its wound healing properties and mechanisms. <em>Journal of Medical Food<\/em>, v. 14, n. 4, p. 343-349, 2011.<\/li>\n\n\n\n<li>MOLAN, P. C. Honey as a topical antibacterial agent for wound treatment. <em>International Journal of Antimicrobial Agents<\/em>, v. 17, n. 6, p. 411-417, 2001.<\/li>\n\n\n\n<li>PAUL, I. M. et al. Effect of honey, dextromethorphan, and no treatment on nocturnal cough and sleep quality for children with common cold. <em>Archives of Pediatrics &amp; Adolescent Medicine<\/em>, v. 161, n. 12, p. 1140-1146, 2007.<\/li>\n<\/ul>\n","protected":false},"excerpt":{"rendered":"<p>O mel (subst\u00e2ncia produzida pelas abelhas, comumente associada \u00e0 bot\u00e2nica pela fonte do n\u00e9ctar, como a Apis mellifera que coleta de diversas flores) \u00e9 um produto natural complexo, utilizado h\u00e1 mil\u00eanios como alimento e medicamento, com vastas propriedades curativas. Sua composi\u00e7\u00e3o, que inclui a\u00e7\u00facares, \u00e1gua, amino\u00e1cidos, vitaminas e compostos fen\u00f3licos, confere benef\u00edcios terap\u00eauticos not\u00e1veis, principalmente [&hellip;]<\/p>\n","protected":false},"author":9,"featured_media":153786,"comment_status":"open","ping_status":"open","sticky":false,"template":"","format":"standard","meta":{"_yoast_wpseo_focuskw":"benef\u00edcios do mel","_yoast_wpseo_title":"","_yoast_wpseo_metadesc":"O mel atua como antibi\u00f3tico natural, acelera a cicatriza\u00e7\u00e3o e alivia a tosse. Entenda como seus compostos promovem benef\u00edcios comprovados.","jnews-multi-image_gallery":[],"jnews_single_post":{"format":"standard"},"jnews_primary_category":[],"jnews_social_meta":[],"jnews_override_counter":[],"footnotes":""},"categories":[119],"tags":[8679,6196,8930,565],"class_list":["post-153573","post","type-post","status-publish","format-standard","has-post-thumbnail","hentry","category-bem-estar","tag-beneficios-2","tag-mel","tag-propolis","tag-saude"],"yoast_head":"<!-- This site is optimized with the Yoast SEO plugin v24.6 - https:\/\/yoast.com\/wordpress\/plugins\/seo\/ -->\n<title>O motivo cient\u00edfico que faz do mel um dos antibi\u00f3ticos naturais mais poderosos - Correio Braziliense - Radar<\/title>\n<meta name=\"description\" content=\"O mel atua como antibi\u00f3tico natural, acelera a cicatriza\u00e7\u00e3o e alivia a tosse. Entenda como seus compostos promovem benef\u00edcios comprovados.\" \/>\n<meta name=\"robots\" content=\"index, follow, max-snippet:-1, max-image-preview:large, max-video-preview:-1\" \/>\n<link rel=\"canonical\" href=\"https:\/\/www.correiobraziliense.com.br\/cbradar\/o-motivo-cientifico-que-faz-do-mel-um-dos-antibioticos-naturais-mais-poderosos\/\" \/>\n<meta property=\"og:locale\" content=\"pt_BR\" \/>\n<meta property=\"og:type\" content=\"article\" \/>\n<meta property=\"og:title\" content=\"O motivo cient\u00edfico que faz do mel um dos antibi\u00f3ticos naturais mais poderosos - Correio Braziliense - Radar\" \/>\n<meta property=\"og:description\" content=\"O mel atua como antibi\u00f3tico natural, acelera a cicatriza\u00e7\u00e3o e alivia a tosse. Entenda como seus compostos promovem benef\u00edcios comprovados.\" \/>\n<meta property=\"og:url\" content=\"https:\/\/www.correiobraziliense.com.br\/cbradar\/o-motivo-cientifico-que-faz-do-mel-um-dos-antibioticos-naturais-mais-poderosos\/\" \/>\n<meta property=\"og:site_name\" content=\"Correio Braziliense - Radar\" \/>\n<meta property=\"article:published_time\" content=\"2025-12-11T20:45:00+00:00\" \/>\n<meta property=\"og:image\" content=\"https:\/\/www.correiobraziliense.com.br\/cbradar\/wp-content\/uploads\/2025\/12\/freepik__faa-uma-imagem-realista-de-um-pote-de-mel-em-cima-__61464.jpeg\" \/>\n\t<meta property=\"og:image:width\" content=\"1280\" \/>\n\t<meta property=\"og:image:height\" content=\"720\" \/>\n\t<meta property=\"og:image:type\" content=\"image\/jpeg\" \/>\n<meta name=\"author\" content=\"Daniely Cardoso\" \/>\n<meta name=\"twitter:card\" content=\"summary_large_image\" \/>\n<meta name=\"twitter:label1\" content=\"Escrito por\" \/>\n\t<meta name=\"twitter:data1\" content=\"Daniely Cardoso\" \/>\n\t<meta name=\"twitter:label2\" content=\"Est. tempo de leitura\" \/>\n\t<meta name=\"twitter:data2\" content=\"4 minutos\" \/>\n<!-- \/ Yoast SEO plugin. -->","yoast_head_json":{"title":"O motivo cient\u00edfico que faz do mel um dos antibi\u00f3ticos naturais mais poderosos - Correio Braziliense - Radar","description":"O mel atua como antibi\u00f3tico natural, acelera a cicatriza\u00e7\u00e3o e alivia a tosse. Entenda como seus compostos promovem benef\u00edcios comprovados.","robots":{"index":"index","follow":"follow","max-snippet":"max-snippet:-1","max-image-preview":"max-image-preview:large","max-video-preview":"max-video-preview:-1"},"canonical":"https:\/\/www.correiobraziliense.com.br\/cbradar\/o-motivo-cientifico-que-faz-do-mel-um-dos-antibioticos-naturais-mais-poderosos\/","og_locale":"pt_BR","og_type":"article","og_title":"O motivo cient\u00edfico que faz do mel um dos antibi\u00f3ticos naturais mais poderosos - Correio Braziliense - Radar","og_description":"O mel atua como antibi\u00f3tico natural, acelera a cicatriza\u00e7\u00e3o e alivia a tosse. Entenda como seus compostos promovem benef\u00edcios comprovados.","og_url":"https:\/\/www.correiobraziliense.com.br\/cbradar\/o-motivo-cientifico-que-faz-do-mel-um-dos-antibioticos-naturais-mais-poderosos\/","og_site_name":"Correio Braziliense - Radar","article_published_time":"2025-12-11T20:45:00+00:00","og_image":[{"width":1280,"height":720,"url":"https:\/\/www.correiobraziliense.com.br\/cbradar\/wp-content\/uploads\/2025\/12\/freepik__faa-uma-imagem-realista-de-um-pote-de-mel-em-cima-__61464.jpeg","type":"image\/jpeg"}],"author":"Daniely Cardoso","twitter_card":"summary_large_image","twitter_misc":{"Escrito por":"Daniely Cardoso","Est. tempo de leitura":"4 minutos"},"schema":{"@context":"https:\/\/schema.org","@graph":[{"@type":"WebPage","@id":"https:\/\/www.correiobraziliense.com.br\/cbradar\/o-motivo-cientifico-que-faz-do-mel-um-dos-antibioticos-naturais-mais-poderosos\/","url":"https:\/\/www.correiobraziliense.com.br\/cbradar\/o-motivo-cientifico-que-faz-do-mel-um-dos-antibioticos-naturais-mais-poderosos\/","name":"O motivo cient\u00edfico que faz do mel um dos antibi\u00f3ticos naturais mais poderosos - Correio Braziliense - Radar","isPartOf":{"@id":"https:\/\/www.correiobraziliense.com.br\/cbradar\/#website"},"primaryImageOfPage":{"@id":"https:\/\/www.correiobraziliense.com.br\/cbradar\/o-motivo-cientifico-que-faz-do-mel-um-dos-antibioticos-naturais-mais-poderosos\/#primaryimage"},"image":{"@id":"https:\/\/www.correiobraziliense.com.br\/cbradar\/o-motivo-cientifico-que-faz-do-mel-um-dos-antibioticos-naturais-mais-poderosos\/#primaryimage"},"thumbnailUrl":"https:\/\/www.correiobraziliense.com.br\/cbradar\/wp-content\/uploads\/2025\/12\/freepik__faa-uma-imagem-realista-de-um-pote-de-mel-em-cima-__61464.jpeg","datePublished":"2025-12-11T20:45:00+00:00","author":{"@id":"https:\/\/www.correiobraziliense.com.br\/cbradar\/#\/schema\/person\/7356666e12ec0ee53f348ee5db227032"},"description":"O mel atua como antibi\u00f3tico natural, acelera a cicatriza\u00e7\u00e3o e alivia a tosse. Entenda como seus compostos promovem benef\u00edcios comprovados.","breadcrumb":{"@id":"https:\/\/www.correiobraziliense.com.br\/cbradar\/o-motivo-cientifico-que-faz-do-mel-um-dos-antibioticos-naturais-mais-poderosos\/#breadcrumb"},"inLanguage":"pt-BR","potentialAction":[{"@type":"ReadAction","target":["https:\/\/www.correiobraziliense.com.br\/cbradar\/o-motivo-cientifico-que-faz-do-mel-um-dos-antibioticos-naturais-mais-poderosos\/"]}]},{"@type":"ImageObject","inLanguage":"pt-BR","@id":"https:\/\/www.correiobraziliense.com.br\/cbradar\/o-motivo-cientifico-que-faz-do-mel-um-dos-antibioticos-naturais-mais-poderosos\/#primaryimage","url":"https:\/\/www.correiobraziliense.com.br\/cbradar\/wp-content\/uploads\/2025\/12\/freepik__faa-uma-imagem-realista-de-um-pote-de-mel-em-cima-__61464.jpeg","contentUrl":"https:\/\/www.correiobraziliense.com.br\/cbradar\/wp-content\/uploads\/2025\/12\/freepik__faa-uma-imagem-realista-de-um-pote-de-mel-em-cima-__61464.jpeg","width":1280,"height":720,"caption":"O mel \u00e9 produzido pelas abelhas a partir do n\u00e9ctar das flores"},{"@type":"BreadcrumbList","@id":"https:\/\/www.correiobraziliense.com.br\/cbradar\/o-motivo-cientifico-que-faz-do-mel-um-dos-antibioticos-naturais-mais-poderosos\/#breadcrumb","itemListElement":[{"@type":"ListItem","position":1,"name":"In\u00edcio","item":"https:\/\/www.correiobraziliense.com.br\/cbradar\/"},{"@type":"ListItem","position":2,"name":"O motivo cient\u00edfico que faz do mel um dos antibi\u00f3ticos naturais mais poderosos"}]},{"@type":"WebSite","@id":"https:\/\/www.correiobraziliense.com.br\/cbradar\/#website","url":"https:\/\/www.correiobraziliense.com.br\/cbradar\/","name":"Correio Braziliense - Radar","description":"Acompanhe as \u00faltimas not\u00edcias e fique bem informado sobre tudo o que acontece no Brasil e no mundo.","potentialAction":[{"@type":"SearchAction","target":{"@type":"EntryPoint","urlTemplate":"https:\/\/www.correiobraziliense.com.br\/cbradar\/?s={search_term_string}"},"query-input":{"@type":"PropertyValueSpecification","valueRequired":true,"valueName":"search_term_string"}}],"inLanguage":"pt-BR"},{"@type":"Person","@id":"https:\/\/www.correiobraziliense.com.br\/cbradar\/#\/schema\/person\/7356666e12ec0ee53f348ee5db227032","name":"Daniely Cardoso","image":{"@type":"ImageObject","inLanguage":"pt-BR","@id":"https:\/\/www.correiobraziliense.com.br\/cbradar\/#\/schema\/person\/image\/","url":"https:\/\/secure.gravatar.com\/avatar\/4b80ddbd124d1f071b626d52d62e5dff?s=96&d=mm&r=g","contentUrl":"https:\/\/secure.gravatar.com\/avatar\/4b80ddbd124d1f071b626d52d62e5dff?s=96&d=mm&r=g","caption":"Daniely Cardoso"},"description":"Redatora nos portais CB Radar e EM Foco, formada pela Universidade Federal de Goi\u00e1s, em Goi\u00e2nia. Apaixonada por comunica\u00e7\u00e3o, arte, decora\u00e7\u00e3o e tend\u00eancias, atuo na produ\u00e7\u00e3o de conte\u00fados envolventes sobre curiosidades, moda, beleza e paisagismo, sempre com um olhar atento \u00e0s novidades do momento.","sameAs":["https:\/\/www.correiobraziliense.com.br\/cbradar"],"url":"https:\/\/www.correiobraziliense.com.br\/cbradar\/author\/danielymyth\/"}]}},"_links":{"self":[{"href":"https:\/\/www.correiobraziliense.com.br\/cbradar\/wp-json\/wp\/v2\/posts\/153573","targetHints":{"allow":["GET"]}}],"collection":[{"href":"https:\/\/www.correiobraziliense.com.br\/cbradar\/wp-json\/wp\/v2\/posts"}],"about":[{"href":"https:\/\/www.correiobraziliense.com.br\/cbradar\/wp-json\/wp\/v2\/types\/post"}],"author":[{"embeddable":true,"href":"https:\/\/www.correiobraziliense.com.br\/cbradar\/wp-json\/wp\/v2\/users\/9"}],"replies":[{"embeddable":true,"href":"https:\/\/www.correiobraziliense.com.br\/cbradar\/wp-json\/wp\/v2\/comments?post=153573"}],"version-history":[{"count":1,"href":"https:\/\/www.correiobraziliense.com.br\/cbradar\/wp-json\/wp\/v2\/posts\/153573\/revisions"}],"predecessor-version":[{"id":153601,"href":"https:\/\/www.correiobraziliense.com.br\/cbradar\/wp-json\/wp\/v2\/posts\/153573\/revisions\/153601"}],"wp:featuredmedia":[{"embeddable":true,"href":"https:\/\/www.correiobraziliense.com.br\/cbradar\/wp-json\/wp\/v2\/media\/153786"}],"wp:attachment":[{"href":"https:\/\/www.correiobraziliense.com.br\/cbradar\/wp-json\/wp\/v2\/media?parent=153573"}],"wp:term":[{"taxonomy":"category","embeddable":true,"href":"https:\/\/www.correiobraziliense.com.br\/cbradar\/wp-json\/wp\/v2\/categories?post=153573"},{"taxonomy":"post_tag","embeddable":true,"href":"https:\/\/www.correiobraziliense.com.br\/cbradar\/wp-json\/wp\/v2\/tags?post=153573"}],"curies":[{"name":"wp","href":"https:\/\/api.w.org\/{rel}","templated":true}]}}