{"id":153747,"date":"2025-12-10T08:00:00","date_gmt":"2025-12-10T11:00:00","guid":{"rendered":"https:\/\/www.correiobraziliense.com.br\/cbradar\/?p=153747"},"modified":"2025-12-10T07:35:39","modified_gmt":"2025-12-10T10:35:39","slug":"o-ouro-liquido-que-equilibra-a-microbiota-e-melhora-a-saude-digestiva","status":"publish","type":"post","link":"https:\/\/www.correiobraziliense.com.br\/cbradar\/o-ouro-liquido-que-equilibra-a-microbiota-e-melhora-a-saude-digestiva\/","title":{"rendered":"O \u201couro l\u00edquido\u201d que equilibra a microbiota e melhora a sa\u00fade digestiva"},"content":{"rendered":"\n<p>A kombucha vem ganhando espa\u00e7o nas prateleiras de supermercados e lojas de produtos naturais como uma bebida fermentada associada a bem-estar e alimenta\u00e7\u00e3o saud\u00e1vel. Preparada a partir de ch\u00e1 ado\u00e7ado e fermentado com um cultivo de bact\u00e9rias e leveduras, ela se encaixa na tend\u00eancia de alimentos ricos em <strong>probi\u00f3ticos<\/strong>, ao lado de itens como <strong>kefir<\/strong> e <strong>kimchi<\/strong>, aparecendo como uma alternativa ao refrigerante e a outras bebidas a\u00e7ucaradas no contexto de quem busca cuidar do <strong>intestino<\/strong> e da <strong>imunidade<\/strong>.<\/p>\n\n\n\n<h2 class=\"wp-block-heading\">O que \u00e9 kombucha e como \u00e9 feita essa bebida fermentada<\/h2>\n\n\n\n<p>A kombucha \u00e9, em ess\u00eancia, um <strong>ch\u00e1 fermentado<\/strong> produzido a partir de ch\u00e1 preto ou verde ado\u00e7ado com a\u00e7\u00facar comum. Sobre essa mistura \u00e9 colocado o <strong>SCOBY<\/strong> (\u201cculture of bacteria and yeast\u201d), um disco gelatinoso formado por uma comunidade de microrganismos que transforma o l\u00edquido em uma bebida levemente \u00e1cida, gaseificada e rica em compostos bioativos.<\/p>\n\n\n\n<p>No processo de fermenta\u00e7\u00e3o, as leveduras convertem a\u00e7\u00facares em \u00e1lcool e di\u00f3xido de carbono, enquanto as bact\u00e9rias transformam esse \u00e1lcool em <strong>\u00e1cidos org\u00e2nicos<\/strong>, como o \u00e1cido ac\u00e9tico e o \u00e1cido glucur\u00f4nico. Tamb\u00e9m podem surgir <strong>vitaminas do complexo B<\/strong>, pequenas quantidades de etanol, antioxidantes e g\u00e1s natural, respons\u00e1veis pela efervesc\u00eancia e pelo sabor \u00e1cido suave com leve dul\u00e7or residual.<\/p>\n\n\n\n<figure class=\"wp-block-image size-large\"><img decoding=\"async\" width=\"1024\" height=\"576\" src=\"https:\/\/www.correiobraziliense.com.br\/cbradar\/wp-content\/uploads\/2025\/12\/kombucha_1765362723214-1024x576.jpg\" alt=\"O \u201couro l\u00edquido\u201d que equilibra a microbiota e melhora a sa\u00fade digestiva\" class=\"wp-image-153750\" srcset=\"https:\/\/www.correiobraziliense.com.br\/cbradar\/wp-content\/uploads\/2025\/12\/kombucha_1765362723214-1024x576.jpg 1024w, https:\/\/www.correiobraziliense.com.br\/cbradar\/wp-content\/uploads\/2025\/12\/kombucha_1765362723214-300x169.jpg 300w, https:\/\/www.correiobraziliense.com.br\/cbradar\/wp-content\/uploads\/2025\/12\/kombucha_1765362723214-768x432.jpg 768w, https:\/\/www.correiobraziliense.com.br\/cbradar\/wp-content\/uploads\/2025\/12\/kombucha_1765362723214-750x422.jpg 750w, https:\/\/www.correiobraziliense.com.br\/cbradar\/wp-content\/uploads\/2025\/12\/kombucha_1765362723214-1140x641.jpg 1140w, https:\/\/www.correiobraziliense.com.br\/cbradar\/wp-content\/uploads\/2025\/12\/kombucha_1765362723214.jpg 1280w\" sizes=\"(max-width: 1024px) 100vw, 1024px\" \/><figcaption class=\"wp-element-caption\">Kombucha explode nas prateleiras: tend\u00eancia probi\u00f3tica rivaliza com kefir e kimchi, impulsionando sa\u00fade intestinal em 2025.  Cr\u00e9ditos: depositphotos.com \/ AntonMatyukha<\/figcaption><\/figure>\n\n\n\n<h2 class=\"wp-block-heading\">Quais s\u00e3o os benef\u00edcios da kombucha para o intestino e a sa\u00fade geral<\/h2>\n\n\n\n<p>A palavra-chave mais associada \u00e0 bebida \u00e9 <strong>kombucha e sa\u00fade intestinal<\/strong>, pois, por ser fermentada, costuma conter microrganismos vivos com potencial probi\u00f3tico, al\u00e9m de subst\u00e2ncias com efeito <strong>prebi\u00f3tico<\/strong>. Uma microbiota intestinal equilibrada est\u00e1 ligada \u00e0 boa digest\u00e3o, melhor aproveitamento de nutrientes, prote\u00e7\u00e3o contra microrganismos nocivos e poss\u00edvel modula\u00e7\u00e3o de processos inflamat\u00f3rios.<\/p>\n\n\n\n<p>Estudos sugerem que uma microbiota saud\u00e1vel colabora para a integridade da <strong>barreira intestinal<\/strong> e pode influenciar o chamado <strong>eixo intestino-c\u00e9rebro<\/strong>. A kombucha tamb\u00e9m fornece \u00e1cidos org\u00e2nicos, antioxidantes e vitaminas do complexo B, e pesquisas em andamento avaliam sua rela\u00e7\u00e3o com resposta imune, metabolismo de a\u00e7\u00facares e gorduras e marcadores de estresse oxidativo, sempre dentro de um padr\u00e3o alimentar equilibrado (Onsun; Toprak e Sanlier, 2025).<\/p>\n\n\n\n<h2 class=\"wp-block-heading\">Quais benef\u00edcios da kombucha s\u00e3o mais citados em estudos<\/h2>\n\n\n\n<p>Nos estudos sobre kombucha, alguns efeitos potenciais s\u00e3o frequentemente mencionados, embora ainda precisem de mais evid\u00eancias em humanos. Esses pontos ajudam a entender por que a bebida \u00e9 t\u00e3o associada a bem-estar, digest\u00e3o e poss\u00edveis impactos metab\u00f3licos positivos.<\/p>\n\n\n\n<ul class=\"wp-block-list\">\n<li><strong>Contribui\u00e7\u00e3o probi\u00f3tica:<\/strong> microrganismos derivados do SCOBY podem competir com bact\u00e9rias indesej\u00e1veis no intestino.<\/li>\n\n\n\n<li><strong>A\u00e7\u00e3o antimicrobiana:<\/strong> certos \u00e1cidos produzidos na fermenta\u00e7\u00e3o podem inibir microrganismos patog\u00eanicos.<\/li>\n\n\n\n<li><strong>Potencial efeito desintoxicante:<\/strong> o \u00e1cido glucur\u00f4nico est\u00e1 ligado \u00e0 elimina\u00e7\u00e3o de compostos no f\u00edgado.<\/li>\n\n\n\n<li><strong>Presen\u00e7a de antioxidantes:<\/strong> derivados principalmente do ch\u00e1, que ajudam a neutralizar radicais livres.<\/li>\n<\/ul>\n\n\n\n<h2 class=\"wp-block-heading\">Como preparar kombucha em casa com seguran\u00e7a<\/h2>\n\n\n\n<p>A produ\u00e7\u00e3o de <strong>kombucha caseira<\/strong> se popularizou entre quem deseja personalizar sabores, controlar ingredientes e reduzir o consumo de bebidas industrializadas. Para preparar em casa, s\u00e3o necess\u00e1rios um SCOBY saud\u00e1vel, ch\u00e1 ado\u00e7ado, recipiente de vidro adequado e aten\u00e7\u00e3o rigorosa \u00e0 <strong>higiene<\/strong>, j\u00e1 que se trata de um alimento fermentado sens\u00edvel a contamina\u00e7\u00f5es.<\/p>\n\n\n\n<p>De forma geral, o preparo segue etapas simples, que v\u00e3o do preparo do ch\u00e1 \u00e0 fermenta\u00e7\u00e3o e, se desejado, a uma segunda fermenta\u00e7\u00e3o com frutas, gengibre ou ervas. A limpeza de utens\u00edlios, m\u00e3os e superf\u00edcies \u00e9 essencial para reduzir o risco de fungos ou bact\u00e9rias contaminantes, e grupos mais vulner\u00e1veis costumam ser orientados a preferir kombucha industrializada com <strong>controle sanit\u00e1rio<\/strong>.<\/p>\n\n\n\n<ol class=\"wp-block-list\">\n<li>Preparar ch\u00e1 preto ou verde e ado\u00e7ar com a\u00e7\u00facar, deixando esfriar totalmente.<\/li>\n\n\n\n<li>Colocar o ch\u00e1 em um recipiente de vidro limpo, adicionar o SCOBY e um pouco de kombucha j\u00e1 fermentada (starter).<\/li>\n\n\n\n<li>Cobrir com pano limpo e el\u00e1stico, deixando fermentar em temperatura ambiente, longe de luz direta.<\/li>\n\n\n\n<li>Provar ap\u00f3s alguns dias para avaliar acidez e do\u00e7ura, ajustando o tempo de fermenta\u00e7\u00e3o.<\/li>\n\n\n\n<li>Coar, engarrafar e, se desejado, realizar uma segunda fermenta\u00e7\u00e3o com frutas, gengibre ou ervas para saborizar.<\/li>\n<\/ol>\n\n\n\n<p><\/p>\n\n\n\n<p>O modo de preparo \u00e9 extremamente variado. Por isso, trouxemos o v\u00eddeo da nutricionista Thelma, que ela explica como prepara esse alimento:<\/p>\n\n\n\n<blockquote class=\"tiktok-embed\" cite=\"https:\/\/www.tiktok.com\/@thelmanutri\/video\/7184869476167388422\" data-video-id=\"7184869476167388422\" style=\"max-width: 605px;min-width: 325px;\" > <section> <a target=\"_blank\" title=\"@thelmanutri\" href=\"https:\/\/www.tiktok.com\/@thelmanutri?refer=embed\">@thelmanutri<\/a> Aprenda a fazer essa bebida rica em probi\u00f3ticos que ajuda na sa\u00fade intestinal. <a title=\"kombucha\" target=\"_blank\" href=\"https:\/\/www.tiktok.com\/tag\/kombucha?refer=embed\">#kombucha<\/a> <a title=\"saudeintestinal\" target=\"_blank\" href=\"https:\/\/www.tiktok.com\/tag\/saudeintestinal?refer=embed\">#saudeintestinal<\/a> <a title=\"probioticos\" target=\"_blank\" href=\"https:\/\/www.tiktok.com\/tag\/probioticos?refer=embed\">#probioticos<\/a>  <a title=\"nutri\u00e7ao\" target=\"_blank\" href=\"https:\/\/www.tiktok.com\/tag\/nutri%C3%A7ao?refer=embed\">#nutri\u00e7ao<\/a> <a title=\"thelmanutri\" target=\"_blank\" href=\"https:\/\/www.tiktok.com\/tag\/thelmanutri?refer=embed\">#thelmanutri<\/a> <a target=\"_blank\" title=\"\u266c Famous Mozart&#39;s Turkish March(872150) - East Valley Music\" href=\"https:\/\/www.tiktok.com\/music\/Famous-Mozart's-Turkish-March-872150-6886882532927752193?refer=embed\">\u266c Famous Mozart&#39;s Turkish March(872150) &#8211; East Valley Music<\/a> <\/section> <\/blockquote> <script async src=\"https:\/\/www.tiktok.com\/embed.js\"><\/script>\n\n\n\n<h2 class=\"wp-block-heading\">Como escolher kombucha industrializada e qual o melhor consumo di\u00e1rio<\/h2>\n\n\n\n<p>Com o aumento da demanda, o mercado de <strong>kombucha pronta<\/strong> se expandiu e hoje oferece op\u00e7\u00f5es com diferentes sabores, n\u00edveis de g\u00e1s e teores de a\u00e7\u00facar. R\u00f3tulos trazem informa\u00e7\u00f5es sobre composi\u00e7\u00e3o, presen\u00e7a ou n\u00e3o de pasteuriza\u00e7\u00e3o, quantidade de carboidratos e advert\u00eancias sobre <strong>tra\u00e7os de \u00e1lcool<\/strong>, que podem existir em pequenas propor\u00e7\u00f5es devido \u00e0 fermenta\u00e7\u00e3o.<\/p>\n\n\n\n<p>Ao incluir a bebida na rotina, costuma-se observar teor de a\u00e7\u00facar, grau de fermenta\u00e7\u00e3o, presen\u00e7a de aditivos e quantidade ingerida ao dia. Em geral, recomenda-se come\u00e7ar com pequenas por\u00e7\u00f5es, avaliar a toler\u00e2ncia individual e usar a kombucha como op\u00e7\u00e3o para variar bebidas e substituir refrigerantes tradicionais, sempre inserida em um contexto de <strong>alimenta\u00e7\u00e3o saud\u00e1vel<\/strong> e h\u00e1bitos equilibrados.<\/p>\n\n\n\n<h2 class=\"wp-block-heading\">Refer\u00eancias bibliogr\u00e1ficas<\/h2>\n\n\n\n<ul class=\"wp-block-list\">\n<li>Onsun B, Toprak K, Sanlier N. Kombucha Tea: A Functional Beverage and All its Aspects.\u00a0<em>Curr Nutr Rep<\/em>. 2025;14(1):69.<a href=\"https:\/\/pmc.ncbi.nlm.nih.gov\/articles\/PMC12103323\/\" target=\"_blank\" rel=\"noreferrer noopener\"> Published 2025 May 24. doi:10.1007\/s13668-025-00658-9<\/a><\/li>\n<\/ul>\n\n\n\n<p><\/p>\n","protected":false},"excerpt":{"rendered":"<p>Kombucha: bebida probi\u00f3tica milenar que fortalece a sa\u00fade intestinal, imunidade e digest\u00e3o com antioxidantes e vitaminas do complexo B.<\/p>\n","protected":false},"author":3,"featured_media":153749,"comment_status":"open","ping_status":"open","sticky":false,"template":"","format":"standard","meta":{"_yoast_wpseo_focuskw":"kombucha","_yoast_wpseo_title":"%%title%%","_yoast_wpseo_metadesc":"Kombucha: bebida probi\u00f3tica milenar que fortalece a sa\u00fade intestinal, imunidade e digest\u00e3o com antioxidantes e vitaminas do complexo B.","jnews-multi-image_gallery":[],"jnews_single_post":{"format":"standard"},"jnews_primary_category":[],"jnews_social_meta":[],"jnews_override_counter":[],"footnotes":""},"categories":[112],"tags":[281,1423,144,12070,565],"class_list":["post-153747","post","type-post","status-publish","format-standard","has-post-thumbnail","hentry","category-curiosidades","tag-alimentacao","tag-alimentos","tag-curiosidades","tag-kombucha","tag-saude"],"yoast_head":"<!-- This site is optimized with the Yoast SEO plugin v24.6 - https:\/\/yoast.com\/wordpress\/plugins\/seo\/ -->\n<title>O \u201couro l\u00edquido\u201d que equilibra a microbiota e melhora a sa\u00fade digestiva<\/title>\n<meta name=\"description\" content=\"Kombucha: bebida probi\u00f3tica milenar que fortalece a sa\u00fade intestinal, imunidade e digest\u00e3o com antioxidantes e vitaminas do complexo B.\" \/>\n<meta name=\"robots\" content=\"index, follow, max-snippet:-1, max-image-preview:large, max-video-preview:-1\" \/>\n<link rel=\"canonical\" href=\"https:\/\/www.correiobraziliense.com.br\/cbradar\/o-ouro-liquido-que-equilibra-a-microbiota-e-melhora-a-saude-digestiva\/\" \/>\n<meta property=\"og:locale\" content=\"pt_BR\" \/>\n<meta property=\"og:type\" content=\"article\" \/>\n<meta property=\"og:title\" content=\"O \u201couro l\u00edquido\u201d que equilibra a microbiota e melhora a sa\u00fade digestiva\" \/>\n<meta property=\"og:description\" content=\"Kombucha: bebida probi\u00f3tica milenar que fortalece a sa\u00fade intestinal, imunidade e digest\u00e3o com antioxidantes e vitaminas do complexo B.\" \/>\n<meta property=\"og:url\" content=\"https:\/\/www.correiobraziliense.com.br\/cbradar\/o-ouro-liquido-que-equilibra-a-microbiota-e-melhora-a-saude-digestiva\/\" \/>\n<meta property=\"og:site_name\" content=\"Correio Braziliense - Radar\" \/>\n<meta property=\"article:published_time\" content=\"2025-12-10T11:00:00+00:00\" \/>\n<meta property=\"og:image\" content=\"https:\/\/www.correiobraziliense.com.br\/cbradar\/wp-content\/uploads\/2025\/12\/Kombucha_Saude_Digestiva_1280x720.png\" \/>\n\t<meta property=\"og:image:width\" content=\"1280\" \/>\n\t<meta property=\"og:image:height\" content=\"720\" \/>\n\t<meta property=\"og:image:type\" content=\"image\/png\" \/>\n<meta name=\"author\" content=\"Larissa Carvalho\" \/>\n<meta name=\"twitter:card\" content=\"summary_large_image\" \/>\n<meta name=\"twitter:label1\" content=\"Escrito por\" \/>\n\t<meta name=\"twitter:data1\" content=\"Larissa Carvalho\" \/>\n\t<meta name=\"twitter:label2\" content=\"Est. tempo de leitura\" \/>\n\t<meta name=\"twitter:data2\" content=\"5 minutos\" \/>\n<!-- \/ Yoast SEO plugin. -->","yoast_head_json":{"title":"O \u201couro l\u00edquido\u201d que equilibra a microbiota e melhora a sa\u00fade digestiva","description":"Kombucha: bebida probi\u00f3tica milenar que fortalece a sa\u00fade intestinal, imunidade e digest\u00e3o com antioxidantes e vitaminas do complexo B.","robots":{"index":"index","follow":"follow","max-snippet":"max-snippet:-1","max-image-preview":"max-image-preview:large","max-video-preview":"max-video-preview:-1"},"canonical":"https:\/\/www.correiobraziliense.com.br\/cbradar\/o-ouro-liquido-que-equilibra-a-microbiota-e-melhora-a-saude-digestiva\/","og_locale":"pt_BR","og_type":"article","og_title":"O \u201couro l\u00edquido\u201d que equilibra a microbiota e melhora a sa\u00fade digestiva","og_description":"Kombucha: bebida probi\u00f3tica milenar que fortalece a sa\u00fade intestinal, imunidade e digest\u00e3o com antioxidantes e vitaminas do complexo B.","og_url":"https:\/\/www.correiobraziliense.com.br\/cbradar\/o-ouro-liquido-que-equilibra-a-microbiota-e-melhora-a-saude-digestiva\/","og_site_name":"Correio Braziliense - Radar","article_published_time":"2025-12-10T11:00:00+00:00","og_image":[{"width":1280,"height":720,"url":"https:\/\/www.correiobraziliense.com.br\/cbradar\/wp-content\/uploads\/2025\/12\/Kombucha_Saude_Digestiva_1280x720.png","type":"image\/png"}],"author":"Larissa Carvalho","twitter_card":"summary_large_image","twitter_misc":{"Escrito por":"Larissa Carvalho","Est. tempo de leitura":"5 minutos"},"schema":{"@context":"https:\/\/schema.org","@graph":[{"@type":"WebPage","@id":"https:\/\/www.correiobraziliense.com.br\/cbradar\/o-ouro-liquido-que-equilibra-a-microbiota-e-melhora-a-saude-digestiva\/","url":"https:\/\/www.correiobraziliense.com.br\/cbradar\/o-ouro-liquido-que-equilibra-a-microbiota-e-melhora-a-saude-digestiva\/","name":"O \u201couro l\u00edquido\u201d que equilibra a microbiota e melhora a sa\u00fade digestiva","isPartOf":{"@id":"https:\/\/www.correiobraziliense.com.br\/cbradar\/#website"},"primaryImageOfPage":{"@id":"https:\/\/www.correiobraziliense.com.br\/cbradar\/o-ouro-liquido-que-equilibra-a-microbiota-e-melhora-a-saude-digestiva\/#primaryimage"},"image":{"@id":"https:\/\/www.correiobraziliense.com.br\/cbradar\/o-ouro-liquido-que-equilibra-a-microbiota-e-melhora-a-saude-digestiva\/#primaryimage"},"thumbnailUrl":"https:\/\/www.correiobraziliense.com.br\/cbradar\/wp-content\/uploads\/2025\/12\/Kombucha_Saude_Digestiva_1280x720.png","datePublished":"2025-12-10T11:00:00+00:00","author":{"@id":"https:\/\/www.correiobraziliense.com.br\/cbradar\/#\/schema\/person\/58422787644df994b53a19d3e56c1513"},"description":"Kombucha: bebida probi\u00f3tica milenar que fortalece a sa\u00fade intestinal, imunidade e digest\u00e3o com antioxidantes e vitaminas do complexo B.","breadcrumb":{"@id":"https:\/\/www.correiobraziliense.com.br\/cbradar\/o-ouro-liquido-que-equilibra-a-microbiota-e-melhora-a-saude-digestiva\/#breadcrumb"},"inLanguage":"pt-BR","potentialAction":[{"@type":"ReadAction","target":["https:\/\/www.correiobraziliense.com.br\/cbradar\/o-ouro-liquido-que-equilibra-a-microbiota-e-melhora-a-saude-digestiva\/"]}]},{"@type":"ImageObject","inLanguage":"pt-BR","@id":"https:\/\/www.correiobraziliense.com.br\/cbradar\/o-ouro-liquido-que-equilibra-a-microbiota-e-melhora-a-saude-digestiva\/#primaryimage","url":"https:\/\/www.correiobraziliense.com.br\/cbradar\/wp-content\/uploads\/2025\/12\/Kombucha_Saude_Digestiva_1280x720.png","contentUrl":"https:\/\/www.correiobraziliense.com.br\/cbradar\/wp-content\/uploads\/2025\/12\/Kombucha_Saude_Digestiva_1280x720.png","width":1280,"height":720,"caption":"Descubra o poder revitalizante da kombucha: equilibre seu intestino, fortale\u00e7a a imunidade e sinta-se pleno com essa bebida probi\u00f3tica!"},{"@type":"BreadcrumbList","@id":"https:\/\/www.correiobraziliense.com.br\/cbradar\/o-ouro-liquido-que-equilibra-a-microbiota-e-melhora-a-saude-digestiva\/#breadcrumb","itemListElement":[{"@type":"ListItem","position":1,"name":"In\u00edcio","item":"https:\/\/www.correiobraziliense.com.br\/cbradar\/"},{"@type":"ListItem","position":2,"name":"O \u201couro l\u00edquido\u201d que equilibra a microbiota e melhora a sa\u00fade digestiva"}]},{"@type":"WebSite","@id":"https:\/\/www.correiobraziliense.com.br\/cbradar\/#website","url":"https:\/\/www.correiobraziliense.com.br\/cbradar\/","name":"Correio Braziliense - Radar","description":"Acompanhe as \u00faltimas not\u00edcias e fique bem informado sobre tudo o que acontece no Brasil e no mundo.","potentialAction":[{"@type":"SearchAction","target":{"@type":"EntryPoint","urlTemplate":"https:\/\/www.correiobraziliense.com.br\/cbradar\/?s={search_term_string}"},"query-input":{"@type":"PropertyValueSpecification","valueRequired":true,"valueName":"search_term_string"}}],"inLanguage":"pt-BR"},{"@type":"Person","@id":"https:\/\/www.correiobraziliense.com.br\/cbradar\/#\/schema\/person\/58422787644df994b53a19d3e56c1513","name":"Larissa Carvalho","image":{"@type":"ImageObject","inLanguage":"pt-BR","@id":"https:\/\/www.correiobraziliense.com.br\/cbradar\/#\/schema\/person\/image\/","url":"https:\/\/secure.gravatar.com\/avatar\/fe4f91a0de32b52a838d0d612abdc1aa?s=96&d=mm&r=g","contentUrl":"https:\/\/secure.gravatar.com\/avatar\/fe4f91a0de32b52a838d0d612abdc1aa?s=96&d=mm&r=g","caption":"Larissa Carvalho"},"url":"https:\/\/www.correiobraziliense.com.br\/cbradar\/author\/larissamyth\/"}]}},"_links":{"self":[{"href":"https:\/\/www.correiobraziliense.com.br\/cbradar\/wp-json\/wp\/v2\/posts\/153747","targetHints":{"allow":["GET"]}}],"collection":[{"href":"https:\/\/www.correiobraziliense.com.br\/cbradar\/wp-json\/wp\/v2\/posts"}],"about":[{"href":"https:\/\/www.correiobraziliense.com.br\/cbradar\/wp-json\/wp\/v2\/types\/post"}],"author":[{"embeddable":true,"href":"https:\/\/www.correiobraziliense.com.br\/cbradar\/wp-json\/wp\/v2\/users\/3"}],"replies":[{"embeddable":true,"href":"https:\/\/www.correiobraziliense.com.br\/cbradar\/wp-json\/wp\/v2\/comments?post=153747"}],"version-history":[{"count":2,"href":"https:\/\/www.correiobraziliense.com.br\/cbradar\/wp-json\/wp\/v2\/posts\/153747\/revisions"}],"predecessor-version":[{"id":153751,"href":"https:\/\/www.correiobraziliense.com.br\/cbradar\/wp-json\/wp\/v2\/posts\/153747\/revisions\/153751"}],"wp:featuredmedia":[{"embeddable":true,"href":"https:\/\/www.correiobraziliense.com.br\/cbradar\/wp-json\/wp\/v2\/media\/153749"}],"wp:attachment":[{"href":"https:\/\/www.correiobraziliense.com.br\/cbradar\/wp-json\/wp\/v2\/media?parent=153747"}],"wp:term":[{"taxonomy":"category","embeddable":true,"href":"https:\/\/www.correiobraziliense.com.br\/cbradar\/wp-json\/wp\/v2\/categories?post=153747"},{"taxonomy":"post_tag","embeddable":true,"href":"https:\/\/www.correiobraziliense.com.br\/cbradar\/wp-json\/wp\/v2\/tags?post=153747"}],"curies":[{"name":"wp","href":"https:\/\/api.w.org\/{rel}","templated":true}]}}